{"id":769020,"date":"2023-08-06T16:38:11","date_gmt":"2023-08-06T14:38:11","guid":{"rendered":"https:\/\/theplayoffs.news\/fr\/?p=769020"},"modified":"2023-08-06T16:38:12","modified_gmt":"2023-08-06T14:38:12","slug":"bam-adebayo-patience-saga-lillard","status":"publish","type":"post","link":"https:\/\/theplayoffs.news\/fr\/actualite-nba\/bam-adebayo-patience-saga-lillard\/","title":{"rendered":"Bam Adebayo appelle \u00e0 la patience dans la saga Lillard"},"content":{"rendered":"<h2>La star du Miami Heat, Bam Adebayo, n&rsquo;h&eacute;site pas &agrave; exprimer son d&eacute;sir de faire &eacute;quipe avec le joueur phare des Portland Trail Blazers, Damian Lillard.<\/h2><p>Cependant, Bam Adebayo n&rsquo;utilise pas son influence pour faire pression sur les Blazers pour qu&rsquo;ils &eacute;changent Damian Lillard.<\/p><p>Il consid&egrave;re respectueusement les rumeurs de trade tourbillonnantes comme faisant partie int&eacute;grante de la vie de la NBA, indiquant subtilement la complexit&eacute; commerciale derri&egrave;re l&rsquo;accord potentiel.<\/p><p><a href=\"https:\/\/theplayoffs.news\/fr\/joueur\/bam-adebayo-nba-8132522\/\" class=\"trk-cta-link\" data-cta-trk='{\"ctaType\":\"Link\",\"ctaSubType\":\"main\"}'><strong>Bam Adebayo<\/strong><\/a>, deux fois All-Star, partage une relation &eacute;troite avec Damian Lillard. Leur lien, encore renforc&eacute; lors des JO 2021 &agrave; Tokyo, est un fort courant sous-jacent qui pourrait potentiellement influencer la trajectoire de cette saga. Pourtant, Bam Adebayo reste diplomate, affirmant l&rsquo;importance d&rsquo;un r&eacute;sultat gagnant-gagnant pour les deux franchises.<\/p><blockquote><p>&laquo;&nbsp;Je pense que les &eacute;quipes qui se sont retrouv&eacute;es dans les situations les plus positives apr&egrave;s la n&eacute;gociation ont &eacute;t&eacute; celles qui ont &eacute;t&eacute; vraiment diligentes en prenant leur temps et qui n&rsquo;ont pas &eacute;t&eacute; impulsives, ou les &eacute;quipes qui ont vraiment gard&eacute; leur patience&nbsp;&raquo;, <a href=\"https:\/\/www.youtube.com\/watch?v=NcuuGLuqTD8\" class=\"trk-cta-link\" data-cta-trk='{\"ctaType\":\"Link\",\"ctaSubType\":\"main\"}'>a-t-il d&eacute;clar&eacute;<\/a>.<\/p>\n<p>&laquo;&nbsp;Donc, je pense que c&rsquo;est ainsi que mon approche a &eacute;t&eacute; et sera celle-ci. Nous allons &ecirc;tre patients, nous allons faire ce qui est le mieux pour notre &eacute;quipe. Nous allons voir comment cela se termine. Et si &ccedil;a prend des mois, &ccedil;a prendra des mois.&nbsp;&raquo;<\/p><\/blockquote><p>Au milieu de ces sp&eacute;culations commerciales, c&rsquo;est cette camaraderie entre les joueurs qui ajoute une touche personnelle aux conversations autrement ax&eacute;es sur les affaires.<\/p><h3>Le bras de fer continue<\/h3><p>De l&rsquo;autre c&ocirc;t&eacute; de cet accord potentiel, le directeur g&eacute;n&eacute;ral des Blazers, Joe Cronin, maintient une position ferme. Engag&eacute; dans le succ&egrave;s &agrave; long terme de sa franchise, Cronin est patient, ne permettant &agrave; aucune urgence ext&eacute;rieure de le pr&eacute;cipiter dans un accord qui ne correspond pas aux plans strat&eacute;giques des Blazers.<\/p><p>Ses d&eacute;clarations r&eacute;v&egrave;lent une d&eacute;termination in&eacute;branlable &agrave; extraire le maximum de valeur de tout commerce possible impliquant leur principal atout, Damian Lillard.<\/p><p>Des rapports de sources fiables comme Adrian Wojnarowski d&rsquo;ESPN et <a href=\"https:\/\/theathletic.com\/4739016\/2023\/08\/01\/damian-lillard-trade-package-heat\/?source=nbatw\" class=\"trk-cta-link\" data-cta-trk='{\"ctaType\":\"Link\",\"ctaSubType\":\"main\"}'>Shams Charania de The Athletic<\/a> sugg&egrave;rent que les Blazers la joue dur en affaire. Malgr&eacute; les offres persistantes du Miami Heat, les Blazers semblent enclins &agrave; attendre un accord plus all&eacute;chant. Leur r&eacute;ticence &agrave; s&rsquo;engager avec le Heat a forc&eacute; une impasse, Miami refusant d&rsquo;augmenter son offre unilat&eacute;ralement.<\/p><p>Ajoutant plus de couches &agrave; cette n&eacute;gociation complexe, le package propos&eacute; par Miami, qui comprendrait des accords expirants, plusieurs choix de premier tour et Tyler Herro (destin&eacute; &agrave; une troisi&egrave;me &eacute;quipe), n&rsquo;a pas trouv&eacute; la faveur des Blazers.<\/p>\n","protected":false},"excerpt":{"rendered":"","protected":false},"author":180309821,"featured_media":769061,"comment_status":"open","ping_status":"closed","sticky":false,"template":"","format":"standard","meta":{"inline_featured_image":false,"kia_subtitle":"","_mux_skip_reasons":[],"proofreadBy":0,"footnotes":""},"categories":[110,10],"tags":[992,508,141,1382],"sport":[],"saison":[],"class_list":["post-769020","post","type-post","status-publish","format-standard","has-post-thumbnail","hentry","category-actualite-nba","category-nba","tag-bam-adebayo","tag-damian-lillard","tag-miami-heat","tag-portland-trail-blazers"],"acf":[],"yoast_head":"<!-- This site is optimized with the Yoast SEO plugin v24.2 - https:\/\/yoast.com\/wordpress\/plugins\/seo\/ -->\n<title>Bam Adebayo appelle &agrave; la patience dans la saga Lillard - The Playoffs FR<\/title>\n<meta name=\"robots\" content=\"index, follow, max-snippet:-1, max-image-preview:large, max-video-preview:-1\" \/>\n<link rel=\"canonical\" href=\"https:\/\/theplayoffs.news\/fr\/actualite-nba\/bam-adebayo-patience-saga-lillard\/\" \/>\n<meta property=\"og:locale\" content=\"fr_FR\" \/>\n<meta property=\"og:type\" content=\"article\" \/>\n<meta property=\"og:title\" content=\"Bam Adebayo appelle &agrave; la patience dans la saga Lillard - The Playoffs FR\" \/>\n<meta property=\"og:url\" content=\"https:\/\/theplayoffs.news\/fr\/actualite-nba\/bam-adebayo-patience-saga-lillard\/\" \/>\n<meta property=\"og:site_name\" content=\"The Playoffs FR\" \/>\n<meta property=\"article:publisher\" content=\"https:\/\/www.facebook.com\/TheFreeAgentFR\/\" \/>\n<meta property=\"article:modified_time\" content=\"2023-08-06T16:38:12+02:00\" \/>\n<meta property=\"og:image\" content=\"https:\/\/theplayoffs.news\/fr\/wp-content\/uploads\/2023\/08\/Capture-decran-2023-08-06-a-16.23.03.jpg\" \/>\n\t<meta property=\"og:image:width\" content=\"1896\" \/>\n\t<meta property=\"og:image:height\" content=\"1060\" \/>\n\t<meta property=\"og:image:type\" content=\"image\/jpeg\" \/>\n<meta name=\"author\" content=\"Maxime Le Gorjus\" \/>\n<meta name=\"twitter:card\" content=\"summary_large_image\" \/>\n<meta name=\"twitter:creator\" content=\"@TheFreeAgentFR\" \/>\n<meta name=\"twitter:site\" content=\"@TheFreeAgentFR\" \/>\n<meta name=\"twitter:label1\" content=\"\u00c9crit par\" \/>\n\t<meta name=\"twitter:data1\" content=\"Maxime Le Gorjus\" \/>\n\t<meta name=\"twitter:label2\" content=\"Dur\u00e9e de lecture estim\u00e9e\" \/>\n\t<meta name=\"twitter:data2\" content=\"2 minutes\" \/>\n<script type=\"application\/ld+json\" class=\"yoast-schema-graph\">{\"@context\":\"https:\/\/schema.org\",\"@graph\":[{\"@type\":\"WebPage\",\"@id\":\"https:\/\/theplayoffs.news\/fr\/actualite-nba\/bam-adebayo-patience-saga-lillard\/\",\"url\":\"https:\/\/theplayoffs.news\/fr\/actualite-nba\/bam-adebayo-patience-saga-lillard\/\",\"name\":\"Bam Adebayo appelle \u00e0 la patience dans la saga Lillard - The Playoffs FR\",\"isPartOf\":{\"@id\":\"https:\/\/theplayoffs.news\/fr\/#website\"},\"primaryImageOfPage\":{\"@id\":\"https:\/\/theplayoffs.news\/fr\/actualite-nba\/bam-adebayo-patience-saga-lillard\/#primaryimage\"},\"image\":{\"@id\":\"https:\/\/theplayoffs.news\/fr\/actualite-nba\/bam-adebayo-patience-saga-lillard\/#primaryimage\"},\"thumbnailUrl\":\"https:\/\/theplayoffs.news\/fr\/wp-content\/uploads\/2023\/08\/Capture-decran-2023-08-06-a-16.23.03.jpg\",\"datePublished\":\"2023-08-06T14:38:11+00:00\",\"dateModified\":\"2023-08-06T14:38:12+00:00\",\"author\":{\"@id\":\"https:\/\/theplayoffs.news\/fr\/#\/schema\/person\/e71dc12410195fc77183dda929d3a10c\"},\"breadcrumb\":{\"@id\":\"https:\/\/theplayoffs.news\/fr\/actualite-nba\/bam-adebayo-patience-saga-lillard\/#breadcrumb\"},\"inLanguage\":\"fr-FR\",\"potentialAction\":[{\"@type\":\"ReadAction\",\"target\":[\"https:\/\/theplayoffs.news\/fr\/actualite-nba\/bam-adebayo-patience-saga-lillard\/\"]}]},{\"@type\":\"ImageObject\",\"inLanguage\":\"fr-FR\",\"@id\":\"https:\/\/theplayoffs.news\/fr\/actualite-nba\/bam-adebayo-patience-saga-lillard\/#primaryimage\",\"url\":\"https:\/\/theplayoffs.news\/fr\/wp-content\/uploads\/2023\/08\/Capture-decran-2023-08-06-a-16.23.03.jpg\",\"contentUrl\":\"https:\/\/theplayoffs.news\/fr\/wp-content\/uploads\/2023\/08\/Capture-decran-2023-08-06-a-16.23.03.jpg\",\"width\":1896,\"height\":1060,\"caption\":\"Bam Adebayo\"},{\"@type\":\"BreadcrumbList\",\"@id\":\"https:\/\/theplayoffs.news\/fr\/actualite-nba\/bam-adebayo-patience-saga-lillard\/#breadcrumb\",\"itemListElement\":[{\"@type\":\"ListItem\",\"position\":1,\"name\":\"Accueil\",\"item\":\"https:\/\/theplayoffs.news\/fr\/\"},{\"@type\":\"ListItem\",\"position\":2,\"name\":\"Bam Adebayo appelle \u00e0 la patience dans la saga Lillard\"}]},{\"@type\":\"WebSite\",\"@id\":\"https:\/\/theplayoffs.news\/fr\/#website\",\"url\":\"https:\/\/theplayoffs.news\/fr\/\",\"name\":\"The Playoffs FR\",\"description\":\"NBA-NFL-NHL-MLB\",\"potentialAction\":[{\"@type\":\"SearchAction\",\"target\":{\"@type\":\"EntryPoint\",\"urlTemplate\":\"https:\/\/theplayoffs.news\/fr\/?s={search_term_string}\"},\"query-input\":{\"@type\":\"PropertyValueSpecification\",\"valueRequired\":true,\"valueName\":\"search_term_string\"}}],\"inLanguage\":\"fr-FR\"},{\"@type\":\"Person\",\"@id\":\"https:\/\/theplayoffs.news\/fr\/#\/schema\/person\/e71dc12410195fc77183dda929d3a10c\",\"name\":\"Maxime Le Gorjus\",\"image\":{\"@type\":\"ImageObject\",\"inLanguage\":\"fr-FR\",\"@id\":\"https:\/\/theplayoffs.news\/fr\/#\/schema\/person\/image\/\",\"url\":\"https:\/\/secure.gravatar.com\/avatar\/e9d907366de9735d771ce06fa32e62740f99d507b84a46e08ed7e5e05c120b42?s=96&d=mm&r=g\",\"contentUrl\":\"https:\/\/secure.gravatar.com\/avatar\/e9d907366de9735d771ce06fa32e62740f99d507b84a46e08ed7e5e05c120b42?s=96&d=mm&r=g\",\"caption\":\"Maxime Le Gorjus\"},\"url\":\"https:\/\/theplayoffs.news\/fr\/author\/maximelegorjus\/\"}]}<\/script>\n<!-- \/ Yoast SEO plugin. -->","yoast_head_json":{"title":"Bam Adebayo appelle &agrave; la patience dans la saga Lillard - The Playoffs FR","robots":{"index":"index","follow":"follow","max-snippet":"max-snippet:-1","max-image-preview":"max-image-preview:large","max-video-preview":"max-video-preview:-1"},"canonical":"https:\/\/theplayoffs.news\/fr\/actualite-nba\/bam-adebayo-patience-saga-lillard\/","og_locale":"fr_FR","og_type":"article","og_title":"Bam Adebayo appelle &agrave; la patience dans la saga Lillard - The Playoffs FR","og_url":"https:\/\/theplayoffs.news\/fr\/actualite-nba\/bam-adebayo-patience-saga-lillard\/","og_site_name":"The Playoffs FR","article_publisher":"https:\/\/www.facebook.com\/TheFreeAgentFR\/","article_modified_time":"2023-08-06T14:38:12+00:00","og_image":[{"width":1896,"height":1060,"url":"https:\/\/theplayoffs.news\/fr\/wp-content\/uploads\/2023\/08\/Capture-decran-2023-08-06-a-16.23.03.jpg","type":"image\/jpeg"}],"author":"Maxime Le Gorjus","twitter_card":"summary_large_image","twitter_creator":"@TheFreeAgentFR","twitter_site":"@TheFreeAgentFR","twitter_misc":{"\u00c9crit par":"Maxime Le Gorjus","Dur\u00e9e de lecture estim\u00e9e":"2 minutes"},"schema":{"@context":"https:\/\/schema.org","@graph":[{"@type":"WebPage","@id":"https:\/\/theplayoffs.news\/fr\/actualite-nba\/bam-adebayo-patience-saga-lillard\/","url":"https:\/\/theplayoffs.news\/fr\/actualite-nba\/bam-adebayo-patience-saga-lillard\/","name":"Bam Adebayo appelle \u00e0 la patience dans la saga Lillard - The Playoffs FR","isPartOf":{"@id":"https:\/\/theplayoffs.news\/fr\/#website"},"primaryImageOfPage":{"@id":"https:\/\/theplayoffs.news\/fr\/actualite-nba\/bam-adebayo-patience-saga-lillard\/#primaryimage"},"image":{"@id":"https:\/\/theplayoffs.news\/fr\/actualite-nba\/bam-adebayo-patience-saga-lillard\/#primaryimage"},"thumbnailUrl":"https:\/\/theplayoffs.news\/fr\/wp-content\/uploads\/2023\/08\/Capture-decran-2023-08-06-a-16.23.03.jpg","datePublished":"2023-08-06T14:38:11+00:00","dateModified":"2023-08-06T14:38:12+00:00","author":{"@id":"https:\/\/theplayoffs.news\/fr\/#\/schema\/person\/e71dc12410195fc77183dda929d3a10c"},"breadcrumb":{"@id":"https:\/\/theplayoffs.news\/fr\/actualite-nba\/bam-adebayo-patience-saga-lillard\/#breadcrumb"},"inLanguage":"fr-FR","potentialAction":[{"@type":"ReadAction","target":["https:\/\/theplayoffs.news\/fr\/actualite-nba\/bam-adebayo-patience-saga-lillard\/"]}]},{"@type":"ImageObject","inLanguage":"fr-FR","@id":"https:\/\/theplayoffs.news\/fr\/actualite-nba\/bam-adebayo-patience-saga-lillard\/#primaryimage","url":"https:\/\/theplayoffs.news\/fr\/wp-content\/uploads\/2023\/08\/Capture-decran-2023-08-06-a-16.23.03.jpg","contentUrl":"https:\/\/theplayoffs.news\/fr\/wp-content\/uploads\/2023\/08\/Capture-decran-2023-08-06-a-16.23.03.jpg","width":1896,"height":1060,"caption":"Bam Adebayo"},{"@type":"BreadcrumbList","@id":"https:\/\/theplayoffs.news\/fr\/actualite-nba\/bam-adebayo-patience-saga-lillard\/#breadcrumb","itemListElement":[{"@type":"ListItem","position":1,"name":"Accueil","item":"https:\/\/theplayoffs.news\/fr\/"},{"@type":"ListItem","position":2,"name":"Bam Adebayo appelle \u00e0 la patience dans la saga Lillard"}]},{"@type":"WebSite","@id":"https:\/\/theplayoffs.news\/fr\/#website","url":"https:\/\/theplayoffs.news\/fr\/","name":"The Playoffs FR","description":"NBA-NFL-NHL-MLB","potentialAction":[{"@type":"SearchAction","target":{"@type":"EntryPoint","urlTemplate":"https:\/\/theplayoffs.news\/fr\/?s={search_term_string}"},"query-input":{"@type":"PropertyValueSpecification","valueRequired":true,"valueName":"search_term_string"}}],"inLanguage":"fr-FR"},{"@type":"Person","@id":"https:\/\/theplayoffs.news\/fr\/#\/schema\/person\/e71dc12410195fc77183dda929d3a10c","name":"Maxime Le Gorjus","image":{"@type":"ImageObject","inLanguage":"fr-FR","@id":"https:\/\/theplayoffs.news\/fr\/#\/schema\/person\/image\/","url":"https:\/\/secure.gravatar.com\/avatar\/e9d907366de9735d771ce06fa32e62740f99d507b84a46e08ed7e5e05c120b42?s=96&d=mm&r=g","contentUrl":"https:\/\/secure.gravatar.com\/avatar\/e9d907366de9735d771ce06fa32e62740f99d507b84a46e08ed7e5e05c120b42?s=96&d=mm&r=g","caption":"Maxime Le Gorjus"},"url":"https:\/\/theplayoffs.news\/fr\/author\/maximelegorjus\/"}]}},"_links":{"self":[{"href":"https:\/\/theplayoffs.news\/fr\/wp-json\/wp\/v2\/posts\/769020","targetHints":{"allow":["GET"]}}],"collection":[{"href":"https:\/\/theplayoffs.news\/fr\/wp-json\/wp\/v2\/posts"}],"about":[{"href":"https:\/\/theplayoffs.news\/fr\/wp-json\/wp\/v2\/types\/post"}],"author":[{"embeddable":true,"href":"https:\/\/theplayoffs.news\/fr\/wp-json\/wp\/v2\/users\/180309821"}],"replies":[{"embeddable":true,"href":"https:\/\/theplayoffs.news\/fr\/wp-json\/wp\/v2\/comments?post=769020"}],"version-history":[{"count":3,"href":"https:\/\/theplayoffs.news\/fr\/wp-json\/wp\/v2\/posts\/769020\/revisions"}],"predecessor-version":[{"id":769086,"href":"https:\/\/theplayoffs.news\/fr\/wp-json\/wp\/v2\/posts\/769020\/revisions\/769086"}],"wp:featuredmedia":[{"embeddable":true,"href":"https:\/\/theplayoffs.news\/fr\/wp-json\/wp\/v2\/media\/769061"}],"wp:attachment":[{"href":"https:\/\/theplayoffs.news\/fr\/wp-json\/wp\/v2\/media?parent=769020"}],"wp:term":[{"taxonomy":"category","embeddable":true,"href":"https:\/\/theplayoffs.news\/fr\/wp-json\/wp\/v2\/categories?post=769020"},{"taxonomy":"post_tag","embeddable":true,"href":"https:\/\/theplayoffs.news\/fr\/wp-json\/wp\/v2\/tags?post=769020"},{"taxonomy":"sport","embeddable":true,"href":"https:\/\/theplayoffs.news\/fr\/wp-json\/wp\/v2\/sport?post=769020"},{"taxonomy":"saison","embeddable":true,"href":"https:\/\/theplayoffs.news\/fr\/wp-json\/wp\/v2\/saison?post=769020"}],"curies":[{"name":"wp","href":"https:\/\/api.w.org\/{rel}","templated":true}]}}