{"id":765541,"date":"2023-08-05T16:41:58","date_gmt":"2023-08-05T14:41:58","guid":{"rendered":"https:\/\/theplayoffs.news\/fr\/?p=765541"},"modified":"2023-08-05T16:41:59","modified_gmt":"2023-08-05T14:41:59","slug":"ricky-rubio-pause-basket-ball","status":"publish","type":"post","link":"https:\/\/theplayoffs.news\/fr\/actualite-nba\/ricky-rubio-pause-basket-ball\/","title":{"rendered":"Ricky Rubio s&rsquo;\u00e9loigne du basket-ball pour donner la priorit\u00e9 \u00e0 la sant\u00e9 mentale"},"content":{"rendered":"<h2>Ricky Rubio, meneur des Cleveland Cavaliers et de l&rsquo;&eacute;quipe nationale espagnole, a annonc&eacute; samedi qu&rsquo;il prendrait une pause ind&eacute;finie dans sa carri&egrave;re professionnelle pour donner la priorit&eacute; &agrave; sa sant&eacute; mentale.<\/h2><p>Le v&eacute;t&eacute;ran de 32 ans a annonc&eacute; la nouvelle &agrave; travers un message sinc&egrave;re, exprimant sa gratitude pour la compr&eacute;hension et le soutien qu&rsquo;il a re&ccedil;us de l&rsquo;&eacute;quipe nationale espagnole et exprimant l&rsquo;importance de la famille dans sa vie.<\/p><blockquote><p>&laquo;&nbsp;J&rsquo;ai d&eacute;cid&eacute; d&rsquo;arr&ecirc;ter mon activit&eacute; professionnelle pour prendre soin de ma sant&eacute; mentale&nbsp;&raquo;, a d&eacute;clar&eacute; Rubio dans son communiqu&eacute; via <a href=\"https:\/\/www.espn.com\/nba\/story\/_\/id\/38138955\/cavs-pg-ricky-rubio-pause-career-focus-mental-health\" class=\"trk-cta-link\" data-cta-trk='{\"ctaType\":\"Link\",\"ctaSubType\":\"main\"}'>ESPN<\/a><\/p><\/blockquote><p>Il a &eacute;galement exhort&eacute; au respect de sa vie priv&eacute;e pendant cette p&eacute;riode difficile, promettant de partager plus de d&eacute;tails lorsqu&rsquo;il estimera que le moment sera venu.<\/p><p>La d&eacute;cision de Rubio de se retirer des terrains intervient &agrave; un moment charni&egrave;re alors qu&rsquo;il devait diriger l&rsquo;&eacute;quipe espagnole dans sa d&eacute;fense du titre de la Coupe du monde aux Philippines plus tard ce mois-ci.<\/p><p>Cependant, son d&eacute;part du camp d&rsquo;entra&icirc;nement de l&rsquo;&eacute;quipe plus t&ocirc;t cette semaine &agrave; Madrid et son absence du match de pr&eacute;paration de l&rsquo;Espagne contre le Venezuela ont signal&eacute; qu&rsquo;un changement se profilait &agrave; l&rsquo;horizon.<\/p><p>L&rsquo;importance du d&eacute;part de Ricky Rubio ne peut &ecirc;tre surestim&eacute;e. Il a &eacute;t&eacute; le MVP de la derni&egrave;re Coupe du monde en 2019 qui s&rsquo;est tenue en Chine et a contribu&eacute; &agrave; ce que l&rsquo;Espagne conserve sa position de leader du basket-ball mondial, d&eacute;passant m&ecirc;me les &Eacute;tats-Unis apr&egrave;s leur victoire au championnat d&rsquo;Europe l&rsquo;&eacute;t&eacute; dernier.<\/p><p>L&rsquo;Espagne est d&eacute;j&agrave; aux prises avec la perte de l&rsquo;arri&egrave;re Lorenzo Brown en raison d&rsquo;une blessure, qui a &eacute;t&eacute; un joueur cl&eacute; dans sa course au titre de l&rsquo;Eurobasket. La pause de <a href=\"https:\/\/theplayoffs.news\/fr\/joueur\/ricky-rubio-nba-8022\/\" class=\"trk-cta-link\" data-cta-trk='{\"ctaType\":\"Link\",\"ctaSubType\":\"main\"}'><strong>Ricky Rubio<\/strong><\/a> ajoute une autre couche de complexit&eacute; &agrave; la pr&eacute;paration de l&rsquo;&eacute;quipe pour la Coupe du monde.<\/p><h3>Carri&egrave;re et perspectives d&rsquo;avenir de Ricky Rubio<\/h3><p>La carri&egrave;re de Rubio, en particulier son r&eacute;cent mandat avec les Cavs, a &eacute;t&eacute; caract&eacute;ris&eacute;e par la r&eacute;silience.<\/p><p>Apr&egrave;s avoir subi une d&eacute;chirure du ligament crois&eacute; lors de la saison 2021-22 &ndash; la deuxi&egrave;me blessure majeure de sa carri&egrave;re &ndash; il a effectu&eacute; un retour d&eacute;termin&eacute; dans l&rsquo;&eacute;quipe &agrave; la mi-saison, malgr&eacute; une performance en de&ccedil;&agrave; de ses standards habituels avec des moyennes de 5,2 points et 3,5 passes d&eacute;cisives en 33 matchs.<\/p><p>Il lui reste encore deux saisons et 12,5 millions de dollars restants sur un contrat sign&eacute; avec les Cavs l&rsquo;&eacute;t&eacute; dernier. L&rsquo;avenir de ce contrat et la carri&egrave;re professionnelle de Ricky Rubio sont d&eacute;sormais incertains, mais ce qui est clair, c&rsquo;est son engagement envers son bien-&ecirc;tre personnel plut&ocirc;t que ses activit&eacute;s professionnelles.<\/p>\n","protected":false},"excerpt":{"rendered":"","protected":false},"author":13,"featured_media":765589,"comment_status":"open","ping_status":"closed","sticky":false,"template":"","format":"standard","meta":{"inline_featured_image":false,"kia_subtitle":"","_mux_skip_reasons":[],"proofreadBy":0,"footnotes":""},"categories":[110,10],"tags":[1362,2138],"sport":[],"saison":[],"class_list":["post-765541","post","type-post","status-publish","format-standard","has-post-thumbnail","hentry","category-actualite-nba","category-nba","tag-cleveland-cavaliers","tag-ricky-rubio"],"acf":[],"yoast_head":"<!-- This site is optimized with the Yoast SEO plugin v24.2 - https:\/\/yoast.com\/wordpress\/plugins\/seo\/ -->\n<title>Ricky Rubio s&#039;&eacute;loigne du basket-ball pour donner la priorit&eacute; &agrave; la sant&eacute; mentale - The Playoffs FR<\/title>\n<meta name=\"robots\" content=\"index, follow, max-snippet:-1, max-image-preview:large, max-video-preview:-1\" \/>\n<link rel=\"canonical\" href=\"https:\/\/theplayoffs.news\/fr\/actualite-nba\/ricky-rubio-pause-basket-ball\/\" \/>\n<meta property=\"og:locale\" content=\"fr_FR\" \/>\n<meta property=\"og:type\" content=\"article\" \/>\n<meta property=\"og:title\" content=\"Ricky Rubio s&#039;&eacute;loigne du basket-ball pour donner la priorit&eacute; &agrave; la sant&eacute; mentale - The Playoffs FR\" \/>\n<meta property=\"og:url\" content=\"https:\/\/theplayoffs.news\/fr\/actualite-nba\/ricky-rubio-pause-basket-ball\/\" \/>\n<meta property=\"og:site_name\" content=\"The Playoffs FR\" \/>\n<meta property=\"article:publisher\" content=\"https:\/\/www.facebook.com\/TheFreeAgentFR\/\" \/>\n<meta property=\"article:modified_time\" content=\"2023-08-05T16:41:59+02:00\" \/>\n<meta property=\"og:image\" content=\"https:\/\/theplayoffs.news\/fr\/wp-content\/uploads\/2023\/08\/maxresdefault-94.jpg\" \/>\n\t<meta property=\"og:image:width\" content=\"1280\" \/>\n\t<meta property=\"og:image:height\" content=\"720\" \/>\n\t<meta property=\"og:image:type\" content=\"image\/jpeg\" \/>\n<meta name=\"author\" content=\"Charles Taudin\" \/>\n<meta name=\"twitter:card\" content=\"summary_large_image\" \/>\n<meta name=\"twitter:creator\" content=\"@TheFreeAgentFR\" \/>\n<meta name=\"twitter:site\" content=\"@TheFreeAgentFR\" \/>\n<meta name=\"twitter:label1\" content=\"\u00c9crit par\" \/>\n\t<meta name=\"twitter:data1\" content=\"Charles Taudin\" \/>\n\t<meta name=\"twitter:label2\" content=\"Dur\u00e9e de lecture estim\u00e9e\" \/>\n\t<meta name=\"twitter:data2\" content=\"2 minutes\" \/>\n<script type=\"application\/ld+json\" class=\"yoast-schema-graph\">{\"@context\":\"https:\/\/schema.org\",\"@graph\":[{\"@type\":\"WebPage\",\"@id\":\"https:\/\/theplayoffs.news\/fr\/actualite-nba\/ricky-rubio-pause-basket-ball\/\",\"url\":\"https:\/\/theplayoffs.news\/fr\/actualite-nba\/ricky-rubio-pause-basket-ball\/\",\"name\":\"Ricky Rubio s\\\\'\u00e9loigne du basket-ball pour donner la priorit\u00e9 \u00e0 la sant\u00e9 mentale - The Playoffs FR\",\"isPartOf\":{\"@id\":\"https:\/\/theplayoffs.news\/fr\/#website\"},\"primaryImageOfPage\":{\"@id\":\"https:\/\/theplayoffs.news\/fr\/actualite-nba\/ricky-rubio-pause-basket-ball\/#primaryimage\"},\"image\":{\"@id\":\"https:\/\/theplayoffs.news\/fr\/actualite-nba\/ricky-rubio-pause-basket-ball\/#primaryimage\"},\"thumbnailUrl\":\"https:\/\/theplayoffs.news\/fr\/wp-content\/uploads\/2023\/08\/maxresdefault-94.jpg\",\"datePublished\":\"2023-08-05T14:41:58+00:00\",\"dateModified\":\"2023-08-05T14:41:59+00:00\",\"author\":{\"@id\":\"https:\/\/theplayoffs.news\/fr\/#\/schema\/person\/eee5b69ad5d3c51cabe881c839dbe133\"},\"breadcrumb\":{\"@id\":\"https:\/\/theplayoffs.news\/fr\/actualite-nba\/ricky-rubio-pause-basket-ball\/#breadcrumb\"},\"inLanguage\":\"fr-FR\",\"potentialAction\":[{\"@type\":\"ReadAction\",\"target\":[\"https:\/\/theplayoffs.news\/fr\/actualite-nba\/ricky-rubio-pause-basket-ball\/\"]}]},{\"@type\":\"ImageObject\",\"inLanguage\":\"fr-FR\",\"@id\":\"https:\/\/theplayoffs.news\/fr\/actualite-nba\/ricky-rubio-pause-basket-ball\/#primaryimage\",\"url\":\"https:\/\/theplayoffs.news\/fr\/wp-content\/uploads\/2023\/08\/maxresdefault-94.jpg\",\"contentUrl\":\"https:\/\/theplayoffs.news\/fr\/wp-content\/uploads\/2023\/08\/maxresdefault-94.jpg\",\"width\":1280,\"height\":720,\"caption\":\"Ricky Rubio\"},{\"@type\":\"BreadcrumbList\",\"@id\":\"https:\/\/theplayoffs.news\/fr\/actualite-nba\/ricky-rubio-pause-basket-ball\/#breadcrumb\",\"itemListElement\":[{\"@type\":\"ListItem\",\"position\":1,\"name\":\"Accueil\",\"item\":\"https:\/\/theplayoffs.news\/fr\/\"},{\"@type\":\"ListItem\",\"position\":2,\"name\":\"Ricky Rubio s&rsquo;\u00e9loigne du basket-ball pour donner la priorit\u00e9 \u00e0 la sant\u00e9 mentale\"}]},{\"@type\":\"WebSite\",\"@id\":\"https:\/\/theplayoffs.news\/fr\/#website\",\"url\":\"https:\/\/theplayoffs.news\/fr\/\",\"name\":\"The Playoffs FR\",\"description\":\"NBA-NFL-NHL-MLB\",\"potentialAction\":[{\"@type\":\"SearchAction\",\"target\":{\"@type\":\"EntryPoint\",\"urlTemplate\":\"https:\/\/theplayoffs.news\/fr\/?s={search_term_string}\"},\"query-input\":{\"@type\":\"PropertyValueSpecification\",\"valueRequired\":true,\"valueName\":\"search_term_string\"}}],\"inLanguage\":\"fr-FR\"},{\"@type\":\"Person\",\"@id\":\"https:\/\/theplayoffs.news\/fr\/#\/schema\/person\/eee5b69ad5d3c51cabe881c839dbe133\",\"name\":\"Charles Taudin\",\"image\":{\"@type\":\"ImageObject\",\"inLanguage\":\"fr-FR\",\"@id\":\"https:\/\/theplayoffs.news\/fr\/#\/schema\/person\/image\/\",\"url\":\"https:\/\/secure.gravatar.com\/avatar\/59a1e772205ce9fd255edfcafc93013736822e20261f294c5753b20c41ede9f2?s=96&d=mm&r=g\",\"contentUrl\":\"https:\/\/secure.gravatar.com\/avatar\/59a1e772205ce9fd255edfcafc93013736822e20261f294c5753b20c41ede9f2?s=96&d=mm&r=g\",\"caption\":\"Charles Taudin\"},\"description\":\"R\u00e9dacteur en chef global de The Playoffs, j\u2019ai cr\u00e9\u00e9 The Free Agent, devenu The Playoffs FR, en 2020 durant la pand\u00e9mie. Amoureux depuis des ann\u00e9es des 4 sports majeurs am\u00e9ricains, j\u2019organise maintenant la strat\u00e9gie \u00e9ditoriale et les r\u00e9seaux sociaux de l\u2019ensemble des versions de The Playoffs. Il m\u2019arrive encore d\u2019\u00e9crire sur certains sports que j\u2019affectionne particuli\u00e8rement comme la NFL ou la MLB. Si vous devez retenir qu\u2019une chose : Eli Manning est le vrai GOAT pour avoir battu deux fois Tom Brady.\",\"sameAs\":[\"https:\/\/www.instagram.com\/ctaudin_\/\"],\"url\":\"https:\/\/theplayoffs.news\/fr\/author\/charles-taudin\/\"}]}<\/script>\n<!-- \/ Yoast SEO plugin. -->","yoast_head_json":{"title":"Ricky Rubio s&#039;&eacute;loigne du basket-ball pour donner la priorit&eacute; &agrave; la sant&eacute; mentale - The Playoffs FR","robots":{"index":"index","follow":"follow","max-snippet":"max-snippet:-1","max-image-preview":"max-image-preview:large","max-video-preview":"max-video-preview:-1"},"canonical":"https:\/\/theplayoffs.news\/fr\/actualite-nba\/ricky-rubio-pause-basket-ball\/","og_locale":"fr_FR","og_type":"article","og_title":"Ricky Rubio s&#039;&eacute;loigne du basket-ball pour donner la priorit&eacute; &agrave; la sant&eacute; mentale - The Playoffs FR","og_url":"https:\/\/theplayoffs.news\/fr\/actualite-nba\/ricky-rubio-pause-basket-ball\/","og_site_name":"The Playoffs FR","article_publisher":"https:\/\/www.facebook.com\/TheFreeAgentFR\/","article_modified_time":"2023-08-05T14:41:59+00:00","og_image":[{"width":1280,"height":720,"url":"https:\/\/theplayoffs.news\/fr\/wp-content\/uploads\/2023\/08\/maxresdefault-94.jpg","type":"image\/jpeg"}],"author":"Charles Taudin","twitter_card":"summary_large_image","twitter_creator":"@TheFreeAgentFR","twitter_site":"@TheFreeAgentFR","twitter_misc":{"\u00c9crit par":"Charles Taudin","Dur\u00e9e de lecture estim\u00e9e":"2 minutes"},"schema":{"@context":"https:\/\/schema.org","@graph":[{"@type":"WebPage","@id":"https:\/\/theplayoffs.news\/fr\/actualite-nba\/ricky-rubio-pause-basket-ball\/","url":"https:\/\/theplayoffs.news\/fr\/actualite-nba\/ricky-rubio-pause-basket-ball\/","name":"Ricky Rubio s\\'\u00e9loigne du basket-ball pour donner la priorit\u00e9 \u00e0 la sant\u00e9 mentale - The Playoffs FR","isPartOf":{"@id":"https:\/\/theplayoffs.news\/fr\/#website"},"primaryImageOfPage":{"@id":"https:\/\/theplayoffs.news\/fr\/actualite-nba\/ricky-rubio-pause-basket-ball\/#primaryimage"},"image":{"@id":"https:\/\/theplayoffs.news\/fr\/actualite-nba\/ricky-rubio-pause-basket-ball\/#primaryimage"},"thumbnailUrl":"https:\/\/theplayoffs.news\/fr\/wp-content\/uploads\/2023\/08\/maxresdefault-94.jpg","datePublished":"2023-08-05T14:41:58+00:00","dateModified":"2023-08-05T14:41:59+00:00","author":{"@id":"https:\/\/theplayoffs.news\/fr\/#\/schema\/person\/eee5b69ad5d3c51cabe881c839dbe133"},"breadcrumb":{"@id":"https:\/\/theplayoffs.news\/fr\/actualite-nba\/ricky-rubio-pause-basket-ball\/#breadcrumb"},"inLanguage":"fr-FR","potentialAction":[{"@type":"ReadAction","target":["https:\/\/theplayoffs.news\/fr\/actualite-nba\/ricky-rubio-pause-basket-ball\/"]}]},{"@type":"ImageObject","inLanguage":"fr-FR","@id":"https:\/\/theplayoffs.news\/fr\/actualite-nba\/ricky-rubio-pause-basket-ball\/#primaryimage","url":"https:\/\/theplayoffs.news\/fr\/wp-content\/uploads\/2023\/08\/maxresdefault-94.jpg","contentUrl":"https:\/\/theplayoffs.news\/fr\/wp-content\/uploads\/2023\/08\/maxresdefault-94.jpg","width":1280,"height":720,"caption":"Ricky Rubio"},{"@type":"BreadcrumbList","@id":"https:\/\/theplayoffs.news\/fr\/actualite-nba\/ricky-rubio-pause-basket-ball\/#breadcrumb","itemListElement":[{"@type":"ListItem","position":1,"name":"Accueil","item":"https:\/\/theplayoffs.news\/fr\/"},{"@type":"ListItem","position":2,"name":"Ricky Rubio s&rsquo;\u00e9loigne du basket-ball pour donner la priorit\u00e9 \u00e0 la sant\u00e9 mentale"}]},{"@type":"WebSite","@id":"https:\/\/theplayoffs.news\/fr\/#website","url":"https:\/\/theplayoffs.news\/fr\/","name":"The Playoffs FR","description":"NBA-NFL-NHL-MLB","potentialAction":[{"@type":"SearchAction","target":{"@type":"EntryPoint","urlTemplate":"https:\/\/theplayoffs.news\/fr\/?s={search_term_string}"},"query-input":{"@type":"PropertyValueSpecification","valueRequired":true,"valueName":"search_term_string"}}],"inLanguage":"fr-FR"},{"@type":"Person","@id":"https:\/\/theplayoffs.news\/fr\/#\/schema\/person\/eee5b69ad5d3c51cabe881c839dbe133","name":"Charles Taudin","image":{"@type":"ImageObject","inLanguage":"fr-FR","@id":"https:\/\/theplayoffs.news\/fr\/#\/schema\/person\/image\/","url":"https:\/\/secure.gravatar.com\/avatar\/59a1e772205ce9fd255edfcafc93013736822e20261f294c5753b20c41ede9f2?s=96&d=mm&r=g","contentUrl":"https:\/\/secure.gravatar.com\/avatar\/59a1e772205ce9fd255edfcafc93013736822e20261f294c5753b20c41ede9f2?s=96&d=mm&r=g","caption":"Charles Taudin"},"description":"R\u00e9dacteur en chef global de The Playoffs, j\u2019ai cr\u00e9\u00e9 The Free Agent, devenu The Playoffs FR, en 2020 durant la pand\u00e9mie. Amoureux depuis des ann\u00e9es des 4 sports majeurs am\u00e9ricains, j\u2019organise maintenant la strat\u00e9gie \u00e9ditoriale et les r\u00e9seaux sociaux de l\u2019ensemble des versions de The Playoffs. Il m\u2019arrive encore d\u2019\u00e9crire sur certains sports que j\u2019affectionne particuli\u00e8rement comme la NFL ou la MLB. Si vous devez retenir qu\u2019une chose : Eli Manning est le vrai GOAT pour avoir battu deux fois Tom Brady.","sameAs":["https:\/\/www.instagram.com\/ctaudin_\/"],"url":"https:\/\/theplayoffs.news\/fr\/author\/charles-taudin\/"}]}},"_links":{"self":[{"href":"https:\/\/theplayoffs.news\/fr\/wp-json\/wp\/v2\/posts\/765541","targetHints":{"allow":["GET"]}}],"collection":[{"href":"https:\/\/theplayoffs.news\/fr\/wp-json\/wp\/v2\/posts"}],"about":[{"href":"https:\/\/theplayoffs.news\/fr\/wp-json\/wp\/v2\/types\/post"}],"author":[{"embeddable":true,"href":"https:\/\/theplayoffs.news\/fr\/wp-json\/wp\/v2\/users\/13"}],"replies":[{"embeddable":true,"href":"https:\/\/theplayoffs.news\/fr\/wp-json\/wp\/v2\/comments?post=765541"}],"version-history":[{"count":2,"href":"https:\/\/theplayoffs.news\/fr\/wp-json\/wp\/v2\/posts\/765541\/revisions"}],"predecessor-version":[{"id":765608,"href":"https:\/\/theplayoffs.news\/fr\/wp-json\/wp\/v2\/posts\/765541\/revisions\/765608"}],"wp:featuredmedia":[{"embeddable":true,"href":"https:\/\/theplayoffs.news\/fr\/wp-json\/wp\/v2\/media\/765589"}],"wp:attachment":[{"href":"https:\/\/theplayoffs.news\/fr\/wp-json\/wp\/v2\/media?parent=765541"}],"wp:term":[{"taxonomy":"category","embeddable":true,"href":"https:\/\/theplayoffs.news\/fr\/wp-json\/wp\/v2\/categories?post=765541"},{"taxonomy":"post_tag","embeddable":true,"href":"https:\/\/theplayoffs.news\/fr\/wp-json\/wp\/v2\/tags?post=765541"},{"taxonomy":"sport","embeddable":true,"href":"https:\/\/theplayoffs.news\/fr\/wp-json\/wp\/v2\/sport?post=765541"},{"taxonomy":"saison","embeddable":true,"href":"https:\/\/theplayoffs.news\/fr\/wp-json\/wp\/v2\/saison?post=765541"}],"curies":[{"name":"wp","href":"https:\/\/api.w.org\/{rel}","templated":true}]}}