{"id":761984,"date":"2023-08-04T15:00:43","date_gmt":"2023-08-04T13:00:43","guid":{"rendered":"https:\/\/theplayoffs.news\/fr\/?p=761984"},"modified":"2023-08-04T15:00:44","modified_gmt":"2023-08-04T13:00:44","slug":"ducks-lundestrom-absent-six-mois","status":"publish","type":"post","link":"https:\/\/theplayoffs.news\/fr\/actualite-nhl\/ducks-lundestrom-absent-six-mois\/","title":{"rendered":"Ducks : Lundestrom absent six mois"},"content":{"rendered":"<h2>Le centre des Ducks, Isac Lundestrom, s&rsquo;est bless&eacute; au tendon d&rsquo;Achille durant un entra&icirc;nement.<\/h2><p>Les <a href=\"https:\/\/theplayoffs.news\/fr\/equipe\/anaheim-ducks-nhl\/\" class=\"trk-cta-link\" data-cta-trk='{\"ctaType\":\"Link\",\"ctaSubType\":\"main\"}'>Anaheim Ducks<\/a> ont annonc&eacute; que leur joueur serait indisponible durant les six prochains mois et devra donc, par cons&eacute;quent, manquer le d&eacute;but de la saison 2023.<\/p><p>Le su&eacute;dois de 23 ans a inscrit un total de 4 buts ainsi que 10 passes lors de ses 61 matchs la saison derni&egrave;re. Lundestrom a &eacute;t&eacute; draft&eacute; lors de la draft 2018 par Anaheim et devrait entamer sa sixi&egrave;me ann&eacute;e avec la franchise californienne.<\/p><p>Dans sa carri&egrave;re, le su&eacute;dois inscrit un total de 58 points (26 buts et 32 passes) en 212 <a href=\"https:\/\/www.nhl.com\/\" class=\"trk-cta-link\" data-cta-trk='{\"ctaType\":\"Link\",\"ctaSubType\":\"main\"}'>matchs de saison r&eacute;guli&egrave;re<\/a>. Lundestrom entre dans sa derni&egrave;re ann&eacute;e de contrat avec Anaheim.<\/p><p>&nbsp;<\/p>\n","protected":false},"excerpt":{"rendered":"","protected":false},"author":180310178,"featured_media":762035,"comment_status":"open","ping_status":"closed","sticky":false,"template":"","format":"standard","meta":{"inline_featured_image":false,"kia_subtitle":"","_mux_skip_reasons":[],"proofreadBy":0,"footnotes":""},"categories":[187,26],"tags":[349,2133,24],"sport":[2784],"saison":[3453],"class_list":["post-761984","post","type-post","status-publish","format-standard","has-post-thumbnail","hentry","category-actualite-nhl","category-nhl","tag-anaheim-ducks","tag-isac-lundestrom","tag-nhl","sport-nhl","saison-3453"],"acf":[],"yoast_head":"<!-- This site is optimized with the Yoast SEO plugin v24.2 - https:\/\/yoast.com\/wordpress\/plugins\/seo\/ -->\n<title>Ducks : Lundestrom absent six mois - The Playoffs FR<\/title>\n<meta name=\"robots\" content=\"index, follow, max-snippet:-1, max-image-preview:large, max-video-preview:-1\" \/>\n<link rel=\"canonical\" href=\"https:\/\/theplayoffs.news\/fr\/actualite-nhl\/ducks-lundestrom-absent-six-mois\/\" \/>\n<meta property=\"og:locale\" content=\"fr_FR\" \/>\n<meta property=\"og:type\" content=\"article\" \/>\n<meta property=\"og:title\" content=\"Ducks : Lundestrom absent six mois - The Playoffs FR\" \/>\n<meta property=\"og:url\" content=\"https:\/\/theplayoffs.news\/fr\/actualite-nhl\/ducks-lundestrom-absent-six-mois\/\" \/>\n<meta property=\"og:site_name\" content=\"The Playoffs FR\" \/>\n<meta property=\"article:publisher\" content=\"https:\/\/www.facebook.com\/TheFreeAgentFR\/\" \/>\n<meta property=\"article:modified_time\" content=\"2023-08-04T15:00:44+02:00\" \/>\n<meta property=\"og:image\" content=\"https:\/\/theplayoffs.news\/fr\/wp-content\/uploads\/2023\/08\/Capture-decran-2023-08-04-145739.jpg\" \/>\n\t<meta property=\"og:image:width\" content=\"877\" \/>\n\t<meta property=\"og:image:height\" content=\"532\" \/>\n\t<meta property=\"og:image:type\" content=\"image\/jpeg\" \/>\n<meta name=\"author\" content=\"Arthur Berlemont\" \/>\n<meta name=\"twitter:card\" content=\"summary_large_image\" \/>\n<meta name=\"twitter:creator\" content=\"@TheFreeAgentFR\" \/>\n<meta name=\"twitter:site\" content=\"@TheFreeAgentFR\" \/>\n<meta name=\"twitter:label1\" content=\"\u00c9crit par\" \/>\n\t<meta name=\"twitter:data1\" content=\"Arthur Berlemont\" \/>\n\t<meta name=\"twitter:label2\" content=\"Dur\u00e9e de lecture estim\u00e9e\" \/>\n\t<meta name=\"twitter:data2\" content=\"1 minute\" \/>\n<script type=\"application\/ld+json\" class=\"yoast-schema-graph\">{\"@context\":\"https:\/\/schema.org\",\"@graph\":[{\"@type\":\"WebPage\",\"@id\":\"https:\/\/theplayoffs.news\/fr\/actualite-nhl\/ducks-lundestrom-absent-six-mois\/\",\"url\":\"https:\/\/theplayoffs.news\/fr\/actualite-nhl\/ducks-lundestrom-absent-six-mois\/\",\"name\":\"Ducks : Lundestrom absent six mois - The Playoffs FR\",\"isPartOf\":{\"@id\":\"https:\/\/theplayoffs.news\/fr\/#website\"},\"primaryImageOfPage\":{\"@id\":\"https:\/\/theplayoffs.news\/fr\/actualite-nhl\/ducks-lundestrom-absent-six-mois\/#primaryimage\"},\"image\":{\"@id\":\"https:\/\/theplayoffs.news\/fr\/actualite-nhl\/ducks-lundestrom-absent-six-mois\/#primaryimage\"},\"thumbnailUrl\":\"https:\/\/theplayoffs.news\/fr\/wp-content\/uploads\/2023\/08\/Capture-decran-2023-08-04-145739.jpg\",\"datePublished\":\"2023-08-04T13:00:43+00:00\",\"dateModified\":\"2023-08-04T13:00:44+00:00\",\"author\":{\"@id\":\"https:\/\/theplayoffs.news\/fr\/#\/schema\/person\/b6b04a451dab03a5ab75cec8912e8942\"},\"breadcrumb\":{\"@id\":\"https:\/\/theplayoffs.news\/fr\/actualite-nhl\/ducks-lundestrom-absent-six-mois\/#breadcrumb\"},\"inLanguage\":\"fr-FR\",\"potentialAction\":[{\"@type\":\"ReadAction\",\"target\":[\"https:\/\/theplayoffs.news\/fr\/actualite-nhl\/ducks-lundestrom-absent-six-mois\/\"]}]},{\"@type\":\"ImageObject\",\"inLanguage\":\"fr-FR\",\"@id\":\"https:\/\/theplayoffs.news\/fr\/actualite-nhl\/ducks-lundestrom-absent-six-mois\/#primaryimage\",\"url\":\"https:\/\/theplayoffs.news\/fr\/wp-content\/uploads\/2023\/08\/Capture-decran-2023-08-04-145739.jpg\",\"contentUrl\":\"https:\/\/theplayoffs.news\/fr\/wp-content\/uploads\/2023\/08\/Capture-decran-2023-08-04-145739.jpg\",\"width\":877,\"height\":532},{\"@type\":\"BreadcrumbList\",\"@id\":\"https:\/\/theplayoffs.news\/fr\/actualite-nhl\/ducks-lundestrom-absent-six-mois\/#breadcrumb\",\"itemListElement\":[{\"@type\":\"ListItem\",\"position\":1,\"name\":\"Accueil\",\"item\":\"https:\/\/theplayoffs.news\/fr\/\"},{\"@type\":\"ListItem\",\"position\":2,\"name\":\"Ducks : Lundestrom absent six mois\"}]},{\"@type\":\"WebSite\",\"@id\":\"https:\/\/theplayoffs.news\/fr\/#website\",\"url\":\"https:\/\/theplayoffs.news\/fr\/\",\"name\":\"The Playoffs FR\",\"description\":\"NBA-NFL-NHL-MLB\",\"potentialAction\":[{\"@type\":\"SearchAction\",\"target\":{\"@type\":\"EntryPoint\",\"urlTemplate\":\"https:\/\/theplayoffs.news\/fr\/?s={search_term_string}\"},\"query-input\":{\"@type\":\"PropertyValueSpecification\",\"valueRequired\":true,\"valueName\":\"search_term_string\"}}],\"inLanguage\":\"fr-FR\"},{\"@type\":\"Person\",\"@id\":\"https:\/\/theplayoffs.news\/fr\/#\/schema\/person\/b6b04a451dab03a5ab75cec8912e8942\",\"name\":\"Arthur Berlemont\",\"image\":{\"@type\":\"ImageObject\",\"inLanguage\":\"fr-FR\",\"@id\":\"https:\/\/theplayoffs.news\/fr\/#\/schema\/person\/image\/\",\"url\":\"https:\/\/secure.gravatar.com\/avatar\/19ddab1d62ab0a19b186b86cee130432b120dd6f085625a6a6757dd1aa90a5f3?s=96&d=mm&r=g\",\"contentUrl\":\"https:\/\/secure.gravatar.com\/avatar\/19ddab1d62ab0a19b186b86cee130432b120dd6f085625a6a6757dd1aa90a5f3?s=96&d=mm&r=g\",\"caption\":\"Arthur Berlemont\"},\"description\":\"Etudiant passionn\u00e9 de sport, avant tout m\u00e9caniques, j\\\\'ai d\u00e9couvert les sports US il y a quelques ann\u00e9es. J\\\\'ai tout de suite accroch\u00e9 pour la ville de Cincinnati et ses franchises de NFL et MLB. Aujourd\\\\'hui, je suis l\u00e0 par passion dans la r\u00e9daction d\\\\'articles sur divers sports que j\\\\'affectionne.\",\"url\":\"https:\/\/theplayoffs.news\/fr\/author\/arthur-berlemontgmail-com\/\"}]}<\/script>\n<!-- \/ Yoast SEO plugin. -->","yoast_head_json":{"title":"Ducks : Lundestrom absent six mois - The Playoffs FR","robots":{"index":"index","follow":"follow","max-snippet":"max-snippet:-1","max-image-preview":"max-image-preview:large","max-video-preview":"max-video-preview:-1"},"canonical":"https:\/\/theplayoffs.news\/fr\/actualite-nhl\/ducks-lundestrom-absent-six-mois\/","og_locale":"fr_FR","og_type":"article","og_title":"Ducks : Lundestrom absent six mois - The Playoffs FR","og_url":"https:\/\/theplayoffs.news\/fr\/actualite-nhl\/ducks-lundestrom-absent-six-mois\/","og_site_name":"The Playoffs FR","article_publisher":"https:\/\/www.facebook.com\/TheFreeAgentFR\/","article_modified_time":"2023-08-04T13:00:44+00:00","og_image":[{"width":877,"height":532,"url":"https:\/\/theplayoffs.news\/fr\/wp-content\/uploads\/2023\/08\/Capture-decran-2023-08-04-145739.jpg","type":"image\/jpeg"}],"author":"Arthur Berlemont","twitter_card":"summary_large_image","twitter_creator":"@TheFreeAgentFR","twitter_site":"@TheFreeAgentFR","twitter_misc":{"\u00c9crit par":"Arthur Berlemont","Dur\u00e9e de lecture estim\u00e9e":"1 minute"},"schema":{"@context":"https:\/\/schema.org","@graph":[{"@type":"WebPage","@id":"https:\/\/theplayoffs.news\/fr\/actualite-nhl\/ducks-lundestrom-absent-six-mois\/","url":"https:\/\/theplayoffs.news\/fr\/actualite-nhl\/ducks-lundestrom-absent-six-mois\/","name":"Ducks : Lundestrom absent six mois - The Playoffs FR","isPartOf":{"@id":"https:\/\/theplayoffs.news\/fr\/#website"},"primaryImageOfPage":{"@id":"https:\/\/theplayoffs.news\/fr\/actualite-nhl\/ducks-lundestrom-absent-six-mois\/#primaryimage"},"image":{"@id":"https:\/\/theplayoffs.news\/fr\/actualite-nhl\/ducks-lundestrom-absent-six-mois\/#primaryimage"},"thumbnailUrl":"https:\/\/theplayoffs.news\/fr\/wp-content\/uploads\/2023\/08\/Capture-decran-2023-08-04-145739.jpg","datePublished":"2023-08-04T13:00:43+00:00","dateModified":"2023-08-04T13:00:44+00:00","author":{"@id":"https:\/\/theplayoffs.news\/fr\/#\/schema\/person\/b6b04a451dab03a5ab75cec8912e8942"},"breadcrumb":{"@id":"https:\/\/theplayoffs.news\/fr\/actualite-nhl\/ducks-lundestrom-absent-six-mois\/#breadcrumb"},"inLanguage":"fr-FR","potentialAction":[{"@type":"ReadAction","target":["https:\/\/theplayoffs.news\/fr\/actualite-nhl\/ducks-lundestrom-absent-six-mois\/"]}]},{"@type":"ImageObject","inLanguage":"fr-FR","@id":"https:\/\/theplayoffs.news\/fr\/actualite-nhl\/ducks-lundestrom-absent-six-mois\/#primaryimage","url":"https:\/\/theplayoffs.news\/fr\/wp-content\/uploads\/2023\/08\/Capture-decran-2023-08-04-145739.jpg","contentUrl":"https:\/\/theplayoffs.news\/fr\/wp-content\/uploads\/2023\/08\/Capture-decran-2023-08-04-145739.jpg","width":877,"height":532},{"@type":"BreadcrumbList","@id":"https:\/\/theplayoffs.news\/fr\/actualite-nhl\/ducks-lundestrom-absent-six-mois\/#breadcrumb","itemListElement":[{"@type":"ListItem","position":1,"name":"Accueil","item":"https:\/\/theplayoffs.news\/fr\/"},{"@type":"ListItem","position":2,"name":"Ducks : Lundestrom absent six mois"}]},{"@type":"WebSite","@id":"https:\/\/theplayoffs.news\/fr\/#website","url":"https:\/\/theplayoffs.news\/fr\/","name":"The Playoffs FR","description":"NBA-NFL-NHL-MLB","potentialAction":[{"@type":"SearchAction","target":{"@type":"EntryPoint","urlTemplate":"https:\/\/theplayoffs.news\/fr\/?s={search_term_string}"},"query-input":{"@type":"PropertyValueSpecification","valueRequired":true,"valueName":"search_term_string"}}],"inLanguage":"fr-FR"},{"@type":"Person","@id":"https:\/\/theplayoffs.news\/fr\/#\/schema\/person\/b6b04a451dab03a5ab75cec8912e8942","name":"Arthur Berlemont","image":{"@type":"ImageObject","inLanguage":"fr-FR","@id":"https:\/\/theplayoffs.news\/fr\/#\/schema\/person\/image\/","url":"https:\/\/secure.gravatar.com\/avatar\/19ddab1d62ab0a19b186b86cee130432b120dd6f085625a6a6757dd1aa90a5f3?s=96&d=mm&r=g","contentUrl":"https:\/\/secure.gravatar.com\/avatar\/19ddab1d62ab0a19b186b86cee130432b120dd6f085625a6a6757dd1aa90a5f3?s=96&d=mm&r=g","caption":"Arthur Berlemont"},"description":"Etudiant passionn\u00e9 de sport, avant tout m\u00e9caniques, j\\'ai d\u00e9couvert les sports US il y a quelques ann\u00e9es. J\\'ai tout de suite accroch\u00e9 pour la ville de Cincinnati et ses franchises de NFL et MLB. Aujourd\\'hui, je suis l\u00e0 par passion dans la r\u00e9daction d\\'articles sur divers sports que j\\'affectionne.","url":"https:\/\/theplayoffs.news\/fr\/author\/arthur-berlemontgmail-com\/"}]}},"_links":{"self":[{"href":"https:\/\/theplayoffs.news\/fr\/wp-json\/wp\/v2\/posts\/761984","targetHints":{"allow":["GET"]}}],"collection":[{"href":"https:\/\/theplayoffs.news\/fr\/wp-json\/wp\/v2\/posts"}],"about":[{"href":"https:\/\/theplayoffs.news\/fr\/wp-json\/wp\/v2\/types\/post"}],"author":[{"embeddable":true,"href":"https:\/\/theplayoffs.news\/fr\/wp-json\/wp\/v2\/users\/180310178"}],"replies":[{"embeddable":true,"href":"https:\/\/theplayoffs.news\/fr\/wp-json\/wp\/v2\/comments?post=761984"}],"version-history":[{"count":2,"href":"https:\/\/theplayoffs.news\/fr\/wp-json\/wp\/v2\/posts\/761984\/revisions"}],"predecessor-version":[{"id":762051,"href":"https:\/\/theplayoffs.news\/fr\/wp-json\/wp\/v2\/posts\/761984\/revisions\/762051"}],"wp:featuredmedia":[{"embeddable":true,"href":"https:\/\/theplayoffs.news\/fr\/wp-json\/wp\/v2\/media\/762035"}],"wp:attachment":[{"href":"https:\/\/theplayoffs.news\/fr\/wp-json\/wp\/v2\/media?parent=761984"}],"wp:term":[{"taxonomy":"category","embeddable":true,"href":"https:\/\/theplayoffs.news\/fr\/wp-json\/wp\/v2\/categories?post=761984"},{"taxonomy":"post_tag","embeddable":true,"href":"https:\/\/theplayoffs.news\/fr\/wp-json\/wp\/v2\/tags?post=761984"},{"taxonomy":"sport","embeddable":true,"href":"https:\/\/theplayoffs.news\/fr\/wp-json\/wp\/v2\/sport?post=761984"},{"taxonomy":"saison","embeddable":true,"href":"https:\/\/theplayoffs.news\/fr\/wp-json\/wp\/v2\/saison?post=761984"}],"curies":[{"name":"wp","href":"https:\/\/api.w.org\/{rel}","templated":true}]}}