{"id":761233,"date":"2023-08-04T12:06:32","date_gmt":"2023-08-04T10:06:32","guid":{"rendered":"https:\/\/theplayoffs.news\/fr\/?p=761233"},"modified":"2023-08-04T12:06:33","modified_gmt":"2023-08-04T10:06:33","slug":"aaron-rodgers-parle-du-hall-of-fame","status":"publish","type":"post","link":"https:\/\/theplayoffs.news\/fr\/actualite-nfl\/aaron-rodgers-parle-du-hall-of-fame\/","title":{"rendered":"Aaron Rodgers parle du Hall Of Fame"},"content":{"rendered":"<h2>Alors que les Jets et les Browns ont disput&eacute; le traditionnel match du Hall of Fame, les joueurs dont Aaron Rodgers en ont profit&eacute; pour aller faire une petite visite dans ce temple d&eacute;di&eacute; aux l&eacute;gendes du football am&eacute;ricain.<\/h2><p>Pour <a href=\"https:\/\/theplayoffs.news\/fr\/joueur\/aaron-rodgers-nfl-16878\/\" class=\"trk-cta-link\" data-cta-trk='{\"ctaType\":\"Link\",\"ctaSubType\":\"main\"}'><strong>Aaron Rodgers<\/strong><\/a>, cette visite &eacute;tait un peu un avant-go&ucirc;t de ce qui l&rsquo;attend &agrave; l&rsquo;issue de sa carri&egrave;re. Dans la salle o&ugrave; tr&ocirc;nent les bustes de tous les illustres joueurs qui ont domin&eacute; la NFL, Aaron Rodgers devait d&eacute;j&agrave; s&rsquo;imaginer contemplant son buste.<\/p><p>Au micro de <a href=\"https:\/\/www.youtube.com\/watch?v=nGnNBQV_jaU\" class=\"trk-cta-link\" data-cta-trk='{\"ctaType\":\"Link\",\"ctaSubType\":\"main\"}'>Mike Tirico de NBC<\/a> durant le match, Aaron Rodgers a avou&eacute; que ce moment qui l&rsquo;attend sera sans doute tr&egrave;s sp&eacute;cial :<\/p><blockquote><p>&laquo;&nbsp;Je l&rsquo;ai d&eacute;j&agrave; dit: j&rsquo;ai grandi avec cette vieille cassette VHS des meilleurs moments du Super Bowl, donc je suis amoureux du jeu depuis aussi longtemps que je me souvienne, et c&rsquo;est toujours ce que j&rsquo;ai voulu faire. Donc, pour pouvoir continuer &agrave; le faire, et avoir cette nouvelle opportunit&eacute; ici et avoir 18 belles ann&eacute;es &agrave; Green Bay avec une franchise aussi l&eacute;gendaire, puis avoir un jour &ccedil;a au bout du chemin va &ecirc;tre assez sp&eacute;cial.&nbsp;&raquo;<\/p><\/blockquote><p>Il faudra pourtant attendre encore quelques ann&eacute;es avant qu&rsquo;il ne puisse rev&ecirc;tir la veste dor&eacute;e. EN contrat jusqu&rsquo;en 2025, Aaron Rodgers avait d&eacute;clar&eacute; que sa venue &agrave; New-York serait pour quelques ann&eacute;es. S&rsquo;il va au bout de son contrat, il ne pourra &ecirc;tre intronis&eacute; qu&rsquo;en 2030.<\/p><p>Qui sait ce qui peut encore arriver d&rsquo;ici l&agrave;&hellip;.<\/p>\n","protected":false},"excerpt":{"rendered":"","protected":false},"author":180309964,"featured_media":761316,"comment_status":"open","ping_status":"closed","sticky":false,"template":"","format":"standard","meta":{"inline_featured_image":false,"kia_subtitle":"","_mux_skip_reasons":[],"proofreadBy":0,"footnotes":""},"categories":[118,40],"tags":[268,104,732],"sport":[],"saison":[],"class_list":["post-761233","post","type-post","status-publish","format-standard","has-post-thumbnail","hentry","category-actualite-nfl","category-nfl","tag-aaron-rodgers","tag-hall-of-fame","tag-new-york-jets"],"acf":[],"yoast_head":"<!-- This site is optimized with the Yoast SEO plugin v24.2 - https:\/\/yoast.com\/wordpress\/plugins\/seo\/ -->\n<title>Aaron Rodgers parle du Hall Of Fame - The Playoffs FR<\/title>\n<meta name=\"robots\" content=\"index, follow, max-snippet:-1, max-image-preview:large, max-video-preview:-1\" \/>\n<link rel=\"canonical\" href=\"https:\/\/theplayoffs.news\/fr\/actualite-nfl\/aaron-rodgers-parle-du-hall-of-fame\/\" \/>\n<meta property=\"og:locale\" content=\"fr_FR\" \/>\n<meta property=\"og:type\" content=\"article\" \/>\n<meta property=\"og:title\" content=\"Aaron Rodgers parle du Hall Of Fame - The Playoffs FR\" \/>\n<meta property=\"og:url\" content=\"https:\/\/theplayoffs.news\/fr\/actualite-nfl\/aaron-rodgers-parle-du-hall-of-fame\/\" \/>\n<meta property=\"og:site_name\" content=\"The Playoffs FR\" \/>\n<meta property=\"article:publisher\" content=\"https:\/\/www.facebook.com\/TheFreeAgentFR\/\" \/>\n<meta property=\"article:modified_time\" content=\"2023-08-04T12:06:33+02:00\" \/>\n<meta property=\"og:image\" content=\"https:\/\/theplayoffs.news\/fr\/wp-content\/uploads\/2023\/08\/Capture-decran-2023-08-04-a-12.03.56.jpg\" \/>\n\t<meta property=\"og:image:width\" content=\"1890\" \/>\n\t<meta property=\"og:image:height\" content=\"1051\" \/>\n\t<meta property=\"og:image:type\" content=\"image\/jpeg\" \/>\n<meta name=\"author\" content=\"Flavien Jumeau\" \/>\n<meta name=\"twitter:card\" content=\"summary_large_image\" \/>\n<meta name=\"twitter:creator\" content=\"@TheFreeAgentFR\" \/>\n<meta name=\"twitter:site\" content=\"@TheFreeAgentFR\" \/>\n<meta name=\"twitter:label1\" content=\"\u00c9crit par\" \/>\n\t<meta name=\"twitter:data1\" content=\"Flavien Jumeau\" \/>\n\t<meta name=\"twitter:label2\" content=\"Dur\u00e9e de lecture estim\u00e9e\" \/>\n\t<meta name=\"twitter:data2\" content=\"1 minute\" \/>\n<script type=\"application\/ld+json\" class=\"yoast-schema-graph\">{\"@context\":\"https:\/\/schema.org\",\"@graph\":[{\"@type\":\"WebPage\",\"@id\":\"https:\/\/theplayoffs.news\/fr\/actualite-nfl\/aaron-rodgers-parle-du-hall-of-fame\/\",\"url\":\"https:\/\/theplayoffs.news\/fr\/actualite-nfl\/aaron-rodgers-parle-du-hall-of-fame\/\",\"name\":\"Aaron Rodgers parle du Hall Of Fame - The Playoffs FR\",\"isPartOf\":{\"@id\":\"https:\/\/theplayoffs.news\/fr\/#website\"},\"primaryImageOfPage\":{\"@id\":\"https:\/\/theplayoffs.news\/fr\/actualite-nfl\/aaron-rodgers-parle-du-hall-of-fame\/#primaryimage\"},\"image\":{\"@id\":\"https:\/\/theplayoffs.news\/fr\/actualite-nfl\/aaron-rodgers-parle-du-hall-of-fame\/#primaryimage\"},\"thumbnailUrl\":\"https:\/\/theplayoffs.news\/fr\/wp-content\/uploads\/2023\/08\/Capture-decran-2023-08-04-a-12.03.56.jpg\",\"datePublished\":\"2023-08-04T10:06:32+00:00\",\"dateModified\":\"2023-08-04T10:06:33+00:00\",\"author\":{\"@id\":\"https:\/\/theplayoffs.news\/fr\/#\/schema\/person\/def63bc6746dc5957469b75feb99e66d\"},\"breadcrumb\":{\"@id\":\"https:\/\/theplayoffs.news\/fr\/actualite-nfl\/aaron-rodgers-parle-du-hall-of-fame\/#breadcrumb\"},\"inLanguage\":\"fr-FR\",\"potentialAction\":[{\"@type\":\"ReadAction\",\"target\":[\"https:\/\/theplayoffs.news\/fr\/actualite-nfl\/aaron-rodgers-parle-du-hall-of-fame\/\"]}]},{\"@type\":\"ImageObject\",\"inLanguage\":\"fr-FR\",\"@id\":\"https:\/\/theplayoffs.news\/fr\/actualite-nfl\/aaron-rodgers-parle-du-hall-of-fame\/#primaryimage\",\"url\":\"https:\/\/theplayoffs.news\/fr\/wp-content\/uploads\/2023\/08\/Capture-decran-2023-08-04-a-12.03.56.jpg\",\"contentUrl\":\"https:\/\/theplayoffs.news\/fr\/wp-content\/uploads\/2023\/08\/Capture-decran-2023-08-04-a-12.03.56.jpg\",\"width\":1890,\"height\":1051,\"caption\":\"Aaron Rodgers\"},{\"@type\":\"BreadcrumbList\",\"@id\":\"https:\/\/theplayoffs.news\/fr\/actualite-nfl\/aaron-rodgers-parle-du-hall-of-fame\/#breadcrumb\",\"itemListElement\":[{\"@type\":\"ListItem\",\"position\":1,\"name\":\"Accueil\",\"item\":\"https:\/\/theplayoffs.news\/fr\/\"},{\"@type\":\"ListItem\",\"position\":2,\"name\":\"Aaron Rodgers parle du Hall Of Fame\"}]},{\"@type\":\"WebSite\",\"@id\":\"https:\/\/theplayoffs.news\/fr\/#website\",\"url\":\"https:\/\/theplayoffs.news\/fr\/\",\"name\":\"The Playoffs FR\",\"description\":\"NBA-NFL-NHL-MLB\",\"potentialAction\":[{\"@type\":\"SearchAction\",\"target\":{\"@type\":\"EntryPoint\",\"urlTemplate\":\"https:\/\/theplayoffs.news\/fr\/?s={search_term_string}\"},\"query-input\":{\"@type\":\"PropertyValueSpecification\",\"valueRequired\":true,\"valueName\":\"search_term_string\"}}],\"inLanguage\":\"fr-FR\"},{\"@type\":\"Person\",\"@id\":\"https:\/\/theplayoffs.news\/fr\/#\/schema\/person\/def63bc6746dc5957469b75feb99e66d\",\"name\":\"Flavien Jumeau\",\"image\":{\"@type\":\"ImageObject\",\"inLanguage\":\"fr-FR\",\"@id\":\"https:\/\/theplayoffs.news\/fr\/#\/schema\/person\/image\/\",\"url\":\"https:\/\/secure.gravatar.com\/avatar\/e7fa8ba5a4b7e4ce35fe152f083f352db28ad0acce692004ed88a7a7d78893f7?s=96&d=mm&r=g\",\"contentUrl\":\"https:\/\/secure.gravatar.com\/avatar\/e7fa8ba5a4b7e4ce35fe152f083f352db28ad0acce692004ed88a7a7d78893f7?s=96&d=mm&r=g\",\"caption\":\"Flavien Jumeau\"},\"description\":\"Amoureux du sport (et de vraiment tous les sports) depuis mon plus jeune \u00e2ge, j\u2019ai longtemps h\u00e9site entre le snooker et le curling. Finalement c\u2019est le foot US que j\u2019ai d\u00e9cid\u00e9 de choisir! Responsable foot US sur TPO et animateur du podcast Tailgate j\u2019ai pour mission de vous faire d\u00e9couvrir ce sport passionnant si ce n\u2019est pas encore fait et de vous donner les derni\u00e8res actus. Le tout dans la bonne humeur et avec toujours un jeu de mots ou deux savamment distill\u00e9s! Fan des Saints, pour moi Drew Brees est le vrai GOAT!\",\"url\":\"https:\/\/theplayoffs.news\/fr\/author\/flavien-jumeaugmail-com\/\"}]}<\/script>\n<!-- \/ Yoast SEO plugin. -->","yoast_head_json":{"title":"Aaron Rodgers parle du Hall Of Fame - The Playoffs FR","robots":{"index":"index","follow":"follow","max-snippet":"max-snippet:-1","max-image-preview":"max-image-preview:large","max-video-preview":"max-video-preview:-1"},"canonical":"https:\/\/theplayoffs.news\/fr\/actualite-nfl\/aaron-rodgers-parle-du-hall-of-fame\/","og_locale":"fr_FR","og_type":"article","og_title":"Aaron Rodgers parle du Hall Of Fame - The Playoffs FR","og_url":"https:\/\/theplayoffs.news\/fr\/actualite-nfl\/aaron-rodgers-parle-du-hall-of-fame\/","og_site_name":"The Playoffs FR","article_publisher":"https:\/\/www.facebook.com\/TheFreeAgentFR\/","article_modified_time":"2023-08-04T10:06:33+00:00","og_image":[{"width":1890,"height":1051,"url":"https:\/\/theplayoffs.news\/fr\/wp-content\/uploads\/2023\/08\/Capture-decran-2023-08-04-a-12.03.56.jpg","type":"image\/jpeg"}],"author":"Flavien Jumeau","twitter_card":"summary_large_image","twitter_creator":"@TheFreeAgentFR","twitter_site":"@TheFreeAgentFR","twitter_misc":{"\u00c9crit par":"Flavien Jumeau","Dur\u00e9e de lecture estim\u00e9e":"1 minute"},"schema":{"@context":"https:\/\/schema.org","@graph":[{"@type":"WebPage","@id":"https:\/\/theplayoffs.news\/fr\/actualite-nfl\/aaron-rodgers-parle-du-hall-of-fame\/","url":"https:\/\/theplayoffs.news\/fr\/actualite-nfl\/aaron-rodgers-parle-du-hall-of-fame\/","name":"Aaron Rodgers parle du Hall Of Fame - The Playoffs FR","isPartOf":{"@id":"https:\/\/theplayoffs.news\/fr\/#website"},"primaryImageOfPage":{"@id":"https:\/\/theplayoffs.news\/fr\/actualite-nfl\/aaron-rodgers-parle-du-hall-of-fame\/#primaryimage"},"image":{"@id":"https:\/\/theplayoffs.news\/fr\/actualite-nfl\/aaron-rodgers-parle-du-hall-of-fame\/#primaryimage"},"thumbnailUrl":"https:\/\/theplayoffs.news\/fr\/wp-content\/uploads\/2023\/08\/Capture-decran-2023-08-04-a-12.03.56.jpg","datePublished":"2023-08-04T10:06:32+00:00","dateModified":"2023-08-04T10:06:33+00:00","author":{"@id":"https:\/\/theplayoffs.news\/fr\/#\/schema\/person\/def63bc6746dc5957469b75feb99e66d"},"breadcrumb":{"@id":"https:\/\/theplayoffs.news\/fr\/actualite-nfl\/aaron-rodgers-parle-du-hall-of-fame\/#breadcrumb"},"inLanguage":"fr-FR","potentialAction":[{"@type":"ReadAction","target":["https:\/\/theplayoffs.news\/fr\/actualite-nfl\/aaron-rodgers-parle-du-hall-of-fame\/"]}]},{"@type":"ImageObject","inLanguage":"fr-FR","@id":"https:\/\/theplayoffs.news\/fr\/actualite-nfl\/aaron-rodgers-parle-du-hall-of-fame\/#primaryimage","url":"https:\/\/theplayoffs.news\/fr\/wp-content\/uploads\/2023\/08\/Capture-decran-2023-08-04-a-12.03.56.jpg","contentUrl":"https:\/\/theplayoffs.news\/fr\/wp-content\/uploads\/2023\/08\/Capture-decran-2023-08-04-a-12.03.56.jpg","width":1890,"height":1051,"caption":"Aaron Rodgers"},{"@type":"BreadcrumbList","@id":"https:\/\/theplayoffs.news\/fr\/actualite-nfl\/aaron-rodgers-parle-du-hall-of-fame\/#breadcrumb","itemListElement":[{"@type":"ListItem","position":1,"name":"Accueil","item":"https:\/\/theplayoffs.news\/fr\/"},{"@type":"ListItem","position":2,"name":"Aaron Rodgers parle du Hall Of Fame"}]},{"@type":"WebSite","@id":"https:\/\/theplayoffs.news\/fr\/#website","url":"https:\/\/theplayoffs.news\/fr\/","name":"The Playoffs FR","description":"NBA-NFL-NHL-MLB","potentialAction":[{"@type":"SearchAction","target":{"@type":"EntryPoint","urlTemplate":"https:\/\/theplayoffs.news\/fr\/?s={search_term_string}"},"query-input":{"@type":"PropertyValueSpecification","valueRequired":true,"valueName":"search_term_string"}}],"inLanguage":"fr-FR"},{"@type":"Person","@id":"https:\/\/theplayoffs.news\/fr\/#\/schema\/person\/def63bc6746dc5957469b75feb99e66d","name":"Flavien Jumeau","image":{"@type":"ImageObject","inLanguage":"fr-FR","@id":"https:\/\/theplayoffs.news\/fr\/#\/schema\/person\/image\/","url":"https:\/\/secure.gravatar.com\/avatar\/e7fa8ba5a4b7e4ce35fe152f083f352db28ad0acce692004ed88a7a7d78893f7?s=96&d=mm&r=g","contentUrl":"https:\/\/secure.gravatar.com\/avatar\/e7fa8ba5a4b7e4ce35fe152f083f352db28ad0acce692004ed88a7a7d78893f7?s=96&d=mm&r=g","caption":"Flavien Jumeau"},"description":"Amoureux du sport (et de vraiment tous les sports) depuis mon plus jeune \u00e2ge, j\u2019ai longtemps h\u00e9site entre le snooker et le curling. Finalement c\u2019est le foot US que j\u2019ai d\u00e9cid\u00e9 de choisir! Responsable foot US sur TPO et animateur du podcast Tailgate j\u2019ai pour mission de vous faire d\u00e9couvrir ce sport passionnant si ce n\u2019est pas encore fait et de vous donner les derni\u00e8res actus. Le tout dans la bonne humeur et avec toujours un jeu de mots ou deux savamment distill\u00e9s! Fan des Saints, pour moi Drew Brees est le vrai GOAT!","url":"https:\/\/theplayoffs.news\/fr\/author\/flavien-jumeaugmail-com\/"}]}},"_links":{"self":[{"href":"https:\/\/theplayoffs.news\/fr\/wp-json\/wp\/v2\/posts\/761233","targetHints":{"allow":["GET"]}}],"collection":[{"href":"https:\/\/theplayoffs.news\/fr\/wp-json\/wp\/v2\/posts"}],"about":[{"href":"https:\/\/theplayoffs.news\/fr\/wp-json\/wp\/v2\/types\/post"}],"author":[{"embeddable":true,"href":"https:\/\/theplayoffs.news\/fr\/wp-json\/wp\/v2\/users\/180309964"}],"replies":[{"embeddable":true,"href":"https:\/\/theplayoffs.news\/fr\/wp-json\/wp\/v2\/comments?post=761233"}],"version-history":[{"count":3,"href":"https:\/\/theplayoffs.news\/fr\/wp-json\/wp\/v2\/posts\/761233\/revisions"}],"predecessor-version":[{"id":761330,"href":"https:\/\/theplayoffs.news\/fr\/wp-json\/wp\/v2\/posts\/761233\/revisions\/761330"}],"wp:featuredmedia":[{"embeddable":true,"href":"https:\/\/theplayoffs.news\/fr\/wp-json\/wp\/v2\/media\/761316"}],"wp:attachment":[{"href":"https:\/\/theplayoffs.news\/fr\/wp-json\/wp\/v2\/media?parent=761233"}],"wp:term":[{"taxonomy":"category","embeddable":true,"href":"https:\/\/theplayoffs.news\/fr\/wp-json\/wp\/v2\/categories?post=761233"},{"taxonomy":"post_tag","embeddable":true,"href":"https:\/\/theplayoffs.news\/fr\/wp-json\/wp\/v2\/tags?post=761233"},{"taxonomy":"sport","embeddable":true,"href":"https:\/\/theplayoffs.news\/fr\/wp-json\/wp\/v2\/sport?post=761233"},{"taxonomy":"saison","embeddable":true,"href":"https:\/\/theplayoffs.news\/fr\/wp-json\/wp\/v2\/saison?post=761233"}],"curies":[{"name":"wp","href":"https:\/\/api.w.org\/{rel}","templated":true}]}}