{"id":757421,"date":"2023-08-03T09:29:53","date_gmt":"2023-08-03T07:29:53","guid":{"rendered":"https:\/\/theplayoffs.news\/fr\/?p=757421"},"modified":"2023-08-03T09:29:54","modified_gmt":"2023-08-03T07:29:54","slug":"domingo-german-ne-lancera-plus-en-2023","status":"publish","type":"post","link":"https:\/\/theplayoffs.news\/fr\/actualite-mlb\/domingo-german-ne-lancera-plus-en-2023\/","title":{"rendered":"Domingo German ne lancera plus en 2023"},"content":{"rendered":"<h2>Domingo German, lanceur des New-York Yankees, a &eacute;t&eacute; <a href=\"https:\/\/twitter.com\/Yankees\/status\/1686864241129574400?s=20\" class=\"trk-cta-link\" data-cta-trk='{\"ctaType\":\"Link\",\"ctaSubType\":\"main\"}'>plac&eacute; sur la liste restreinte<\/a> apr&egrave;s avoir accept&eacute; de se faire soigner pour des soucis d&rsquo;alcool.<\/h2><p>Le directeur g&eacute;n&eacute;ral des Yankees, Brian Cashman, dans une d&eacute;claration officielle pr&eacute;c&eacute;dant leur match contre les Rays de Tampa Bay, a confirm&eacute; que le retrait de <a href=\"https:\/\/theplayoffs.news\/fr\/joueur\/domingo-german-mlb-67320\/\" class=\"trk-cta-link\" data-cta-trk='{\"ctaType\":\"Link\",\"ctaSubType\":\"main\"}'><strong>Domingo Germ&aacute;n<\/strong><\/a> du jeu actif devrait durer le reste de la saison. La d&eacute;cision serait volontaire, soulignant l&rsquo;engagement du joueur pour son bien-&ecirc;tre en dehors du terrain.<\/p><blockquote><p>&laquo;&nbsp;Domingo Germ&aacute;n est en effet un &eacute;l&eacute;ment vital de la famille yankee et il est actuellement confront&eacute; &agrave; un grave probl&egrave;me&nbsp;&raquo;, <a href=\"https:\/\/www.youtube.com\/watch?v=IkA9FcqSiPc&amp;pp=ygUOZG9taW5nbyBnZXJtYW4%3D\" class=\"trk-cta-link\" data-cta-trk='{\"ctaType\":\"Link\",\"ctaSubType\":\"main\"}'>a d&eacute;clar&eacute; Cashman<\/a>. &laquo;&nbsp;Nous le tiendrons dans nos pri&egrave;res alors qu&rsquo;il entame ce voyage essentiel mais difficile.&nbsp;&raquo;<\/p><\/blockquote><blockquote class=\"twitter-tweet\" data-width=\"500\" data-dnt=\"true\">\n<p lang=\"en\" dir=\"ltr\">Statement from the New York Yankees: <a href=\"https:\/\/t.co\/kZhJETdr7x\" class=\"trk-cta-link\" data-cta-trk='{\"ctaType\":\"Link\",\"ctaSubType\":\"main\"}'>pic.twitter.com\/kZhJETdr7x<\/a><\/p>\n<p>&mdash; New York Yankees (@Yankees) <a href=\"https:\/\/twitter.com\/Yankees\/status\/1686864241129574400?ref_src=twsrc%5Etfw\" class=\"trk-cta-link\" data-cta-trk='{\"ctaType\":\"Link\",\"ctaSubType\":\"main\"}'>August 2, 2023<\/a><\/p><\/blockquote><p><script async src=\"https:\/\/platform.twitter.com\/widgets.js\" charset=\"utf-8\"><\/script><\/p><p>Domingo Germ&aacute;n, &agrave; 30 ans, a &eacute;t&eacute; une figure notable de la saison en cours, notamment, en raison de son match parfait contre l&rsquo;Oakland Athletics le 28 juin l&rsquo;a &eacute;lev&eacute; dans un groupe exclusif &ndash; le 24e match parfait dans les annales de l&rsquo;histoire de la Major League Baseball (MLB), le premier depuis F&eacute;lix Hern&aacute;ndez des Mariners en 2012.<\/p><p>Cette saison, Domingo German poss&eacute;dait une ERA de 4.56 en 108 manches lanc&eacute;es.<\/p><h2>Qui pour remplacer German ?<\/h2><p>La question qui p&egrave;se d&eacute;sormais lourdement sur les Yankees est &ndash; qui comblera le vide laiss&eacute; par Germ&aacute;n ? Alors que les Yankees &eacute;laborent une strat&eacute;gie pour les deux derniers mois de la saison, ils sont confront&eacute;s &agrave; la t&acirc;che difficile d&rsquo;ajuster leur rotation de lanceurs et d&rsquo;&eacute;valuer leur profondeur.<\/p><p>Nestor Cortes, qui se remet d&rsquo;une blessure &agrave; l&rsquo;&eacute;paule au cours des deux derniers mois, semble &ecirc;tre un candidat s&eacute;rieux pour la place de Germ&aacute;n. Cortes devrait reprendre le jeu actif ce week-end, son nombre de lancers &eacute;tant limit&eacute; &agrave; environ 60 en raison du fait qu&rsquo;il a saut&eacute; son dernier d&eacute;but d&rsquo;affectation de r&eacute;adaptation.<\/p><p>Cependant, son retour ne r&eacute;sout pas compl&egrave;tement les probl&egrave;mes de lancer des Yankees.<\/p><p>La pr&eacute;sence continue de Luis Severino dans la rotation pr&eacute;sente une autre pr&eacute;occupation. Severino, malgr&eacute; ses r&eacute;cents difficult&eacute;, devrait rester dans la rotation principalement en raison de l&rsquo;absence de Germ&aacute;n. La prochaine performance de Severino contre les Astros de Houston ce vendredi sera probablement un moment critique pour l&rsquo;&eacute;quipe et le joueur lui-m&ecirc;me.<\/p><p>Dans le m&ecirc;me temps, les Yankees ont appel&eacute; <a href=\"https:\/\/theplayoffs.news\/fr\/joueur\/keynan-middleton-mlb-72090\/\" class=\"trk-cta-link\" data-cta-trk='{\"ctaType\":\"Link\",\"ctaSubType\":\"main\"}'><strong>Keynan Middleton<\/strong><\/a> dans l&rsquo;effectif principal.<\/p>\n","protected":false},"excerpt":{"rendered":"","protected":false},"author":13,"featured_media":757466,"comment_status":"open","ping_status":"closed","sticky":false,"template":"","format":"standard","meta":{"inline_featured_image":false,"kia_subtitle":"","_mux_skip_reasons":[],"proofreadBy":0,"footnotes":""},"categories":[188,9],"tags":[5950,717],"sport":[],"saison":[],"class_list":["post-757421","post","type-post","status-publish","format-standard","has-post-thumbnail","hentry","category-actualite-mlb","category-mlb","tag-domingo-german","tag-new-york-yankees"],"acf":[],"yoast_head":"<!-- This site is optimized with the Yoast SEO plugin v24.2 - https:\/\/yoast.com\/wordpress\/plugins\/seo\/ -->\n<title>Domingo German ne lancera plus en 2023 - The Playoffs FR<\/title>\n<meta name=\"robots\" content=\"index, follow, max-snippet:-1, max-image-preview:large, max-video-preview:-1\" \/>\n<link rel=\"canonical\" href=\"https:\/\/theplayoffs.news\/fr\/actualite-mlb\/domingo-german-ne-lancera-plus-en-2023\/\" \/>\n<meta property=\"og:locale\" content=\"fr_FR\" \/>\n<meta property=\"og:type\" content=\"article\" \/>\n<meta property=\"og:title\" content=\"Domingo German ne lancera plus en 2023 - The Playoffs FR\" \/>\n<meta property=\"og:url\" content=\"https:\/\/theplayoffs.news\/fr\/actualite-mlb\/domingo-german-ne-lancera-plus-en-2023\/\" \/>\n<meta property=\"og:site_name\" content=\"The Playoffs FR\" \/>\n<meta property=\"article:publisher\" content=\"https:\/\/www.facebook.com\/TheFreeAgentFR\/\" \/>\n<meta property=\"article:modified_time\" content=\"2023-08-03T09:29:54+02:00\" \/>\n<meta property=\"og:image\" content=\"https:\/\/theplayoffs.news\/fr\/wp-content\/uploads\/2023\/08\/maxresdefault-91.jpg\" \/>\n\t<meta property=\"og:image:width\" content=\"1280\" \/>\n\t<meta property=\"og:image:height\" content=\"720\" \/>\n\t<meta property=\"og:image:type\" content=\"image\/jpeg\" \/>\n<meta name=\"author\" content=\"Charles Taudin\" \/>\n<meta name=\"twitter:card\" content=\"summary_large_image\" \/>\n<meta name=\"twitter:creator\" content=\"@TheFreeAgentFR\" \/>\n<meta name=\"twitter:site\" content=\"@TheFreeAgentFR\" \/>\n<meta name=\"twitter:label1\" content=\"\u00c9crit par\" \/>\n\t<meta name=\"twitter:data1\" content=\"Charles Taudin\" \/>\n\t<meta name=\"twitter:label2\" content=\"Dur\u00e9e de lecture estim\u00e9e\" \/>\n\t<meta name=\"twitter:data2\" content=\"2 minutes\" \/>\n<script type=\"application\/ld+json\" class=\"yoast-schema-graph\">{\"@context\":\"https:\/\/schema.org\",\"@graph\":[{\"@type\":\"WebPage\",\"@id\":\"https:\/\/theplayoffs.news\/fr\/actualite-mlb\/domingo-german-ne-lancera-plus-en-2023\/\",\"url\":\"https:\/\/theplayoffs.news\/fr\/actualite-mlb\/domingo-german-ne-lancera-plus-en-2023\/\",\"name\":\"Domingo German ne lancera plus en 2023 - The Playoffs FR\",\"isPartOf\":{\"@id\":\"https:\/\/theplayoffs.news\/fr\/#website\"},\"primaryImageOfPage\":{\"@id\":\"https:\/\/theplayoffs.news\/fr\/actualite-mlb\/domingo-german-ne-lancera-plus-en-2023\/#primaryimage\"},\"image\":{\"@id\":\"https:\/\/theplayoffs.news\/fr\/actualite-mlb\/domingo-german-ne-lancera-plus-en-2023\/#primaryimage\"},\"thumbnailUrl\":\"https:\/\/theplayoffs.news\/fr\/wp-content\/uploads\/2023\/08\/maxresdefault-91.jpg\",\"datePublished\":\"2023-08-03T07:29:53+00:00\",\"dateModified\":\"2023-08-03T07:29:54+00:00\",\"author\":{\"@id\":\"https:\/\/theplayoffs.news\/fr\/#\/schema\/person\/eee5b69ad5d3c51cabe881c839dbe133\"},\"breadcrumb\":{\"@id\":\"https:\/\/theplayoffs.news\/fr\/actualite-mlb\/domingo-german-ne-lancera-plus-en-2023\/#breadcrumb\"},\"inLanguage\":\"fr-FR\",\"potentialAction\":[{\"@type\":\"ReadAction\",\"target\":[\"https:\/\/theplayoffs.news\/fr\/actualite-mlb\/domingo-german-ne-lancera-plus-en-2023\/\"]}]},{\"@type\":\"ImageObject\",\"inLanguage\":\"fr-FR\",\"@id\":\"https:\/\/theplayoffs.news\/fr\/actualite-mlb\/domingo-german-ne-lancera-plus-en-2023\/#primaryimage\",\"url\":\"https:\/\/theplayoffs.news\/fr\/wp-content\/uploads\/2023\/08\/maxresdefault-91.jpg\",\"contentUrl\":\"https:\/\/theplayoffs.news\/fr\/wp-content\/uploads\/2023\/08\/maxresdefault-91.jpg\",\"width\":1280,\"height\":720,\"caption\":\"Domingo German\"},{\"@type\":\"BreadcrumbList\",\"@id\":\"https:\/\/theplayoffs.news\/fr\/actualite-mlb\/domingo-german-ne-lancera-plus-en-2023\/#breadcrumb\",\"itemListElement\":[{\"@type\":\"ListItem\",\"position\":1,\"name\":\"Accueil\",\"item\":\"https:\/\/theplayoffs.news\/fr\/\"},{\"@type\":\"ListItem\",\"position\":2,\"name\":\"Domingo German ne lancera plus en 2023\"}]},{\"@type\":\"WebSite\",\"@id\":\"https:\/\/theplayoffs.news\/fr\/#website\",\"url\":\"https:\/\/theplayoffs.news\/fr\/\",\"name\":\"The Playoffs FR\",\"description\":\"NBA-NFL-NHL-MLB\",\"potentialAction\":[{\"@type\":\"SearchAction\",\"target\":{\"@type\":\"EntryPoint\",\"urlTemplate\":\"https:\/\/theplayoffs.news\/fr\/?s={search_term_string}\"},\"query-input\":{\"@type\":\"PropertyValueSpecification\",\"valueRequired\":true,\"valueName\":\"search_term_string\"}}],\"inLanguage\":\"fr-FR\"},{\"@type\":\"Person\",\"@id\":\"https:\/\/theplayoffs.news\/fr\/#\/schema\/person\/eee5b69ad5d3c51cabe881c839dbe133\",\"name\":\"Charles Taudin\",\"image\":{\"@type\":\"ImageObject\",\"inLanguage\":\"fr-FR\",\"@id\":\"https:\/\/theplayoffs.news\/fr\/#\/schema\/person\/image\/\",\"url\":\"https:\/\/secure.gravatar.com\/avatar\/59a1e772205ce9fd255edfcafc93013736822e20261f294c5753b20c41ede9f2?s=96&d=mm&r=g\",\"contentUrl\":\"https:\/\/secure.gravatar.com\/avatar\/59a1e772205ce9fd255edfcafc93013736822e20261f294c5753b20c41ede9f2?s=96&d=mm&r=g\",\"caption\":\"Charles Taudin\"},\"description\":\"R\u00e9dacteur en chef global de The Playoffs, j\u2019ai cr\u00e9\u00e9 The Free Agent, devenu The Playoffs FR, en 2020 durant la pand\u00e9mie. Amoureux depuis des ann\u00e9es des 4 sports majeurs am\u00e9ricains, j\u2019organise maintenant la strat\u00e9gie \u00e9ditoriale et les r\u00e9seaux sociaux de l\u2019ensemble des versions de The Playoffs. Il m\u2019arrive encore d\u2019\u00e9crire sur certains sports que j\u2019affectionne particuli\u00e8rement comme la NFL ou la MLB. Si vous devez retenir qu\u2019une chose : Eli Manning est le vrai GOAT pour avoir battu deux fois Tom Brady.\",\"sameAs\":[\"https:\/\/www.instagram.com\/ctaudin_\/\"],\"url\":\"https:\/\/theplayoffs.news\/fr\/author\/charles-taudin\/\"}]}<\/script>\n<!-- \/ Yoast SEO plugin. -->","yoast_head_json":{"title":"Domingo German ne lancera plus en 2023 - The Playoffs FR","robots":{"index":"index","follow":"follow","max-snippet":"max-snippet:-1","max-image-preview":"max-image-preview:large","max-video-preview":"max-video-preview:-1"},"canonical":"https:\/\/theplayoffs.news\/fr\/actualite-mlb\/domingo-german-ne-lancera-plus-en-2023\/","og_locale":"fr_FR","og_type":"article","og_title":"Domingo German ne lancera plus en 2023 - The Playoffs FR","og_url":"https:\/\/theplayoffs.news\/fr\/actualite-mlb\/domingo-german-ne-lancera-plus-en-2023\/","og_site_name":"The Playoffs FR","article_publisher":"https:\/\/www.facebook.com\/TheFreeAgentFR\/","article_modified_time":"2023-08-03T07:29:54+00:00","og_image":[{"width":1280,"height":720,"url":"https:\/\/theplayoffs.news\/fr\/wp-content\/uploads\/2023\/08\/maxresdefault-91.jpg","type":"image\/jpeg"}],"author":"Charles Taudin","twitter_card":"summary_large_image","twitter_creator":"@TheFreeAgentFR","twitter_site":"@TheFreeAgentFR","twitter_misc":{"\u00c9crit par":"Charles Taudin","Dur\u00e9e de lecture estim\u00e9e":"2 minutes"},"schema":{"@context":"https:\/\/schema.org","@graph":[{"@type":"WebPage","@id":"https:\/\/theplayoffs.news\/fr\/actualite-mlb\/domingo-german-ne-lancera-plus-en-2023\/","url":"https:\/\/theplayoffs.news\/fr\/actualite-mlb\/domingo-german-ne-lancera-plus-en-2023\/","name":"Domingo German ne lancera plus en 2023 - The Playoffs FR","isPartOf":{"@id":"https:\/\/theplayoffs.news\/fr\/#website"},"primaryImageOfPage":{"@id":"https:\/\/theplayoffs.news\/fr\/actualite-mlb\/domingo-german-ne-lancera-plus-en-2023\/#primaryimage"},"image":{"@id":"https:\/\/theplayoffs.news\/fr\/actualite-mlb\/domingo-german-ne-lancera-plus-en-2023\/#primaryimage"},"thumbnailUrl":"https:\/\/theplayoffs.news\/fr\/wp-content\/uploads\/2023\/08\/maxresdefault-91.jpg","datePublished":"2023-08-03T07:29:53+00:00","dateModified":"2023-08-03T07:29:54+00:00","author":{"@id":"https:\/\/theplayoffs.news\/fr\/#\/schema\/person\/eee5b69ad5d3c51cabe881c839dbe133"},"breadcrumb":{"@id":"https:\/\/theplayoffs.news\/fr\/actualite-mlb\/domingo-german-ne-lancera-plus-en-2023\/#breadcrumb"},"inLanguage":"fr-FR","potentialAction":[{"@type":"ReadAction","target":["https:\/\/theplayoffs.news\/fr\/actualite-mlb\/domingo-german-ne-lancera-plus-en-2023\/"]}]},{"@type":"ImageObject","inLanguage":"fr-FR","@id":"https:\/\/theplayoffs.news\/fr\/actualite-mlb\/domingo-german-ne-lancera-plus-en-2023\/#primaryimage","url":"https:\/\/theplayoffs.news\/fr\/wp-content\/uploads\/2023\/08\/maxresdefault-91.jpg","contentUrl":"https:\/\/theplayoffs.news\/fr\/wp-content\/uploads\/2023\/08\/maxresdefault-91.jpg","width":1280,"height":720,"caption":"Domingo German"},{"@type":"BreadcrumbList","@id":"https:\/\/theplayoffs.news\/fr\/actualite-mlb\/domingo-german-ne-lancera-plus-en-2023\/#breadcrumb","itemListElement":[{"@type":"ListItem","position":1,"name":"Accueil","item":"https:\/\/theplayoffs.news\/fr\/"},{"@type":"ListItem","position":2,"name":"Domingo German ne lancera plus en 2023"}]},{"@type":"WebSite","@id":"https:\/\/theplayoffs.news\/fr\/#website","url":"https:\/\/theplayoffs.news\/fr\/","name":"The Playoffs FR","description":"NBA-NFL-NHL-MLB","potentialAction":[{"@type":"SearchAction","target":{"@type":"EntryPoint","urlTemplate":"https:\/\/theplayoffs.news\/fr\/?s={search_term_string}"},"query-input":{"@type":"PropertyValueSpecification","valueRequired":true,"valueName":"search_term_string"}}],"inLanguage":"fr-FR"},{"@type":"Person","@id":"https:\/\/theplayoffs.news\/fr\/#\/schema\/person\/eee5b69ad5d3c51cabe881c839dbe133","name":"Charles Taudin","image":{"@type":"ImageObject","inLanguage":"fr-FR","@id":"https:\/\/theplayoffs.news\/fr\/#\/schema\/person\/image\/","url":"https:\/\/secure.gravatar.com\/avatar\/59a1e772205ce9fd255edfcafc93013736822e20261f294c5753b20c41ede9f2?s=96&d=mm&r=g","contentUrl":"https:\/\/secure.gravatar.com\/avatar\/59a1e772205ce9fd255edfcafc93013736822e20261f294c5753b20c41ede9f2?s=96&d=mm&r=g","caption":"Charles Taudin"},"description":"R\u00e9dacteur en chef global de The Playoffs, j\u2019ai cr\u00e9\u00e9 The Free Agent, devenu The Playoffs FR, en 2020 durant la pand\u00e9mie. Amoureux depuis des ann\u00e9es des 4 sports majeurs am\u00e9ricains, j\u2019organise maintenant la strat\u00e9gie \u00e9ditoriale et les r\u00e9seaux sociaux de l\u2019ensemble des versions de The Playoffs. Il m\u2019arrive encore d\u2019\u00e9crire sur certains sports que j\u2019affectionne particuli\u00e8rement comme la NFL ou la MLB. Si vous devez retenir qu\u2019une chose : Eli Manning est le vrai GOAT pour avoir battu deux fois Tom Brady.","sameAs":["https:\/\/www.instagram.com\/ctaudin_\/"],"url":"https:\/\/theplayoffs.news\/fr\/author\/charles-taudin\/"}]}},"_links":{"self":[{"href":"https:\/\/theplayoffs.news\/fr\/wp-json\/wp\/v2\/posts\/757421","targetHints":{"allow":["GET"]}}],"collection":[{"href":"https:\/\/theplayoffs.news\/fr\/wp-json\/wp\/v2\/posts"}],"about":[{"href":"https:\/\/theplayoffs.news\/fr\/wp-json\/wp\/v2\/types\/post"}],"author":[{"embeddable":true,"href":"https:\/\/theplayoffs.news\/fr\/wp-json\/wp\/v2\/users\/13"}],"replies":[{"embeddable":true,"href":"https:\/\/theplayoffs.news\/fr\/wp-json\/wp\/v2\/comments?post=757421"}],"version-history":[{"count":2,"href":"https:\/\/theplayoffs.news\/fr\/wp-json\/wp\/v2\/posts\/757421\/revisions"}],"predecessor-version":[{"id":757473,"href":"https:\/\/theplayoffs.news\/fr\/wp-json\/wp\/v2\/posts\/757421\/revisions\/757473"}],"wp:featuredmedia":[{"embeddable":true,"href":"https:\/\/theplayoffs.news\/fr\/wp-json\/wp\/v2\/media\/757466"}],"wp:attachment":[{"href":"https:\/\/theplayoffs.news\/fr\/wp-json\/wp\/v2\/media?parent=757421"}],"wp:term":[{"taxonomy":"category","embeddable":true,"href":"https:\/\/theplayoffs.news\/fr\/wp-json\/wp\/v2\/categories?post=757421"},{"taxonomy":"post_tag","embeddable":true,"href":"https:\/\/theplayoffs.news\/fr\/wp-json\/wp\/v2\/tags?post=757421"},{"taxonomy":"sport","embeddable":true,"href":"https:\/\/theplayoffs.news\/fr\/wp-json\/wp\/v2\/sport?post=757421"},{"taxonomy":"saison","embeddable":true,"href":"https:\/\/theplayoffs.news\/fr\/wp-json\/wp\/v2\/saison?post=757421"}],"curies":[{"name":"wp","href":"https:\/\/api.w.org\/{rel}","templated":true}]}}