{"id":754337,"date":"2023-08-02T10:01:57","date_gmt":"2023-08-02T08:01:57","guid":{"rendered":"https:\/\/theplayoffs.news\/fr\/?p=754337"},"modified":"2023-08-02T10:01:58","modified_gmt":"2023-08-02T08:01:58","slug":"framber-valdez-16e-no-hitter-astros","status":"publish","type":"post","link":"https:\/\/theplayoffs.news\/fr\/actualite-mlb\/framber-valdez-16e-no-hitter-astros\/","title":{"rendered":"Framber Valdez lance le 16\u00e8 no-hitter de l&rsquo;histoire des Astros"},"content":{"rendered":"<h2>Framber Valdez a conclu d&rsquo;une mani&egrave;re exceptionnelle une journ&eacute;e mouvement&eacute;e pour les Astros.<\/h2><p>Le gaucher All-Star <a href=\"https:\/\/theplayoffs.news\/fr\/joueur\/framber-valdez-mlb-73162\/\" class=\"trk-cta-link\" data-cta-trk='{\"ctaType\":\"Link\",\"ctaSubType\":\"main\"}'><strong>Framber Valdez<\/strong><\/a> a enflamm&eacute; le terrain avec un sans coup s&ucirc;r stellaire, le 16e de l&rsquo;histoire d&rsquo;Astros, contre les Guardians au Minute Maid Park. Le triomphe 2-0 a fait plus que simplement ajouter une autre victoire au d&eacute;compte des Astros; il a momentan&eacute;ment &eacute;clips&eacute; l&rsquo;acquisition tr&egrave;s m&eacute;diatis&eacute;e de Justin Verlander par les Astros cet apr&egrave;s-midi m&ecirc;me.<\/p><p>[cloudflare_stream_videoplayer idvid=&nbsp;&raquo;https:\/\/production.gateway.api.cloudflare.com\/client\/v4\/accounts\/5b320e57fa3b785e52e8fb0f9bfa3f63\/media\/3cc64b544759c8f45982b507099a00ab&nbsp;&raquo;]<\/p><p>Apr&egrave;s une s&eacute;rie de performances ternes r&eacute;centes, Valdez semblait &ecirc;tre sur un terrain fragile, ses cinq derniers d&eacute;parts &eacute;tant g&acirc;ch&eacute;s par une ERA d&eacute;courageante de 7,00. Au cours de ses 15 manches pr&eacute;c&eacute;dentes seulement, il avait laiss&eacute; &eacute;chapper 15 points m&eacute;rit&eacute;s, mettant la pression sur les Astros pour renforcer leur rotation &agrave; la date limite des &eacute;changes.<\/p><p>Pourtant, Framber Valdez a r&eacute;ussi &agrave; renverser le r&eacute;cit, mettant en sc&egrave;ne un retour puissant qui a laiss&eacute; les fans et les critiques &eacute;merveill&eacute;s.<\/p><p>Apr&egrave;s le match, Valdez a admis ses lacunes pr&eacute;c&eacute;dentes :<\/p><blockquote><p>&laquo;&nbsp;Je pense que les deux derniers matchs, je n&rsquo;&eacute;tais tout simplement pas aussi concentr&eacute; que j&rsquo;aurais pu l&rsquo;&ecirc;tre.&nbsp;&raquo;<\/p><\/blockquote><p>Cependant, cette fois, il est arriv&eacute; sur le terrain, arm&eacute; d&rsquo;une concentration et d&rsquo;une d&eacute;termination in&eacute;branlables pour inverser la tendance. Il &eacute;tait pr&ecirc;t &agrave; donner une masterclass, et c&rsquo;est ce qu&rsquo;il a fait, prouvant ses prouesses avec sa balle courbe, sa changeup, son sinker\/<\/p><h3>Un avenir prometteur<\/h3><p>Le triomphe a soulign&eacute; ce que la nouvelle rotation des Astros pourrait potentiellement offrir. Le no-hitter &eacute;tait le premier lanc&eacute; par un lanceur des Astros depuis que Justin Verlander, le joueur m&ecirc;me que les Astros viennent d&rsquo;acqu&eacute;rir, a accompli l&rsquo;exploit contre les Blue Jays de Toronto au Rogers Centre le 1er septembre 2019.<\/p><p>La performance de Framber Valdez a &eacute;t&eacute; r&eacute;volutionnaire &agrave; plus d&rsquo;un titre. Il est non seulement devenu le premier lanceur gaucher &agrave; lancer un no-hitter dans l&rsquo;histoire des Astros, mais il a &eacute;galement r&eacute;ussi un &laquo;&nbsp;Maddux&nbsp;&raquo;, un jeu blanc avec moins de 100 lancers. Seul un but sur balles en cinqui&egrave;me manche d&rsquo;Oscar Gonzalez s&rsquo;est tenu entre Valdez et un match parfait.<\/p>\n","protected":false},"excerpt":{"rendered":"","protected":false},"author":13,"featured_media":754387,"comment_status":"open","ping_status":"closed","sticky":false,"template":"","format":"standard","meta":{"inline_featured_image":false,"kia_subtitle":"","_mux_skip_reasons":[],"proofreadBy":0,"footnotes":""},"categories":[188,9],"tags":[4517,458],"sport":[],"saison":[],"class_list":["post-754337","post","type-post","status-publish","format-standard","has-post-thumbnail","hentry","category-actualite-mlb","category-mlb","tag-framber-valdez","tag-houston-astros"],"acf":[],"yoast_head":"<!-- This site is optimized with the Yoast SEO plugin v24.2 - https:\/\/yoast.com\/wordpress\/plugins\/seo\/ -->\n<title>Framber Valdez lance le 16&egrave; no-hitter de l&#039;histoire des Astros - The Playoffs FR<\/title>\n<meta name=\"robots\" content=\"index, follow, max-snippet:-1, max-image-preview:large, max-video-preview:-1\" \/>\n<link rel=\"canonical\" href=\"https:\/\/theplayoffs.news\/fr\/actualite-mlb\/framber-valdez-16e-no-hitter-astros\/\" \/>\n<meta property=\"og:locale\" content=\"fr_FR\" \/>\n<meta property=\"og:type\" content=\"article\" \/>\n<meta property=\"og:title\" content=\"Framber Valdez lance le 16&egrave; no-hitter de l&#039;histoire des Astros - The Playoffs FR\" \/>\n<meta property=\"og:url\" content=\"https:\/\/theplayoffs.news\/fr\/actualite-mlb\/framber-valdez-16e-no-hitter-astros\/\" \/>\n<meta property=\"og:site_name\" content=\"The Playoffs FR\" \/>\n<meta property=\"article:publisher\" content=\"https:\/\/www.facebook.com\/TheFreeAgentFR\/\" \/>\n<meta property=\"article:modified_time\" content=\"2023-08-02T10:01:58+02:00\" \/>\n<meta property=\"og:image\" content=\"https:\/\/theplayoffs.news\/fr\/wp-content\/uploads\/2023\/08\/Capture-decran-2023-08-02-a-09.54.19.jpg\" \/>\n\t<meta property=\"og:image:width\" content=\"1907\" \/>\n\t<meta property=\"og:image:height\" content=\"1061\" \/>\n\t<meta property=\"og:image:type\" content=\"image\/jpeg\" \/>\n<meta name=\"author\" content=\"Charles Taudin\" \/>\n<meta name=\"twitter:card\" content=\"summary_large_image\" \/>\n<meta name=\"twitter:creator\" content=\"@TheFreeAgentFR\" \/>\n<meta name=\"twitter:site\" content=\"@TheFreeAgentFR\" \/>\n<meta name=\"twitter:label1\" content=\"\u00c9crit par\" \/>\n\t<meta name=\"twitter:data1\" content=\"Charles Taudin\" \/>\n\t<meta name=\"twitter:label2\" content=\"Dur\u00e9e de lecture estim\u00e9e\" \/>\n\t<meta name=\"twitter:data2\" content=\"2 minutes\" \/>\n<script type=\"application\/ld+json\" class=\"yoast-schema-graph\">{\"@context\":\"https:\/\/schema.org\",\"@graph\":[{\"@type\":\"WebPage\",\"@id\":\"https:\/\/theplayoffs.news\/fr\/actualite-mlb\/framber-valdez-16e-no-hitter-astros\/\",\"url\":\"https:\/\/theplayoffs.news\/fr\/actualite-mlb\/framber-valdez-16e-no-hitter-astros\/\",\"name\":\"Framber Valdez lance le 16\u00e8 no-hitter de l\\\\'histoire des Astros - The Playoffs FR\",\"isPartOf\":{\"@id\":\"https:\/\/theplayoffs.news\/fr\/#website\"},\"primaryImageOfPage\":{\"@id\":\"https:\/\/theplayoffs.news\/fr\/actualite-mlb\/framber-valdez-16e-no-hitter-astros\/#primaryimage\"},\"image\":{\"@id\":\"https:\/\/theplayoffs.news\/fr\/actualite-mlb\/framber-valdez-16e-no-hitter-astros\/#primaryimage\"},\"thumbnailUrl\":\"https:\/\/theplayoffs.news\/fr\/wp-content\/uploads\/2023\/08\/Capture-decran-2023-08-02-a-09.54.19.jpg\",\"datePublished\":\"2023-08-02T08:01:57+00:00\",\"dateModified\":\"2023-08-02T08:01:58+00:00\",\"author\":{\"@id\":\"https:\/\/theplayoffs.news\/fr\/#\/schema\/person\/eee5b69ad5d3c51cabe881c839dbe133\"},\"breadcrumb\":{\"@id\":\"https:\/\/theplayoffs.news\/fr\/actualite-mlb\/framber-valdez-16e-no-hitter-astros\/#breadcrumb\"},\"inLanguage\":\"fr-FR\",\"potentialAction\":[{\"@type\":\"ReadAction\",\"target\":[\"https:\/\/theplayoffs.news\/fr\/actualite-mlb\/framber-valdez-16e-no-hitter-astros\/\"]}]},{\"@type\":\"ImageObject\",\"inLanguage\":\"fr-FR\",\"@id\":\"https:\/\/theplayoffs.news\/fr\/actualite-mlb\/framber-valdez-16e-no-hitter-astros\/#primaryimage\",\"url\":\"https:\/\/theplayoffs.news\/fr\/wp-content\/uploads\/2023\/08\/Capture-decran-2023-08-02-a-09.54.19.jpg\",\"contentUrl\":\"https:\/\/theplayoffs.news\/fr\/wp-content\/uploads\/2023\/08\/Capture-decran-2023-08-02-a-09.54.19.jpg\",\"width\":1907,\"height\":1061,\"caption\":\"Framber Valdez\"},{\"@type\":\"BreadcrumbList\",\"@id\":\"https:\/\/theplayoffs.news\/fr\/actualite-mlb\/framber-valdez-16e-no-hitter-astros\/#breadcrumb\",\"itemListElement\":[{\"@type\":\"ListItem\",\"position\":1,\"name\":\"Accueil\",\"item\":\"https:\/\/theplayoffs.news\/fr\/\"},{\"@type\":\"ListItem\",\"position\":2,\"name\":\"Framber Valdez lance le 16\u00e8 no-hitter de l&rsquo;histoire des Astros\"}]},{\"@type\":\"WebSite\",\"@id\":\"https:\/\/theplayoffs.news\/fr\/#website\",\"url\":\"https:\/\/theplayoffs.news\/fr\/\",\"name\":\"The Playoffs FR\",\"description\":\"NBA-NFL-NHL-MLB\",\"potentialAction\":[{\"@type\":\"SearchAction\",\"target\":{\"@type\":\"EntryPoint\",\"urlTemplate\":\"https:\/\/theplayoffs.news\/fr\/?s={search_term_string}\"},\"query-input\":{\"@type\":\"PropertyValueSpecification\",\"valueRequired\":true,\"valueName\":\"search_term_string\"}}],\"inLanguage\":\"fr-FR\"},{\"@type\":\"Person\",\"@id\":\"https:\/\/theplayoffs.news\/fr\/#\/schema\/person\/eee5b69ad5d3c51cabe881c839dbe133\",\"name\":\"Charles Taudin\",\"image\":{\"@type\":\"ImageObject\",\"inLanguage\":\"fr-FR\",\"@id\":\"https:\/\/theplayoffs.news\/fr\/#\/schema\/person\/image\/\",\"url\":\"https:\/\/secure.gravatar.com\/avatar\/59a1e772205ce9fd255edfcafc93013736822e20261f294c5753b20c41ede9f2?s=96&d=mm&r=g\",\"contentUrl\":\"https:\/\/secure.gravatar.com\/avatar\/59a1e772205ce9fd255edfcafc93013736822e20261f294c5753b20c41ede9f2?s=96&d=mm&r=g\",\"caption\":\"Charles Taudin\"},\"description\":\"R\u00e9dacteur en chef global de The Playoffs, j\u2019ai cr\u00e9\u00e9 The Free Agent, devenu The Playoffs FR, en 2020 durant la pand\u00e9mie. Amoureux depuis des ann\u00e9es des 4 sports majeurs am\u00e9ricains, j\u2019organise maintenant la strat\u00e9gie \u00e9ditoriale et les r\u00e9seaux sociaux de l\u2019ensemble des versions de The Playoffs. Il m\u2019arrive encore d\u2019\u00e9crire sur certains sports que j\u2019affectionne particuli\u00e8rement comme la NFL ou la MLB. Si vous devez retenir qu\u2019une chose : Eli Manning est le vrai GOAT pour avoir battu deux fois Tom Brady.\",\"sameAs\":[\"https:\/\/www.instagram.com\/ctaudin_\/\"],\"url\":\"https:\/\/theplayoffs.news\/fr\/author\/charles-taudin\/\"}]}<\/script>\n<!-- \/ Yoast SEO plugin. -->","yoast_head_json":{"title":"Framber Valdez lance le 16&egrave; no-hitter de l&#039;histoire des Astros - The Playoffs FR","robots":{"index":"index","follow":"follow","max-snippet":"max-snippet:-1","max-image-preview":"max-image-preview:large","max-video-preview":"max-video-preview:-1"},"canonical":"https:\/\/theplayoffs.news\/fr\/actualite-mlb\/framber-valdez-16e-no-hitter-astros\/","og_locale":"fr_FR","og_type":"article","og_title":"Framber Valdez lance le 16&egrave; no-hitter de l&#039;histoire des Astros - The Playoffs FR","og_url":"https:\/\/theplayoffs.news\/fr\/actualite-mlb\/framber-valdez-16e-no-hitter-astros\/","og_site_name":"The Playoffs FR","article_publisher":"https:\/\/www.facebook.com\/TheFreeAgentFR\/","article_modified_time":"2023-08-02T08:01:58+00:00","og_image":[{"width":1907,"height":1061,"url":"https:\/\/theplayoffs.news\/fr\/wp-content\/uploads\/2023\/08\/Capture-decran-2023-08-02-a-09.54.19.jpg","type":"image\/jpeg"}],"author":"Charles Taudin","twitter_card":"summary_large_image","twitter_creator":"@TheFreeAgentFR","twitter_site":"@TheFreeAgentFR","twitter_misc":{"\u00c9crit par":"Charles Taudin","Dur\u00e9e de lecture estim\u00e9e":"2 minutes"},"schema":{"@context":"https:\/\/schema.org","@graph":[{"@type":"WebPage","@id":"https:\/\/theplayoffs.news\/fr\/actualite-mlb\/framber-valdez-16e-no-hitter-astros\/","url":"https:\/\/theplayoffs.news\/fr\/actualite-mlb\/framber-valdez-16e-no-hitter-astros\/","name":"Framber Valdez lance le 16\u00e8 no-hitter de l\\'histoire des Astros - The Playoffs FR","isPartOf":{"@id":"https:\/\/theplayoffs.news\/fr\/#website"},"primaryImageOfPage":{"@id":"https:\/\/theplayoffs.news\/fr\/actualite-mlb\/framber-valdez-16e-no-hitter-astros\/#primaryimage"},"image":{"@id":"https:\/\/theplayoffs.news\/fr\/actualite-mlb\/framber-valdez-16e-no-hitter-astros\/#primaryimage"},"thumbnailUrl":"https:\/\/theplayoffs.news\/fr\/wp-content\/uploads\/2023\/08\/Capture-decran-2023-08-02-a-09.54.19.jpg","datePublished":"2023-08-02T08:01:57+00:00","dateModified":"2023-08-02T08:01:58+00:00","author":{"@id":"https:\/\/theplayoffs.news\/fr\/#\/schema\/person\/eee5b69ad5d3c51cabe881c839dbe133"},"breadcrumb":{"@id":"https:\/\/theplayoffs.news\/fr\/actualite-mlb\/framber-valdez-16e-no-hitter-astros\/#breadcrumb"},"inLanguage":"fr-FR","potentialAction":[{"@type":"ReadAction","target":["https:\/\/theplayoffs.news\/fr\/actualite-mlb\/framber-valdez-16e-no-hitter-astros\/"]}]},{"@type":"ImageObject","inLanguage":"fr-FR","@id":"https:\/\/theplayoffs.news\/fr\/actualite-mlb\/framber-valdez-16e-no-hitter-astros\/#primaryimage","url":"https:\/\/theplayoffs.news\/fr\/wp-content\/uploads\/2023\/08\/Capture-decran-2023-08-02-a-09.54.19.jpg","contentUrl":"https:\/\/theplayoffs.news\/fr\/wp-content\/uploads\/2023\/08\/Capture-decran-2023-08-02-a-09.54.19.jpg","width":1907,"height":1061,"caption":"Framber Valdez"},{"@type":"BreadcrumbList","@id":"https:\/\/theplayoffs.news\/fr\/actualite-mlb\/framber-valdez-16e-no-hitter-astros\/#breadcrumb","itemListElement":[{"@type":"ListItem","position":1,"name":"Accueil","item":"https:\/\/theplayoffs.news\/fr\/"},{"@type":"ListItem","position":2,"name":"Framber Valdez lance le 16\u00e8 no-hitter de l&rsquo;histoire des Astros"}]},{"@type":"WebSite","@id":"https:\/\/theplayoffs.news\/fr\/#website","url":"https:\/\/theplayoffs.news\/fr\/","name":"The Playoffs FR","description":"NBA-NFL-NHL-MLB","potentialAction":[{"@type":"SearchAction","target":{"@type":"EntryPoint","urlTemplate":"https:\/\/theplayoffs.news\/fr\/?s={search_term_string}"},"query-input":{"@type":"PropertyValueSpecification","valueRequired":true,"valueName":"search_term_string"}}],"inLanguage":"fr-FR"},{"@type":"Person","@id":"https:\/\/theplayoffs.news\/fr\/#\/schema\/person\/eee5b69ad5d3c51cabe881c839dbe133","name":"Charles Taudin","image":{"@type":"ImageObject","inLanguage":"fr-FR","@id":"https:\/\/theplayoffs.news\/fr\/#\/schema\/person\/image\/","url":"https:\/\/secure.gravatar.com\/avatar\/59a1e772205ce9fd255edfcafc93013736822e20261f294c5753b20c41ede9f2?s=96&d=mm&r=g","contentUrl":"https:\/\/secure.gravatar.com\/avatar\/59a1e772205ce9fd255edfcafc93013736822e20261f294c5753b20c41ede9f2?s=96&d=mm&r=g","caption":"Charles Taudin"},"description":"R\u00e9dacteur en chef global de The Playoffs, j\u2019ai cr\u00e9\u00e9 The Free Agent, devenu The Playoffs FR, en 2020 durant la pand\u00e9mie. Amoureux depuis des ann\u00e9es des 4 sports majeurs am\u00e9ricains, j\u2019organise maintenant la strat\u00e9gie \u00e9ditoriale et les r\u00e9seaux sociaux de l\u2019ensemble des versions de The Playoffs. Il m\u2019arrive encore d\u2019\u00e9crire sur certains sports que j\u2019affectionne particuli\u00e8rement comme la NFL ou la MLB. Si vous devez retenir qu\u2019une chose : Eli Manning est le vrai GOAT pour avoir battu deux fois Tom Brady.","sameAs":["https:\/\/www.instagram.com\/ctaudin_\/"],"url":"https:\/\/theplayoffs.news\/fr\/author\/charles-taudin\/"}]}},"_links":{"self":[{"href":"https:\/\/theplayoffs.news\/fr\/wp-json\/wp\/v2\/posts\/754337","targetHints":{"allow":["GET"]}}],"collection":[{"href":"https:\/\/theplayoffs.news\/fr\/wp-json\/wp\/v2\/posts"}],"about":[{"href":"https:\/\/theplayoffs.news\/fr\/wp-json\/wp\/v2\/types\/post"}],"author":[{"embeddable":true,"href":"https:\/\/theplayoffs.news\/fr\/wp-json\/wp\/v2\/users\/13"}],"replies":[{"embeddable":true,"href":"https:\/\/theplayoffs.news\/fr\/wp-json\/wp\/v2\/comments?post=754337"}],"version-history":[{"count":3,"href":"https:\/\/theplayoffs.news\/fr\/wp-json\/wp\/v2\/posts\/754337\/revisions"}],"predecessor-version":[{"id":754395,"href":"https:\/\/theplayoffs.news\/fr\/wp-json\/wp\/v2\/posts\/754337\/revisions\/754395"}],"wp:featuredmedia":[{"embeddable":true,"href":"https:\/\/theplayoffs.news\/fr\/wp-json\/wp\/v2\/media\/754387"}],"wp:attachment":[{"href":"https:\/\/theplayoffs.news\/fr\/wp-json\/wp\/v2\/media?parent=754337"}],"wp:term":[{"taxonomy":"category","embeddable":true,"href":"https:\/\/theplayoffs.news\/fr\/wp-json\/wp\/v2\/categories?post=754337"},{"taxonomy":"post_tag","embeddable":true,"href":"https:\/\/theplayoffs.news\/fr\/wp-json\/wp\/v2\/tags?post=754337"},{"taxonomy":"sport","embeddable":true,"href":"https:\/\/theplayoffs.news\/fr\/wp-json\/wp\/v2\/sport?post=754337"},{"taxonomy":"saison","embeddable":true,"href":"https:\/\/theplayoffs.news\/fr\/wp-json\/wp\/v2\/saison?post=754337"}],"curies":[{"name":"wp","href":"https:\/\/api.w.org\/{rel}","templated":true}]}}