{"id":754257,"date":"2023-08-02T09:41:06","date_gmt":"2023-08-02T07:41:06","guid":{"rendered":"https:\/\/theplayoffs.news\/fr\/?p=754257"},"modified":"2023-08-02T09:41:07","modified_gmt":"2023-08-02T07:41:07","slug":"cooper-kupp-quitte-entrainement-blessure","status":"publish","type":"post","link":"https:\/\/theplayoffs.news\/fr\/actualite-nfl\/cooper-kupp-quitte-entrainement-blessure\/","title":{"rendered":"Cooper Kupp quitte l&rsquo;entra\u00eenement des Rams sur blessure"},"content":{"rendered":"<h2>Le receveur tr&egrave;s appr&eacute;ci&eacute; des Rams de Los Angeles, Cooper Kupp, s&rsquo;est retrouv&eacute; au centre d&rsquo;une attention ind&eacute;sirable apr&egrave;s avoir subi une blessure aux ischio-jambiers lors de l&rsquo;entra&icirc;nement mardi soir.<\/h2><p>Les d&eacute;tails de la blessure ne sont pas encore enti&egrave;rement connus, ce qui ajoute &agrave; l&rsquo;incertitude quant &agrave; la disponibilit&eacute; de Kupp pour la prochaine saison de la NFL.<\/p><h3>Revers malheureux lors d&rsquo;un entra&icirc;nement de routine<\/h3><p>La blessure de <a href=\"https:\/\/theplayoffs.news\/fr\/joueur\/cooper-kupp-nfl-5954374\/\" class=\"trk-cta-link\" data-cta-trk='{\"ctaType\":\"Link\",\"ctaSubType\":\"main\"}'><strong>Cooper Kupp<\/strong><\/a> est survenue brusquement, envoyant des tremblements dans les rangs des Rams. Environ une demi-heure apr&egrave;s le d&eacute;but d&rsquo;une s&eacute;ance d&rsquo;entra&icirc;nement de deux heures &agrave; l&rsquo;UC Irvine, Kupp a quitt&eacute; le terrain sous les yeux attentifs du personnel d&rsquo;entra&icirc;nement.<\/p><p>Les circonstances qui ont conduit &agrave; la blessure restent floues, avec des co&eacute;quipiers, dont le quarterback Matthew Stafford, et m&ecirc;me l&rsquo;entra&icirc;neur Sean McVay, dans l&rsquo;ignorance de l&rsquo;incident. Tout ce que McVay pouvait partager, c&rsquo;&eacute;tait que Kupp avait ressenti un certain inconfort lors d&rsquo;un exercice d&rsquo;itin&eacute;raire en zone rouge.<\/p><p>L&rsquo;&eacute;quipe a ensuite confirm&eacute; le diagnostic initial d&rsquo;une blessure aux ischio-jambiers. Dans ses remarques apr&egrave;s l&rsquo;entra&icirc;nement, un <a href=\"https:\/\/www.espn.com\/nfl\/story\/_\/id\/38118624\/rams-cooper-kupp-hamstring-star-exits-practice\" class=\"trk-cta-link\" data-cta-trk='{\"ctaType\":\"Link\",\"ctaSubType\":\"main\"}'>McVay inquiet a d&eacute;clar&eacute;<\/a>:<\/p><blockquote><p>&laquo;&nbsp;&Eacute;videmment, nous sommes bien meilleurs quand il est ici, et nous esp&eacute;rons qu&rsquo;il ira bien. S&rsquo;il ne va pas, nous verrons ce qui se passera, mais l&rsquo;entra&icirc;nement a d&ucirc; aller sur.&nbsp;&raquo;<\/p><\/blockquote><h3>Questions persistantes pour les Rams<\/h3><p>La blessure de Cooper Kupp n&rsquo;est pas son premier contact avec l&rsquo;adversit&eacute;.<\/p><p>Le receveur chevronn&eacute; a rat&eacute; les huit derniers matchs de la saison pr&eacute;c&eacute;dente en raison d&rsquo;une entorse &agrave; la cheville. De m&ecirc;me, sa deuxi&egrave;me saison 2018 a &eacute;t&eacute; &eacute;court&eacute;e en raison d&rsquo;une d&eacute;chirure du ligament du genou. N&eacute;anmoins, sa r&eacute;silience et son talent ont brill&eacute; de mille feux lorsqu&rsquo;il &eacute;tait en forme, ce qui lui a valu la triple couronne de r&eacute;ception de la NFL en 2021 avec le plus grand nombre de r&eacute;ceptions (145), de yards re&ccedil;us (1 947) et de touchdowns (16).<\/p><p>La possibilit&eacute; de l&rsquo;absence de Cooper Kupp soul&egrave;ve de s&eacute;rieuses questions sur les perspectives des Rams cette saison, surtout compte tenu des changements importants dans l&rsquo;alignement.<\/p><p>Apr&egrave;s s&rsquo;&ecirc;tre s&eacute;par&eacute;s de plusieurs joueurs v&eacute;t&eacute;rans pendant l&rsquo;intersaison, les Rams rel&egrave;vent le d&eacute;fi d&rsquo;aligner la formation la moins exp&eacute;riment&eacute;e de la NFL cette saison. Cooper Kupp, Stafford et Aaron Donald sont parmi les quelques joueurs cl&eacute;s de la saison pr&eacute;c&eacute;dente, qui a vu les Rams endurer un record d&eacute;cevant de 5-12 &ndash; un creux historique pour un champion en titre du Super Bowl.<\/p><p>La relation de Kupp avec Stafford a &eacute;t&eacute; cruciale pour l&rsquo;offensive des Rams, et son absence affecterait sans aucun doute leur plan de match. Interrog&eacute; sur la situation, Stafford a exprim&eacute; son d&eacute;sir de comprendre toute l&rsquo;&eacute;tendue de la blessure de Kupp, ajoutant:<\/p><blockquote><p>&laquo;&nbsp;Mais je fais confiance &agrave; nos gars, et quoi qu&rsquo;il se passe, je sais qu&rsquo;il fera tout ce qu&rsquo;il peut pour surmonter tout ce qui se passe. et reviens ici chaque fois que ce sera le bon moment.&nbsp;&raquo;<\/p><\/blockquote>\n","protected":false},"excerpt":{"rendered":"","protected":false},"author":180309964,"featured_media":754291,"comment_status":"open","ping_status":"closed","sticky":false,"template":"","format":"standard","meta":{"inline_featured_image":false,"kia_subtitle":"","_mux_skip_reasons":[],"proofreadBy":0,"footnotes":""},"categories":[118,40],"tags":[934,695],"sport":[],"saison":[],"class_list":["post-754257","post","type-post","status-publish","format-standard","has-post-thumbnail","hentry","category-actualite-nfl","category-nfl","tag-cooper-kupp","tag-los-angeles-rams"],"acf":[],"yoast_head":"<!-- This site is optimized with the Yoast SEO plugin v24.2 - https:\/\/yoast.com\/wordpress\/plugins\/seo\/ -->\n<title>Cooper Kupp quitte l&#039;entra&icirc;nement des Rams sur blessure - The Playoffs FR<\/title>\n<meta name=\"robots\" content=\"index, follow, max-snippet:-1, max-image-preview:large, max-video-preview:-1\" \/>\n<link rel=\"canonical\" href=\"https:\/\/theplayoffs.news\/fr\/actualite-nfl\/cooper-kupp-quitte-entrainement-blessure\/\" \/>\n<meta property=\"og:locale\" content=\"fr_FR\" \/>\n<meta property=\"og:type\" content=\"article\" \/>\n<meta property=\"og:title\" content=\"Cooper Kupp quitte l&#039;entra&icirc;nement des Rams sur blessure - The Playoffs FR\" \/>\n<meta property=\"og:url\" content=\"https:\/\/theplayoffs.news\/fr\/actualite-nfl\/cooper-kupp-quitte-entrainement-blessure\/\" \/>\n<meta property=\"og:site_name\" content=\"The Playoffs FR\" \/>\n<meta property=\"article:publisher\" content=\"https:\/\/www.facebook.com\/TheFreeAgentFR\/\" \/>\n<meta property=\"article:modified_time\" content=\"2023-08-02T09:41:07+02:00\" \/>\n<meta property=\"og:image\" content=\"https:\/\/theplayoffs.news\/fr\/wp-content\/uploads\/2023\/08\/Capture-decran-2023-08-02-a-09.38.31.jpg\" \/>\n\t<meta property=\"og:image:width\" content=\"1902\" \/>\n\t<meta property=\"og:image:height\" content=\"1055\" \/>\n\t<meta property=\"og:image:type\" content=\"image\/jpeg\" \/>\n<meta name=\"author\" content=\"Flavien Jumeau\" \/>\n<meta name=\"twitter:card\" content=\"summary_large_image\" \/>\n<meta name=\"twitter:creator\" content=\"@TheFreeAgentFR\" \/>\n<meta name=\"twitter:site\" content=\"@TheFreeAgentFR\" \/>\n<meta name=\"twitter:label1\" content=\"\u00c9crit par\" \/>\n\t<meta name=\"twitter:data1\" content=\"Flavien Jumeau\" \/>\n\t<meta name=\"twitter:label2\" content=\"Dur\u00e9e de lecture estim\u00e9e\" \/>\n\t<meta name=\"twitter:data2\" content=\"3 minutes\" \/>\n<script type=\"application\/ld+json\" class=\"yoast-schema-graph\">{\"@context\":\"https:\/\/schema.org\",\"@graph\":[{\"@type\":\"WebPage\",\"@id\":\"https:\/\/theplayoffs.news\/fr\/actualite-nfl\/cooper-kupp-quitte-entrainement-blessure\/\",\"url\":\"https:\/\/theplayoffs.news\/fr\/actualite-nfl\/cooper-kupp-quitte-entrainement-blessure\/\",\"name\":\"Cooper Kupp quitte l\\\\'entra\u00eenement des Rams sur blessure - The Playoffs FR\",\"isPartOf\":{\"@id\":\"https:\/\/theplayoffs.news\/fr\/#website\"},\"primaryImageOfPage\":{\"@id\":\"https:\/\/theplayoffs.news\/fr\/actualite-nfl\/cooper-kupp-quitte-entrainement-blessure\/#primaryimage\"},\"image\":{\"@id\":\"https:\/\/theplayoffs.news\/fr\/actualite-nfl\/cooper-kupp-quitte-entrainement-blessure\/#primaryimage\"},\"thumbnailUrl\":\"https:\/\/theplayoffs.news\/fr\/wp-content\/uploads\/2023\/08\/Capture-decran-2023-08-02-a-09.38.31.jpg\",\"datePublished\":\"2023-08-02T07:41:06+00:00\",\"dateModified\":\"2023-08-02T07:41:07+00:00\",\"author\":{\"@id\":\"https:\/\/theplayoffs.news\/fr\/#\/schema\/person\/def63bc6746dc5957469b75feb99e66d\"},\"breadcrumb\":{\"@id\":\"https:\/\/theplayoffs.news\/fr\/actualite-nfl\/cooper-kupp-quitte-entrainement-blessure\/#breadcrumb\"},\"inLanguage\":\"fr-FR\",\"potentialAction\":[{\"@type\":\"ReadAction\",\"target\":[\"https:\/\/theplayoffs.news\/fr\/actualite-nfl\/cooper-kupp-quitte-entrainement-blessure\/\"]}]},{\"@type\":\"ImageObject\",\"inLanguage\":\"fr-FR\",\"@id\":\"https:\/\/theplayoffs.news\/fr\/actualite-nfl\/cooper-kupp-quitte-entrainement-blessure\/#primaryimage\",\"url\":\"https:\/\/theplayoffs.news\/fr\/wp-content\/uploads\/2023\/08\/Capture-decran-2023-08-02-a-09.38.31.jpg\",\"contentUrl\":\"https:\/\/theplayoffs.news\/fr\/wp-content\/uploads\/2023\/08\/Capture-decran-2023-08-02-a-09.38.31.jpg\",\"width\":1902,\"height\":1055,\"caption\":\"Cooper kupp\"},{\"@type\":\"BreadcrumbList\",\"@id\":\"https:\/\/theplayoffs.news\/fr\/actualite-nfl\/cooper-kupp-quitte-entrainement-blessure\/#breadcrumb\",\"itemListElement\":[{\"@type\":\"ListItem\",\"position\":1,\"name\":\"Accueil\",\"item\":\"https:\/\/theplayoffs.news\/fr\/\"},{\"@type\":\"ListItem\",\"position\":2,\"name\":\"Cooper Kupp quitte l&rsquo;entra\u00eenement des Rams sur blessure\"}]},{\"@type\":\"WebSite\",\"@id\":\"https:\/\/theplayoffs.news\/fr\/#website\",\"url\":\"https:\/\/theplayoffs.news\/fr\/\",\"name\":\"The Playoffs FR\",\"description\":\"NBA-NFL-NHL-MLB\",\"potentialAction\":[{\"@type\":\"SearchAction\",\"target\":{\"@type\":\"EntryPoint\",\"urlTemplate\":\"https:\/\/theplayoffs.news\/fr\/?s={search_term_string}\"},\"query-input\":{\"@type\":\"PropertyValueSpecification\",\"valueRequired\":true,\"valueName\":\"search_term_string\"}}],\"inLanguage\":\"fr-FR\"},{\"@type\":\"Person\",\"@id\":\"https:\/\/theplayoffs.news\/fr\/#\/schema\/person\/def63bc6746dc5957469b75feb99e66d\",\"name\":\"Flavien Jumeau\",\"image\":{\"@type\":\"ImageObject\",\"inLanguage\":\"fr-FR\",\"@id\":\"https:\/\/theplayoffs.news\/fr\/#\/schema\/person\/image\/\",\"url\":\"https:\/\/secure.gravatar.com\/avatar\/e7fa8ba5a4b7e4ce35fe152f083f352db28ad0acce692004ed88a7a7d78893f7?s=96&d=mm&r=g\",\"contentUrl\":\"https:\/\/secure.gravatar.com\/avatar\/e7fa8ba5a4b7e4ce35fe152f083f352db28ad0acce692004ed88a7a7d78893f7?s=96&d=mm&r=g\",\"caption\":\"Flavien Jumeau\"},\"description\":\"Amoureux du sport (et de vraiment tous les sports) depuis mon plus jeune \u00e2ge, j\u2019ai longtemps h\u00e9site entre le snooker et le curling. Finalement c\u2019est le foot US que j\u2019ai d\u00e9cid\u00e9 de choisir! Responsable foot US sur TPO et animateur du podcast Tailgate j\u2019ai pour mission de vous faire d\u00e9couvrir ce sport passionnant si ce n\u2019est pas encore fait et de vous donner les derni\u00e8res actus. Le tout dans la bonne humeur et avec toujours un jeu de mots ou deux savamment distill\u00e9s! Fan des Saints, pour moi Drew Brees est le vrai GOAT!\",\"url\":\"https:\/\/theplayoffs.news\/fr\/author\/flavien-jumeaugmail-com\/\"}]}<\/script>\n<!-- \/ Yoast SEO plugin. -->","yoast_head_json":{"title":"Cooper Kupp quitte l&#039;entra&icirc;nement des Rams sur blessure - The Playoffs FR","robots":{"index":"index","follow":"follow","max-snippet":"max-snippet:-1","max-image-preview":"max-image-preview:large","max-video-preview":"max-video-preview:-1"},"canonical":"https:\/\/theplayoffs.news\/fr\/actualite-nfl\/cooper-kupp-quitte-entrainement-blessure\/","og_locale":"fr_FR","og_type":"article","og_title":"Cooper Kupp quitte l&#039;entra&icirc;nement des Rams sur blessure - The Playoffs FR","og_url":"https:\/\/theplayoffs.news\/fr\/actualite-nfl\/cooper-kupp-quitte-entrainement-blessure\/","og_site_name":"The Playoffs FR","article_publisher":"https:\/\/www.facebook.com\/TheFreeAgentFR\/","article_modified_time":"2023-08-02T07:41:07+00:00","og_image":[{"width":1902,"height":1055,"url":"https:\/\/theplayoffs.news\/fr\/wp-content\/uploads\/2023\/08\/Capture-decran-2023-08-02-a-09.38.31.jpg","type":"image\/jpeg"}],"author":"Flavien Jumeau","twitter_card":"summary_large_image","twitter_creator":"@TheFreeAgentFR","twitter_site":"@TheFreeAgentFR","twitter_misc":{"\u00c9crit par":"Flavien Jumeau","Dur\u00e9e de lecture estim\u00e9e":"3 minutes"},"schema":{"@context":"https:\/\/schema.org","@graph":[{"@type":"WebPage","@id":"https:\/\/theplayoffs.news\/fr\/actualite-nfl\/cooper-kupp-quitte-entrainement-blessure\/","url":"https:\/\/theplayoffs.news\/fr\/actualite-nfl\/cooper-kupp-quitte-entrainement-blessure\/","name":"Cooper Kupp quitte l\\'entra\u00eenement des Rams sur blessure - The Playoffs FR","isPartOf":{"@id":"https:\/\/theplayoffs.news\/fr\/#website"},"primaryImageOfPage":{"@id":"https:\/\/theplayoffs.news\/fr\/actualite-nfl\/cooper-kupp-quitte-entrainement-blessure\/#primaryimage"},"image":{"@id":"https:\/\/theplayoffs.news\/fr\/actualite-nfl\/cooper-kupp-quitte-entrainement-blessure\/#primaryimage"},"thumbnailUrl":"https:\/\/theplayoffs.news\/fr\/wp-content\/uploads\/2023\/08\/Capture-decran-2023-08-02-a-09.38.31.jpg","datePublished":"2023-08-02T07:41:06+00:00","dateModified":"2023-08-02T07:41:07+00:00","author":{"@id":"https:\/\/theplayoffs.news\/fr\/#\/schema\/person\/def63bc6746dc5957469b75feb99e66d"},"breadcrumb":{"@id":"https:\/\/theplayoffs.news\/fr\/actualite-nfl\/cooper-kupp-quitte-entrainement-blessure\/#breadcrumb"},"inLanguage":"fr-FR","potentialAction":[{"@type":"ReadAction","target":["https:\/\/theplayoffs.news\/fr\/actualite-nfl\/cooper-kupp-quitte-entrainement-blessure\/"]}]},{"@type":"ImageObject","inLanguage":"fr-FR","@id":"https:\/\/theplayoffs.news\/fr\/actualite-nfl\/cooper-kupp-quitte-entrainement-blessure\/#primaryimage","url":"https:\/\/theplayoffs.news\/fr\/wp-content\/uploads\/2023\/08\/Capture-decran-2023-08-02-a-09.38.31.jpg","contentUrl":"https:\/\/theplayoffs.news\/fr\/wp-content\/uploads\/2023\/08\/Capture-decran-2023-08-02-a-09.38.31.jpg","width":1902,"height":1055,"caption":"Cooper kupp"},{"@type":"BreadcrumbList","@id":"https:\/\/theplayoffs.news\/fr\/actualite-nfl\/cooper-kupp-quitte-entrainement-blessure\/#breadcrumb","itemListElement":[{"@type":"ListItem","position":1,"name":"Accueil","item":"https:\/\/theplayoffs.news\/fr\/"},{"@type":"ListItem","position":2,"name":"Cooper Kupp quitte l&rsquo;entra\u00eenement des Rams sur blessure"}]},{"@type":"WebSite","@id":"https:\/\/theplayoffs.news\/fr\/#website","url":"https:\/\/theplayoffs.news\/fr\/","name":"The Playoffs FR","description":"NBA-NFL-NHL-MLB","potentialAction":[{"@type":"SearchAction","target":{"@type":"EntryPoint","urlTemplate":"https:\/\/theplayoffs.news\/fr\/?s={search_term_string}"},"query-input":{"@type":"PropertyValueSpecification","valueRequired":true,"valueName":"search_term_string"}}],"inLanguage":"fr-FR"},{"@type":"Person","@id":"https:\/\/theplayoffs.news\/fr\/#\/schema\/person\/def63bc6746dc5957469b75feb99e66d","name":"Flavien Jumeau","image":{"@type":"ImageObject","inLanguage":"fr-FR","@id":"https:\/\/theplayoffs.news\/fr\/#\/schema\/person\/image\/","url":"https:\/\/secure.gravatar.com\/avatar\/e7fa8ba5a4b7e4ce35fe152f083f352db28ad0acce692004ed88a7a7d78893f7?s=96&d=mm&r=g","contentUrl":"https:\/\/secure.gravatar.com\/avatar\/e7fa8ba5a4b7e4ce35fe152f083f352db28ad0acce692004ed88a7a7d78893f7?s=96&d=mm&r=g","caption":"Flavien Jumeau"},"description":"Amoureux du sport (et de vraiment tous les sports) depuis mon plus jeune \u00e2ge, j\u2019ai longtemps h\u00e9site entre le snooker et le curling. Finalement c\u2019est le foot US que j\u2019ai d\u00e9cid\u00e9 de choisir! Responsable foot US sur TPO et animateur du podcast Tailgate j\u2019ai pour mission de vous faire d\u00e9couvrir ce sport passionnant si ce n\u2019est pas encore fait et de vous donner les derni\u00e8res actus. Le tout dans la bonne humeur et avec toujours un jeu de mots ou deux savamment distill\u00e9s! Fan des Saints, pour moi Drew Brees est le vrai GOAT!","url":"https:\/\/theplayoffs.news\/fr\/author\/flavien-jumeaugmail-com\/"}]}},"_links":{"self":[{"href":"https:\/\/theplayoffs.news\/fr\/wp-json\/wp\/v2\/posts\/754257","targetHints":{"allow":["GET"]}}],"collection":[{"href":"https:\/\/theplayoffs.news\/fr\/wp-json\/wp\/v2\/posts"}],"about":[{"href":"https:\/\/theplayoffs.news\/fr\/wp-json\/wp\/v2\/types\/post"}],"author":[{"embeddable":true,"href":"https:\/\/theplayoffs.news\/fr\/wp-json\/wp\/v2\/users\/180309964"}],"replies":[{"embeddable":true,"href":"https:\/\/theplayoffs.news\/fr\/wp-json\/wp\/v2\/comments?post=754257"}],"version-history":[{"count":3,"href":"https:\/\/theplayoffs.news\/fr\/wp-json\/wp\/v2\/posts\/754257\/revisions"}],"predecessor-version":[{"id":754304,"href":"https:\/\/theplayoffs.news\/fr\/wp-json\/wp\/v2\/posts\/754257\/revisions\/754304"}],"wp:featuredmedia":[{"embeddable":true,"href":"https:\/\/theplayoffs.news\/fr\/wp-json\/wp\/v2\/media\/754291"}],"wp:attachment":[{"href":"https:\/\/theplayoffs.news\/fr\/wp-json\/wp\/v2\/media?parent=754257"}],"wp:term":[{"taxonomy":"category","embeddable":true,"href":"https:\/\/theplayoffs.news\/fr\/wp-json\/wp\/v2\/categories?post=754257"},{"taxonomy":"post_tag","embeddable":true,"href":"https:\/\/theplayoffs.news\/fr\/wp-json\/wp\/v2\/tags?post=754257"},{"taxonomy":"sport","embeddable":true,"href":"https:\/\/theplayoffs.news\/fr\/wp-json\/wp\/v2\/sport?post=754257"},{"taxonomy":"saison","embeddable":true,"href":"https:\/\/theplayoffs.news\/fr\/wp-json\/wp\/v2\/saison?post=754257"}],"curies":[{"name":"wp","href":"https:\/\/api.w.org\/{rel}","templated":true}]}}