{"id":751589,"date":"2023-08-01T11:33:33","date_gmt":"2023-08-01T09:33:33","guid":{"rendered":"https:\/\/theplayoffs.news\/fr\/?p=751589"},"modified":"2023-08-01T11:33:34","modified_gmt":"2023-08-01T09:33:34","slug":"coup-dur-pour-tim-patrick-et-les-broncos","status":"publish","type":"post","link":"https:\/\/theplayoffs.news\/fr\/actualite-nfl\/coup-dur-pour-tim-patrick-et-les-broncos\/","title":{"rendered":"Coup dur pour Tim Patrick et les Broncos"},"content":{"rendered":"<h2>Le receveur des Broncos de Denver, Tim Patrick, devrait s&rsquo;absenter toute la saison 2023.<\/h2><p>Cette malheureuse nouvelle fait suite <a href=\"https:\/\/theplayoffs.news\/fr\/nfl\/tim-patrick-quitte-lentrainement-blessure\/\" class=\"trk-cta-link\" data-cta-trk='{\"ctaType\":\"Link\",\"ctaSubType\":\"main\"}'>&agrave; l&rsquo;entra&icirc;nement de lundi o&ugrave; Patrick<\/a> a subi une blessure catastrophique au tendon d&rsquo;Achille gauche. Les professionnels de la sant&eacute;, suite &agrave; une IRM, ont confirm&eacute; qu&rsquo;il s&rsquo;agissait d&rsquo;une d&eacute;chirure compl&egrave;te, une blessure connue pour sa longue p&eacute;riode de r&eacute;cup&eacute;ration.<\/p><p>Pour <a href=\"https:\/\/theplayoffs.news\/fr\/joueur\/tim-patrick-nfl-6268706\/\" class=\"trk-cta-link\" data-cta-trk='{\"ctaType\":\"Link\",\"ctaSubType\":\"main\"}'><strong>Tim Patrick<\/strong><\/a>, c&rsquo;est un malheureux d&eacute;j&agrave;-vu. Pas plus tard que l&rsquo;ann&eacute;e derni&egrave;re, le receveur a &eacute;t&eacute; mis &agrave; l&rsquo;&eacute;cart pendant toute la saison en raison d&rsquo;une blessure au ligament crois&eacute; qui s&rsquo;est &eacute;galement produite pendant le camp d&rsquo;entra&icirc;nement.<\/p><h3>L&rsquo;avenir de la carri&egrave;re de Tim Patrick<\/h3><p>Ces blessures successives et graves remettent en question l&rsquo;avenir de Patrick avec les Broncos.<\/p><p>Joueur hors pair, il a commenc&eacute; les 16 matchs des Broncos en 2021 et devait occuper une place de titulaire cette ann&eacute;e, une position maintenant compromise par une blessure. Le chemin du r&eacute;tablissement ne sera pas facile pour Patrick, car il fait face &agrave; une autre ann&eacute;e consacr&eacute;e &agrave; la r&eacute;adaptation et &agrave; la reconstruction de ses prouesses physiques.<\/p><p>Plus d&rsquo;incertitude assombrit la carri&egrave;re de Tim Patrick lorsque l&rsquo;on consid&egrave;re sa situation contractuelle.<\/p><p>Il a actuellement un contrat d&rsquo;un an, avec un salaire de base substantiel de 9,5 millions de dollars fix&eacute; pour 2024. Cependant, l&rsquo;absence d&rsquo;un salaire garanti pourrait &ecirc;tre source de probl&egrave;mes. Patrick pourrait se retrouver &agrave; la crois&eacute;e des chemins : accepter une importante r&eacute;duction de salaire pour rester &agrave; Denver ou faire face &agrave; la perspective d&rsquo;une lib&eacute;ration.<\/p><p>S&rsquo;il opte pour ce dernier, le d&eacute;fi ne s&rsquo;arr&ecirc;te pas l&agrave;.<\/p><p>Patrick aurait besoin de s&rsquo;assurer une place avec une &eacute;quipe pr&ecirc;te &agrave; parier sur un joueur rebondissant apr&egrave;s deux ann&eacute;es cons&eacute;cutives de blessures graves. Compte tenu du niveau de risque encouru, cela pourrait &ecirc;tre une t&acirc;che ardue.<\/p>\n","protected":false},"excerpt":{"rendered":"","protected":false},"author":180309964,"featured_media":751607,"comment_status":"open","ping_status":"closed","sticky":false,"template":"","format":"standard","meta":{"inline_featured_image":false,"kia_subtitle":"","_mux_skip_reasons":[],"proofreadBy":0,"footnotes":""},"categories":[118,40],"tags":[926,2977],"sport":[],"saison":[],"class_list":["post-751589","post","type-post","status-publish","format-standard","has-post-thumbnail","hentry","category-actualite-nfl","category-nfl","tag-denver-broncos","tag-tim-patrick"],"acf":[],"yoast_head":"<!-- This site is optimized with the Yoast SEO plugin v24.2 - https:\/\/yoast.com\/wordpress\/plugins\/seo\/ -->\n<title>Coup dur pour Tim Patrick et les Broncos - The Playoffs FR<\/title>\n<meta name=\"robots\" content=\"index, follow, max-snippet:-1, max-image-preview:large, max-video-preview:-1\" \/>\n<link rel=\"canonical\" href=\"https:\/\/theplayoffs.news\/fr\/actualite-nfl\/coup-dur-pour-tim-patrick-et-les-broncos\/\" \/>\n<meta property=\"og:locale\" content=\"fr_FR\" \/>\n<meta property=\"og:type\" content=\"article\" \/>\n<meta property=\"og:title\" content=\"Coup dur pour Tim Patrick et les Broncos - The Playoffs FR\" \/>\n<meta property=\"og:url\" content=\"https:\/\/theplayoffs.news\/fr\/actualite-nfl\/coup-dur-pour-tim-patrick-et-les-broncos\/\" \/>\n<meta property=\"og:site_name\" content=\"The Playoffs FR\" \/>\n<meta property=\"article:publisher\" content=\"https:\/\/www.facebook.com\/TheFreeAgentFR\/\" \/>\n<meta property=\"article:modified_time\" content=\"2023-08-01T11:33:34+02:00\" \/>\n<meta property=\"og:image\" content=\"https:\/\/theplayoffs.news\/fr\/wp-content\/uploads\/2023\/08\/maxresdefault-82.jpg\" \/>\n\t<meta property=\"og:image:width\" content=\"1280\" \/>\n\t<meta property=\"og:image:height\" content=\"720\" \/>\n\t<meta property=\"og:image:type\" content=\"image\/jpeg\" \/>\n<meta name=\"author\" content=\"Flavien Jumeau\" \/>\n<meta name=\"twitter:card\" content=\"summary_large_image\" \/>\n<meta name=\"twitter:creator\" content=\"@TheFreeAgentFR\" \/>\n<meta name=\"twitter:site\" content=\"@TheFreeAgentFR\" \/>\n<meta name=\"twitter:label1\" content=\"\u00c9crit par\" \/>\n\t<meta name=\"twitter:data1\" content=\"Flavien Jumeau\" \/>\n\t<meta name=\"twitter:label2\" content=\"Dur\u00e9e de lecture estim\u00e9e\" \/>\n\t<meta name=\"twitter:data2\" content=\"2 minutes\" \/>\n<script type=\"application\/ld+json\" class=\"yoast-schema-graph\">{\"@context\":\"https:\/\/schema.org\",\"@graph\":[{\"@type\":\"WebPage\",\"@id\":\"https:\/\/theplayoffs.news\/fr\/actualite-nfl\/coup-dur-pour-tim-patrick-et-les-broncos\/\",\"url\":\"https:\/\/theplayoffs.news\/fr\/actualite-nfl\/coup-dur-pour-tim-patrick-et-les-broncos\/\",\"name\":\"Coup dur pour Tim Patrick et les Broncos - The Playoffs FR\",\"isPartOf\":{\"@id\":\"https:\/\/theplayoffs.news\/fr\/#website\"},\"primaryImageOfPage\":{\"@id\":\"https:\/\/theplayoffs.news\/fr\/actualite-nfl\/coup-dur-pour-tim-patrick-et-les-broncos\/#primaryimage\"},\"image\":{\"@id\":\"https:\/\/theplayoffs.news\/fr\/actualite-nfl\/coup-dur-pour-tim-patrick-et-les-broncos\/#primaryimage\"},\"thumbnailUrl\":\"https:\/\/theplayoffs.news\/fr\/wp-content\/uploads\/2023\/08\/maxresdefault-82.jpg\",\"datePublished\":\"2023-08-01T09:33:33+00:00\",\"dateModified\":\"2023-08-01T09:33:34+00:00\",\"author\":{\"@id\":\"https:\/\/theplayoffs.news\/fr\/#\/schema\/person\/def63bc6746dc5957469b75feb99e66d\"},\"breadcrumb\":{\"@id\":\"https:\/\/theplayoffs.news\/fr\/actualite-nfl\/coup-dur-pour-tim-patrick-et-les-broncos\/#breadcrumb\"},\"inLanguage\":\"fr-FR\",\"potentialAction\":[{\"@type\":\"ReadAction\",\"target\":[\"https:\/\/theplayoffs.news\/fr\/actualite-nfl\/coup-dur-pour-tim-patrick-et-les-broncos\/\"]}]},{\"@type\":\"ImageObject\",\"inLanguage\":\"fr-FR\",\"@id\":\"https:\/\/theplayoffs.news\/fr\/actualite-nfl\/coup-dur-pour-tim-patrick-et-les-broncos\/#primaryimage\",\"url\":\"https:\/\/theplayoffs.news\/fr\/wp-content\/uploads\/2023\/08\/maxresdefault-82.jpg\",\"contentUrl\":\"https:\/\/theplayoffs.news\/fr\/wp-content\/uploads\/2023\/08\/maxresdefault-82.jpg\",\"width\":1280,\"height\":720,\"caption\":\"Tim Patrick\"},{\"@type\":\"BreadcrumbList\",\"@id\":\"https:\/\/theplayoffs.news\/fr\/actualite-nfl\/coup-dur-pour-tim-patrick-et-les-broncos\/#breadcrumb\",\"itemListElement\":[{\"@type\":\"ListItem\",\"position\":1,\"name\":\"Accueil\",\"item\":\"https:\/\/theplayoffs.news\/fr\/\"},{\"@type\":\"ListItem\",\"position\":2,\"name\":\"Coup dur pour Tim Patrick et les Broncos\"}]},{\"@type\":\"WebSite\",\"@id\":\"https:\/\/theplayoffs.news\/fr\/#website\",\"url\":\"https:\/\/theplayoffs.news\/fr\/\",\"name\":\"The Playoffs FR\",\"description\":\"NBA-NFL-NHL-MLB\",\"potentialAction\":[{\"@type\":\"SearchAction\",\"target\":{\"@type\":\"EntryPoint\",\"urlTemplate\":\"https:\/\/theplayoffs.news\/fr\/?s={search_term_string}\"},\"query-input\":{\"@type\":\"PropertyValueSpecification\",\"valueRequired\":true,\"valueName\":\"search_term_string\"}}],\"inLanguage\":\"fr-FR\"},{\"@type\":\"Person\",\"@id\":\"https:\/\/theplayoffs.news\/fr\/#\/schema\/person\/def63bc6746dc5957469b75feb99e66d\",\"name\":\"Flavien Jumeau\",\"image\":{\"@type\":\"ImageObject\",\"inLanguage\":\"fr-FR\",\"@id\":\"https:\/\/theplayoffs.news\/fr\/#\/schema\/person\/image\/\",\"url\":\"https:\/\/secure.gravatar.com\/avatar\/e7fa8ba5a4b7e4ce35fe152f083f352db28ad0acce692004ed88a7a7d78893f7?s=96&d=mm&r=g\",\"contentUrl\":\"https:\/\/secure.gravatar.com\/avatar\/e7fa8ba5a4b7e4ce35fe152f083f352db28ad0acce692004ed88a7a7d78893f7?s=96&d=mm&r=g\",\"caption\":\"Flavien Jumeau\"},\"description\":\"Amoureux du sport (et de vraiment tous les sports) depuis mon plus jeune \u00e2ge, j\u2019ai longtemps h\u00e9site entre le snooker et le curling. Finalement c\u2019est le foot US que j\u2019ai d\u00e9cid\u00e9 de choisir! Responsable foot US sur TPO et animateur du podcast Tailgate j\u2019ai pour mission de vous faire d\u00e9couvrir ce sport passionnant si ce n\u2019est pas encore fait et de vous donner les derni\u00e8res actus. Le tout dans la bonne humeur et avec toujours un jeu de mots ou deux savamment distill\u00e9s! Fan des Saints, pour moi Drew Brees est le vrai GOAT!\",\"url\":\"https:\/\/theplayoffs.news\/fr\/author\/flavien-jumeaugmail-com\/\"}]}<\/script>\n<!-- \/ Yoast SEO plugin. -->","yoast_head_json":{"title":"Coup dur pour Tim Patrick et les Broncos - The Playoffs FR","robots":{"index":"index","follow":"follow","max-snippet":"max-snippet:-1","max-image-preview":"max-image-preview:large","max-video-preview":"max-video-preview:-1"},"canonical":"https:\/\/theplayoffs.news\/fr\/actualite-nfl\/coup-dur-pour-tim-patrick-et-les-broncos\/","og_locale":"fr_FR","og_type":"article","og_title":"Coup dur pour Tim Patrick et les Broncos - The Playoffs FR","og_url":"https:\/\/theplayoffs.news\/fr\/actualite-nfl\/coup-dur-pour-tim-patrick-et-les-broncos\/","og_site_name":"The Playoffs FR","article_publisher":"https:\/\/www.facebook.com\/TheFreeAgentFR\/","article_modified_time":"2023-08-01T09:33:34+00:00","og_image":[{"width":1280,"height":720,"url":"https:\/\/theplayoffs.news\/fr\/wp-content\/uploads\/2023\/08\/maxresdefault-82.jpg","type":"image\/jpeg"}],"author":"Flavien Jumeau","twitter_card":"summary_large_image","twitter_creator":"@TheFreeAgentFR","twitter_site":"@TheFreeAgentFR","twitter_misc":{"\u00c9crit par":"Flavien Jumeau","Dur\u00e9e de lecture estim\u00e9e":"2 minutes"},"schema":{"@context":"https:\/\/schema.org","@graph":[{"@type":"WebPage","@id":"https:\/\/theplayoffs.news\/fr\/actualite-nfl\/coup-dur-pour-tim-patrick-et-les-broncos\/","url":"https:\/\/theplayoffs.news\/fr\/actualite-nfl\/coup-dur-pour-tim-patrick-et-les-broncos\/","name":"Coup dur pour Tim Patrick et les Broncos - The Playoffs FR","isPartOf":{"@id":"https:\/\/theplayoffs.news\/fr\/#website"},"primaryImageOfPage":{"@id":"https:\/\/theplayoffs.news\/fr\/actualite-nfl\/coup-dur-pour-tim-patrick-et-les-broncos\/#primaryimage"},"image":{"@id":"https:\/\/theplayoffs.news\/fr\/actualite-nfl\/coup-dur-pour-tim-patrick-et-les-broncos\/#primaryimage"},"thumbnailUrl":"https:\/\/theplayoffs.news\/fr\/wp-content\/uploads\/2023\/08\/maxresdefault-82.jpg","datePublished":"2023-08-01T09:33:33+00:00","dateModified":"2023-08-01T09:33:34+00:00","author":{"@id":"https:\/\/theplayoffs.news\/fr\/#\/schema\/person\/def63bc6746dc5957469b75feb99e66d"},"breadcrumb":{"@id":"https:\/\/theplayoffs.news\/fr\/actualite-nfl\/coup-dur-pour-tim-patrick-et-les-broncos\/#breadcrumb"},"inLanguage":"fr-FR","potentialAction":[{"@type":"ReadAction","target":["https:\/\/theplayoffs.news\/fr\/actualite-nfl\/coup-dur-pour-tim-patrick-et-les-broncos\/"]}]},{"@type":"ImageObject","inLanguage":"fr-FR","@id":"https:\/\/theplayoffs.news\/fr\/actualite-nfl\/coup-dur-pour-tim-patrick-et-les-broncos\/#primaryimage","url":"https:\/\/theplayoffs.news\/fr\/wp-content\/uploads\/2023\/08\/maxresdefault-82.jpg","contentUrl":"https:\/\/theplayoffs.news\/fr\/wp-content\/uploads\/2023\/08\/maxresdefault-82.jpg","width":1280,"height":720,"caption":"Tim Patrick"},{"@type":"BreadcrumbList","@id":"https:\/\/theplayoffs.news\/fr\/actualite-nfl\/coup-dur-pour-tim-patrick-et-les-broncos\/#breadcrumb","itemListElement":[{"@type":"ListItem","position":1,"name":"Accueil","item":"https:\/\/theplayoffs.news\/fr\/"},{"@type":"ListItem","position":2,"name":"Coup dur pour Tim Patrick et les Broncos"}]},{"@type":"WebSite","@id":"https:\/\/theplayoffs.news\/fr\/#website","url":"https:\/\/theplayoffs.news\/fr\/","name":"The Playoffs FR","description":"NBA-NFL-NHL-MLB","potentialAction":[{"@type":"SearchAction","target":{"@type":"EntryPoint","urlTemplate":"https:\/\/theplayoffs.news\/fr\/?s={search_term_string}"},"query-input":{"@type":"PropertyValueSpecification","valueRequired":true,"valueName":"search_term_string"}}],"inLanguage":"fr-FR"},{"@type":"Person","@id":"https:\/\/theplayoffs.news\/fr\/#\/schema\/person\/def63bc6746dc5957469b75feb99e66d","name":"Flavien Jumeau","image":{"@type":"ImageObject","inLanguage":"fr-FR","@id":"https:\/\/theplayoffs.news\/fr\/#\/schema\/person\/image\/","url":"https:\/\/secure.gravatar.com\/avatar\/e7fa8ba5a4b7e4ce35fe152f083f352db28ad0acce692004ed88a7a7d78893f7?s=96&d=mm&r=g","contentUrl":"https:\/\/secure.gravatar.com\/avatar\/e7fa8ba5a4b7e4ce35fe152f083f352db28ad0acce692004ed88a7a7d78893f7?s=96&d=mm&r=g","caption":"Flavien Jumeau"},"description":"Amoureux du sport (et de vraiment tous les sports) depuis mon plus jeune \u00e2ge, j\u2019ai longtemps h\u00e9site entre le snooker et le curling. Finalement c\u2019est le foot US que j\u2019ai d\u00e9cid\u00e9 de choisir! Responsable foot US sur TPO et animateur du podcast Tailgate j\u2019ai pour mission de vous faire d\u00e9couvrir ce sport passionnant si ce n\u2019est pas encore fait et de vous donner les derni\u00e8res actus. Le tout dans la bonne humeur et avec toujours un jeu de mots ou deux savamment distill\u00e9s! Fan des Saints, pour moi Drew Brees est le vrai GOAT!","url":"https:\/\/theplayoffs.news\/fr\/author\/flavien-jumeaugmail-com\/"}]}},"_links":{"self":[{"href":"https:\/\/theplayoffs.news\/fr\/wp-json\/wp\/v2\/posts\/751589","targetHints":{"allow":["GET"]}}],"collection":[{"href":"https:\/\/theplayoffs.news\/fr\/wp-json\/wp\/v2\/posts"}],"about":[{"href":"https:\/\/theplayoffs.news\/fr\/wp-json\/wp\/v2\/types\/post"}],"author":[{"embeddable":true,"href":"https:\/\/theplayoffs.news\/fr\/wp-json\/wp\/v2\/users\/180309964"}],"replies":[{"embeddable":true,"href":"https:\/\/theplayoffs.news\/fr\/wp-json\/wp\/v2\/comments?post=751589"}],"version-history":[{"count":2,"href":"https:\/\/theplayoffs.news\/fr\/wp-json\/wp\/v2\/posts\/751589\/revisions"}],"predecessor-version":[{"id":751618,"href":"https:\/\/theplayoffs.news\/fr\/wp-json\/wp\/v2\/posts\/751589\/revisions\/751618"}],"wp:featuredmedia":[{"embeddable":true,"href":"https:\/\/theplayoffs.news\/fr\/wp-json\/wp\/v2\/media\/751607"}],"wp:attachment":[{"href":"https:\/\/theplayoffs.news\/fr\/wp-json\/wp\/v2\/media?parent=751589"}],"wp:term":[{"taxonomy":"category","embeddable":true,"href":"https:\/\/theplayoffs.news\/fr\/wp-json\/wp\/v2\/categories?post=751589"},{"taxonomy":"post_tag","embeddable":true,"href":"https:\/\/theplayoffs.news\/fr\/wp-json\/wp\/v2\/tags?post=751589"},{"taxonomy":"sport","embeddable":true,"href":"https:\/\/theplayoffs.news\/fr\/wp-json\/wp\/v2\/sport?post=751589"},{"taxonomy":"saison","embeddable":true,"href":"https:\/\/theplayoffs.news\/fr\/wp-json\/wp\/v2\/saison?post=751589"}],"curies":[{"name":"wp","href":"https:\/\/api.w.org\/{rel}","templated":true}]}}