{"id":749163,"date":"2023-07-31T14:37:48","date_gmt":"2023-07-31T12:37:48","guid":{"rendered":"https:\/\/theplayoffs.news\/fr\/?p=749163"},"modified":"2023-07-31T14:38:11","modified_gmt":"2023-07-31T12:38:11","slug":"elf-pourquoi-pas-matchs-avant-mi-aout-2023","status":"publish","type":"post","link":"https:\/\/theplayoffs.news\/fr\/actualite-nfl\/elf-pourquoi-pas-matchs-avant-mi-aout-2023\/","title":{"rendered":"ELF: Pourquoi n\u2019y a t-il pas de matchs avant la mi-aout 2023?"},"content":{"rendered":"<h2>Apr&egrave;s 9 semaines d&rsquo;ELF, la comp&eacute;tition fait rel&acirc;che le week end du 5-6 aout. Mais rassurez-vous il y aura quand m&ecirc;me du football am&eacute;ricain en Europe.<\/h2><p>Depuis 9 semaines maintenant nous suivons toutes les semaines les exploits des Mousquetaires de Paris en ELF (<a href=\"https:\/\/europeanleague.football\/game-center\/schedule?maxWeeks=MTY=\" class=\"trk-cta-link\" data-cta-trk='{\"ctaType\":\"Link\",\"ctaSubType\":\"main\"}'>European League of Football<\/a>). Cependant, l&rsquo;ELF ne sera pas pr&eacute;sente sur les &eacute;crans et dans les stades ce week-end. La raison est simple: la plus grande ligue de football en Europe laisse la place &agrave; la suite de la Ligue des Nations de l&rsquo;IFAF (International Federation of American Football).<\/p><h3>Exit l&rsquo;ELF, place &agrave; l&rsquo;&eacute;quipe de France<\/h3><p>Certes il n&rsquo;y aura donc pas de matchs d&rsquo;ELF pour les Mousquetaires de Paris ce week end. Mais il sera tout de m&ecirc;me possible de voir du football am&eacute;ricain dans les stades europ&eacute;ens avec notamment un d&eacute;placement de l&rsquo;&eacute;quipe de France du c&ocirc;t&eacute; de Coventry pour y affronter l&rsquo;&eacute;quipe de Grande-Bretagne de football americain.<\/p><p>Deuxi&egrave;me de leur poule de Ligue des Nations l&rsquo;ann&eacute;e derni&egrave;re, l&rsquo;&eacute;quipe de France disputera donc les matchs de classement allant de la 5e &agrave; la 8e place. Ils affronteront la Grande-Bretagne ce samedi 5 aout &agrave; 15 heures (14 heures heure locale). Le vainqueur de cette rencontre se verra oppos&eacute; au vainqueur du match Danemark &ndash; Serbie pour la 5e place de la Ligue des Nations (et les deux vaincus s&rsquo;affronteront pour la 7e et 8e place).<\/p><p>Pour le titre europ&eacute;en, les demi-finales opposeront samedi la Finlande &agrave; la Su&egrave;de et dimanche l&rsquo;Autriche &agrave; l&rsquo;Italie. En raison du grand nombre de joueurs pr&eacute;sents en ELF et convoqu&eacute;s dans leur &eacute;quipe nationale, il parait donc plus &eacute;quitable que la ligue europ&eacute;enne prenne une semaine de repos.<\/p><h3>Les Mousquetaires de Paris de retour le 20 ao&ucirc;t<\/h3><p>En plus de cette semaine de pause internationale de l&rsquo;ELF, nous ne retrouverons pas les Mousquetaires de Paris avant 3 semaines et plus pr&eacute;cis&eacute;ment le 20 ao&ucirc;t contre les Sea Devils d&rsquo;Hambourg. En effet, les parisiens auront leur semaine de bye week lors de la 11e semaine de l&rsquo;ELF ce qui repousse encore un peu plus leur retour sur le terrain.<\/p><p>Esperons que cette pause de deux semaines sans comp&eacute;tition en ELF ne viennent pas freiner l&rsquo;&eacute;lan de <a href=\"https:\/\/theplayoffs.news\/fr\/elf\/elf-troisieme-win-mousquetaires-de-paris\/\" class=\"trk-cta-link\" data-cta-trk='{\"ctaType\":\"Link\",\"ctaSubType\":\"main\"}'>la belle victoire des Mousquetaires de Paris en terre barcelonaise<\/a> du week-end dernier. En attendant, toute notre attention sera tourn&eacute;e ce samedi vers les joueurs de l&rsquo;&eacute;quipe de France &agrave; qui nous souhaitons pleine r&eacute;ussite lors de leur match en terre anglaise.<\/p>\n","protected":false},"excerpt":{"rendered":"","protected":false},"author":180309964,"featured_media":749240,"comment_status":"open","ping_status":"closed","sticky":false,"template":"","format":"standard","meta":{"inline_featured_image":false,"kia_subtitle":"","_mux_skip_reasons":[],"proofreadBy":0,"footnotes":""},"categories":[118,10,40],"tags":[5993],"sport":[2785],"saison":[3453],"class_list":["post-749163","post","type-post","status-publish","format-standard","has-post-thumbnail","hentry","category-actualite-nfl","category-nba","category-nfl","tag-elf-2023","sport-nfl","saison-3453"],"acf":[],"yoast_head":"<!-- This site is optimized with the Yoast SEO plugin v24.2 - https:\/\/yoast.com\/wordpress\/plugins\/seo\/ -->\n<title>ELF: Pourquoi n&rsquo;y a t-il pas de matchs avant la mi-aout 2023? - The Playoffs FR<\/title>\n<meta name=\"robots\" content=\"index, follow, max-snippet:-1, max-image-preview:large, max-video-preview:-1\" \/>\n<link rel=\"canonical\" href=\"https:\/\/theplayoffs.news\/fr\/actualite-nfl\/elf-pourquoi-pas-matchs-avant-mi-aout-2023\/\" \/>\n<meta property=\"og:locale\" content=\"fr_FR\" \/>\n<meta property=\"og:type\" content=\"article\" \/>\n<meta property=\"og:title\" content=\"ELF: Pourquoi n&rsquo;y a t-il pas de matchs avant la mi-aout 2023? - The Playoffs FR\" \/>\n<meta property=\"og:url\" content=\"https:\/\/theplayoffs.news\/fr\/actualite-nfl\/elf-pourquoi-pas-matchs-avant-mi-aout-2023\/\" \/>\n<meta property=\"og:site_name\" content=\"The Playoffs FR\" \/>\n<meta property=\"article:publisher\" content=\"https:\/\/www.facebook.com\/TheFreeAgentFR\/\" \/>\n<meta property=\"article:modified_time\" content=\"2023-07-31T14:38:11+02:00\" \/>\n<meta property=\"og:image\" content=\"https:\/\/theplayoffs.news\/fr\/wp-content\/uploads\/2023\/07\/9031193C-CC79-4C80-9A41-5236C3AD234D.jpeg\" \/>\n\t<meta property=\"og:image:width\" content=\"1536\" \/>\n\t<meta property=\"og:image:height\" content=\"863\" \/>\n\t<meta property=\"og:image:type\" content=\"image\/jpeg\" \/>\n<meta name=\"author\" content=\"Flavien Jumeau\" \/>\n<meta name=\"twitter:card\" content=\"summary_large_image\" \/>\n<meta name=\"twitter:creator\" content=\"@TheFreeAgentFR\" \/>\n<meta name=\"twitter:site\" content=\"@TheFreeAgentFR\" \/>\n<meta name=\"twitter:label1\" content=\"\u00c9crit par\" \/>\n\t<meta name=\"twitter:data1\" content=\"Flavien Jumeau\" \/>\n\t<meta name=\"twitter:label2\" content=\"Dur\u00e9e de lecture estim\u00e9e\" \/>\n\t<meta name=\"twitter:data2\" content=\"2 minutes\" \/>\n<script type=\"application\/ld+json\" class=\"yoast-schema-graph\">{\"@context\":\"https:\/\/schema.org\",\"@graph\":[{\"@type\":\"WebPage\",\"@id\":\"https:\/\/theplayoffs.news\/fr\/actualite-nfl\/elf-pourquoi-pas-matchs-avant-mi-aout-2023\/\",\"url\":\"https:\/\/theplayoffs.news\/fr\/actualite-nfl\/elf-pourquoi-pas-matchs-avant-mi-aout-2023\/\",\"name\":\"ELF: Pourquoi n\u2019y a t-il pas de matchs avant la mi-aout 2023? - The Playoffs FR\",\"isPartOf\":{\"@id\":\"https:\/\/theplayoffs.news\/fr\/#website\"},\"primaryImageOfPage\":{\"@id\":\"https:\/\/theplayoffs.news\/fr\/actualite-nfl\/elf-pourquoi-pas-matchs-avant-mi-aout-2023\/#primaryimage\"},\"image\":{\"@id\":\"https:\/\/theplayoffs.news\/fr\/actualite-nfl\/elf-pourquoi-pas-matchs-avant-mi-aout-2023\/#primaryimage\"},\"thumbnailUrl\":\"https:\/\/theplayoffs.news\/fr\/wp-content\/uploads\/2023\/07\/9031193C-CC79-4C80-9A41-5236C3AD234D.jpeg\",\"datePublished\":\"2023-07-31T12:37:48+00:00\",\"dateModified\":\"2023-07-31T12:38:11+00:00\",\"author\":{\"@id\":\"https:\/\/theplayoffs.news\/fr\/#\/schema\/person\/def63bc6746dc5957469b75feb99e66d\"},\"breadcrumb\":{\"@id\":\"https:\/\/theplayoffs.news\/fr\/actualite-nfl\/elf-pourquoi-pas-matchs-avant-mi-aout-2023\/#breadcrumb\"},\"inLanguage\":\"fr-FR\",\"potentialAction\":[{\"@type\":\"ReadAction\",\"target\":[\"https:\/\/theplayoffs.news\/fr\/actualite-nfl\/elf-pourquoi-pas-matchs-avant-mi-aout-2023\/\"]}]},{\"@type\":\"ImageObject\",\"inLanguage\":\"fr-FR\",\"@id\":\"https:\/\/theplayoffs.news\/fr\/actualite-nfl\/elf-pourquoi-pas-matchs-avant-mi-aout-2023\/#primaryimage\",\"url\":\"https:\/\/theplayoffs.news\/fr\/wp-content\/uploads\/2023\/07\/9031193C-CC79-4C80-9A41-5236C3AD234D.jpeg\",\"contentUrl\":\"https:\/\/theplayoffs.news\/fr\/wp-content\/uploads\/2023\/07\/9031193C-CC79-4C80-9A41-5236C3AD234D.jpeg\",\"width\":1536,\"height\":863,\"caption\":\"ELF \u00c9quipe de France\"},{\"@type\":\"BreadcrumbList\",\"@id\":\"https:\/\/theplayoffs.news\/fr\/actualite-nfl\/elf-pourquoi-pas-matchs-avant-mi-aout-2023\/#breadcrumb\",\"itemListElement\":[{\"@type\":\"ListItem\",\"position\":1,\"name\":\"Accueil\",\"item\":\"https:\/\/theplayoffs.news\/fr\/\"},{\"@type\":\"ListItem\",\"position\":2,\"name\":\"ELF: Pourquoi n\u2019y a t-il pas de matchs avant la mi-aout 2023?\"}]},{\"@type\":\"WebSite\",\"@id\":\"https:\/\/theplayoffs.news\/fr\/#website\",\"url\":\"https:\/\/theplayoffs.news\/fr\/\",\"name\":\"The Playoffs FR\",\"description\":\"NBA-NFL-NHL-MLB\",\"potentialAction\":[{\"@type\":\"SearchAction\",\"target\":{\"@type\":\"EntryPoint\",\"urlTemplate\":\"https:\/\/theplayoffs.news\/fr\/?s={search_term_string}\"},\"query-input\":{\"@type\":\"PropertyValueSpecification\",\"valueRequired\":true,\"valueName\":\"search_term_string\"}}],\"inLanguage\":\"fr-FR\"},{\"@type\":\"Person\",\"@id\":\"https:\/\/theplayoffs.news\/fr\/#\/schema\/person\/def63bc6746dc5957469b75feb99e66d\",\"name\":\"Flavien Jumeau\",\"image\":{\"@type\":\"ImageObject\",\"inLanguage\":\"fr-FR\",\"@id\":\"https:\/\/theplayoffs.news\/fr\/#\/schema\/person\/image\/\",\"url\":\"https:\/\/secure.gravatar.com\/avatar\/e7fa8ba5a4b7e4ce35fe152f083f352db28ad0acce692004ed88a7a7d78893f7?s=96&d=mm&r=g\",\"contentUrl\":\"https:\/\/secure.gravatar.com\/avatar\/e7fa8ba5a4b7e4ce35fe152f083f352db28ad0acce692004ed88a7a7d78893f7?s=96&d=mm&r=g\",\"caption\":\"Flavien Jumeau\"},\"description\":\"Amoureux du sport (et de vraiment tous les sports) depuis mon plus jeune \u00e2ge, j\u2019ai longtemps h\u00e9site entre le snooker et le curling. Finalement c\u2019est le foot US que j\u2019ai d\u00e9cid\u00e9 de choisir! Responsable foot US sur TPO et animateur du podcast Tailgate j\u2019ai pour mission de vous faire d\u00e9couvrir ce sport passionnant si ce n\u2019est pas encore fait et de vous donner les derni\u00e8res actus. Le tout dans la bonne humeur et avec toujours un jeu de mots ou deux savamment distill\u00e9s! Fan des Saints, pour moi Drew Brees est le vrai GOAT!\",\"url\":\"https:\/\/theplayoffs.news\/fr\/author\/flavien-jumeaugmail-com\/\"}]}<\/script>\n<!-- \/ Yoast SEO plugin. -->","yoast_head_json":{"title":"ELF: Pourquoi n&rsquo;y a t-il pas de matchs avant la mi-aout 2023? - The Playoffs FR","robots":{"index":"index","follow":"follow","max-snippet":"max-snippet:-1","max-image-preview":"max-image-preview:large","max-video-preview":"max-video-preview:-1"},"canonical":"https:\/\/theplayoffs.news\/fr\/actualite-nfl\/elf-pourquoi-pas-matchs-avant-mi-aout-2023\/","og_locale":"fr_FR","og_type":"article","og_title":"ELF: Pourquoi n&rsquo;y a t-il pas de matchs avant la mi-aout 2023? - The Playoffs FR","og_url":"https:\/\/theplayoffs.news\/fr\/actualite-nfl\/elf-pourquoi-pas-matchs-avant-mi-aout-2023\/","og_site_name":"The Playoffs FR","article_publisher":"https:\/\/www.facebook.com\/TheFreeAgentFR\/","article_modified_time":"2023-07-31T12:38:11+00:00","og_image":[{"width":1536,"height":863,"url":"https:\/\/theplayoffs.news\/fr\/wp-content\/uploads\/2023\/07\/9031193C-CC79-4C80-9A41-5236C3AD234D.jpeg","type":"image\/jpeg"}],"author":"Flavien Jumeau","twitter_card":"summary_large_image","twitter_creator":"@TheFreeAgentFR","twitter_site":"@TheFreeAgentFR","twitter_misc":{"\u00c9crit par":"Flavien Jumeau","Dur\u00e9e de lecture estim\u00e9e":"2 minutes"},"schema":{"@context":"https:\/\/schema.org","@graph":[{"@type":"WebPage","@id":"https:\/\/theplayoffs.news\/fr\/actualite-nfl\/elf-pourquoi-pas-matchs-avant-mi-aout-2023\/","url":"https:\/\/theplayoffs.news\/fr\/actualite-nfl\/elf-pourquoi-pas-matchs-avant-mi-aout-2023\/","name":"ELF: Pourquoi n\u2019y a t-il pas de matchs avant la mi-aout 2023? - The Playoffs FR","isPartOf":{"@id":"https:\/\/theplayoffs.news\/fr\/#website"},"primaryImageOfPage":{"@id":"https:\/\/theplayoffs.news\/fr\/actualite-nfl\/elf-pourquoi-pas-matchs-avant-mi-aout-2023\/#primaryimage"},"image":{"@id":"https:\/\/theplayoffs.news\/fr\/actualite-nfl\/elf-pourquoi-pas-matchs-avant-mi-aout-2023\/#primaryimage"},"thumbnailUrl":"https:\/\/theplayoffs.news\/fr\/wp-content\/uploads\/2023\/07\/9031193C-CC79-4C80-9A41-5236C3AD234D.jpeg","datePublished":"2023-07-31T12:37:48+00:00","dateModified":"2023-07-31T12:38:11+00:00","author":{"@id":"https:\/\/theplayoffs.news\/fr\/#\/schema\/person\/def63bc6746dc5957469b75feb99e66d"},"breadcrumb":{"@id":"https:\/\/theplayoffs.news\/fr\/actualite-nfl\/elf-pourquoi-pas-matchs-avant-mi-aout-2023\/#breadcrumb"},"inLanguage":"fr-FR","potentialAction":[{"@type":"ReadAction","target":["https:\/\/theplayoffs.news\/fr\/actualite-nfl\/elf-pourquoi-pas-matchs-avant-mi-aout-2023\/"]}]},{"@type":"ImageObject","inLanguage":"fr-FR","@id":"https:\/\/theplayoffs.news\/fr\/actualite-nfl\/elf-pourquoi-pas-matchs-avant-mi-aout-2023\/#primaryimage","url":"https:\/\/theplayoffs.news\/fr\/wp-content\/uploads\/2023\/07\/9031193C-CC79-4C80-9A41-5236C3AD234D.jpeg","contentUrl":"https:\/\/theplayoffs.news\/fr\/wp-content\/uploads\/2023\/07\/9031193C-CC79-4C80-9A41-5236C3AD234D.jpeg","width":1536,"height":863,"caption":"ELF \u00c9quipe de France"},{"@type":"BreadcrumbList","@id":"https:\/\/theplayoffs.news\/fr\/actualite-nfl\/elf-pourquoi-pas-matchs-avant-mi-aout-2023\/#breadcrumb","itemListElement":[{"@type":"ListItem","position":1,"name":"Accueil","item":"https:\/\/theplayoffs.news\/fr\/"},{"@type":"ListItem","position":2,"name":"ELF: Pourquoi n\u2019y a t-il pas de matchs avant la mi-aout 2023?"}]},{"@type":"WebSite","@id":"https:\/\/theplayoffs.news\/fr\/#website","url":"https:\/\/theplayoffs.news\/fr\/","name":"The Playoffs FR","description":"NBA-NFL-NHL-MLB","potentialAction":[{"@type":"SearchAction","target":{"@type":"EntryPoint","urlTemplate":"https:\/\/theplayoffs.news\/fr\/?s={search_term_string}"},"query-input":{"@type":"PropertyValueSpecification","valueRequired":true,"valueName":"search_term_string"}}],"inLanguage":"fr-FR"},{"@type":"Person","@id":"https:\/\/theplayoffs.news\/fr\/#\/schema\/person\/def63bc6746dc5957469b75feb99e66d","name":"Flavien Jumeau","image":{"@type":"ImageObject","inLanguage":"fr-FR","@id":"https:\/\/theplayoffs.news\/fr\/#\/schema\/person\/image\/","url":"https:\/\/secure.gravatar.com\/avatar\/e7fa8ba5a4b7e4ce35fe152f083f352db28ad0acce692004ed88a7a7d78893f7?s=96&d=mm&r=g","contentUrl":"https:\/\/secure.gravatar.com\/avatar\/e7fa8ba5a4b7e4ce35fe152f083f352db28ad0acce692004ed88a7a7d78893f7?s=96&d=mm&r=g","caption":"Flavien Jumeau"},"description":"Amoureux du sport (et de vraiment tous les sports) depuis mon plus jeune \u00e2ge, j\u2019ai longtemps h\u00e9site entre le snooker et le curling. Finalement c\u2019est le foot US que j\u2019ai d\u00e9cid\u00e9 de choisir! Responsable foot US sur TPO et animateur du podcast Tailgate j\u2019ai pour mission de vous faire d\u00e9couvrir ce sport passionnant si ce n\u2019est pas encore fait et de vous donner les derni\u00e8res actus. Le tout dans la bonne humeur et avec toujours un jeu de mots ou deux savamment distill\u00e9s! Fan des Saints, pour moi Drew Brees est le vrai GOAT!","url":"https:\/\/theplayoffs.news\/fr\/author\/flavien-jumeaugmail-com\/"}]}},"_links":{"self":[{"href":"https:\/\/theplayoffs.news\/fr\/wp-json\/wp\/v2\/posts\/749163","targetHints":{"allow":["GET"]}}],"collection":[{"href":"https:\/\/theplayoffs.news\/fr\/wp-json\/wp\/v2\/posts"}],"about":[{"href":"https:\/\/theplayoffs.news\/fr\/wp-json\/wp\/v2\/types\/post"}],"author":[{"embeddable":true,"href":"https:\/\/theplayoffs.news\/fr\/wp-json\/wp\/v2\/users\/180309964"}],"replies":[{"embeddable":true,"href":"https:\/\/theplayoffs.news\/fr\/wp-json\/wp\/v2\/comments?post=749163"}],"version-history":[{"count":3,"href":"https:\/\/theplayoffs.news\/fr\/wp-json\/wp\/v2\/posts\/749163\/revisions"}],"predecessor-version":[{"id":749249,"href":"https:\/\/theplayoffs.news\/fr\/wp-json\/wp\/v2\/posts\/749163\/revisions\/749249"}],"wp:featuredmedia":[{"embeddable":true,"href":"https:\/\/theplayoffs.news\/fr\/wp-json\/wp\/v2\/media\/749240"}],"wp:attachment":[{"href":"https:\/\/theplayoffs.news\/fr\/wp-json\/wp\/v2\/media?parent=749163"}],"wp:term":[{"taxonomy":"category","embeddable":true,"href":"https:\/\/theplayoffs.news\/fr\/wp-json\/wp\/v2\/categories?post=749163"},{"taxonomy":"post_tag","embeddable":true,"href":"https:\/\/theplayoffs.news\/fr\/wp-json\/wp\/v2\/tags?post=749163"},{"taxonomy":"sport","embeddable":true,"href":"https:\/\/theplayoffs.news\/fr\/wp-json\/wp\/v2\/sport?post=749163"},{"taxonomy":"saison","embeddable":true,"href":"https:\/\/theplayoffs.news\/fr\/wp-json\/wp\/v2\/saison?post=749163"}],"curies":[{"name":"wp","href":"https:\/\/api.w.org\/{rel}","templated":true}]}}