{"id":747739,"date":"2023-07-31T09:08:08","date_gmt":"2023-07-31T07:08:08","guid":{"rendered":"https:\/\/theplayoffs.news\/fr\/?p=747739"},"modified":"2023-07-31T09:08:10","modified_gmt":"2023-07-31T07:08:10","slug":"lavenir-incertain-de-jonathan-taylor-avec-les-colts","status":"publish","type":"post","link":"https:\/\/theplayoffs.news\/fr\/actualite-nfl\/lavenir-incertain-de-jonathan-taylor-avec-les-colts\/","title":{"rendered":"L\u2019avenir incertain de Jonathan Taylor avec les Colts"},"content":{"rendered":"<h2>L&rsquo;affaire qui entoure la suite de la carri&egrave;re de Jonathan Taylor avec les Colts a pris une nouvelle tournure ce dimanche sur fond de poker menteur entre les deux parties.<\/h2><p>Jonathan Taylor va-t-il jouer cette saison avec les Colts d&rsquo;Indianapolis? A l&rsquo;heure d&rsquo;&eacute;criture de ces lignes rien n&rsquo;est moins s&ucirc;r. Retour sur les derniers d&eacute;veloppements de cette affaire qui risque de tenir en haleine la NFL pendant encore plusieurs jours.<\/p><h3>Jonathan Taylor et l&rsquo;&eacute;nigmatique &laquo; mal de dos &raquo;.<\/h3><p>Rappel rapide des &eacute;pisodes pr&eacute;c&eacute;dents: depuis plusieurs semaines, l&rsquo;avenir des running backs et leurs nouveaux contrats am&egrave;nent leur lot de controverse dans la ligue. Dans ce contexte, <a href=\"https:\/\/theplayoffs.news\/fr\/joueur\/jonathan-taylor-nfl-8484670\/\" class=\"trk-cta-link\" data-cta-trk='{\"ctaType\":\"Link\",\"ctaSubType\":\"main\"}'>Jonathan Taylor<\/a>, qui sera en fin de contrat au terme de la saison 2023 souhaiterait <a href=\"https:\/\/theplayoffs.news\/fr\/nfl\/pas-nouveau-contrat-jonathan-taylor\/\" class=\"trk-cta-link\" data-cta-trk='{\"ctaType\":\"Link\",\"ctaSubType\":\"main\"}'>obtenir une prolongation<\/a>. Devant le refus du propri&eacute;taire de la franchise, Jim Irsay, d&rsquo;acc&eacute;der &agrave; sa demande, <a href=\"https:\/\/theplayoffs.news\/fr\/nfl\/jonathan-taylor-demande-a-quitter-les-colts\/\" class=\"trk-cta-link\" data-cta-trk='{\"ctaType\":\"Link\",\"ctaSubType\":\"main\"}'>Taylor a demand&eacute; ce samedi &agrave; &ecirc;tre &eacute;chang&eacute;<\/a>. Nouveau refus clair et net de la part d&rsquo;Irsay!<\/p><p>Mais ce dimanche nouveau rebondissement: des sources consid&eacute;r&eacute;es comme fiables dans le petit monde de la NFL (<a href=\"https:\/\/twitter.com\/adamschefter\/status\/1685820764535013376?s=61\" class=\"trk-cta-link\" data-cta-trk='{\"ctaType\":\"Link\",\"ctaSubType\":\"main\"}'>ESPN.com notamment<\/a>) annoncent que Jonathan Taylor n&rsquo;a pas r&eacute;ussi les tests physiques que la franchise lui a fait pass&eacute; avant la reprise du camp d&rsquo;entra&icirc;nement. La cause de cet &eacute;chec serait &agrave; chercher du c&ocirc;t&eacute; de la cheville de Taylor soign&eacute;e en cours de saison derni&egrave;re mais aussi du c&ocirc;t&eacute; d&rsquo;un&hellip; mal de dos.<\/p><blockquote class=\"twitter-tweet\" data-width=\"500\" data-dnt=\"true\">\n<p lang=\"en\" dir=\"ltr\">More about Jonathan Taylor reporting back pain during his pre-training camp physical and the Colts now considering placing him on the non-football injury list, which could result in Indianapolis withholding his regular-season salary, via <a href=\"https:\/\/twitter.com\/HolderStephen?ref_src=twsrc%5Etfw\" class=\"trk-cta-link\" data-cta-trk='{\"ctaType\":\"Link\",\"ctaSubType\":\"main\"}'>@HolderStephen<\/a>:<a href=\"https:\/\/t.co\/BD3LybqxSx\" class=\"trk-cta-link\" data-cta-trk='{\"ctaType\":\"Link\",\"ctaSubType\":\"main\"}'>https:\/\/t.co\/BD3LybqxSx<\/a><\/p>\n<p>&mdash; Adam Schefter (@AdamSchefter) <a href=\"https:\/\/twitter.com\/AdamSchefter\/status\/1685820764535013376?ref_src=twsrc%5Etfw\" class=\"trk-cta-link\" data-cta-trk='{\"ctaType\":\"Link\",\"ctaSubType\":\"main\"}'>July 31, 2023<\/a><\/p><\/blockquote><p><script async src=\"https:\/\/platform.twitter.com\/widgets.js\" charset=\"utf-8\"><\/script><\/p><p>En r&eacute;ponse &agrave; ces nouvelles informations, les dirigeants de la franchise d&rsquo;AFC Sud auraient envisag&eacute;s de placer le coureur de 24 ans sur la liste des &laquo; bless&eacute;s sans relation avec le football &raquo; ce qui permettrait aux Colts d&rsquo;Indianapolis de ne pas payer le salaire de Jonathan Taylor pendant la totalit&eacute; de la saison 2023. Une d&eacute;cision lourde de cons&eacute;quences pour les deux parties prenantes de cette affaire donc.<\/p><h3>Jonathan Taylor s&rsquo;en prend aux &laquo; sources &raquo; des journalistes<\/h3><p>Mais les rebondissements entourant le cas Taylor sont d&eacute;cid&eacute;ment nombreux! Quelques minutes seulement apr&egrave;s l&rsquo;annonce de son &eacute;nigmatique mal de dos sur les r&eacute;seaux sociaux, Jonathan Taylor a publi&eacute; un message sur le r&eacute;seau renomm&eacute; X, ou Twitter pour ceux qui n&rsquo;aurait pas suivi les derni&egrave;res actualit&eacute;s technologiques, annon&ccedil;ant qu&rsquo;il n&rsquo;avait jamais eu de maux de dos et qu&rsquo;il n&rsquo;avait jamais fait part d&rsquo;un mal de ce genre &agrave; la franchise.<\/p><blockquote class=\"twitter-tweet\" data-width=\"500\" data-dnt=\"true\">\n<p lang=\"en\" dir=\"ltr\">1.) Never had a back pain.<\/p>\n<p>2.) Never reported back pain.<\/p>\n<p>Not sure who &ldquo;sources&rdquo; are, but find new ones &#129300;<\/p>\n<p>&mdash; Jonathan Taylor (@JayT23) <a href=\"https:\/\/twitter.com\/JayT23\/status\/1685838099232747520?ref_src=twsrc%5Etfw\" class=\"trk-cta-link\" data-cta-trk='{\"ctaType\":\"Link\",\"ctaSubType\":\"main\"}'>July 31, 2023<\/a><\/p><\/blockquote><p><script async src=\"https:\/\/platform.twitter.com\/widgets.js\" charset=\"utf-8\"><\/script><\/p><p>Apr&egrave;s la publication de ce d&eacute;menti il est possible de se demander qui ment dans cette affaire? Les journalistes se seraient-ils fait duper par une source interne aux Colts qui aurait donn&eacute; une fausse information pour discr&eacute;diter Jonathan Taylor? Le running back aurait-il lui m&ecirc;me fait un faux d&eacute;menti mais il est difficile de comprendre quelles seraient ses intentions?<\/p><p>En tout &eacute;tat de cause, les relations entre Taylor et les Colts d&rsquo;Indianapolis semblent de plus en plus difficiles alors que le d&eacute;but de la saison r&eacute;guli&egrave;re approche &agrave; grand pas. Grand artisan de la bonne saison 2021 des Colts, il n&rsquo;est pas certain que Jonathan Taylor soit partie prenante de la reconstruction engag&eacute;e dans la franchise de l&rsquo;Indiana.<\/p><p>Il para&icirc;t que les histoires d&rsquo;amour finissent mal en g&eacute;n&eacute;ral. L&rsquo;affaire Jonathan Taylor avec les Colts semble parfaitement d&eacute;montre cette th&eacute;orie.<\/p>\n","protected":false},"excerpt":{"rendered":"","protected":false},"author":180309964,"featured_media":410074,"comment_status":"open","ping_status":"closed","sticky":false,"template":"","format":"standard","meta":{"inline_featured_image":false,"kia_subtitle":"","_mux_skip_reasons":[],"proofreadBy":0,"footnotes":""},"categories":[118,40],"tags":[509,984],"sport":[2785],"saison":[3453],"class_list":["post-747739","post","type-post","status-publish","format-standard","has-post-thumbnail","hentry","category-actualite-nfl","category-nfl","tag-indianapolis-colts","tag-jonathan-taylor","sport-nfl","saison-3453"],"acf":[],"yoast_head":"<!-- This site is optimized with the Yoast SEO plugin v24.2 - https:\/\/yoast.com\/wordpress\/plugins\/seo\/ -->\n<title>L&rsquo;avenir incertain de Jonathan Taylor avec les Colts - The Playoffs FR<\/title>\n<meta name=\"robots\" content=\"index, follow, max-snippet:-1, max-image-preview:large, max-video-preview:-1\" \/>\n<link rel=\"canonical\" href=\"https:\/\/theplayoffs.news\/fr\/actualite-nfl\/lavenir-incertain-de-jonathan-taylor-avec-les-colts\/\" \/>\n<meta property=\"og:locale\" content=\"fr_FR\" \/>\n<meta property=\"og:type\" content=\"article\" \/>\n<meta property=\"og:title\" content=\"L&rsquo;avenir incertain de Jonathan Taylor avec les Colts - The Playoffs FR\" \/>\n<meta property=\"og:url\" content=\"https:\/\/theplayoffs.news\/fr\/actualite-nfl\/lavenir-incertain-de-jonathan-taylor-avec-les-colts\/\" \/>\n<meta property=\"og:site_name\" content=\"The Playoffs FR\" \/>\n<meta property=\"article:publisher\" content=\"https:\/\/www.facebook.com\/TheFreeAgentFR\/\" \/>\n<meta property=\"article:modified_time\" content=\"2023-07-31T09:08:10+02:00\" \/>\n<meta property=\"og:image\" content=\"https:\/\/theplayoffs.news\/fr\/wp-content\/uploads\/2022\/10\/jonathan-taylor.jpg\" \/>\n\t<meta property=\"og:image:width\" content=\"1000\" \/>\n\t<meta property=\"og:image:height\" content=\"600\" \/>\n\t<meta property=\"og:image:type\" content=\"image\/jpeg\" \/>\n<meta name=\"author\" content=\"Flavien Jumeau\" \/>\n<meta name=\"twitter:card\" content=\"summary_large_image\" \/>\n<meta name=\"twitter:creator\" content=\"@TheFreeAgentFR\" \/>\n<meta name=\"twitter:site\" content=\"@TheFreeAgentFR\" \/>\n<meta name=\"twitter:label1\" content=\"\u00c9crit par\" \/>\n\t<meta name=\"twitter:data1\" content=\"Flavien Jumeau\" \/>\n\t<meta name=\"twitter:label2\" content=\"Dur\u00e9e de lecture estim\u00e9e\" \/>\n\t<meta name=\"twitter:data2\" content=\"3 minutes\" \/>\n<script type=\"application\/ld+json\" class=\"yoast-schema-graph\">{\"@context\":\"https:\/\/schema.org\",\"@graph\":[{\"@type\":\"WebPage\",\"@id\":\"https:\/\/theplayoffs.news\/fr\/actualite-nfl\/lavenir-incertain-de-jonathan-taylor-avec-les-colts\/\",\"url\":\"https:\/\/theplayoffs.news\/fr\/actualite-nfl\/lavenir-incertain-de-jonathan-taylor-avec-les-colts\/\",\"name\":\"L\u2019avenir incertain de Jonathan Taylor avec les Colts - The Playoffs FR\",\"isPartOf\":{\"@id\":\"https:\/\/theplayoffs.news\/fr\/#website\"},\"primaryImageOfPage\":{\"@id\":\"https:\/\/theplayoffs.news\/fr\/actualite-nfl\/lavenir-incertain-de-jonathan-taylor-avec-les-colts\/#primaryimage\"},\"image\":{\"@id\":\"https:\/\/theplayoffs.news\/fr\/actualite-nfl\/lavenir-incertain-de-jonathan-taylor-avec-les-colts\/#primaryimage\"},\"thumbnailUrl\":\"https:\/\/theplayoffs.news\/fr\/wp-content\/uploads\/2022\/10\/jonathan-taylor.jpg\",\"datePublished\":\"2023-07-31T07:08:08+00:00\",\"dateModified\":\"2023-07-31T07:08:10+00:00\",\"author\":{\"@id\":\"https:\/\/theplayoffs.news\/fr\/#\/schema\/person\/def63bc6746dc5957469b75feb99e66d\"},\"breadcrumb\":{\"@id\":\"https:\/\/theplayoffs.news\/fr\/actualite-nfl\/lavenir-incertain-de-jonathan-taylor-avec-les-colts\/#breadcrumb\"},\"inLanguage\":\"fr-FR\",\"potentialAction\":[{\"@type\":\"ReadAction\",\"target\":[\"https:\/\/theplayoffs.news\/fr\/actualite-nfl\/lavenir-incertain-de-jonathan-taylor-avec-les-colts\/\"]}]},{\"@type\":\"ImageObject\",\"inLanguage\":\"fr-FR\",\"@id\":\"https:\/\/theplayoffs.news\/fr\/actualite-nfl\/lavenir-incertain-de-jonathan-taylor-avec-les-colts\/#primaryimage\",\"url\":\"https:\/\/theplayoffs.news\/fr\/wp-content\/uploads\/2022\/10\/jonathan-taylor.jpg\",\"contentUrl\":\"https:\/\/theplayoffs.news\/fr\/wp-content\/uploads\/2022\/10\/jonathan-taylor.jpg\",\"width\":1000,\"height\":600,\"caption\":\"Jonathan Taylor\"},{\"@type\":\"BreadcrumbList\",\"@id\":\"https:\/\/theplayoffs.news\/fr\/actualite-nfl\/lavenir-incertain-de-jonathan-taylor-avec-les-colts\/#breadcrumb\",\"itemListElement\":[{\"@type\":\"ListItem\",\"position\":1,\"name\":\"Accueil\",\"item\":\"https:\/\/theplayoffs.news\/fr\/\"},{\"@type\":\"ListItem\",\"position\":2,\"name\":\"L\u2019avenir incertain de Jonathan Taylor avec les Colts\"}]},{\"@type\":\"WebSite\",\"@id\":\"https:\/\/theplayoffs.news\/fr\/#website\",\"url\":\"https:\/\/theplayoffs.news\/fr\/\",\"name\":\"The Playoffs FR\",\"description\":\"NBA-NFL-NHL-MLB\",\"potentialAction\":[{\"@type\":\"SearchAction\",\"target\":{\"@type\":\"EntryPoint\",\"urlTemplate\":\"https:\/\/theplayoffs.news\/fr\/?s={search_term_string}\"},\"query-input\":{\"@type\":\"PropertyValueSpecification\",\"valueRequired\":true,\"valueName\":\"search_term_string\"}}],\"inLanguage\":\"fr-FR\"},{\"@type\":\"Person\",\"@id\":\"https:\/\/theplayoffs.news\/fr\/#\/schema\/person\/def63bc6746dc5957469b75feb99e66d\",\"name\":\"Flavien Jumeau\",\"image\":{\"@type\":\"ImageObject\",\"inLanguage\":\"fr-FR\",\"@id\":\"https:\/\/theplayoffs.news\/fr\/#\/schema\/person\/image\/\",\"url\":\"https:\/\/secure.gravatar.com\/avatar\/e7fa8ba5a4b7e4ce35fe152f083f352db28ad0acce692004ed88a7a7d78893f7?s=96&d=mm&r=g\",\"contentUrl\":\"https:\/\/secure.gravatar.com\/avatar\/e7fa8ba5a4b7e4ce35fe152f083f352db28ad0acce692004ed88a7a7d78893f7?s=96&d=mm&r=g\",\"caption\":\"Flavien Jumeau\"},\"description\":\"Amoureux du sport (et de vraiment tous les sports) depuis mon plus jeune \u00e2ge, j\u2019ai longtemps h\u00e9site entre le snooker et le curling. Finalement c\u2019est le foot US que j\u2019ai d\u00e9cid\u00e9 de choisir! Responsable foot US sur TPO et animateur du podcast Tailgate j\u2019ai pour mission de vous faire d\u00e9couvrir ce sport passionnant si ce n\u2019est pas encore fait et de vous donner les derni\u00e8res actus. Le tout dans la bonne humeur et avec toujours un jeu de mots ou deux savamment distill\u00e9s! Fan des Saints, pour moi Drew Brees est le vrai GOAT!\",\"url\":\"https:\/\/theplayoffs.news\/fr\/author\/flavien-jumeaugmail-com\/\"}]}<\/script>\n<!-- \/ Yoast SEO plugin. -->","yoast_head_json":{"title":"L&rsquo;avenir incertain de Jonathan Taylor avec les Colts - The Playoffs FR","robots":{"index":"index","follow":"follow","max-snippet":"max-snippet:-1","max-image-preview":"max-image-preview:large","max-video-preview":"max-video-preview:-1"},"canonical":"https:\/\/theplayoffs.news\/fr\/actualite-nfl\/lavenir-incertain-de-jonathan-taylor-avec-les-colts\/","og_locale":"fr_FR","og_type":"article","og_title":"L&rsquo;avenir incertain de Jonathan Taylor avec les Colts - The Playoffs FR","og_url":"https:\/\/theplayoffs.news\/fr\/actualite-nfl\/lavenir-incertain-de-jonathan-taylor-avec-les-colts\/","og_site_name":"The Playoffs FR","article_publisher":"https:\/\/www.facebook.com\/TheFreeAgentFR\/","article_modified_time":"2023-07-31T07:08:10+00:00","og_image":[{"width":1000,"height":600,"url":"https:\/\/theplayoffs.news\/fr\/wp-content\/uploads\/2022\/10\/jonathan-taylor.jpg","type":"image\/jpeg"}],"author":"Flavien Jumeau","twitter_card":"summary_large_image","twitter_creator":"@TheFreeAgentFR","twitter_site":"@TheFreeAgentFR","twitter_misc":{"\u00c9crit par":"Flavien Jumeau","Dur\u00e9e de lecture estim\u00e9e":"3 minutes"},"schema":{"@context":"https:\/\/schema.org","@graph":[{"@type":"WebPage","@id":"https:\/\/theplayoffs.news\/fr\/actualite-nfl\/lavenir-incertain-de-jonathan-taylor-avec-les-colts\/","url":"https:\/\/theplayoffs.news\/fr\/actualite-nfl\/lavenir-incertain-de-jonathan-taylor-avec-les-colts\/","name":"L\u2019avenir incertain de Jonathan Taylor avec les Colts - The Playoffs FR","isPartOf":{"@id":"https:\/\/theplayoffs.news\/fr\/#website"},"primaryImageOfPage":{"@id":"https:\/\/theplayoffs.news\/fr\/actualite-nfl\/lavenir-incertain-de-jonathan-taylor-avec-les-colts\/#primaryimage"},"image":{"@id":"https:\/\/theplayoffs.news\/fr\/actualite-nfl\/lavenir-incertain-de-jonathan-taylor-avec-les-colts\/#primaryimage"},"thumbnailUrl":"https:\/\/theplayoffs.news\/fr\/wp-content\/uploads\/2022\/10\/jonathan-taylor.jpg","datePublished":"2023-07-31T07:08:08+00:00","dateModified":"2023-07-31T07:08:10+00:00","author":{"@id":"https:\/\/theplayoffs.news\/fr\/#\/schema\/person\/def63bc6746dc5957469b75feb99e66d"},"breadcrumb":{"@id":"https:\/\/theplayoffs.news\/fr\/actualite-nfl\/lavenir-incertain-de-jonathan-taylor-avec-les-colts\/#breadcrumb"},"inLanguage":"fr-FR","potentialAction":[{"@type":"ReadAction","target":["https:\/\/theplayoffs.news\/fr\/actualite-nfl\/lavenir-incertain-de-jonathan-taylor-avec-les-colts\/"]}]},{"@type":"ImageObject","inLanguage":"fr-FR","@id":"https:\/\/theplayoffs.news\/fr\/actualite-nfl\/lavenir-incertain-de-jonathan-taylor-avec-les-colts\/#primaryimage","url":"https:\/\/theplayoffs.news\/fr\/wp-content\/uploads\/2022\/10\/jonathan-taylor.jpg","contentUrl":"https:\/\/theplayoffs.news\/fr\/wp-content\/uploads\/2022\/10\/jonathan-taylor.jpg","width":1000,"height":600,"caption":"Jonathan Taylor"},{"@type":"BreadcrumbList","@id":"https:\/\/theplayoffs.news\/fr\/actualite-nfl\/lavenir-incertain-de-jonathan-taylor-avec-les-colts\/#breadcrumb","itemListElement":[{"@type":"ListItem","position":1,"name":"Accueil","item":"https:\/\/theplayoffs.news\/fr\/"},{"@type":"ListItem","position":2,"name":"L\u2019avenir incertain de Jonathan Taylor avec les Colts"}]},{"@type":"WebSite","@id":"https:\/\/theplayoffs.news\/fr\/#website","url":"https:\/\/theplayoffs.news\/fr\/","name":"The Playoffs FR","description":"NBA-NFL-NHL-MLB","potentialAction":[{"@type":"SearchAction","target":{"@type":"EntryPoint","urlTemplate":"https:\/\/theplayoffs.news\/fr\/?s={search_term_string}"},"query-input":{"@type":"PropertyValueSpecification","valueRequired":true,"valueName":"search_term_string"}}],"inLanguage":"fr-FR"},{"@type":"Person","@id":"https:\/\/theplayoffs.news\/fr\/#\/schema\/person\/def63bc6746dc5957469b75feb99e66d","name":"Flavien Jumeau","image":{"@type":"ImageObject","inLanguage":"fr-FR","@id":"https:\/\/theplayoffs.news\/fr\/#\/schema\/person\/image\/","url":"https:\/\/secure.gravatar.com\/avatar\/e7fa8ba5a4b7e4ce35fe152f083f352db28ad0acce692004ed88a7a7d78893f7?s=96&d=mm&r=g","contentUrl":"https:\/\/secure.gravatar.com\/avatar\/e7fa8ba5a4b7e4ce35fe152f083f352db28ad0acce692004ed88a7a7d78893f7?s=96&d=mm&r=g","caption":"Flavien Jumeau"},"description":"Amoureux du sport (et de vraiment tous les sports) depuis mon plus jeune \u00e2ge, j\u2019ai longtemps h\u00e9site entre le snooker et le curling. Finalement c\u2019est le foot US que j\u2019ai d\u00e9cid\u00e9 de choisir! Responsable foot US sur TPO et animateur du podcast Tailgate j\u2019ai pour mission de vous faire d\u00e9couvrir ce sport passionnant si ce n\u2019est pas encore fait et de vous donner les derni\u00e8res actus. Le tout dans la bonne humeur et avec toujours un jeu de mots ou deux savamment distill\u00e9s! Fan des Saints, pour moi Drew Brees est le vrai GOAT!","url":"https:\/\/theplayoffs.news\/fr\/author\/flavien-jumeaugmail-com\/"}]}},"_links":{"self":[{"href":"https:\/\/theplayoffs.news\/fr\/wp-json\/wp\/v2\/posts\/747739","targetHints":{"allow":["GET"]}}],"collection":[{"href":"https:\/\/theplayoffs.news\/fr\/wp-json\/wp\/v2\/posts"}],"about":[{"href":"https:\/\/theplayoffs.news\/fr\/wp-json\/wp\/v2\/types\/post"}],"author":[{"embeddable":true,"href":"https:\/\/theplayoffs.news\/fr\/wp-json\/wp\/v2\/users\/180309964"}],"replies":[{"embeddable":true,"href":"https:\/\/theplayoffs.news\/fr\/wp-json\/wp\/v2\/comments?post=747739"}],"version-history":[{"count":3,"href":"https:\/\/theplayoffs.news\/fr\/wp-json\/wp\/v2\/posts\/747739\/revisions"}],"predecessor-version":[{"id":747852,"href":"https:\/\/theplayoffs.news\/fr\/wp-json\/wp\/v2\/posts\/747739\/revisions\/747852"}],"wp:featuredmedia":[{"embeddable":true,"href":"https:\/\/theplayoffs.news\/fr\/wp-json\/wp\/v2\/media\/410074"}],"wp:attachment":[{"href":"https:\/\/theplayoffs.news\/fr\/wp-json\/wp\/v2\/media?parent=747739"}],"wp:term":[{"taxonomy":"category","embeddable":true,"href":"https:\/\/theplayoffs.news\/fr\/wp-json\/wp\/v2\/categories?post=747739"},{"taxonomy":"post_tag","embeddable":true,"href":"https:\/\/theplayoffs.news\/fr\/wp-json\/wp\/v2\/tags?post=747739"},{"taxonomy":"sport","embeddable":true,"href":"https:\/\/theplayoffs.news\/fr\/wp-json\/wp\/v2\/sport?post=747739"},{"taxonomy":"saison","embeddable":true,"href":"https:\/\/theplayoffs.news\/fr\/wp-json\/wp\/v2\/saison?post=747739"}],"curies":[{"name":"wp","href":"https:\/\/api.w.org\/{rel}","templated":true}]}}