{"id":743104,"date":"2023-07-29T17:26:00","date_gmt":"2023-07-29T15:26:00","guid":{"rendered":"https:\/\/theplayoffs.news\/fr\/?p=743104"},"modified":"2023-07-29T17:28:05","modified_gmt":"2023-07-29T15:28:05","slug":"max-scherzer-exprime-mecontentement","status":"publish","type":"post","link":"https:\/\/theplayoffs.news\/fr\/actualite-mlb\/max-scherzer-exprime-mecontentement\/","title":{"rendered":"Max Scherzer exprime son m\u00e9contentement, le trade de Verlander se profile"},"content":{"rendered":"<h2>Les Mets de New York ont &#8203;&#8203;&eacute;t&eacute; au centre des discussions commerciales de la MLB ces derniers temps, laissant les fans et les joueurs dans un tourbillon de sp&eacute;culations et d&rsquo;incertitudes.<\/h2><p>La derni&egrave;re victime des tentatives de restructuration des Mets est David Robertson, dont l&rsquo;&eacute;change avec les Marlins de Miami en a laiss&eacute; plusieurs, dont le lanceur <a href=\"https:\/\/theplayoffs.news\/fr\/joueur\/max-scherzer-mlb-57952\/\" class=\"trk-cta-link\" data-cta-trk='{\"ctaType\":\"Link\",\"ctaSubType\":\"main\"}'><strong>Max Scherzer<\/strong><\/a>, plus qu&rsquo;un peu inquiets.<\/p><h3>Max Scherzer choqu&eacute; par Robertson Trade<\/h3><p>Max Scherzer, le lanceur &eacute;tabli des Mets, a &eacute;t&eacute; franchement d&eacute;&ccedil;u de la r&eacute;cente d&eacute;cision du front office d&rsquo;&eacute;changer David Robertson aux Marlins. Il a exprim&eacute; sa surprise et son m&eacute;contentement apr&egrave;s la victoire de vendredi contre les Nationals de Washington, d&eacute;clarant qu&rsquo;une conversation avec le front office est en cours pour comprendre sa position au milieu d&rsquo;une saison tumultueuse pour l&rsquo;&eacute;quipe.<\/p><p>Sa d&eacute;ception r&eacute;sonne profond&eacute;ment, &eacute;tant donn&eacute; que les Mets endurent une saison en dessous de leur niveau, d&eacute;tenant actuellement un bilan de 49-54 et se classant quatri&egrave;me dans la NL East, &agrave; 6,5 matchs de la derni&egrave;re place de wild card.<\/p><p>Malgr&eacute; quelques performances solides, <a href=\"https:\/\/theplayoffs.news\/fr\/joueur\/max-scherzer-mlb-57952\/\" class=\"trk-cta-link\" data-cta-trk='{\"ctaType\":\"Link\",\"ctaSubType\":\"main\"}'><strong>Max Scherzer<\/strong><\/a> lui-m&ecirc;me a fait face &agrave; une saison difficile, avec une ERA de 4,01, la plus &eacute;lev&eacute;e depuis sa saison 2011, et 23 home runs autoris&eacute;s, le pla&ccedil;ant au sommet de la NL pour cette statistique peu enviable.<\/p><h3>La strat&eacute;gie commerciale des Mets soul&egrave;ve des questions<\/h3><p>Bien que le d&eacute;part de Robertson ait agit&eacute; les joueurs, cela n&rsquo;implique pas n&eacute;cessairement une reconstruction &agrave; long terme &agrave; part enti&egrave;re pour les Mets. Cependant, les indications sugg&egrave;rent un changement potentiel dans la strat&eacute;gie de l&rsquo;organisation vers le d&eacute;part d&rsquo;acteurs plus &acirc;g&eacute;s sur des contrats plus co&ucirc;teux.<\/p><p>Le nom dans les gros titres est <a href=\"https:\/\/theplayoffs.news\/fr\/joueur\/justin-verlander-mlb-12682\/\" class=\"trk-cta-link\" data-cta-trk='{\"ctaType\":\"Link\",\"ctaSubType\":\"main\"}'><strong>Justin Verlander<\/strong><\/a>.<\/p><p><a href=\"https:\/\/www.latimes.com\/sports\/dodgers\/story\/2023-07-28\/dodgers-justin-verlander-trade-deadline-interest\" class=\"trk-cta-link\" data-cta-trk='{\"ctaType\":\"Link\",\"ctaSubType\":\"main\"}'>Jack Harris et Jorge Castillo du Los Angeles Times<\/a> rapportent que les Dodgers de LA ont consid&eacute;r&eacute; Verlander comme un ajout potentiel &agrave; leur liste. Les Texas Rangers et les Houston Astros &eacute;tant &eacute;galement identifi&eacute;s comme points d&rsquo;atterrissage potentiels, la question n&rsquo;est pas de savoir si Verlander sera &eacute;chang&eacute; mais o&ugrave;.<\/p><p>En revanche, Scherzer semble plus s&ucirc;r. Son nom n&rsquo;a pas &eacute;t&eacute; beaucoup &eacute;voqu&eacute; dans les rumeurs de trade, en partie parce que les &eacute;quipes ont &eacute;t&eacute; d&eacute;&ccedil;ues par sa r&eacute;cente performance. N&eacute;anmoins, &eacute;changer Scherzer serait une d&eacute;cision importante, entra&icirc;nant une s&eacute;rie de complications telles que sa clause de non-&eacute;change compl&egrave;te et une option de joueur substantielle de 43,3 millions de dollars pour la saison prochaine.<\/p><p>Le propri&eacute;taire des Mets, Steve Cohen, connu pour sa volont&eacute; d&rsquo;investir si n&eacute;cessaire, pourrait &ecirc;tre un acteur central dans un tel sc&eacute;nario commercial. Cohen avait pr&eacute;c&eacute;demment accept&eacute; de couvrir la majeure partie du salaire d&rsquo;Eduardo Escobar pour acc&eacute;l&eacute;rer son &eacute;change avec les LA Angels. Alors que le salaire d&rsquo;Escobar est d&eacute;risoire par rapport au salaire &eacute;lev&eacute; de Scherzer, la bonne proposition pourrait inciter Cohen &agrave; apporter une contribution financi&egrave;re substantielle.<\/p>\n","protected":false},"excerpt":{"rendered":"","protected":false},"author":13,"featured_media":743126,"comment_status":"open","ping_status":"closed","sticky":false,"template":"","format":"standard","meta":{"inline_featured_image":false,"kia_subtitle":"","_mux_skip_reasons":[],"proofreadBy":0,"footnotes":""},"categories":[188,9],"tags":[2856,444],"sport":[],"saison":[],"class_list":["post-743104","post","type-post","status-publish","format-standard","has-post-thumbnail","hentry","category-actualite-mlb","category-mlb","tag-max-scherzer","tag-new-york-mets"],"acf":[],"yoast_head":"<!-- This site is optimized with the Yoast SEO plugin v24.2 - https:\/\/yoast.com\/wordpress\/plugins\/seo\/ -->\n<title>Max Scherzer exprime son m&eacute;contentement, le trade de Verlander se profile - The Playoffs FR<\/title>\n<meta name=\"robots\" content=\"index, follow, max-snippet:-1, max-image-preview:large, max-video-preview:-1\" \/>\n<link rel=\"canonical\" href=\"https:\/\/theplayoffs.news\/fr\/actualite-mlb\/max-scherzer-exprime-mecontentement\/\" \/>\n<meta property=\"og:locale\" content=\"fr_FR\" \/>\n<meta property=\"og:type\" content=\"article\" \/>\n<meta property=\"og:title\" content=\"Max Scherzer exprime son m&eacute;contentement, le trade de Verlander se profile - The Playoffs FR\" \/>\n<meta property=\"og:url\" content=\"https:\/\/theplayoffs.news\/fr\/actualite-mlb\/max-scherzer-exprime-mecontentement\/\" \/>\n<meta property=\"og:site_name\" content=\"The Playoffs FR\" \/>\n<meta property=\"article:publisher\" content=\"https:\/\/www.facebook.com\/TheFreeAgentFR\/\" \/>\n<meta property=\"article:modified_time\" content=\"2023-07-29T17:28:05+02:00\" \/>\n<meta property=\"og:image\" content=\"https:\/\/theplayoffs.news\/fr\/wp-content\/uploads\/2023\/07\/Capture-decran-2023-07-29-a-16.59.14.jpg\" \/>\n\t<meta property=\"og:image:width\" content=\"1903\" \/>\n\t<meta property=\"og:image:height\" content=\"1062\" \/>\n\t<meta property=\"og:image:type\" content=\"image\/jpeg\" \/>\n<meta name=\"author\" content=\"Charles Taudin\" \/>\n<meta name=\"twitter:card\" content=\"summary_large_image\" \/>\n<meta name=\"twitter:creator\" content=\"@TheFreeAgentFR\" \/>\n<meta name=\"twitter:site\" content=\"@TheFreeAgentFR\" \/>\n<meta name=\"twitter:label1\" content=\"\u00c9crit par\" \/>\n\t<meta name=\"twitter:data1\" content=\"Charles Taudin\" \/>\n\t<meta name=\"twitter:label2\" content=\"Dur\u00e9e de lecture estim\u00e9e\" \/>\n\t<meta name=\"twitter:data2\" content=\"3 minutes\" \/>\n<script type=\"application\/ld+json\" class=\"yoast-schema-graph\">{\"@context\":\"https:\/\/schema.org\",\"@graph\":[{\"@type\":\"WebPage\",\"@id\":\"https:\/\/theplayoffs.news\/fr\/actualite-mlb\/max-scherzer-exprime-mecontentement\/\",\"url\":\"https:\/\/theplayoffs.news\/fr\/actualite-mlb\/max-scherzer-exprime-mecontentement\/\",\"name\":\"Max Scherzer exprime son m\u00e9contentement, le trade de Verlander se profile - The Playoffs FR\",\"isPartOf\":{\"@id\":\"https:\/\/theplayoffs.news\/fr\/#website\"},\"primaryImageOfPage\":{\"@id\":\"https:\/\/theplayoffs.news\/fr\/actualite-mlb\/max-scherzer-exprime-mecontentement\/#primaryimage\"},\"image\":{\"@id\":\"https:\/\/theplayoffs.news\/fr\/actualite-mlb\/max-scherzer-exprime-mecontentement\/#primaryimage\"},\"thumbnailUrl\":\"https:\/\/theplayoffs.news\/fr\/wp-content\/uploads\/2023\/07\/Capture-decran-2023-07-29-a-16.59.14.jpg\",\"datePublished\":\"2023-07-29T15:26:00+00:00\",\"dateModified\":\"2023-07-29T15:28:05+00:00\",\"author\":{\"@id\":\"https:\/\/theplayoffs.news\/fr\/#\/schema\/person\/eee5b69ad5d3c51cabe881c839dbe133\"},\"breadcrumb\":{\"@id\":\"https:\/\/theplayoffs.news\/fr\/actualite-mlb\/max-scherzer-exprime-mecontentement\/#breadcrumb\"},\"inLanguage\":\"fr-FR\",\"potentialAction\":[{\"@type\":\"ReadAction\",\"target\":[\"https:\/\/theplayoffs.news\/fr\/actualite-mlb\/max-scherzer-exprime-mecontentement\/\"]}]},{\"@type\":\"ImageObject\",\"inLanguage\":\"fr-FR\",\"@id\":\"https:\/\/theplayoffs.news\/fr\/actualite-mlb\/max-scherzer-exprime-mecontentement\/#primaryimage\",\"url\":\"https:\/\/theplayoffs.news\/fr\/wp-content\/uploads\/2023\/07\/Capture-decran-2023-07-29-a-16.59.14.jpg\",\"contentUrl\":\"https:\/\/theplayoffs.news\/fr\/wp-content\/uploads\/2023\/07\/Capture-decran-2023-07-29-a-16.59.14.jpg\",\"width\":1903,\"height\":1062,\"caption\":\"Max Scherzer\"},{\"@type\":\"BreadcrumbList\",\"@id\":\"https:\/\/theplayoffs.news\/fr\/actualite-mlb\/max-scherzer-exprime-mecontentement\/#breadcrumb\",\"itemListElement\":[{\"@type\":\"ListItem\",\"position\":1,\"name\":\"Accueil\",\"item\":\"https:\/\/theplayoffs.news\/fr\/\"},{\"@type\":\"ListItem\",\"position\":2,\"name\":\"Max Scherzer exprime son m\u00e9contentement, le trade de Verlander se profile\"}]},{\"@type\":\"WebSite\",\"@id\":\"https:\/\/theplayoffs.news\/fr\/#website\",\"url\":\"https:\/\/theplayoffs.news\/fr\/\",\"name\":\"The Playoffs FR\",\"description\":\"NBA-NFL-NHL-MLB\",\"potentialAction\":[{\"@type\":\"SearchAction\",\"target\":{\"@type\":\"EntryPoint\",\"urlTemplate\":\"https:\/\/theplayoffs.news\/fr\/?s={search_term_string}\"},\"query-input\":{\"@type\":\"PropertyValueSpecification\",\"valueRequired\":true,\"valueName\":\"search_term_string\"}}],\"inLanguage\":\"fr-FR\"},{\"@type\":\"Person\",\"@id\":\"https:\/\/theplayoffs.news\/fr\/#\/schema\/person\/eee5b69ad5d3c51cabe881c839dbe133\",\"name\":\"Charles Taudin\",\"image\":{\"@type\":\"ImageObject\",\"inLanguage\":\"fr-FR\",\"@id\":\"https:\/\/theplayoffs.news\/fr\/#\/schema\/person\/image\/\",\"url\":\"https:\/\/secure.gravatar.com\/avatar\/59a1e772205ce9fd255edfcafc93013736822e20261f294c5753b20c41ede9f2?s=96&d=mm&r=g\",\"contentUrl\":\"https:\/\/secure.gravatar.com\/avatar\/59a1e772205ce9fd255edfcafc93013736822e20261f294c5753b20c41ede9f2?s=96&d=mm&r=g\",\"caption\":\"Charles Taudin\"},\"description\":\"R\u00e9dacteur en chef global de The Playoffs, j\u2019ai cr\u00e9\u00e9 The Free Agent, devenu The Playoffs FR, en 2020 durant la pand\u00e9mie. Amoureux depuis des ann\u00e9es des 4 sports majeurs am\u00e9ricains, j\u2019organise maintenant la strat\u00e9gie \u00e9ditoriale et les r\u00e9seaux sociaux de l\u2019ensemble des versions de The Playoffs. Il m\u2019arrive encore d\u2019\u00e9crire sur certains sports que j\u2019affectionne particuli\u00e8rement comme la NFL ou la MLB. Si vous devez retenir qu\u2019une chose : Eli Manning est le vrai GOAT pour avoir battu deux fois Tom Brady.\",\"sameAs\":[\"https:\/\/www.instagram.com\/ctaudin_\/\"],\"url\":\"https:\/\/theplayoffs.news\/fr\/author\/charles-taudin\/\"}]}<\/script>\n<!-- \/ Yoast SEO plugin. -->","yoast_head_json":{"title":"Max Scherzer exprime son m&eacute;contentement, le trade de Verlander se profile - The Playoffs FR","robots":{"index":"index","follow":"follow","max-snippet":"max-snippet:-1","max-image-preview":"max-image-preview:large","max-video-preview":"max-video-preview:-1"},"canonical":"https:\/\/theplayoffs.news\/fr\/actualite-mlb\/max-scherzer-exprime-mecontentement\/","og_locale":"fr_FR","og_type":"article","og_title":"Max Scherzer exprime son m&eacute;contentement, le trade de Verlander se profile - The Playoffs FR","og_url":"https:\/\/theplayoffs.news\/fr\/actualite-mlb\/max-scherzer-exprime-mecontentement\/","og_site_name":"The Playoffs FR","article_publisher":"https:\/\/www.facebook.com\/TheFreeAgentFR\/","article_modified_time":"2023-07-29T15:28:05+00:00","og_image":[{"width":1903,"height":1062,"url":"https:\/\/theplayoffs.news\/fr\/wp-content\/uploads\/2023\/07\/Capture-decran-2023-07-29-a-16.59.14.jpg","type":"image\/jpeg"}],"author":"Charles Taudin","twitter_card":"summary_large_image","twitter_creator":"@TheFreeAgentFR","twitter_site":"@TheFreeAgentFR","twitter_misc":{"\u00c9crit par":"Charles Taudin","Dur\u00e9e de lecture estim\u00e9e":"3 minutes"},"schema":{"@context":"https:\/\/schema.org","@graph":[{"@type":"WebPage","@id":"https:\/\/theplayoffs.news\/fr\/actualite-mlb\/max-scherzer-exprime-mecontentement\/","url":"https:\/\/theplayoffs.news\/fr\/actualite-mlb\/max-scherzer-exprime-mecontentement\/","name":"Max Scherzer exprime son m\u00e9contentement, le trade de Verlander se profile - The Playoffs FR","isPartOf":{"@id":"https:\/\/theplayoffs.news\/fr\/#website"},"primaryImageOfPage":{"@id":"https:\/\/theplayoffs.news\/fr\/actualite-mlb\/max-scherzer-exprime-mecontentement\/#primaryimage"},"image":{"@id":"https:\/\/theplayoffs.news\/fr\/actualite-mlb\/max-scherzer-exprime-mecontentement\/#primaryimage"},"thumbnailUrl":"https:\/\/theplayoffs.news\/fr\/wp-content\/uploads\/2023\/07\/Capture-decran-2023-07-29-a-16.59.14.jpg","datePublished":"2023-07-29T15:26:00+00:00","dateModified":"2023-07-29T15:28:05+00:00","author":{"@id":"https:\/\/theplayoffs.news\/fr\/#\/schema\/person\/eee5b69ad5d3c51cabe881c839dbe133"},"breadcrumb":{"@id":"https:\/\/theplayoffs.news\/fr\/actualite-mlb\/max-scherzer-exprime-mecontentement\/#breadcrumb"},"inLanguage":"fr-FR","potentialAction":[{"@type":"ReadAction","target":["https:\/\/theplayoffs.news\/fr\/actualite-mlb\/max-scherzer-exprime-mecontentement\/"]}]},{"@type":"ImageObject","inLanguage":"fr-FR","@id":"https:\/\/theplayoffs.news\/fr\/actualite-mlb\/max-scherzer-exprime-mecontentement\/#primaryimage","url":"https:\/\/theplayoffs.news\/fr\/wp-content\/uploads\/2023\/07\/Capture-decran-2023-07-29-a-16.59.14.jpg","contentUrl":"https:\/\/theplayoffs.news\/fr\/wp-content\/uploads\/2023\/07\/Capture-decran-2023-07-29-a-16.59.14.jpg","width":1903,"height":1062,"caption":"Max Scherzer"},{"@type":"BreadcrumbList","@id":"https:\/\/theplayoffs.news\/fr\/actualite-mlb\/max-scherzer-exprime-mecontentement\/#breadcrumb","itemListElement":[{"@type":"ListItem","position":1,"name":"Accueil","item":"https:\/\/theplayoffs.news\/fr\/"},{"@type":"ListItem","position":2,"name":"Max Scherzer exprime son m\u00e9contentement, le trade de Verlander se profile"}]},{"@type":"WebSite","@id":"https:\/\/theplayoffs.news\/fr\/#website","url":"https:\/\/theplayoffs.news\/fr\/","name":"The Playoffs FR","description":"NBA-NFL-NHL-MLB","potentialAction":[{"@type":"SearchAction","target":{"@type":"EntryPoint","urlTemplate":"https:\/\/theplayoffs.news\/fr\/?s={search_term_string}"},"query-input":{"@type":"PropertyValueSpecification","valueRequired":true,"valueName":"search_term_string"}}],"inLanguage":"fr-FR"},{"@type":"Person","@id":"https:\/\/theplayoffs.news\/fr\/#\/schema\/person\/eee5b69ad5d3c51cabe881c839dbe133","name":"Charles Taudin","image":{"@type":"ImageObject","inLanguage":"fr-FR","@id":"https:\/\/theplayoffs.news\/fr\/#\/schema\/person\/image\/","url":"https:\/\/secure.gravatar.com\/avatar\/59a1e772205ce9fd255edfcafc93013736822e20261f294c5753b20c41ede9f2?s=96&d=mm&r=g","contentUrl":"https:\/\/secure.gravatar.com\/avatar\/59a1e772205ce9fd255edfcafc93013736822e20261f294c5753b20c41ede9f2?s=96&d=mm&r=g","caption":"Charles Taudin"},"description":"R\u00e9dacteur en chef global de The Playoffs, j\u2019ai cr\u00e9\u00e9 The Free Agent, devenu The Playoffs FR, en 2020 durant la pand\u00e9mie. Amoureux depuis des ann\u00e9es des 4 sports majeurs am\u00e9ricains, j\u2019organise maintenant la strat\u00e9gie \u00e9ditoriale et les r\u00e9seaux sociaux de l\u2019ensemble des versions de The Playoffs. Il m\u2019arrive encore d\u2019\u00e9crire sur certains sports que j\u2019affectionne particuli\u00e8rement comme la NFL ou la MLB. Si vous devez retenir qu\u2019une chose : Eli Manning est le vrai GOAT pour avoir battu deux fois Tom Brady.","sameAs":["https:\/\/www.instagram.com\/ctaudin_\/"],"url":"https:\/\/theplayoffs.news\/fr\/author\/charles-taudin\/"}]}},"_links":{"self":[{"href":"https:\/\/theplayoffs.news\/fr\/wp-json\/wp\/v2\/posts\/743104","targetHints":{"allow":["GET"]}}],"collection":[{"href":"https:\/\/theplayoffs.news\/fr\/wp-json\/wp\/v2\/posts"}],"about":[{"href":"https:\/\/theplayoffs.news\/fr\/wp-json\/wp\/v2\/types\/post"}],"author":[{"embeddable":true,"href":"https:\/\/theplayoffs.news\/fr\/wp-json\/wp\/v2\/users\/13"}],"replies":[{"embeddable":true,"href":"https:\/\/theplayoffs.news\/fr\/wp-json\/wp\/v2\/comments?post=743104"}],"version-history":[{"count":2,"href":"https:\/\/theplayoffs.news\/fr\/wp-json\/wp\/v2\/posts\/743104\/revisions"}],"predecessor-version":[{"id":743141,"href":"https:\/\/theplayoffs.news\/fr\/wp-json\/wp\/v2\/posts\/743104\/revisions\/743141"}],"wp:featuredmedia":[{"embeddable":true,"href":"https:\/\/theplayoffs.news\/fr\/wp-json\/wp\/v2\/media\/743126"}],"wp:attachment":[{"href":"https:\/\/theplayoffs.news\/fr\/wp-json\/wp\/v2\/media?parent=743104"}],"wp:term":[{"taxonomy":"category","embeddable":true,"href":"https:\/\/theplayoffs.news\/fr\/wp-json\/wp\/v2\/categories?post=743104"},{"taxonomy":"post_tag","embeddable":true,"href":"https:\/\/theplayoffs.news\/fr\/wp-json\/wp\/v2\/tags?post=743104"},{"taxonomy":"sport","embeddable":true,"href":"https:\/\/theplayoffs.news\/fr\/wp-json\/wp\/v2\/sport?post=743104"},{"taxonomy":"saison","embeddable":true,"href":"https:\/\/theplayoffs.news\/fr\/wp-json\/wp\/v2\/saison?post=743104"}],"curies":[{"name":"wp","href":"https:\/\/api.w.org\/{rel}","templated":true}]}}