{"id":741561,"date":"2023-07-29T10:55:11","date_gmt":"2023-07-29T08:55:11","guid":{"rendered":"https:\/\/theplayoffs.news\/fr\/?p=741561"},"modified":"2023-07-29T10:55:12","modified_gmt":"2023-07-29T08:55:12","slug":"reds-bell-prolongation-3-ans","status":"publish","type":"post","link":"https:\/\/theplayoffs.news\/fr\/actualite-mlb\/reds-bell-prolongation-3-ans\/","title":{"rendered":"Reds : Bell obtient une prolongation de 3 ans"},"content":{"rendered":"<h2>Les Cincinnati Reds sont sur les pas d&rsquo;une saison tr&egrave;s surprenante en faisant parti des contenders pour les play-offs.<\/h2><p>Lors de la soir&eacute;e o&ugrave; les <a href=\"https:\/\/theplayoffs.news\/fr\/equipe\/cincinnati-reds-mlb\/\" class=\"trk-cta-link\" data-cta-trk='{\"ctaType\":\"Link\",\"ctaSubType\":\"main\"}'>Reds<\/a> ont affront&eacute; les <a href=\"https:\/\/theplayoffs.news\/fr\/equipe\/los-angeles-dodgers-mlb\/\" class=\"trk-cta-link\" data-cta-trk='{\"ctaType\":\"Link\",\"ctaSubType\":\"main\"}'>Los Angeles Dodgers<\/a>, la franchise de Cincinnati a convenu avec le manager David Bell une prolongation de trois ans soit jusqu&rsquo;en 2026.<\/p><p>Bell, 50 ans, est presque &agrave; la fin de sa cinqui&egrave;me ann&eacute;e avec Cincinnati.&nbsp; La saison derni&egrave;re, les Reds ont perdu 100 matchs mais cette saison, la situation &agrave; Cincinnati semble avoir bascul&eacute;. En effet, apr&egrave;s leur victoire hier soir contre les Dodgers, 6-5, les Reds affichent d&eacute;sormais un bilan s&rsquo;&eacute;levant &agrave; 57 victoires et 48 d&eacute;faites. Ils sont actuellement &agrave; la deuxi&egrave;me place de la conf&eacute;rence centrale et tallonent de pr&egrave;s les <a href=\"https:\/\/theplayoffs.news\/fr\/equipe\/milwaukee-brewers-mlb\/\" class=\"trk-cta-link\" data-cta-trk='{\"ctaType\":\"Link\",\"ctaSubType\":\"main\"}'>Milwaukee Brewers<\/a>.<\/p><p>Si les Reds parviennent &agrave; s&rsquo;emparer de la premi&egrave;re place de la conf&eacute;rence centrale, ils seraient les premiers dans l&rsquo;histoire &agrave; passer d&rsquo;un bilan n&eacute;gatif &agrave; trois chiffres &agrave; un titre de division d&rsquo;une saison &agrave; l&rsquo;autre.<\/p><blockquote><p>&laquo;&nbsp;J&rsquo;adore nos joueurs&nbsp;&raquo;, a d&eacute;clar&eacute; Bell avant la victoire 6-5 des Reds lors du premier match de la s&eacute;rie contre les Dodgers de Los Angeles . &laquo;&nbsp;J&rsquo;adore notre &eacute;quipe, j&rsquo;aime la direction dans laquelle nous nous dirigeons, et je suis vraiment convaincu de la direction que nous prenons. Beaucoup de victoires &agrave; venir, beaucoup de succ&egrave;s &agrave; venir, et je suis vraiment, vraiment honor&eacute; de pouvoir fais &ccedil;a, un travail que j&rsquo;adore, dans la ville de Cincinnati.&nbsp;&raquo;<\/p>\n<p>Les Reds sont dans une situation tr&egrave;s int&eacute;ressante o&ugrave; ils disposent d&rsquo;un large panel de jeunes joueurs tr&egrave;s talentueux. En effet, entre <a href=\"https:\/\/www.espn.com\/mlb\/player\/_\/id\/4917694\/elly-de-la-cruz\" class=\"trk-cta-link\" data-cta-trk='{\"ctaType\":\"Link\",\"ctaSubType\":\"main\"}'>Elly De La Cruz<\/a>, <a href=\"https:\/\/www.espn.com\/mlb\/player\/_\/id\/39635\/hunter-greene\" class=\"trk-cta-link\" data-cta-trk='{\"ctaType\":\"Link\",\"ctaSubType\":\"main\"}'>Hunter Greene<\/a>, <a href=\"https:\/\/www.espn.com\/mlb\/player\/_\/id\/4422899\/matt-mclain\" class=\"trk-cta-link\" data-cta-trk='{\"ctaType\":\"Link\",\"ctaSubType\":\"main\"}'>Matt McLain<\/a>, <a href=\"https:\/\/www.espn.com\/mlb\/player\/_\/id\/4722857\/spencer-steer\" class=\"trk-cta-link\" data-cta-trk='{\"ctaType\":\"Link\",\"ctaSubType\":\"main\"}'>Spencer Steer<\/a> ou encore <a href=\"https:\/\/www.espn.com\/mlb\/player\/_\/id\/39216\/will-benson\" class=\"trk-cta-link\" data-cta-trk='{\"ctaType\":\"Link\",\"ctaSubType\":\"main\"}'>Will Benson<\/a> et <a href=\"https:\/\/www.espn.com\/mlb\/player\/_\/id\/4414528\/andrew-abbott\" class=\"trk-cta-link\" data-cta-trk='{\"ctaType\":\"Link\",\"ctaSubType\":\"main\"}'>Andrew Abbott.&nbsp;<\/a><\/p>\n<p>&laquo;&nbsp;Je suis ravi d&rsquo;o&ugrave; nous en sommes, je suis ravi d&rsquo;o&ugrave; nous allons&nbsp;&raquo;, a d&eacute;clar&eacute; le directeur g&eacute;n&eacute;ral des Reds, Nick Krall. &laquo;&nbsp;Sommes-nous d&eacute;j&agrave; l&agrave;? Non. Nous avons encore du travail &agrave; faire. Mais en m&ecirc;me temps, cela a &eacute;t&eacute; tr&egrave;s amusant de voir ces joueurs grandir, ces entra&icirc;neurs grandir, et notre &eacute;quipe, notre organisation, s&rsquo;am&eacute;liorer, et c&rsquo;est &agrave; partir du des ligues mineures jusqu&rsquo;aux ligues majeures.&nbsp;&raquo;<\/p><\/blockquote><p>&nbsp;<\/p>\n","protected":false},"excerpt":{"rendered":"","protected":false},"author":180310178,"featured_media":337051,"comment_status":"open","ping_status":"closed","sticky":false,"template":"","format":"standard","meta":{"inline_featured_image":false,"kia_subtitle":"","_mux_skip_reasons":[],"proofreadBy":0,"footnotes":""},"categories":[188,9],"tags":[452,29],"sport":[2786],"saison":[3453],"class_list":["post-741561","post","type-post","status-publish","format-standard","has-post-thumbnail","hentry","category-actualite-mlb","category-mlb","tag-cincinnati-reds","tag-mlb","sport-mlb","saison-3453"],"acf":[],"yoast_head":"<!-- This site is optimized with the Yoast SEO plugin v24.2 - https:\/\/yoast.com\/wordpress\/plugins\/seo\/ -->\n<title>Reds : Bell obtient une prolongation de 3 ans - The Playoffs FR<\/title>\n<meta name=\"robots\" content=\"index, follow, max-snippet:-1, max-image-preview:large, max-video-preview:-1\" \/>\n<link rel=\"canonical\" href=\"https:\/\/theplayoffs.news\/fr\/actualite-mlb\/reds-bell-prolongation-3-ans\/\" \/>\n<meta property=\"og:locale\" content=\"fr_FR\" \/>\n<meta property=\"og:type\" content=\"article\" \/>\n<meta property=\"og:title\" content=\"Reds : Bell obtient une prolongation de 3 ans - The Playoffs FR\" \/>\n<meta property=\"og:url\" content=\"https:\/\/theplayoffs.news\/fr\/actualite-mlb\/reds-bell-prolongation-3-ans\/\" \/>\n<meta property=\"og:site_name\" content=\"The Playoffs FR\" \/>\n<meta property=\"article:publisher\" content=\"https:\/\/www.facebook.com\/TheFreeAgentFR\/\" \/>\n<meta property=\"article:modified_time\" content=\"2023-07-29T10:55:12+02:00\" \/>\n<meta property=\"og:image\" content=\"https:\/\/theplayoffs.news\/fr\/wp-content\/uploads\/2022\/04\/Cincinnati-Reds.jpg\" \/>\n\t<meta property=\"og:image:width\" content=\"1920\" \/>\n\t<meta property=\"og:image:height\" content=\"1080\" \/>\n\t<meta property=\"og:image:type\" content=\"image\/jpeg\" \/>\n<meta name=\"author\" content=\"Arthur Berlemont\" \/>\n<meta name=\"twitter:card\" content=\"summary_large_image\" \/>\n<meta name=\"twitter:creator\" content=\"@TheFreeAgentFR\" \/>\n<meta name=\"twitter:site\" content=\"@TheFreeAgentFR\" \/>\n<meta name=\"twitter:label1\" content=\"\u00c9crit par\" \/>\n\t<meta name=\"twitter:data1\" content=\"Arthur Berlemont\" \/>\n\t<meta name=\"twitter:label2\" content=\"Dur\u00e9e de lecture estim\u00e9e\" \/>\n\t<meta name=\"twitter:data2\" content=\"2 minutes\" \/>\n<script type=\"application\/ld+json\" class=\"yoast-schema-graph\">{\"@context\":\"https:\/\/schema.org\",\"@graph\":[{\"@type\":\"WebPage\",\"@id\":\"https:\/\/theplayoffs.news\/fr\/actualite-mlb\/reds-bell-prolongation-3-ans\/\",\"url\":\"https:\/\/theplayoffs.news\/fr\/actualite-mlb\/reds-bell-prolongation-3-ans\/\",\"name\":\"Reds : Bell obtient une prolongation de 3 ans - The Playoffs FR\",\"isPartOf\":{\"@id\":\"https:\/\/theplayoffs.news\/fr\/#website\"},\"primaryImageOfPage\":{\"@id\":\"https:\/\/theplayoffs.news\/fr\/actualite-mlb\/reds-bell-prolongation-3-ans\/#primaryimage\"},\"image\":{\"@id\":\"https:\/\/theplayoffs.news\/fr\/actualite-mlb\/reds-bell-prolongation-3-ans\/#primaryimage\"},\"thumbnailUrl\":\"https:\/\/theplayoffs.news\/fr\/wp-content\/uploads\/2022\/04\/Cincinnati-Reds.jpg\",\"datePublished\":\"2023-07-29T08:55:11+00:00\",\"dateModified\":\"2023-07-29T08:55:12+00:00\",\"author\":{\"@id\":\"https:\/\/theplayoffs.news\/fr\/#\/schema\/person\/b6b04a451dab03a5ab75cec8912e8942\"},\"breadcrumb\":{\"@id\":\"https:\/\/theplayoffs.news\/fr\/actualite-mlb\/reds-bell-prolongation-3-ans\/#breadcrumb\"},\"inLanguage\":\"fr-FR\",\"potentialAction\":[{\"@type\":\"ReadAction\",\"target\":[\"https:\/\/theplayoffs.news\/fr\/actualite-mlb\/reds-bell-prolongation-3-ans\/\"]}]},{\"@type\":\"ImageObject\",\"inLanguage\":\"fr-FR\",\"@id\":\"https:\/\/theplayoffs.news\/fr\/actualite-mlb\/reds-bell-prolongation-3-ans\/#primaryimage\",\"url\":\"https:\/\/theplayoffs.news\/fr\/wp-content\/uploads\/2022\/04\/Cincinnati-Reds.jpg\",\"contentUrl\":\"https:\/\/theplayoffs.news\/fr\/wp-content\/uploads\/2022\/04\/Cincinnati-Reds.jpg\",\"width\":1920,\"height\":1080},{\"@type\":\"BreadcrumbList\",\"@id\":\"https:\/\/theplayoffs.news\/fr\/actualite-mlb\/reds-bell-prolongation-3-ans\/#breadcrumb\",\"itemListElement\":[{\"@type\":\"ListItem\",\"position\":1,\"name\":\"Accueil\",\"item\":\"https:\/\/theplayoffs.news\/fr\/\"},{\"@type\":\"ListItem\",\"position\":2,\"name\":\"Reds : Bell obtient une prolongation de 3 ans\"}]},{\"@type\":\"WebSite\",\"@id\":\"https:\/\/theplayoffs.news\/fr\/#website\",\"url\":\"https:\/\/theplayoffs.news\/fr\/\",\"name\":\"The Playoffs FR\",\"description\":\"NBA-NFL-NHL-MLB\",\"potentialAction\":[{\"@type\":\"SearchAction\",\"target\":{\"@type\":\"EntryPoint\",\"urlTemplate\":\"https:\/\/theplayoffs.news\/fr\/?s={search_term_string}\"},\"query-input\":{\"@type\":\"PropertyValueSpecification\",\"valueRequired\":true,\"valueName\":\"search_term_string\"}}],\"inLanguage\":\"fr-FR\"},{\"@type\":\"Person\",\"@id\":\"https:\/\/theplayoffs.news\/fr\/#\/schema\/person\/b6b04a451dab03a5ab75cec8912e8942\",\"name\":\"Arthur Berlemont\",\"image\":{\"@type\":\"ImageObject\",\"inLanguage\":\"fr-FR\",\"@id\":\"https:\/\/theplayoffs.news\/fr\/#\/schema\/person\/image\/\",\"url\":\"https:\/\/secure.gravatar.com\/avatar\/19ddab1d62ab0a19b186b86cee130432b120dd6f085625a6a6757dd1aa90a5f3?s=96&d=mm&r=g\",\"contentUrl\":\"https:\/\/secure.gravatar.com\/avatar\/19ddab1d62ab0a19b186b86cee130432b120dd6f085625a6a6757dd1aa90a5f3?s=96&d=mm&r=g\",\"caption\":\"Arthur Berlemont\"},\"description\":\"Etudiant passionn\u00e9 de sport, avant tout m\u00e9caniques, j\\\\'ai d\u00e9couvert les sports US il y a quelques ann\u00e9es. J\\\\'ai tout de suite accroch\u00e9 pour la ville de Cincinnati et ses franchises de NFL et MLB. Aujourd\\\\'hui, je suis l\u00e0 par passion dans la r\u00e9daction d\\\\'articles sur divers sports que j\\\\'affectionne.\",\"url\":\"https:\/\/theplayoffs.news\/fr\/author\/arthur-berlemontgmail-com\/\"}]}<\/script>\n<!-- \/ Yoast SEO plugin. -->","yoast_head_json":{"title":"Reds : Bell obtient une prolongation de 3 ans - The Playoffs FR","robots":{"index":"index","follow":"follow","max-snippet":"max-snippet:-1","max-image-preview":"max-image-preview:large","max-video-preview":"max-video-preview:-1"},"canonical":"https:\/\/theplayoffs.news\/fr\/actualite-mlb\/reds-bell-prolongation-3-ans\/","og_locale":"fr_FR","og_type":"article","og_title":"Reds : Bell obtient une prolongation de 3 ans - The Playoffs FR","og_url":"https:\/\/theplayoffs.news\/fr\/actualite-mlb\/reds-bell-prolongation-3-ans\/","og_site_name":"The Playoffs FR","article_publisher":"https:\/\/www.facebook.com\/TheFreeAgentFR\/","article_modified_time":"2023-07-29T08:55:12+00:00","og_image":[{"width":1920,"height":1080,"url":"https:\/\/theplayoffs.news\/fr\/wp-content\/uploads\/2022\/04\/Cincinnati-Reds.jpg","type":"image\/jpeg"}],"author":"Arthur Berlemont","twitter_card":"summary_large_image","twitter_creator":"@TheFreeAgentFR","twitter_site":"@TheFreeAgentFR","twitter_misc":{"\u00c9crit par":"Arthur Berlemont","Dur\u00e9e de lecture estim\u00e9e":"2 minutes"},"schema":{"@context":"https:\/\/schema.org","@graph":[{"@type":"WebPage","@id":"https:\/\/theplayoffs.news\/fr\/actualite-mlb\/reds-bell-prolongation-3-ans\/","url":"https:\/\/theplayoffs.news\/fr\/actualite-mlb\/reds-bell-prolongation-3-ans\/","name":"Reds : Bell obtient une prolongation de 3 ans - The Playoffs FR","isPartOf":{"@id":"https:\/\/theplayoffs.news\/fr\/#website"},"primaryImageOfPage":{"@id":"https:\/\/theplayoffs.news\/fr\/actualite-mlb\/reds-bell-prolongation-3-ans\/#primaryimage"},"image":{"@id":"https:\/\/theplayoffs.news\/fr\/actualite-mlb\/reds-bell-prolongation-3-ans\/#primaryimage"},"thumbnailUrl":"https:\/\/theplayoffs.news\/fr\/wp-content\/uploads\/2022\/04\/Cincinnati-Reds.jpg","datePublished":"2023-07-29T08:55:11+00:00","dateModified":"2023-07-29T08:55:12+00:00","author":{"@id":"https:\/\/theplayoffs.news\/fr\/#\/schema\/person\/b6b04a451dab03a5ab75cec8912e8942"},"breadcrumb":{"@id":"https:\/\/theplayoffs.news\/fr\/actualite-mlb\/reds-bell-prolongation-3-ans\/#breadcrumb"},"inLanguage":"fr-FR","potentialAction":[{"@type":"ReadAction","target":["https:\/\/theplayoffs.news\/fr\/actualite-mlb\/reds-bell-prolongation-3-ans\/"]}]},{"@type":"ImageObject","inLanguage":"fr-FR","@id":"https:\/\/theplayoffs.news\/fr\/actualite-mlb\/reds-bell-prolongation-3-ans\/#primaryimage","url":"https:\/\/theplayoffs.news\/fr\/wp-content\/uploads\/2022\/04\/Cincinnati-Reds.jpg","contentUrl":"https:\/\/theplayoffs.news\/fr\/wp-content\/uploads\/2022\/04\/Cincinnati-Reds.jpg","width":1920,"height":1080},{"@type":"BreadcrumbList","@id":"https:\/\/theplayoffs.news\/fr\/actualite-mlb\/reds-bell-prolongation-3-ans\/#breadcrumb","itemListElement":[{"@type":"ListItem","position":1,"name":"Accueil","item":"https:\/\/theplayoffs.news\/fr\/"},{"@type":"ListItem","position":2,"name":"Reds : Bell obtient une prolongation de 3 ans"}]},{"@type":"WebSite","@id":"https:\/\/theplayoffs.news\/fr\/#website","url":"https:\/\/theplayoffs.news\/fr\/","name":"The Playoffs FR","description":"NBA-NFL-NHL-MLB","potentialAction":[{"@type":"SearchAction","target":{"@type":"EntryPoint","urlTemplate":"https:\/\/theplayoffs.news\/fr\/?s={search_term_string}"},"query-input":{"@type":"PropertyValueSpecification","valueRequired":true,"valueName":"search_term_string"}}],"inLanguage":"fr-FR"},{"@type":"Person","@id":"https:\/\/theplayoffs.news\/fr\/#\/schema\/person\/b6b04a451dab03a5ab75cec8912e8942","name":"Arthur Berlemont","image":{"@type":"ImageObject","inLanguage":"fr-FR","@id":"https:\/\/theplayoffs.news\/fr\/#\/schema\/person\/image\/","url":"https:\/\/secure.gravatar.com\/avatar\/19ddab1d62ab0a19b186b86cee130432b120dd6f085625a6a6757dd1aa90a5f3?s=96&d=mm&r=g","contentUrl":"https:\/\/secure.gravatar.com\/avatar\/19ddab1d62ab0a19b186b86cee130432b120dd6f085625a6a6757dd1aa90a5f3?s=96&d=mm&r=g","caption":"Arthur Berlemont"},"description":"Etudiant passionn\u00e9 de sport, avant tout m\u00e9caniques, j\\'ai d\u00e9couvert les sports US il y a quelques ann\u00e9es. J\\'ai tout de suite accroch\u00e9 pour la ville de Cincinnati et ses franchises de NFL et MLB. Aujourd\\'hui, je suis l\u00e0 par passion dans la r\u00e9daction d\\'articles sur divers sports que j\\'affectionne.","url":"https:\/\/theplayoffs.news\/fr\/author\/arthur-berlemontgmail-com\/"}]}},"_links":{"self":[{"href":"https:\/\/theplayoffs.news\/fr\/wp-json\/wp\/v2\/posts\/741561","targetHints":{"allow":["GET"]}}],"collection":[{"href":"https:\/\/theplayoffs.news\/fr\/wp-json\/wp\/v2\/posts"}],"about":[{"href":"https:\/\/theplayoffs.news\/fr\/wp-json\/wp\/v2\/types\/post"}],"author":[{"embeddable":true,"href":"https:\/\/theplayoffs.news\/fr\/wp-json\/wp\/v2\/users\/180310178"}],"replies":[{"embeddable":true,"href":"https:\/\/theplayoffs.news\/fr\/wp-json\/wp\/v2\/comments?post=741561"}],"version-history":[{"count":3,"href":"https:\/\/theplayoffs.news\/fr\/wp-json\/wp\/v2\/posts\/741561\/revisions"}],"predecessor-version":[{"id":742707,"href":"https:\/\/theplayoffs.news\/fr\/wp-json\/wp\/v2\/posts\/741561\/revisions\/742707"}],"wp:featuredmedia":[{"embeddable":true,"href":"https:\/\/theplayoffs.news\/fr\/wp-json\/wp\/v2\/media\/337051"}],"wp:attachment":[{"href":"https:\/\/theplayoffs.news\/fr\/wp-json\/wp\/v2\/media?parent=741561"}],"wp:term":[{"taxonomy":"category","embeddable":true,"href":"https:\/\/theplayoffs.news\/fr\/wp-json\/wp\/v2\/categories?post=741561"},{"taxonomy":"post_tag","embeddable":true,"href":"https:\/\/theplayoffs.news\/fr\/wp-json\/wp\/v2\/tags?post=741561"},{"taxonomy":"sport","embeddable":true,"href":"https:\/\/theplayoffs.news\/fr\/wp-json\/wp\/v2\/sport?post=741561"},{"taxonomy":"saison","embeddable":true,"href":"https:\/\/theplayoffs.news\/fr\/wp-json\/wp\/v2\/saison?post=741561"}],"curies":[{"name":"wp","href":"https:\/\/api.w.org\/{rel}","templated":true}]}}