{"id":741141,"date":"2023-07-29T09:24:10","date_gmt":"2023-07-29T07:24:10","guid":{"rendered":"https:\/\/theplayoffs.news\/fr\/?p=741141"},"modified":"2023-07-29T09:28:04","modified_gmt":"2023-07-29T07:28:04","slug":"nolan-arenado-lenigme-des-cardinals","status":"publish","type":"post","link":"https:\/\/theplayoffs.news\/fr\/actualite-mlb\/nolan-arenado-lenigme-des-cardinals\/","title":{"rendered":"Nolan Arenado, l&rsquo;\u00e9nigme des Cardinals"},"content":{"rendered":"<h2>Lors d&rsquo;une interview d&rsquo;apr&egrave;s-match vendredi dernier, le joueur de troisi&egrave;me but All-Star des Cardinals Nolan Arenado a admis qu&rsquo;il n&rsquo;avait pas encore &eacute;t&eacute; invit&eacute; &agrave; renoncer &agrave; sa clause de non-&eacute;change compl&egrave;te.<\/h2><p>Cela survient au milieu de la performance d&eacute;cevante des Cardinals pendant la saison, un contraste frappant avec le record historique de l&rsquo;&eacute;quipe. La trajectoire actuelle de l&rsquo;&eacute;quipe, dirig&eacute;e vers sa premi&egrave;re saison perdante en plus d&rsquo;une d&eacute;cennie et demie, a jet&eacute; un voile sur les perspectives initialement optimistes d&rsquo;Arenado.<\/p><p><a href=\"https:\/\/theplayoffs.news\/fr\/joueur\/nolan-arenado-st-louis-cardinals-mlb\/\" class=\"trk-cta-link\" data-cta-trk='{\"ctaType\":\"Link\",\"ctaSubType\":\"main\"}'><strong>Nolan Arenado<\/strong><\/a>, connu pour ses comp&eacute;tences exceptionnelles et sa t&eacute;nacit&eacute; sur le terrain, avait rejoint les Cardinals avec de grands espoirs de remporter son premier titre de la S&eacute;rie mondiale. Cependant, sa foi dans la franchise semble &eacute;branl&eacute;e par leur saison d&eacute;cevante. Les Cardinals ont pass&eacute; la majeure partie de cette saison &agrave; languir au bas de la NL Central, le pr&eacute;sident de l&rsquo;&eacute;quipe John Mozeliak faisant allusion &agrave; une vente potentielle &agrave; la prochaine date limite des &eacute;changes.<\/p><blockquote><p>&laquo;&nbsp;Non, non, on ne m&rsquo;a encore rien demand&eacute;&nbsp;&raquo;, a d&eacute;clar&eacute; Arenado <a href=\"https:\/\/www.mlb.com\/news\/nolan-arenado-hasn-t-been-asked-about-waiving-no-trade-clause\" class=\"trk-cta-link\" data-cta-trk='{\"ctaType\":\"Link\",\"ctaSubType\":\"main\"}'>vendredi apr&egrave;s la d&eacute;faite 3-2<\/a> des Cardinals contre les Cubs. &laquo;&nbsp;Comme je l&rsquo;ai dit, je suis juste ici et je vais me battre. Je vais venir ici demain pr&ecirc;t &agrave; travailler et essayer d&rsquo;aider cette &eacute;quipe &agrave; gagner un match. C&rsquo;est vraiment tout ce sur quoi je me concentre en ce moment.&nbsp;&raquo;<\/p><\/blockquote><p>Malgr&eacute; ces difficult&eacute;s, Arenado, 10 fois Gold Glover, reste d&eacute;vou&eacute; &agrave; l&rsquo;&eacute;quipe, d&eacute;clarant que son objectif principal est de concourir et d&rsquo;aider son &eacute;quipe &agrave; gagner. Il envisage la possibilit&eacute; de renoncer &agrave; sa clause de non-&eacute;change, en restant &eacute;vasif sur les futurs &eacute;changes potentiels et les r&eacute;visions de la liste.<\/p><h3>La performance d&rsquo;Arenado au milieu de la tourmente de l&rsquo;&eacute;quipe<\/h3><p>Malgr&eacute; un d&eacute;but de saison d&eacute;cevant, la performance individuelle de Nolan Arenado reste notable. Apr&egrave;s un mauvais .582 OPS en avril, Nolan Arenado s&rsquo;est repris pour atteindre une moyenne impressionnante de .284, avec 22 home runs et 77 points produits, ce qui lui a valu sa huiti&egrave;me apparition au MLB All-Star Game. Sa r&eacute;silience et son talent sur le terrain ont &eacute;t&eacute; l&rsquo;un des rares points positifs d&rsquo;une saison autrement sombre des Cardinals.<\/p><p>Cependant, interrog&eacute; sur les implications de l&rsquo;&eacute;tat actuel de l&rsquo;&eacute;quipe sur son contrat, Nolan Arenado est rest&eacute; &eacute;vasif. Il a reconnu la nature fluide du club autour de la date limite et s&rsquo;est abstenu de faire des d&eacute;clarations absolues. Conform&eacute;ment &agrave; sa philosophie professionnelle, son objectif principal reste de contribuer aux performances de son &eacute;quipe sur le terrain, plut&ocirc;t que de s&rsquo;attarder sur les sp&eacute;culations commerciales.<\/p><h3>Regard vers l&rsquo;avenir : une franchise en flux<\/h3><p>Au milieu de la saison d&eacute;courageante, Arenado reste pragmatique, comprenant l&rsquo;aspect commercial du baseball. &Agrave; l&rsquo;approche de la date limite des transactions, les d&eacute;cisions prises par la direction des Cardinals pourraient avoir un impact significatif sur l&rsquo;avenir de la franchise et, par extension, sur la trajectoire de carri&egrave;re d&rsquo;Arenado.<\/p><blockquote><p>&laquo;&nbsp;Je pense que c&rsquo;est un business, et ils veulent trouver des moyens d&rsquo;am&eacute;liorer cette &eacute;quipe&nbsp;&raquo;, a d&eacute;clar&eacute; Arenado. &laquo;&nbsp;Ils font preuve de diligence raisonnable sur ce qui se passe et ce qui existe [sur le march&eacute; du commerce] et si nous avons ces discussions, nous les aurons.&nbsp;&raquo;<\/p><\/blockquote><p>Reste &agrave; savoir si les Cardinals d&eacute;cident de tirer parti de la clause de non-&eacute;change d&rsquo;Arenado ou de maintenir leur liste actuelle. Une chose est claire : l&rsquo;avenir autrefois brillant des Cardinals, renforc&eacute; par l&rsquo;ajout de l&rsquo;un des meilleurs 3&egrave; base actuel, est maintenant assombri par l&rsquo;incertitude. Cette saison pourrait en effet marquer un tournant pour la franchise, suscitant de s&eacute;rieuses interrogations sur la gestion du roster et l&rsquo;orientation strat&eacute;gique.<\/p><p>L&rsquo;histoire des Cardinals cette saison t&eacute;moigne de l&rsquo;impr&eacute;visibilit&eacute; et de la cruaut&eacute; du baseball professionnel, o&ugrave; de grands espoirs peuvent rapidement &ecirc;tre an&eacute;antis par une s&eacute;rie de d&eacute;faites. Comme l&rsquo;a astucieusement dit Nolan Arenado :<\/p><blockquote><p>&laquo;&nbsp;Vous ne savez jamais ce qui se passe dans un an et vous ne savez pas ce qui se passe demain.&nbsp;&raquo;<\/p><\/blockquote>\n","protected":false},"excerpt":{"rendered":"","protected":false},"author":13,"featured_media":741189,"comment_status":"open","ping_status":"closed","sticky":false,"template":"","format":"standard","meta":{"inline_featured_image":false,"kia_subtitle":"","_mux_skip_reasons":[],"proofreadBy":0,"footnotes":""},"categories":[188,9],"tags":[1872,1079],"sport":[],"saison":[],"class_list":["post-741141","post","type-post","status-publish","format-standard","has-post-thumbnail","hentry","category-actualite-mlb","category-mlb","tag-nolan-arenado","tag-saint-louis-cardinals"],"acf":[],"yoast_head":"<!-- This site is optimized with the Yoast SEO plugin v24.2 - https:\/\/yoast.com\/wordpress\/plugins\/seo\/ -->\n<title>Nolan Arenado, l&#039;&eacute;nigme des Cardinals - The Playoffs FR<\/title>\n<meta name=\"robots\" content=\"index, follow, max-snippet:-1, max-image-preview:large, max-video-preview:-1\" \/>\n<link rel=\"canonical\" href=\"https:\/\/theplayoffs.news\/fr\/actualite-mlb\/nolan-arenado-lenigme-des-cardinals\/\" \/>\n<meta property=\"og:locale\" content=\"fr_FR\" \/>\n<meta property=\"og:type\" content=\"article\" \/>\n<meta property=\"og:title\" content=\"Nolan Arenado, l&#039;&eacute;nigme des Cardinals - The Playoffs FR\" \/>\n<meta property=\"og:url\" content=\"https:\/\/theplayoffs.news\/fr\/actualite-mlb\/nolan-arenado-lenigme-des-cardinals\/\" \/>\n<meta property=\"og:site_name\" content=\"The Playoffs FR\" \/>\n<meta property=\"article:publisher\" content=\"https:\/\/www.facebook.com\/TheFreeAgentFR\/\" \/>\n<meta property=\"article:modified_time\" content=\"2023-07-29T09:28:04+02:00\" \/>\n<meta property=\"og:image\" content=\"https:\/\/theplayoffs.news\/fr\/wp-content\/uploads\/2023\/07\/Capture-decran-2023-07-29-a-09.09.39.jpg\" \/>\n\t<meta property=\"og:image:width\" content=\"1897\" \/>\n\t<meta property=\"og:image:height\" content=\"1049\" \/>\n\t<meta property=\"og:image:type\" content=\"image\/jpeg\" \/>\n<meta name=\"author\" content=\"Charles Taudin\" \/>\n<meta name=\"twitter:card\" content=\"summary_large_image\" \/>\n<meta name=\"twitter:creator\" content=\"@TheFreeAgentFR\" \/>\n<meta name=\"twitter:site\" content=\"@TheFreeAgentFR\" \/>\n<meta name=\"twitter:label1\" content=\"\u00c9crit par\" \/>\n\t<meta name=\"twitter:data1\" content=\"Charles Taudin\" \/>\n\t<meta name=\"twitter:label2\" content=\"Dur\u00e9e de lecture estim\u00e9e\" \/>\n\t<meta name=\"twitter:data2\" content=\"3 minutes\" \/>\n<script type=\"application\/ld+json\" class=\"yoast-schema-graph\">{\"@context\":\"https:\/\/schema.org\",\"@graph\":[{\"@type\":\"WebPage\",\"@id\":\"https:\/\/theplayoffs.news\/fr\/actualite-mlb\/nolan-arenado-lenigme-des-cardinals\/\",\"url\":\"https:\/\/theplayoffs.news\/fr\/actualite-mlb\/nolan-arenado-lenigme-des-cardinals\/\",\"name\":\"Nolan Arenado, l\\\\'\u00e9nigme des Cardinals - The Playoffs FR\",\"isPartOf\":{\"@id\":\"https:\/\/theplayoffs.news\/fr\/#website\"},\"primaryImageOfPage\":{\"@id\":\"https:\/\/theplayoffs.news\/fr\/actualite-mlb\/nolan-arenado-lenigme-des-cardinals\/#primaryimage\"},\"image\":{\"@id\":\"https:\/\/theplayoffs.news\/fr\/actualite-mlb\/nolan-arenado-lenigme-des-cardinals\/#primaryimage\"},\"thumbnailUrl\":\"https:\/\/theplayoffs.news\/fr\/wp-content\/uploads\/2023\/07\/Capture-decran-2023-07-29-a-09.09.39.jpg\",\"datePublished\":\"2023-07-29T07:24:10+00:00\",\"dateModified\":\"2023-07-29T07:28:04+00:00\",\"author\":{\"@id\":\"https:\/\/theplayoffs.news\/fr\/#\/schema\/person\/eee5b69ad5d3c51cabe881c839dbe133\"},\"breadcrumb\":{\"@id\":\"https:\/\/theplayoffs.news\/fr\/actualite-mlb\/nolan-arenado-lenigme-des-cardinals\/#breadcrumb\"},\"inLanguage\":\"fr-FR\",\"potentialAction\":[{\"@type\":\"ReadAction\",\"target\":[\"https:\/\/theplayoffs.news\/fr\/actualite-mlb\/nolan-arenado-lenigme-des-cardinals\/\"]}]},{\"@type\":\"ImageObject\",\"inLanguage\":\"fr-FR\",\"@id\":\"https:\/\/theplayoffs.news\/fr\/actualite-mlb\/nolan-arenado-lenigme-des-cardinals\/#primaryimage\",\"url\":\"https:\/\/theplayoffs.news\/fr\/wp-content\/uploads\/2023\/07\/Capture-decran-2023-07-29-a-09.09.39.jpg\",\"contentUrl\":\"https:\/\/theplayoffs.news\/fr\/wp-content\/uploads\/2023\/07\/Capture-decran-2023-07-29-a-09.09.39.jpg\",\"width\":1897,\"height\":1049,\"caption\":\"Nolan Arenado\"},{\"@type\":\"BreadcrumbList\",\"@id\":\"https:\/\/theplayoffs.news\/fr\/actualite-mlb\/nolan-arenado-lenigme-des-cardinals\/#breadcrumb\",\"itemListElement\":[{\"@type\":\"ListItem\",\"position\":1,\"name\":\"Accueil\",\"item\":\"https:\/\/theplayoffs.news\/fr\/\"},{\"@type\":\"ListItem\",\"position\":2,\"name\":\"Nolan Arenado, l&rsquo;\u00e9nigme des Cardinals\"}]},{\"@type\":\"WebSite\",\"@id\":\"https:\/\/theplayoffs.news\/fr\/#website\",\"url\":\"https:\/\/theplayoffs.news\/fr\/\",\"name\":\"The Playoffs FR\",\"description\":\"NBA-NFL-NHL-MLB\",\"potentialAction\":[{\"@type\":\"SearchAction\",\"target\":{\"@type\":\"EntryPoint\",\"urlTemplate\":\"https:\/\/theplayoffs.news\/fr\/?s={search_term_string}\"},\"query-input\":{\"@type\":\"PropertyValueSpecification\",\"valueRequired\":true,\"valueName\":\"search_term_string\"}}],\"inLanguage\":\"fr-FR\"},{\"@type\":\"Person\",\"@id\":\"https:\/\/theplayoffs.news\/fr\/#\/schema\/person\/eee5b69ad5d3c51cabe881c839dbe133\",\"name\":\"Charles Taudin\",\"image\":{\"@type\":\"ImageObject\",\"inLanguage\":\"fr-FR\",\"@id\":\"https:\/\/theplayoffs.news\/fr\/#\/schema\/person\/image\/\",\"url\":\"https:\/\/secure.gravatar.com\/avatar\/59a1e772205ce9fd255edfcafc93013736822e20261f294c5753b20c41ede9f2?s=96&d=mm&r=g\",\"contentUrl\":\"https:\/\/secure.gravatar.com\/avatar\/59a1e772205ce9fd255edfcafc93013736822e20261f294c5753b20c41ede9f2?s=96&d=mm&r=g\",\"caption\":\"Charles Taudin\"},\"description\":\"R\u00e9dacteur en chef global de The Playoffs, j\u2019ai cr\u00e9\u00e9 The Free Agent, devenu The Playoffs FR, en 2020 durant la pand\u00e9mie. Amoureux depuis des ann\u00e9es des 4 sports majeurs am\u00e9ricains, j\u2019organise maintenant la strat\u00e9gie \u00e9ditoriale et les r\u00e9seaux sociaux de l\u2019ensemble des versions de The Playoffs. Il m\u2019arrive encore d\u2019\u00e9crire sur certains sports que j\u2019affectionne particuli\u00e8rement comme la NFL ou la MLB. Si vous devez retenir qu\u2019une chose : Eli Manning est le vrai GOAT pour avoir battu deux fois Tom Brady.\",\"sameAs\":[\"https:\/\/www.instagram.com\/ctaudin_\/\"],\"url\":\"https:\/\/theplayoffs.news\/fr\/author\/charles-taudin\/\"}]}<\/script>\n<!-- \/ Yoast SEO plugin. -->","yoast_head_json":{"title":"Nolan Arenado, l&#039;&eacute;nigme des Cardinals - The Playoffs FR","robots":{"index":"index","follow":"follow","max-snippet":"max-snippet:-1","max-image-preview":"max-image-preview:large","max-video-preview":"max-video-preview:-1"},"canonical":"https:\/\/theplayoffs.news\/fr\/actualite-mlb\/nolan-arenado-lenigme-des-cardinals\/","og_locale":"fr_FR","og_type":"article","og_title":"Nolan Arenado, l&#039;&eacute;nigme des Cardinals - The Playoffs FR","og_url":"https:\/\/theplayoffs.news\/fr\/actualite-mlb\/nolan-arenado-lenigme-des-cardinals\/","og_site_name":"The Playoffs FR","article_publisher":"https:\/\/www.facebook.com\/TheFreeAgentFR\/","article_modified_time":"2023-07-29T07:28:04+00:00","og_image":[{"width":1897,"height":1049,"url":"https:\/\/theplayoffs.news\/fr\/wp-content\/uploads\/2023\/07\/Capture-decran-2023-07-29-a-09.09.39.jpg","type":"image\/jpeg"}],"author":"Charles Taudin","twitter_card":"summary_large_image","twitter_creator":"@TheFreeAgentFR","twitter_site":"@TheFreeAgentFR","twitter_misc":{"\u00c9crit par":"Charles Taudin","Dur\u00e9e de lecture estim\u00e9e":"3 minutes"},"schema":{"@context":"https:\/\/schema.org","@graph":[{"@type":"WebPage","@id":"https:\/\/theplayoffs.news\/fr\/actualite-mlb\/nolan-arenado-lenigme-des-cardinals\/","url":"https:\/\/theplayoffs.news\/fr\/actualite-mlb\/nolan-arenado-lenigme-des-cardinals\/","name":"Nolan Arenado, l\\'\u00e9nigme des Cardinals - The Playoffs FR","isPartOf":{"@id":"https:\/\/theplayoffs.news\/fr\/#website"},"primaryImageOfPage":{"@id":"https:\/\/theplayoffs.news\/fr\/actualite-mlb\/nolan-arenado-lenigme-des-cardinals\/#primaryimage"},"image":{"@id":"https:\/\/theplayoffs.news\/fr\/actualite-mlb\/nolan-arenado-lenigme-des-cardinals\/#primaryimage"},"thumbnailUrl":"https:\/\/theplayoffs.news\/fr\/wp-content\/uploads\/2023\/07\/Capture-decran-2023-07-29-a-09.09.39.jpg","datePublished":"2023-07-29T07:24:10+00:00","dateModified":"2023-07-29T07:28:04+00:00","author":{"@id":"https:\/\/theplayoffs.news\/fr\/#\/schema\/person\/eee5b69ad5d3c51cabe881c839dbe133"},"breadcrumb":{"@id":"https:\/\/theplayoffs.news\/fr\/actualite-mlb\/nolan-arenado-lenigme-des-cardinals\/#breadcrumb"},"inLanguage":"fr-FR","potentialAction":[{"@type":"ReadAction","target":["https:\/\/theplayoffs.news\/fr\/actualite-mlb\/nolan-arenado-lenigme-des-cardinals\/"]}]},{"@type":"ImageObject","inLanguage":"fr-FR","@id":"https:\/\/theplayoffs.news\/fr\/actualite-mlb\/nolan-arenado-lenigme-des-cardinals\/#primaryimage","url":"https:\/\/theplayoffs.news\/fr\/wp-content\/uploads\/2023\/07\/Capture-decran-2023-07-29-a-09.09.39.jpg","contentUrl":"https:\/\/theplayoffs.news\/fr\/wp-content\/uploads\/2023\/07\/Capture-decran-2023-07-29-a-09.09.39.jpg","width":1897,"height":1049,"caption":"Nolan Arenado"},{"@type":"BreadcrumbList","@id":"https:\/\/theplayoffs.news\/fr\/actualite-mlb\/nolan-arenado-lenigme-des-cardinals\/#breadcrumb","itemListElement":[{"@type":"ListItem","position":1,"name":"Accueil","item":"https:\/\/theplayoffs.news\/fr\/"},{"@type":"ListItem","position":2,"name":"Nolan Arenado, l&rsquo;\u00e9nigme des Cardinals"}]},{"@type":"WebSite","@id":"https:\/\/theplayoffs.news\/fr\/#website","url":"https:\/\/theplayoffs.news\/fr\/","name":"The Playoffs FR","description":"NBA-NFL-NHL-MLB","potentialAction":[{"@type":"SearchAction","target":{"@type":"EntryPoint","urlTemplate":"https:\/\/theplayoffs.news\/fr\/?s={search_term_string}"},"query-input":{"@type":"PropertyValueSpecification","valueRequired":true,"valueName":"search_term_string"}}],"inLanguage":"fr-FR"},{"@type":"Person","@id":"https:\/\/theplayoffs.news\/fr\/#\/schema\/person\/eee5b69ad5d3c51cabe881c839dbe133","name":"Charles Taudin","image":{"@type":"ImageObject","inLanguage":"fr-FR","@id":"https:\/\/theplayoffs.news\/fr\/#\/schema\/person\/image\/","url":"https:\/\/secure.gravatar.com\/avatar\/59a1e772205ce9fd255edfcafc93013736822e20261f294c5753b20c41ede9f2?s=96&d=mm&r=g","contentUrl":"https:\/\/secure.gravatar.com\/avatar\/59a1e772205ce9fd255edfcafc93013736822e20261f294c5753b20c41ede9f2?s=96&d=mm&r=g","caption":"Charles Taudin"},"description":"R\u00e9dacteur en chef global de The Playoffs, j\u2019ai cr\u00e9\u00e9 The Free Agent, devenu The Playoffs FR, en 2020 durant la pand\u00e9mie. Amoureux depuis des ann\u00e9es des 4 sports majeurs am\u00e9ricains, j\u2019organise maintenant la strat\u00e9gie \u00e9ditoriale et les r\u00e9seaux sociaux de l\u2019ensemble des versions de The Playoffs. Il m\u2019arrive encore d\u2019\u00e9crire sur certains sports que j\u2019affectionne particuli\u00e8rement comme la NFL ou la MLB. Si vous devez retenir qu\u2019une chose : Eli Manning est le vrai GOAT pour avoir battu deux fois Tom Brady.","sameAs":["https:\/\/www.instagram.com\/ctaudin_\/"],"url":"https:\/\/theplayoffs.news\/fr\/author\/charles-taudin\/"}]}},"_links":{"self":[{"href":"https:\/\/theplayoffs.news\/fr\/wp-json\/wp\/v2\/posts\/741141","targetHints":{"allow":["GET"]}}],"collection":[{"href":"https:\/\/theplayoffs.news\/fr\/wp-json\/wp\/v2\/posts"}],"about":[{"href":"https:\/\/theplayoffs.news\/fr\/wp-json\/wp\/v2\/types\/post"}],"author":[{"embeddable":true,"href":"https:\/\/theplayoffs.news\/fr\/wp-json\/wp\/v2\/users\/13"}],"replies":[{"embeddable":true,"href":"https:\/\/theplayoffs.news\/fr\/wp-json\/wp\/v2\/comments?post=741141"}],"version-history":[{"count":3,"href":"https:\/\/theplayoffs.news\/fr\/wp-json\/wp\/v2\/posts\/741141\/revisions"}],"predecessor-version":[{"id":741202,"href":"https:\/\/theplayoffs.news\/fr\/wp-json\/wp\/v2\/posts\/741141\/revisions\/741202"}],"wp:featuredmedia":[{"embeddable":true,"href":"https:\/\/theplayoffs.news\/fr\/wp-json\/wp\/v2\/media\/741189"}],"wp:attachment":[{"href":"https:\/\/theplayoffs.news\/fr\/wp-json\/wp\/v2\/media?parent=741141"}],"wp:term":[{"taxonomy":"category","embeddable":true,"href":"https:\/\/theplayoffs.news\/fr\/wp-json\/wp\/v2\/categories?post=741141"},{"taxonomy":"post_tag","embeddable":true,"href":"https:\/\/theplayoffs.news\/fr\/wp-json\/wp\/v2\/tags?post=741141"},{"taxonomy":"sport","embeddable":true,"href":"https:\/\/theplayoffs.news\/fr\/wp-json\/wp\/v2\/sport?post=741141"},{"taxonomy":"saison","embeddable":true,"href":"https:\/\/theplayoffs.news\/fr\/wp-json\/wp\/v2\/saison?post=741141"}],"curies":[{"name":"wp","href":"https:\/\/api.w.org\/{rel}","templated":true}]}}