{"id":740086,"date":"2023-07-28T16:45:17","date_gmt":"2023-07-28T14:45:17","guid":{"rendered":"https:\/\/theplayoffs.news\/fr\/?p=740086"},"modified":"2023-07-28T16:48:05","modified_gmt":"2023-07-28T14:48:05","slug":"pas-nouveau-contrat-jonathan-taylor","status":"publish","type":"post","link":"https:\/\/theplayoffs.news\/fr\/actualite-nfl\/pas-nouveau-contrat-jonathan-taylor\/","title":{"rendered":"Pas de nouveau contrat propos\u00e9 \u00e0 Jonathan Taylor"},"content":{"rendered":"<h2>Dans une semaine marqu&eacute;e par des dilemmes contractuels et des d&eacute;bats en cours sur la valeur inh&eacute;rente du march&eacute; des running back, l&rsquo;organisation des Colts d&rsquo;Indianapolis et son running back &eacute;toile Jonathan Taylor sont de mani&egrave;re inattendue sous les projecteurs.<\/h2><p>Le propri&eacute;taire Jim Irsay a r&eacute;v&eacute;l&eacute; ce jeudi qu&rsquo;aucune offre de contrat n&rsquo;avait &eacute;t&eacute; &eacute;tendue &agrave; Taylor, qui devrait entrer dans la derni&egrave;re ann&eacute;e de son contrat de recrue en 2023.<\/p><h3>Un march&eacute; en &eacute;bullition: l&rsquo;&eacute;nigme du running back en NFL<\/h3><p>La r&eacute;ticence des Colts &agrave; engager des discussions contractuelles avec leur joueur offensif cl&eacute; a fait des vagues dans toute la NFL. Dans une atmosph&egrave;re de m&eacute;contentement, plusieurs running back, dont Taylor, expriment leurs inqui&eacute;tudes quant &agrave; leur sous-appr&eacute;ciation per&ccedil;ue.<\/p><p>Notamment, <a href=\"https:\/\/theplayoffs.news\/fr\/nfl\/saquon-barkley-cest-comme-ca\/\" class=\"trk-cta-link\" data-cta-trk='{\"ctaType\":\"Link\",\"ctaSubType\":\"main\"}'><strong>Saquon Barkley<\/strong><\/a>, Josh Jacobs et Tony Pollard n&rsquo;ont tous pas sign&eacute; d&rsquo;accords &agrave; long terme avec leurs &eacute;quipes respectives la semaine derni&egrave;re, ce qui a conduit &agrave; une discussion &agrave; l&rsquo;&eacute;chelle de l&rsquo;industrie sur la valeur du poste.<\/p><p>Austin Ekeler, le running back dynamique des Chargers de Los Angeles, a organis&eacute; un appel Zoom o&ugrave; de nombreux running back de la NFL ont discut&eacute; de leur situation, indiquant clairement la gravit&eacute; du probl&egrave;me &agrave; r&eacute;soudre. Il a &eacute;t&eacute; rapport&eacute; par <a href=\"https:\/\/twitter.com\/RapSheet\/status\/1683839098073792514\" class=\"trk-cta-link\" data-cta-trk='{\"ctaType\":\"Link\",\"ctaSubType\":\"main\"}'>Ian Rapoport de NFL Network<\/a> que <a href=\"https:\/\/theplayoffs.news\/fr\/joueur\/jonathan-taylor-nfl-8484670\/\" class=\"trk-cta-link\" data-cta-trk='{\"ctaType\":\"Link\",\"ctaSubType\":\"main\"}'><strong>Jonathan Taylor<\/strong><\/a> faisait partie de cet appel et &eacute;tait &laquo; visiblement frustr&eacute; &raquo; par sa situation contractuelle actuelle.<\/p><h3>L&rsquo;&eacute;nigme de la valeur de Taylor et de la position des Colts<\/h3><p>La d&eacute;cision des Colts de ne pas encore s&rsquo;engager avec Jonathan Taylor dans des discussions contractuelles est intrigante, compte tenu de ses prodigieuses contributions sur le terrain.<\/p><p>Le joueur de 24 ans, initialement s&eacute;lectionn&eacute; au deuxi&egrave;me tour du rep&ecirc;chage de la NFL 2020, a eu un impact imm&eacute;diat dans la NFL. Sa performance en 2021, menant la ligue avec 1811 yards au sol et 18 touchdowns, lui a valu les honneurs du Pro Bowl et de la premi&egrave;re &eacute;quipe All-Pro, bien que sa performance ait diminu&eacute; l&rsquo;ann&eacute;e suivante en raison de blessures.<\/p><p>Cependant, malgr&eacute; un recul la saison derni&egrave;re, le record potentiel et &eacute;prouv&eacute; de Taylor sugg&egrave;re qu&rsquo;il vaut plus que son salaire de base actuel de 4,3 millions de dollars pour 2023. Pourtant, l&rsquo;h&eacute;sitation des Colts &agrave; engager des n&eacute;gociations refl&egrave;te une tendance plus large dans la NFL, o&ugrave; les &eacute;quipes pourraient pr&eacute;f&egrave;rent placer le franchise tag sur les running back plut&ocirc;t que de s&rsquo;engager dans des accords &agrave; long terme.<\/p><p>Alors qu&rsquo;Irsay a exprim&eacute; son optimisme quant &agrave; l&rsquo;avenir de Taylor avec les Colts, l&rsquo;absence actuelle de n&eacute;gociation signale une intersaison potentiellement orageuse.<\/p><blockquote><p>&laquo;&nbsp;Nous aimons Jonathan, nous avons besoin de Jonathan. Notre espoir est que Jonathan ait une ann&eacute;e exceptionnelle et que nous ayons une bonne ann&eacute;e en &eacute;quipe, puis nous obtenons son prochain contrat. C&rsquo;est l&rsquo;espoir. Nous pensons que le monde de lui en tant que personne, en tant que joueur. C&rsquo;est juste une question de timing. Quand vient le temps d&rsquo;&ecirc;tre pay&eacute;, alors vous &ecirc;tes pay&eacute;.&nbsp;&raquo;, a insist&eacute; Irsay, exprimant son espoir de faire signer &agrave; nouveau le joueur.<\/p><\/blockquote><p>Mais avec les d&eacute;veloppements r&eacute;cents, il semble que &laquo;&nbsp;quand le moment est venu d&rsquo;&ecirc;tre pay&eacute;, alors vous &ecirc;tes pay&eacute;&nbsp;&raquo; pourrait avoir une signification plus profonde pour Jonathan Taylor et ses coll&egrave;gues running back.<\/p>\n","protected":false},"excerpt":{"rendered":"","protected":false},"author":13,"featured_media":740087,"comment_status":"open","ping_status":"closed","sticky":false,"template":"","format":"standard","meta":{"inline_featured_image":false,"kia_subtitle":"","_mux_skip_reasons":[],"proofreadBy":0,"footnotes":""},"categories":[118,40],"tags":[509,984],"sport":[],"saison":[],"class_list":["post-740086","post","type-post","status-publish","format-standard","has-post-thumbnail","hentry","category-actualite-nfl","category-nfl","tag-indianapolis-colts","tag-jonathan-taylor"],"acf":[],"yoast_head":"<!-- This site is optimized with the Yoast SEO plugin v24.2 - https:\/\/yoast.com\/wordpress\/plugins\/seo\/ -->\n<title>Pas de nouveau contrat propos&eacute; &agrave; Jonathan Taylor - The Playoffs FR<\/title>\n<meta name=\"robots\" content=\"index, follow, max-snippet:-1, max-image-preview:large, max-video-preview:-1\" \/>\n<link rel=\"canonical\" href=\"https:\/\/theplayoffs.news\/fr\/actualite-nfl\/pas-nouveau-contrat-jonathan-taylor\/\" \/>\n<meta property=\"og:locale\" content=\"fr_FR\" \/>\n<meta property=\"og:type\" content=\"article\" \/>\n<meta property=\"og:title\" content=\"Pas de nouveau contrat propos&eacute; &agrave; Jonathan Taylor - The Playoffs FR\" \/>\n<meta property=\"og:url\" content=\"https:\/\/theplayoffs.news\/fr\/actualite-nfl\/pas-nouveau-contrat-jonathan-taylor\/\" \/>\n<meta property=\"og:site_name\" content=\"The Playoffs FR\" \/>\n<meta property=\"article:publisher\" content=\"https:\/\/www.facebook.com\/TheFreeAgentFR\/\" \/>\n<meta property=\"article:modified_time\" content=\"2023-07-28T16:48:05+02:00\" \/>\n<meta property=\"og:image\" content=\"https:\/\/theplayoffs.news\/fr\/wp-content\/uploads\/2023\/07\/Capture-decran-2023-07-28-a-16.27.14.jpg\" \/>\n\t<meta property=\"og:image:width\" content=\"1904\" \/>\n\t<meta property=\"og:image:height\" content=\"1059\" \/>\n\t<meta property=\"og:image:type\" content=\"image\/jpeg\" \/>\n<meta name=\"author\" content=\"Charles Taudin\" \/>\n<meta name=\"twitter:card\" content=\"summary_large_image\" \/>\n<meta name=\"twitter:creator\" content=\"@TheFreeAgentFR\" \/>\n<meta name=\"twitter:site\" content=\"@TheFreeAgentFR\" \/>\n<meta name=\"twitter:label1\" content=\"\u00c9crit par\" \/>\n\t<meta name=\"twitter:data1\" content=\"Charles Taudin\" \/>\n\t<meta name=\"twitter:label2\" content=\"Dur\u00e9e de lecture estim\u00e9e\" \/>\n\t<meta name=\"twitter:data2\" content=\"3 minutes\" \/>\n<script type=\"application\/ld+json\" class=\"yoast-schema-graph\">{\"@context\":\"https:\/\/schema.org\",\"@graph\":[{\"@type\":\"WebPage\",\"@id\":\"https:\/\/theplayoffs.news\/fr\/actualite-nfl\/pas-nouveau-contrat-jonathan-taylor\/\",\"url\":\"https:\/\/theplayoffs.news\/fr\/actualite-nfl\/pas-nouveau-contrat-jonathan-taylor\/\",\"name\":\"Pas de nouveau contrat propos\u00e9 \u00e0 Jonathan Taylor - The Playoffs FR\",\"isPartOf\":{\"@id\":\"https:\/\/theplayoffs.news\/fr\/#website\"},\"primaryImageOfPage\":{\"@id\":\"https:\/\/theplayoffs.news\/fr\/actualite-nfl\/pas-nouveau-contrat-jonathan-taylor\/#primaryimage\"},\"image\":{\"@id\":\"https:\/\/theplayoffs.news\/fr\/actualite-nfl\/pas-nouveau-contrat-jonathan-taylor\/#primaryimage\"},\"thumbnailUrl\":\"https:\/\/theplayoffs.news\/fr\/wp-content\/uploads\/2023\/07\/Capture-decran-2023-07-28-a-16.27.14.jpg\",\"datePublished\":\"2023-07-28T14:45:17+00:00\",\"dateModified\":\"2023-07-28T14:48:05+00:00\",\"author\":{\"@id\":\"https:\/\/theplayoffs.news\/fr\/#\/schema\/person\/eee5b69ad5d3c51cabe881c839dbe133\"},\"breadcrumb\":{\"@id\":\"https:\/\/theplayoffs.news\/fr\/actualite-nfl\/pas-nouveau-contrat-jonathan-taylor\/#breadcrumb\"},\"inLanguage\":\"fr-FR\",\"potentialAction\":[{\"@type\":\"ReadAction\",\"target\":[\"https:\/\/theplayoffs.news\/fr\/actualite-nfl\/pas-nouveau-contrat-jonathan-taylor\/\"]}]},{\"@type\":\"ImageObject\",\"inLanguage\":\"fr-FR\",\"@id\":\"https:\/\/theplayoffs.news\/fr\/actualite-nfl\/pas-nouveau-contrat-jonathan-taylor\/#primaryimage\",\"url\":\"https:\/\/theplayoffs.news\/fr\/wp-content\/uploads\/2023\/07\/Capture-decran-2023-07-28-a-16.27.14.jpg\",\"contentUrl\":\"https:\/\/theplayoffs.news\/fr\/wp-content\/uploads\/2023\/07\/Capture-decran-2023-07-28-a-16.27.14.jpg\",\"width\":1904,\"height\":1059,\"caption\":\"Jonathan Taylor\"},{\"@type\":\"BreadcrumbList\",\"@id\":\"https:\/\/theplayoffs.news\/fr\/actualite-nfl\/pas-nouveau-contrat-jonathan-taylor\/#breadcrumb\",\"itemListElement\":[{\"@type\":\"ListItem\",\"position\":1,\"name\":\"Accueil\",\"item\":\"https:\/\/theplayoffs.news\/fr\/\"},{\"@type\":\"ListItem\",\"position\":2,\"name\":\"Pas de nouveau contrat propos\u00e9 \u00e0 Jonathan Taylor\"}]},{\"@type\":\"WebSite\",\"@id\":\"https:\/\/theplayoffs.news\/fr\/#website\",\"url\":\"https:\/\/theplayoffs.news\/fr\/\",\"name\":\"The Playoffs FR\",\"description\":\"NBA-NFL-NHL-MLB\",\"potentialAction\":[{\"@type\":\"SearchAction\",\"target\":{\"@type\":\"EntryPoint\",\"urlTemplate\":\"https:\/\/theplayoffs.news\/fr\/?s={search_term_string}\"},\"query-input\":{\"@type\":\"PropertyValueSpecification\",\"valueRequired\":true,\"valueName\":\"search_term_string\"}}],\"inLanguage\":\"fr-FR\"},{\"@type\":\"Person\",\"@id\":\"https:\/\/theplayoffs.news\/fr\/#\/schema\/person\/eee5b69ad5d3c51cabe881c839dbe133\",\"name\":\"Charles Taudin\",\"image\":{\"@type\":\"ImageObject\",\"inLanguage\":\"fr-FR\",\"@id\":\"https:\/\/theplayoffs.news\/fr\/#\/schema\/person\/image\/\",\"url\":\"https:\/\/secure.gravatar.com\/avatar\/59a1e772205ce9fd255edfcafc93013736822e20261f294c5753b20c41ede9f2?s=96&d=mm&r=g\",\"contentUrl\":\"https:\/\/secure.gravatar.com\/avatar\/59a1e772205ce9fd255edfcafc93013736822e20261f294c5753b20c41ede9f2?s=96&d=mm&r=g\",\"caption\":\"Charles Taudin\"},\"description\":\"R\u00e9dacteur en chef global de The Playoffs, j\u2019ai cr\u00e9\u00e9 The Free Agent, devenu The Playoffs FR, en 2020 durant la pand\u00e9mie. Amoureux depuis des ann\u00e9es des 4 sports majeurs am\u00e9ricains, j\u2019organise maintenant la strat\u00e9gie \u00e9ditoriale et les r\u00e9seaux sociaux de l\u2019ensemble des versions de The Playoffs. Il m\u2019arrive encore d\u2019\u00e9crire sur certains sports que j\u2019affectionne particuli\u00e8rement comme la NFL ou la MLB. Si vous devez retenir qu\u2019une chose : Eli Manning est le vrai GOAT pour avoir battu deux fois Tom Brady.\",\"sameAs\":[\"https:\/\/www.instagram.com\/ctaudin_\/\"],\"url\":\"https:\/\/theplayoffs.news\/fr\/author\/charles-taudin\/\"}]}<\/script>\n<!-- \/ Yoast SEO plugin. -->","yoast_head_json":{"title":"Pas de nouveau contrat propos&eacute; &agrave; Jonathan Taylor - The Playoffs FR","robots":{"index":"index","follow":"follow","max-snippet":"max-snippet:-1","max-image-preview":"max-image-preview:large","max-video-preview":"max-video-preview:-1"},"canonical":"https:\/\/theplayoffs.news\/fr\/actualite-nfl\/pas-nouveau-contrat-jonathan-taylor\/","og_locale":"fr_FR","og_type":"article","og_title":"Pas de nouveau contrat propos&eacute; &agrave; Jonathan Taylor - The Playoffs FR","og_url":"https:\/\/theplayoffs.news\/fr\/actualite-nfl\/pas-nouveau-contrat-jonathan-taylor\/","og_site_name":"The Playoffs FR","article_publisher":"https:\/\/www.facebook.com\/TheFreeAgentFR\/","article_modified_time":"2023-07-28T14:48:05+00:00","og_image":[{"width":1904,"height":1059,"url":"https:\/\/theplayoffs.news\/fr\/wp-content\/uploads\/2023\/07\/Capture-decran-2023-07-28-a-16.27.14.jpg","type":"image\/jpeg"}],"author":"Charles Taudin","twitter_card":"summary_large_image","twitter_creator":"@TheFreeAgentFR","twitter_site":"@TheFreeAgentFR","twitter_misc":{"\u00c9crit par":"Charles Taudin","Dur\u00e9e de lecture estim\u00e9e":"3 minutes"},"schema":{"@context":"https:\/\/schema.org","@graph":[{"@type":"WebPage","@id":"https:\/\/theplayoffs.news\/fr\/actualite-nfl\/pas-nouveau-contrat-jonathan-taylor\/","url":"https:\/\/theplayoffs.news\/fr\/actualite-nfl\/pas-nouveau-contrat-jonathan-taylor\/","name":"Pas de nouveau contrat propos\u00e9 \u00e0 Jonathan Taylor - The Playoffs FR","isPartOf":{"@id":"https:\/\/theplayoffs.news\/fr\/#website"},"primaryImageOfPage":{"@id":"https:\/\/theplayoffs.news\/fr\/actualite-nfl\/pas-nouveau-contrat-jonathan-taylor\/#primaryimage"},"image":{"@id":"https:\/\/theplayoffs.news\/fr\/actualite-nfl\/pas-nouveau-contrat-jonathan-taylor\/#primaryimage"},"thumbnailUrl":"https:\/\/theplayoffs.news\/fr\/wp-content\/uploads\/2023\/07\/Capture-decran-2023-07-28-a-16.27.14.jpg","datePublished":"2023-07-28T14:45:17+00:00","dateModified":"2023-07-28T14:48:05+00:00","author":{"@id":"https:\/\/theplayoffs.news\/fr\/#\/schema\/person\/eee5b69ad5d3c51cabe881c839dbe133"},"breadcrumb":{"@id":"https:\/\/theplayoffs.news\/fr\/actualite-nfl\/pas-nouveau-contrat-jonathan-taylor\/#breadcrumb"},"inLanguage":"fr-FR","potentialAction":[{"@type":"ReadAction","target":["https:\/\/theplayoffs.news\/fr\/actualite-nfl\/pas-nouveau-contrat-jonathan-taylor\/"]}]},{"@type":"ImageObject","inLanguage":"fr-FR","@id":"https:\/\/theplayoffs.news\/fr\/actualite-nfl\/pas-nouveau-contrat-jonathan-taylor\/#primaryimage","url":"https:\/\/theplayoffs.news\/fr\/wp-content\/uploads\/2023\/07\/Capture-decran-2023-07-28-a-16.27.14.jpg","contentUrl":"https:\/\/theplayoffs.news\/fr\/wp-content\/uploads\/2023\/07\/Capture-decran-2023-07-28-a-16.27.14.jpg","width":1904,"height":1059,"caption":"Jonathan Taylor"},{"@type":"BreadcrumbList","@id":"https:\/\/theplayoffs.news\/fr\/actualite-nfl\/pas-nouveau-contrat-jonathan-taylor\/#breadcrumb","itemListElement":[{"@type":"ListItem","position":1,"name":"Accueil","item":"https:\/\/theplayoffs.news\/fr\/"},{"@type":"ListItem","position":2,"name":"Pas de nouveau contrat propos\u00e9 \u00e0 Jonathan Taylor"}]},{"@type":"WebSite","@id":"https:\/\/theplayoffs.news\/fr\/#website","url":"https:\/\/theplayoffs.news\/fr\/","name":"The Playoffs FR","description":"NBA-NFL-NHL-MLB","potentialAction":[{"@type":"SearchAction","target":{"@type":"EntryPoint","urlTemplate":"https:\/\/theplayoffs.news\/fr\/?s={search_term_string}"},"query-input":{"@type":"PropertyValueSpecification","valueRequired":true,"valueName":"search_term_string"}}],"inLanguage":"fr-FR"},{"@type":"Person","@id":"https:\/\/theplayoffs.news\/fr\/#\/schema\/person\/eee5b69ad5d3c51cabe881c839dbe133","name":"Charles Taudin","image":{"@type":"ImageObject","inLanguage":"fr-FR","@id":"https:\/\/theplayoffs.news\/fr\/#\/schema\/person\/image\/","url":"https:\/\/secure.gravatar.com\/avatar\/59a1e772205ce9fd255edfcafc93013736822e20261f294c5753b20c41ede9f2?s=96&d=mm&r=g","contentUrl":"https:\/\/secure.gravatar.com\/avatar\/59a1e772205ce9fd255edfcafc93013736822e20261f294c5753b20c41ede9f2?s=96&d=mm&r=g","caption":"Charles Taudin"},"description":"R\u00e9dacteur en chef global de The Playoffs, j\u2019ai cr\u00e9\u00e9 The Free Agent, devenu The Playoffs FR, en 2020 durant la pand\u00e9mie. Amoureux depuis des ann\u00e9es des 4 sports majeurs am\u00e9ricains, j\u2019organise maintenant la strat\u00e9gie \u00e9ditoriale et les r\u00e9seaux sociaux de l\u2019ensemble des versions de The Playoffs. Il m\u2019arrive encore d\u2019\u00e9crire sur certains sports que j\u2019affectionne particuli\u00e8rement comme la NFL ou la MLB. Si vous devez retenir qu\u2019une chose : Eli Manning est le vrai GOAT pour avoir battu deux fois Tom Brady.","sameAs":["https:\/\/www.instagram.com\/ctaudin_\/"],"url":"https:\/\/theplayoffs.news\/fr\/author\/charles-taudin\/"}]}},"_links":{"self":[{"href":"https:\/\/theplayoffs.news\/fr\/wp-json\/wp\/v2\/posts\/740086","targetHints":{"allow":["GET"]}}],"collection":[{"href":"https:\/\/theplayoffs.news\/fr\/wp-json\/wp\/v2\/posts"}],"about":[{"href":"https:\/\/theplayoffs.news\/fr\/wp-json\/wp\/v2\/types\/post"}],"author":[{"embeddable":true,"href":"https:\/\/theplayoffs.news\/fr\/wp-json\/wp\/v2\/users\/13"}],"replies":[{"embeddable":true,"href":"https:\/\/theplayoffs.news\/fr\/wp-json\/wp\/v2\/comments?post=740086"}],"version-history":[{"count":3,"href":"https:\/\/theplayoffs.news\/fr\/wp-json\/wp\/v2\/posts\/740086\/revisions"}],"predecessor-version":[{"id":740090,"href":"https:\/\/theplayoffs.news\/fr\/wp-json\/wp\/v2\/posts\/740086\/revisions\/740090"}],"wp:featuredmedia":[{"embeddable":true,"href":"https:\/\/theplayoffs.news\/fr\/wp-json\/wp\/v2\/media\/740087"}],"wp:attachment":[{"href":"https:\/\/theplayoffs.news\/fr\/wp-json\/wp\/v2\/media?parent=740086"}],"wp:term":[{"taxonomy":"category","embeddable":true,"href":"https:\/\/theplayoffs.news\/fr\/wp-json\/wp\/v2\/categories?post=740086"},{"taxonomy":"post_tag","embeddable":true,"href":"https:\/\/theplayoffs.news\/fr\/wp-json\/wp\/v2\/tags?post=740086"},{"taxonomy":"sport","embeddable":true,"href":"https:\/\/theplayoffs.news\/fr\/wp-json\/wp\/v2\/sport?post=740086"},{"taxonomy":"saison","embeddable":true,"href":"https:\/\/theplayoffs.news\/fr\/wp-json\/wp\/v2\/saison?post=740086"}],"curies":[{"name":"wp","href":"https:\/\/api.w.org\/{rel}","templated":true}]}}