{"id":739665,"date":"2023-07-28T13:43:42","date_gmt":"2023-07-28T11:43:42","guid":{"rendered":"https:\/\/theplayoffs.news\/fr\/?p=739665"},"modified":"2023-07-28T13:43:43","modified_gmt":"2023-07-28T11:43:43","slug":"odell-beckham-jr-vigueur-renouvelee-ravens","status":"publish","type":"post","link":"https:\/\/theplayoffs.news\/fr\/actualite-nfl\/odell-beckham-jr-vigueur-renouvelee-ravens\/","title":{"rendered":"Odell Beckham Jr. revient avec une vigueur renouvel\u00e9e au camp d&rsquo;entra\u00eenement des Ravens"},"content":{"rendered":"<h2>Alors que le soleil br&ucirc;lant de l&rsquo;&eacute;t&eacute; baignait les terrains d&rsquo;entra&icirc;nement des Ravens de Baltimore, Odell Beckham Jr., a commenc&eacute; sa deuxi&egrave;me s&eacute;ance d&rsquo;entra&icirc;nement par une danse.<\/h2><p>Ce n&rsquo;&eacute;tait pas une danse pour narguer ou distraire, mais une expression exub&eacute;rante de triomphe personnel et d&rsquo;affirmation de r&eacute;silience. C&rsquo;&eacute;tait une repr&eacute;sentation vibrante de son esprit, alors qu&rsquo;il balan&ccedil;ait ses bras de mani&egrave;re ludique, sautant d&rsquo;un c&ocirc;t&eacute; &agrave; l&rsquo;autre avant de se lancer dans un sprint &agrave; grande vitesse pendant un exercice.<\/p><p>L&rsquo;affichage &eacute;tait convaincant, la joie d&rsquo;Odell Beckham Jr. contagieuse.<\/p><p>Plus d&rsquo;un an apr&egrave;s sa blessure, il est de retour sur le terrain et apparemment libre de contraintes, savourant chaque instant.<\/p><h3>Le long chemin vers la gu&eacute;rison<\/h3><p>Ce fut un voyage ardu pour <a href=\"https:\/\/theplayoffs.news\/fr\/joueur\/odell-beckham-jr-nfl-33466\/\" class=\"trk-cta-link\" data-cta-trk='{\"ctaType\":\"Link\",\"ctaSubType\":\"main\"}'><strong>Odell Beckham Jr<\/strong><\/a>. Il a pass&eacute; sa 30e ann&eacute;e aux prises avec une blessure au genou gauche, une blessure qui l&rsquo;a mis au banc depuis son dernier match au Super Bowl LVI en f&eacute;vrier 2022. Son absence marqu&eacute;e par deux chirurgies en trois ans, mais son retour est le r&eacute;sultat d&rsquo;une pers&eacute;v&eacute;rance, d&rsquo;une cure de d&eacute;sintoxication rigoureuse et d&rsquo;un esprit indomptable.<\/p><blockquote><p>&laquo;&nbsp;Je ne connais pas les pourcentages, je me sens juste bien&nbsp;&raquo;, <a href=\"https:\/\/www.youtube.com\/watch?v=NhiS2DQXv2I\" class=\"trk-cta-link\" data-cta-trk='{\"ctaType\":\"Link\",\"ctaSubType\":\"main\"}'>a avou&eacute; Beckham<\/a>.<\/p><\/blockquote><p>Il y a un sentiment de d&eacute;termination en lui, une affirmation qu&rsquo;il est en train de red&eacute;couvrir le meilleur de lui-m&ecirc;me, ses v&eacute;ritables capacit&eacute;s.<\/p><p>Apr&egrave;s une pause qui aurait pu sembler une &eacute;ternit&eacute;, Odell Beckham Jr d&eacute;montre sans r&eacute;serve son agilit&eacute; embl&eacute;matique. Le receveur Pro Bowler &agrave; trois reprises pr&eacute;sente la m&ecirc;me vitesse fulgurante et la m&ecirc;me pr&eacute;cision de parcours qui lui ont valu sa renomm&eacute;e.<\/p><p>Une passe en profondeur capt&eacute;e du quarterback Lamar Jackson t&eacute;moigne de son retour.<\/p><h3>Un Beckham Jr. enhardi entre dans la m&ecirc;l&eacute;e<\/h3><p>Plus qu&rsquo;un simple retour d&rsquo;un joueur sur le terrain, c&rsquo;est la renaissance d&rsquo;un athl&egrave;te qui rena&icirc;t.<\/p><p>Odell Beckham Jr semble plus grand, plus fort, alimentant la sp&eacute;culation d&rsquo;un gain de poids significatif. Lorsqu&rsquo;un journaliste a fait remarquer son physique manifestement renforc&eacute;, Beckham a fl&eacute;chi les deux bras de mani&egrave;re ludique, mais est rest&eacute; timide quant &agrave; son poids exact.<\/p><p>L&rsquo;investissement des Ravens dans Beckham Jr., refl&eacute;t&eacute; dans un gros contrat d&rsquo;un an de 15 millions de dollars, semble porter ses fruits. L&rsquo;espoir de l&rsquo;&eacute;quipe d&rsquo;am&eacute;liorer une attaque dont le jeu de passe &eacute;tait souffrant, gr&acirc;ce &agrave; Beckham et &agrave; la recrue <a href=\"https:\/\/theplayoffs.news\/fr\/joueur\/zay-flowers-nfl-8859230\/\" class=\"trk-cta-link\" data-cta-trk='{\"ctaType\":\"Link\",\"ctaSubType\":\"main\"}'><strong>Zay Flowers<\/strong><\/a>, n&rsquo;est peut-&ecirc;tre pas un r&ecirc;ve lointain.<\/p><p>L&rsquo;entra&icirc;neur des Ravens John Harbaugh, remarquant le confort accru de Beckham par rapport au minicamp du mois pr&eacute;c&eacute;dent, a exprim&eacute; sa confiance dans la pr&eacute;paration de Beckham pour la saison &agrave; venir.<\/p><blockquote><p>&laquo;&nbsp;Il n&rsquo;est certainement pas au niveau o&ugrave; il sera, mais vous pouviez voir le pas depuis le minicamp, donc c&rsquo;&eacute;tait un bon pas dans la bonne direction&nbsp;&raquo;, a d&eacute;clar&eacute; Harbaugh.<\/p><\/blockquote>\n","protected":false},"excerpt":{"rendered":"","protected":false},"author":180309964,"featured_media":739699,"comment_status":"open","ping_status":"closed","sticky":false,"template":"","format":"standard","meta":{"inline_featured_image":false,"kia_subtitle":"","_mux_skip_reasons":[],"proofreadBy":0,"footnotes":""},"categories":[118,40],"tags":[868,1230],"sport":[],"saison":[],"class_list":["post-739665","post","type-post","status-publish","format-standard","has-post-thumbnail","hentry","category-actualite-nfl","category-nfl","tag-baltimore-ravens","tag-odell-beckham-jr"],"acf":[],"yoast_head":"<!-- This site is optimized with the Yoast SEO plugin v24.2 - https:\/\/yoast.com\/wordpress\/plugins\/seo\/ -->\n<title>Odell Beckham Jr. revient avec une vigueur renouvel&eacute;e au camp d&#039;entra&icirc;nement des Ravens - The Playoffs FR<\/title>\n<meta name=\"robots\" content=\"index, follow, max-snippet:-1, max-image-preview:large, max-video-preview:-1\" \/>\n<link rel=\"canonical\" href=\"https:\/\/theplayoffs.news\/fr\/actualite-nfl\/odell-beckham-jr-vigueur-renouvelee-ravens\/\" \/>\n<meta property=\"og:locale\" content=\"fr_FR\" \/>\n<meta property=\"og:type\" content=\"article\" \/>\n<meta property=\"og:title\" content=\"Odell Beckham Jr. revient avec une vigueur renouvel&eacute;e au camp d&#039;entra&icirc;nement des Ravens - The Playoffs FR\" \/>\n<meta property=\"og:url\" content=\"https:\/\/theplayoffs.news\/fr\/actualite-nfl\/odell-beckham-jr-vigueur-renouvelee-ravens\/\" \/>\n<meta property=\"og:site_name\" content=\"The Playoffs FR\" \/>\n<meta property=\"article:publisher\" content=\"https:\/\/www.facebook.com\/TheFreeAgentFR\/\" \/>\n<meta property=\"article:modified_time\" content=\"2023-07-28T13:43:43+02:00\" \/>\n<meta property=\"og:image\" content=\"https:\/\/theplayoffs.news\/fr\/wp-content\/uploads\/2023\/07\/Capture-decran-2023-07-28-a-13.34.35.jpg\" \/>\n\t<meta property=\"og:image:width\" content=\"1890\" \/>\n\t<meta property=\"og:image:height\" content=\"1056\" \/>\n\t<meta property=\"og:image:type\" content=\"image\/jpeg\" \/>\n<meta name=\"author\" content=\"Flavien Jumeau\" \/>\n<meta name=\"twitter:card\" content=\"summary_large_image\" \/>\n<meta name=\"twitter:creator\" content=\"@TheFreeAgentFR\" \/>\n<meta name=\"twitter:site\" content=\"@TheFreeAgentFR\" \/>\n<meta name=\"twitter:label1\" content=\"\u00c9crit par\" \/>\n\t<meta name=\"twitter:data1\" content=\"Flavien Jumeau\" \/>\n\t<meta name=\"twitter:label2\" content=\"Dur\u00e9e de lecture estim\u00e9e\" \/>\n\t<meta name=\"twitter:data2\" content=\"3 minutes\" \/>\n<script type=\"application\/ld+json\" class=\"yoast-schema-graph\">{\"@context\":\"https:\/\/schema.org\",\"@graph\":[{\"@type\":\"WebPage\",\"@id\":\"https:\/\/theplayoffs.news\/fr\/actualite-nfl\/odell-beckham-jr-vigueur-renouvelee-ravens\/\",\"url\":\"https:\/\/theplayoffs.news\/fr\/actualite-nfl\/odell-beckham-jr-vigueur-renouvelee-ravens\/\",\"name\":\"Odell Beckham Jr. revient avec une vigueur renouvel\u00e9e au camp d\\\\'entra\u00eenement des Ravens - The Playoffs FR\",\"isPartOf\":{\"@id\":\"https:\/\/theplayoffs.news\/fr\/#website\"},\"primaryImageOfPage\":{\"@id\":\"https:\/\/theplayoffs.news\/fr\/actualite-nfl\/odell-beckham-jr-vigueur-renouvelee-ravens\/#primaryimage\"},\"image\":{\"@id\":\"https:\/\/theplayoffs.news\/fr\/actualite-nfl\/odell-beckham-jr-vigueur-renouvelee-ravens\/#primaryimage\"},\"thumbnailUrl\":\"https:\/\/theplayoffs.news\/fr\/wp-content\/uploads\/2023\/07\/Capture-decran-2023-07-28-a-13.34.35.jpg\",\"datePublished\":\"2023-07-28T11:43:42+00:00\",\"dateModified\":\"2023-07-28T11:43:43+00:00\",\"author\":{\"@id\":\"https:\/\/theplayoffs.news\/fr\/#\/schema\/person\/def63bc6746dc5957469b75feb99e66d\"},\"breadcrumb\":{\"@id\":\"https:\/\/theplayoffs.news\/fr\/actualite-nfl\/odell-beckham-jr-vigueur-renouvelee-ravens\/#breadcrumb\"},\"inLanguage\":\"fr-FR\",\"potentialAction\":[{\"@type\":\"ReadAction\",\"target\":[\"https:\/\/theplayoffs.news\/fr\/actualite-nfl\/odell-beckham-jr-vigueur-renouvelee-ravens\/\"]}]},{\"@type\":\"ImageObject\",\"inLanguage\":\"fr-FR\",\"@id\":\"https:\/\/theplayoffs.news\/fr\/actualite-nfl\/odell-beckham-jr-vigueur-renouvelee-ravens\/#primaryimage\",\"url\":\"https:\/\/theplayoffs.news\/fr\/wp-content\/uploads\/2023\/07\/Capture-decran-2023-07-28-a-13.34.35.jpg\",\"contentUrl\":\"https:\/\/theplayoffs.news\/fr\/wp-content\/uploads\/2023\/07\/Capture-decran-2023-07-28-a-13.34.35.jpg\",\"width\":1890,\"height\":1056,\"caption\":\"Odell Beckham Jr\"},{\"@type\":\"BreadcrumbList\",\"@id\":\"https:\/\/theplayoffs.news\/fr\/actualite-nfl\/odell-beckham-jr-vigueur-renouvelee-ravens\/#breadcrumb\",\"itemListElement\":[{\"@type\":\"ListItem\",\"position\":1,\"name\":\"Accueil\",\"item\":\"https:\/\/theplayoffs.news\/fr\/\"},{\"@type\":\"ListItem\",\"position\":2,\"name\":\"Odell Beckham Jr. revient avec une vigueur renouvel\u00e9e au camp d&rsquo;entra\u00eenement des Ravens\"}]},{\"@type\":\"WebSite\",\"@id\":\"https:\/\/theplayoffs.news\/fr\/#website\",\"url\":\"https:\/\/theplayoffs.news\/fr\/\",\"name\":\"The Playoffs FR\",\"description\":\"NBA-NFL-NHL-MLB\",\"potentialAction\":[{\"@type\":\"SearchAction\",\"target\":{\"@type\":\"EntryPoint\",\"urlTemplate\":\"https:\/\/theplayoffs.news\/fr\/?s={search_term_string}\"},\"query-input\":{\"@type\":\"PropertyValueSpecification\",\"valueRequired\":true,\"valueName\":\"search_term_string\"}}],\"inLanguage\":\"fr-FR\"},{\"@type\":\"Person\",\"@id\":\"https:\/\/theplayoffs.news\/fr\/#\/schema\/person\/def63bc6746dc5957469b75feb99e66d\",\"name\":\"Flavien Jumeau\",\"image\":{\"@type\":\"ImageObject\",\"inLanguage\":\"fr-FR\",\"@id\":\"https:\/\/theplayoffs.news\/fr\/#\/schema\/person\/image\/\",\"url\":\"https:\/\/secure.gravatar.com\/avatar\/e7fa8ba5a4b7e4ce35fe152f083f352db28ad0acce692004ed88a7a7d78893f7?s=96&d=mm&r=g\",\"contentUrl\":\"https:\/\/secure.gravatar.com\/avatar\/e7fa8ba5a4b7e4ce35fe152f083f352db28ad0acce692004ed88a7a7d78893f7?s=96&d=mm&r=g\",\"caption\":\"Flavien Jumeau\"},\"description\":\"Amoureux du sport (et de vraiment tous les sports) depuis mon plus jeune \u00e2ge, j\u2019ai longtemps h\u00e9site entre le snooker et le curling. Finalement c\u2019est le foot US que j\u2019ai d\u00e9cid\u00e9 de choisir! Responsable foot US sur TPO et animateur du podcast Tailgate j\u2019ai pour mission de vous faire d\u00e9couvrir ce sport passionnant si ce n\u2019est pas encore fait et de vous donner les derni\u00e8res actus. Le tout dans la bonne humeur et avec toujours un jeu de mots ou deux savamment distill\u00e9s! Fan des Saints, pour moi Drew Brees est le vrai GOAT!\",\"url\":\"https:\/\/theplayoffs.news\/fr\/author\/flavien-jumeaugmail-com\/\"}]}<\/script>\n<!-- \/ Yoast SEO plugin. -->","yoast_head_json":{"title":"Odell Beckham Jr. revient avec une vigueur renouvel&eacute;e au camp d&#039;entra&icirc;nement des Ravens - The Playoffs FR","robots":{"index":"index","follow":"follow","max-snippet":"max-snippet:-1","max-image-preview":"max-image-preview:large","max-video-preview":"max-video-preview:-1"},"canonical":"https:\/\/theplayoffs.news\/fr\/actualite-nfl\/odell-beckham-jr-vigueur-renouvelee-ravens\/","og_locale":"fr_FR","og_type":"article","og_title":"Odell Beckham Jr. revient avec une vigueur renouvel&eacute;e au camp d&#039;entra&icirc;nement des Ravens - The Playoffs FR","og_url":"https:\/\/theplayoffs.news\/fr\/actualite-nfl\/odell-beckham-jr-vigueur-renouvelee-ravens\/","og_site_name":"The Playoffs FR","article_publisher":"https:\/\/www.facebook.com\/TheFreeAgentFR\/","article_modified_time":"2023-07-28T11:43:43+00:00","og_image":[{"width":1890,"height":1056,"url":"https:\/\/theplayoffs.news\/fr\/wp-content\/uploads\/2023\/07\/Capture-decran-2023-07-28-a-13.34.35.jpg","type":"image\/jpeg"}],"author":"Flavien Jumeau","twitter_card":"summary_large_image","twitter_creator":"@TheFreeAgentFR","twitter_site":"@TheFreeAgentFR","twitter_misc":{"\u00c9crit par":"Flavien Jumeau","Dur\u00e9e de lecture estim\u00e9e":"3 minutes"},"schema":{"@context":"https:\/\/schema.org","@graph":[{"@type":"WebPage","@id":"https:\/\/theplayoffs.news\/fr\/actualite-nfl\/odell-beckham-jr-vigueur-renouvelee-ravens\/","url":"https:\/\/theplayoffs.news\/fr\/actualite-nfl\/odell-beckham-jr-vigueur-renouvelee-ravens\/","name":"Odell Beckham Jr. revient avec une vigueur renouvel\u00e9e au camp d\\'entra\u00eenement des Ravens - The Playoffs FR","isPartOf":{"@id":"https:\/\/theplayoffs.news\/fr\/#website"},"primaryImageOfPage":{"@id":"https:\/\/theplayoffs.news\/fr\/actualite-nfl\/odell-beckham-jr-vigueur-renouvelee-ravens\/#primaryimage"},"image":{"@id":"https:\/\/theplayoffs.news\/fr\/actualite-nfl\/odell-beckham-jr-vigueur-renouvelee-ravens\/#primaryimage"},"thumbnailUrl":"https:\/\/theplayoffs.news\/fr\/wp-content\/uploads\/2023\/07\/Capture-decran-2023-07-28-a-13.34.35.jpg","datePublished":"2023-07-28T11:43:42+00:00","dateModified":"2023-07-28T11:43:43+00:00","author":{"@id":"https:\/\/theplayoffs.news\/fr\/#\/schema\/person\/def63bc6746dc5957469b75feb99e66d"},"breadcrumb":{"@id":"https:\/\/theplayoffs.news\/fr\/actualite-nfl\/odell-beckham-jr-vigueur-renouvelee-ravens\/#breadcrumb"},"inLanguage":"fr-FR","potentialAction":[{"@type":"ReadAction","target":["https:\/\/theplayoffs.news\/fr\/actualite-nfl\/odell-beckham-jr-vigueur-renouvelee-ravens\/"]}]},{"@type":"ImageObject","inLanguage":"fr-FR","@id":"https:\/\/theplayoffs.news\/fr\/actualite-nfl\/odell-beckham-jr-vigueur-renouvelee-ravens\/#primaryimage","url":"https:\/\/theplayoffs.news\/fr\/wp-content\/uploads\/2023\/07\/Capture-decran-2023-07-28-a-13.34.35.jpg","contentUrl":"https:\/\/theplayoffs.news\/fr\/wp-content\/uploads\/2023\/07\/Capture-decran-2023-07-28-a-13.34.35.jpg","width":1890,"height":1056,"caption":"Odell Beckham Jr"},{"@type":"BreadcrumbList","@id":"https:\/\/theplayoffs.news\/fr\/actualite-nfl\/odell-beckham-jr-vigueur-renouvelee-ravens\/#breadcrumb","itemListElement":[{"@type":"ListItem","position":1,"name":"Accueil","item":"https:\/\/theplayoffs.news\/fr\/"},{"@type":"ListItem","position":2,"name":"Odell Beckham Jr. revient avec une vigueur renouvel\u00e9e au camp d&rsquo;entra\u00eenement des Ravens"}]},{"@type":"WebSite","@id":"https:\/\/theplayoffs.news\/fr\/#website","url":"https:\/\/theplayoffs.news\/fr\/","name":"The Playoffs FR","description":"NBA-NFL-NHL-MLB","potentialAction":[{"@type":"SearchAction","target":{"@type":"EntryPoint","urlTemplate":"https:\/\/theplayoffs.news\/fr\/?s={search_term_string}"},"query-input":{"@type":"PropertyValueSpecification","valueRequired":true,"valueName":"search_term_string"}}],"inLanguage":"fr-FR"},{"@type":"Person","@id":"https:\/\/theplayoffs.news\/fr\/#\/schema\/person\/def63bc6746dc5957469b75feb99e66d","name":"Flavien Jumeau","image":{"@type":"ImageObject","inLanguage":"fr-FR","@id":"https:\/\/theplayoffs.news\/fr\/#\/schema\/person\/image\/","url":"https:\/\/secure.gravatar.com\/avatar\/e7fa8ba5a4b7e4ce35fe152f083f352db28ad0acce692004ed88a7a7d78893f7?s=96&d=mm&r=g","contentUrl":"https:\/\/secure.gravatar.com\/avatar\/e7fa8ba5a4b7e4ce35fe152f083f352db28ad0acce692004ed88a7a7d78893f7?s=96&d=mm&r=g","caption":"Flavien Jumeau"},"description":"Amoureux du sport (et de vraiment tous les sports) depuis mon plus jeune \u00e2ge, j\u2019ai longtemps h\u00e9site entre le snooker et le curling. Finalement c\u2019est le foot US que j\u2019ai d\u00e9cid\u00e9 de choisir! Responsable foot US sur TPO et animateur du podcast Tailgate j\u2019ai pour mission de vous faire d\u00e9couvrir ce sport passionnant si ce n\u2019est pas encore fait et de vous donner les derni\u00e8res actus. Le tout dans la bonne humeur et avec toujours un jeu de mots ou deux savamment distill\u00e9s! Fan des Saints, pour moi Drew Brees est le vrai GOAT!","url":"https:\/\/theplayoffs.news\/fr\/author\/flavien-jumeaugmail-com\/"}]}},"_links":{"self":[{"href":"https:\/\/theplayoffs.news\/fr\/wp-json\/wp\/v2\/posts\/739665","targetHints":{"allow":["GET"]}}],"collection":[{"href":"https:\/\/theplayoffs.news\/fr\/wp-json\/wp\/v2\/posts"}],"about":[{"href":"https:\/\/theplayoffs.news\/fr\/wp-json\/wp\/v2\/types\/post"}],"author":[{"embeddable":true,"href":"https:\/\/theplayoffs.news\/fr\/wp-json\/wp\/v2\/users\/180309964"}],"replies":[{"embeddable":true,"href":"https:\/\/theplayoffs.news\/fr\/wp-json\/wp\/v2\/comments?post=739665"}],"version-history":[{"count":2,"href":"https:\/\/theplayoffs.news\/fr\/wp-json\/wp\/v2\/posts\/739665\/revisions"}],"predecessor-version":[{"id":739712,"href":"https:\/\/theplayoffs.news\/fr\/wp-json\/wp\/v2\/posts\/739665\/revisions\/739712"}],"wp:featuredmedia":[{"embeddable":true,"href":"https:\/\/theplayoffs.news\/fr\/wp-json\/wp\/v2\/media\/739699"}],"wp:attachment":[{"href":"https:\/\/theplayoffs.news\/fr\/wp-json\/wp\/v2\/media?parent=739665"}],"wp:term":[{"taxonomy":"category","embeddable":true,"href":"https:\/\/theplayoffs.news\/fr\/wp-json\/wp\/v2\/categories?post=739665"},{"taxonomy":"post_tag","embeddable":true,"href":"https:\/\/theplayoffs.news\/fr\/wp-json\/wp\/v2\/tags?post=739665"},{"taxonomy":"sport","embeddable":true,"href":"https:\/\/theplayoffs.news\/fr\/wp-json\/wp\/v2\/sport?post=739665"},{"taxonomy":"saison","embeddable":true,"href":"https:\/\/theplayoffs.news\/fr\/wp-json\/wp\/v2\/saison?post=739665"}],"curies":[{"name":"wp","href":"https:\/\/api.w.org\/{rel}","templated":true}]}}