{"id":739155,"date":"2023-07-28T11:32:20","date_gmt":"2023-07-28T09:32:20","guid":{"rendered":"https:\/\/theplayoffs.news\/fr\/?p=739155"},"modified":"2023-07-28T11:32:21","modified_gmt":"2023-07-28T09:32:21","slug":"padres-ecoute-offres-juan-soto","status":"publish","type":"post","link":"https:\/\/theplayoffs.news\/fr\/actualite-mlb\/padres-ecoute-offres-juan-soto\/","title":{"rendered":"Les Padres \u00e0 l&rsquo;\u00e9coute des offres pour Juan Soto ?"},"content":{"rendered":"<h2>Alors que la date limite des &eacute;changes se rapproche, les Padres de San Diego ont r&eacute;v&eacute;l&eacute; leur ouverture aux discussions concernant l&rsquo;&eacute;change potentiel de Juan Soto, Blake Snell et Josh Hader.<\/h2><p>C&rsquo;est une tournure des &eacute;v&eacute;nements surprenante compte tenu de la strat&eacute;gie agressive des Padres en mati&egrave;re de constitution d&rsquo;effectif, car cela peut indiquer un changement dans leur trajectoire.<\/p><p>Malgr&eacute; de r&eacute;centes acquisitions, les Padres auraient manifest&eacute; leur volont&eacute; d&rsquo;entendre des offres commerciales pour leur joueur vedette <a href=\"https:\/\/theplayoffs.news\/fr\/joueur\/juan-soto-mlb-73938\/\" class=\"trk-cta-link\" data-cta-trk='{\"ctaType\":\"Link\",\"ctaSubType\":\"main\"}'><strong>Juan Soto<\/strong><\/a>. Ce d&eacute;veloppement a &eacute;t&eacute; not&eacute; pour la premi&egrave;re fois par <a href=\"https:\/\/nypost.com\/2023\/07\/27\/mlb-trade-deadline-biggest-names-left-on-the-market\/\" class=\"trk-cta-link\" data-cta-trk='{\"ctaType\":\"Link\",\"ctaSubType\":\"main\"}'>Jon Heyman du New York Post<\/a>. De plus, les Padres n&rsquo;arr&ecirc;tent pas les ouvertures potentielles pour Snell et Hader, m&ecirc;me si leur pr&eacute;f&eacute;rence penche toujours vers l&rsquo;am&eacute;lioration de leur liste avant la date limite qui approche &agrave; grands pas.<\/p><p>Cependant, il semble peu plausible que les Padres l&acirc;chent Soto dans les jours imminents. Ils ne l&rsquo;ont acquis, avec Josh Bell, qu&rsquo;il y a environ un an dans ce qui &eacute;tait peut-&ecirc;tre le blockbuster le plus &eacute;poustouflant. En envoyant CJ Abrams, MacKenzie Gore, James Wood et Robert Hassell III dans le cadre du paquet &agrave; Washington, ce serait un renversement significatif de le faire partir si t&ocirc;t.<\/p><p>Ce changement pourrait &ecirc;tre consid&eacute;r&eacute; comme contraire &agrave; l&rsquo;approche r&eacute;cente des Padres d&rsquo;augmenter la masse salariale pour s&eacute;curiser autant de joueurs vedettes que possible.<\/p><h3>Naviguer dans une saison difficile<\/h3><p>San Diego, qui affiche actuellement un bilan de 49-54, fait face &agrave; un d&eacute;ficit important dans la NL West. Ils sont &agrave; 6,5 sur une place Wild Card, derri&egrave;re quatre &eacute;quipes.<\/p><p>Ce classement rend moins probable une course en s&eacute;ries &eacute;liminatoires en 2023, mais pas enti&egrave;rement hors de question. Il est difficile d&rsquo;imaginer l&rsquo;&eacute;quipe se lancer dans une r&eacute;organisation &agrave; plus long terme, d&rsquo;autant plus qu&rsquo;un &eacute;change impliquant Juan Soto pourrait avoir de graves r&eacute;percussions sur sa composition pour la saison 2024.<\/p><p>Malgr&eacute; un d&eacute;but de saison lent, Juan Soto a r&eacute;cemment &eacute;t&eacute; plus performant que ses normes &eacute;lev&eacute;es. Avec une ligne statistique de .286\/.434\/.548 depuis d&eacute;but mai, son attrait reste fort, et il y aurait sans aucun doute un int&eacute;r&ecirc;t consid&eacute;rable si les Padres d&eacute;cidaient v&eacute;ritablement de commercialiser le triple All-Star. L&rsquo;ouverture actuelle aux offres semble refl&eacute;ter davantage un effort de diligence raisonnable qu&rsquo;une forte volont&eacute; de le laisser partir.<\/p><p>Les d&eacute;cisions que prendront les Padres concernant leurs agents libres imminents ou s&rsquo;il faut investir davantage dans l&rsquo;espoir d&rsquo;une excellente seconde partie de saison seront probablement grandement influenc&eacute;es par leurs prochains matchs. Avec quatre autres sorties avant la date limite, dont une s&eacute;rie de trois matchs &agrave; domicile contre les Rangers en t&ecirc;te de division et le premier match d&rsquo;une s&eacute;rie au Colorado, les Padres approchent d&rsquo;un moment critique qui pourrait d&eacute;finir l&rsquo;orientation de leur saison et de leur alignement. avenir.<\/p>\n","protected":false},"excerpt":{"rendered":"","protected":false},"author":180309799,"featured_media":739182,"comment_status":"open","ping_status":"closed","sticky":false,"template":"","format":"standard","meta":{"inline_featured_image":false,"kia_subtitle":"","_mux_skip_reasons":[],"proofreadBy":0,"footnotes":""},"categories":[188,9],"tags":[1242,716,465],"sport":[],"saison":[],"class_list":["post-739155","post","type-post","status-publish","format-standard","has-post-thumbnail","hentry","category-actualite-mlb","category-mlb","tag-blake-snell","tag-juan-soto","tag-san-diego-padres"],"acf":[],"yoast_head":"<!-- This site is optimized with the Yoast SEO plugin v24.2 - https:\/\/yoast.com\/wordpress\/plugins\/seo\/ -->\n<title>Les Padres &agrave; l&#039;&eacute;coute des offres pour Juan Soto ? - The Playoffs FR<\/title>\n<meta name=\"robots\" content=\"index, follow, max-snippet:-1, max-image-preview:large, max-video-preview:-1\" \/>\n<link rel=\"canonical\" href=\"https:\/\/theplayoffs.news\/fr\/actualite-mlb\/padres-ecoute-offres-juan-soto\/\" \/>\n<meta property=\"og:locale\" content=\"fr_FR\" \/>\n<meta property=\"og:type\" content=\"article\" \/>\n<meta property=\"og:title\" content=\"Les Padres &agrave; l&#039;&eacute;coute des offres pour Juan Soto ? - The Playoffs FR\" \/>\n<meta property=\"og:url\" content=\"https:\/\/theplayoffs.news\/fr\/actualite-mlb\/padres-ecoute-offres-juan-soto\/\" \/>\n<meta property=\"og:site_name\" content=\"The Playoffs FR\" \/>\n<meta property=\"article:publisher\" content=\"https:\/\/www.facebook.com\/TheFreeAgentFR\/\" \/>\n<meta property=\"article:modified_time\" content=\"2023-07-28T11:32:21+02:00\" \/>\n<meta property=\"og:image\" content=\"https:\/\/theplayoffs.news\/fr\/wp-content\/uploads\/2023\/07\/Capture-decran-2023-07-28-a-11.30.59.jpg\" \/>\n\t<meta property=\"og:image:width\" content=\"1893\" \/>\n\t<meta property=\"og:image:height\" content=\"1054\" \/>\n\t<meta property=\"og:image:type\" content=\"image\/jpeg\" \/>\n<meta name=\"author\" content=\"La r\u00e9daction\" \/>\n<meta name=\"twitter:card\" content=\"summary_large_image\" \/>\n<meta name=\"twitter:creator\" content=\"@TheFreeAgentFR\" \/>\n<meta name=\"twitter:site\" content=\"@TheFreeAgentFR\" \/>\n<meta name=\"twitter:label1\" content=\"\u00c9crit par\" \/>\n\t<meta name=\"twitter:data1\" content=\"La r\u00e9daction\" \/>\n\t<meta name=\"twitter:label2\" content=\"Dur\u00e9e de lecture estim\u00e9e\" \/>\n\t<meta name=\"twitter:data2\" content=\"2 minutes\" \/>\n<script type=\"application\/ld+json\" class=\"yoast-schema-graph\">{\"@context\":\"https:\/\/schema.org\",\"@graph\":[{\"@type\":\"WebPage\",\"@id\":\"https:\/\/theplayoffs.news\/fr\/actualite-mlb\/padres-ecoute-offres-juan-soto\/\",\"url\":\"https:\/\/theplayoffs.news\/fr\/actualite-mlb\/padres-ecoute-offres-juan-soto\/\",\"name\":\"Les Padres \u00e0 l\\\\'\u00e9coute des offres pour Juan Soto ? - The Playoffs FR\",\"isPartOf\":{\"@id\":\"https:\/\/theplayoffs.news\/fr\/#website\"},\"primaryImageOfPage\":{\"@id\":\"https:\/\/theplayoffs.news\/fr\/actualite-mlb\/padres-ecoute-offres-juan-soto\/#primaryimage\"},\"image\":{\"@id\":\"https:\/\/theplayoffs.news\/fr\/actualite-mlb\/padres-ecoute-offres-juan-soto\/#primaryimage\"},\"thumbnailUrl\":\"https:\/\/theplayoffs.news\/fr\/wp-content\/uploads\/2023\/07\/Capture-decran-2023-07-28-a-11.30.59.jpg\",\"datePublished\":\"2023-07-28T09:32:20+00:00\",\"dateModified\":\"2023-07-28T09:32:21+00:00\",\"author\":{\"@id\":\"https:\/\/theplayoffs.news\/fr\/#\/schema\/person\/bb40426f4e478f9bd8cdbfeb4f2f9784\"},\"breadcrumb\":{\"@id\":\"https:\/\/theplayoffs.news\/fr\/actualite-mlb\/padres-ecoute-offres-juan-soto\/#breadcrumb\"},\"inLanguage\":\"fr-FR\",\"potentialAction\":[{\"@type\":\"ReadAction\",\"target\":[\"https:\/\/theplayoffs.news\/fr\/actualite-mlb\/padres-ecoute-offres-juan-soto\/\"]}]},{\"@type\":\"ImageObject\",\"inLanguage\":\"fr-FR\",\"@id\":\"https:\/\/theplayoffs.news\/fr\/actualite-mlb\/padres-ecoute-offres-juan-soto\/#primaryimage\",\"url\":\"https:\/\/theplayoffs.news\/fr\/wp-content\/uploads\/2023\/07\/Capture-decran-2023-07-28-a-11.30.59.jpg\",\"contentUrl\":\"https:\/\/theplayoffs.news\/fr\/wp-content\/uploads\/2023\/07\/Capture-decran-2023-07-28-a-11.30.59.jpg\",\"width\":1893,\"height\":1054,\"caption\":\"Juan Soto\"},{\"@type\":\"BreadcrumbList\",\"@id\":\"https:\/\/theplayoffs.news\/fr\/actualite-mlb\/padres-ecoute-offres-juan-soto\/#breadcrumb\",\"itemListElement\":[{\"@type\":\"ListItem\",\"position\":1,\"name\":\"Accueil\",\"item\":\"https:\/\/theplayoffs.news\/fr\/\"},{\"@type\":\"ListItem\",\"position\":2,\"name\":\"Les Padres \u00e0 l&rsquo;\u00e9coute des offres pour Juan Soto ?\"}]},{\"@type\":\"WebSite\",\"@id\":\"https:\/\/theplayoffs.news\/fr\/#website\",\"url\":\"https:\/\/theplayoffs.news\/fr\/\",\"name\":\"The Playoffs FR\",\"description\":\"NBA-NFL-NHL-MLB\",\"potentialAction\":[{\"@type\":\"SearchAction\",\"target\":{\"@type\":\"EntryPoint\",\"urlTemplate\":\"https:\/\/theplayoffs.news\/fr\/?s={search_term_string}\"},\"query-input\":{\"@type\":\"PropertyValueSpecification\",\"valueRequired\":true,\"valueName\":\"search_term_string\"}}],\"inLanguage\":\"fr-FR\"},{\"@type\":\"Person\",\"@id\":\"https:\/\/theplayoffs.news\/fr\/#\/schema\/person\/bb40426f4e478f9bd8cdbfeb4f2f9784\",\"name\":\"La r\u00e9daction\",\"image\":{\"@type\":\"ImageObject\",\"inLanguage\":\"fr-FR\",\"@id\":\"https:\/\/theplayoffs.news\/fr\/#\/schema\/person\/image\/\",\"url\":\"https:\/\/secure.gravatar.com\/avatar\/7e69b41460ab2c17d61c8c364b6a0ee006f957a70191383ef42be1f4733d6515?s=96&d=mm&r=g\",\"contentUrl\":\"https:\/\/secure.gravatar.com\/avatar\/7e69b41460ab2c17d61c8c364b6a0ee006f957a70191383ef42be1f4733d6515?s=96&d=mm&r=g\",\"caption\":\"La r\u00e9daction\"},\"description\":\"On dit qu\\\\'il faut un village pour s\\\\'occuper d\\\\'un enfant. Et bien c\\\\'est exactement ce dont il s\\\\'agit ici pour The Playoffs. La r\u00e9daction, ce sont vos r\u00e9dacteurs pr\u00e9f\u00e9r\u00e9s qui collaborent sur ces articles que vous lisez au quotidien.\u00a0\",\"url\":\"https:\/\/theplayoffs.news\/fr\/author\/freeagentfr\/\"}]}<\/script>\n<!-- \/ Yoast SEO plugin. -->","yoast_head_json":{"title":"Les Padres &agrave; l&#039;&eacute;coute des offres pour Juan Soto ? - The Playoffs FR","robots":{"index":"index","follow":"follow","max-snippet":"max-snippet:-1","max-image-preview":"max-image-preview:large","max-video-preview":"max-video-preview:-1"},"canonical":"https:\/\/theplayoffs.news\/fr\/actualite-mlb\/padres-ecoute-offres-juan-soto\/","og_locale":"fr_FR","og_type":"article","og_title":"Les Padres &agrave; l&#039;&eacute;coute des offres pour Juan Soto ? - The Playoffs FR","og_url":"https:\/\/theplayoffs.news\/fr\/actualite-mlb\/padres-ecoute-offres-juan-soto\/","og_site_name":"The Playoffs FR","article_publisher":"https:\/\/www.facebook.com\/TheFreeAgentFR\/","article_modified_time":"2023-07-28T09:32:21+00:00","og_image":[{"width":1893,"height":1054,"url":"https:\/\/theplayoffs.news\/fr\/wp-content\/uploads\/2023\/07\/Capture-decran-2023-07-28-a-11.30.59.jpg","type":"image\/jpeg"}],"author":"La r\u00e9daction","twitter_card":"summary_large_image","twitter_creator":"@TheFreeAgentFR","twitter_site":"@TheFreeAgentFR","twitter_misc":{"\u00c9crit par":"La r\u00e9daction","Dur\u00e9e de lecture estim\u00e9e":"2 minutes"},"schema":{"@context":"https:\/\/schema.org","@graph":[{"@type":"WebPage","@id":"https:\/\/theplayoffs.news\/fr\/actualite-mlb\/padres-ecoute-offres-juan-soto\/","url":"https:\/\/theplayoffs.news\/fr\/actualite-mlb\/padres-ecoute-offres-juan-soto\/","name":"Les Padres \u00e0 l\\'\u00e9coute des offres pour Juan Soto ? - The Playoffs FR","isPartOf":{"@id":"https:\/\/theplayoffs.news\/fr\/#website"},"primaryImageOfPage":{"@id":"https:\/\/theplayoffs.news\/fr\/actualite-mlb\/padres-ecoute-offres-juan-soto\/#primaryimage"},"image":{"@id":"https:\/\/theplayoffs.news\/fr\/actualite-mlb\/padres-ecoute-offres-juan-soto\/#primaryimage"},"thumbnailUrl":"https:\/\/theplayoffs.news\/fr\/wp-content\/uploads\/2023\/07\/Capture-decran-2023-07-28-a-11.30.59.jpg","datePublished":"2023-07-28T09:32:20+00:00","dateModified":"2023-07-28T09:32:21+00:00","author":{"@id":"https:\/\/theplayoffs.news\/fr\/#\/schema\/person\/bb40426f4e478f9bd8cdbfeb4f2f9784"},"breadcrumb":{"@id":"https:\/\/theplayoffs.news\/fr\/actualite-mlb\/padres-ecoute-offres-juan-soto\/#breadcrumb"},"inLanguage":"fr-FR","potentialAction":[{"@type":"ReadAction","target":["https:\/\/theplayoffs.news\/fr\/actualite-mlb\/padres-ecoute-offres-juan-soto\/"]}]},{"@type":"ImageObject","inLanguage":"fr-FR","@id":"https:\/\/theplayoffs.news\/fr\/actualite-mlb\/padres-ecoute-offres-juan-soto\/#primaryimage","url":"https:\/\/theplayoffs.news\/fr\/wp-content\/uploads\/2023\/07\/Capture-decran-2023-07-28-a-11.30.59.jpg","contentUrl":"https:\/\/theplayoffs.news\/fr\/wp-content\/uploads\/2023\/07\/Capture-decran-2023-07-28-a-11.30.59.jpg","width":1893,"height":1054,"caption":"Juan Soto"},{"@type":"BreadcrumbList","@id":"https:\/\/theplayoffs.news\/fr\/actualite-mlb\/padres-ecoute-offres-juan-soto\/#breadcrumb","itemListElement":[{"@type":"ListItem","position":1,"name":"Accueil","item":"https:\/\/theplayoffs.news\/fr\/"},{"@type":"ListItem","position":2,"name":"Les Padres \u00e0 l&rsquo;\u00e9coute des offres pour Juan Soto ?"}]},{"@type":"WebSite","@id":"https:\/\/theplayoffs.news\/fr\/#website","url":"https:\/\/theplayoffs.news\/fr\/","name":"The Playoffs FR","description":"NBA-NFL-NHL-MLB","potentialAction":[{"@type":"SearchAction","target":{"@type":"EntryPoint","urlTemplate":"https:\/\/theplayoffs.news\/fr\/?s={search_term_string}"},"query-input":{"@type":"PropertyValueSpecification","valueRequired":true,"valueName":"search_term_string"}}],"inLanguage":"fr-FR"},{"@type":"Person","@id":"https:\/\/theplayoffs.news\/fr\/#\/schema\/person\/bb40426f4e478f9bd8cdbfeb4f2f9784","name":"La r\u00e9daction","image":{"@type":"ImageObject","inLanguage":"fr-FR","@id":"https:\/\/theplayoffs.news\/fr\/#\/schema\/person\/image\/","url":"https:\/\/secure.gravatar.com\/avatar\/7e69b41460ab2c17d61c8c364b6a0ee006f957a70191383ef42be1f4733d6515?s=96&d=mm&r=g","contentUrl":"https:\/\/secure.gravatar.com\/avatar\/7e69b41460ab2c17d61c8c364b6a0ee006f957a70191383ef42be1f4733d6515?s=96&d=mm&r=g","caption":"La r\u00e9daction"},"description":"On dit qu\\'il faut un village pour s\\'occuper d\\'un enfant. Et bien c\\'est exactement ce dont il s\\'agit ici pour The Playoffs. La r\u00e9daction, ce sont vos r\u00e9dacteurs pr\u00e9f\u00e9r\u00e9s qui collaborent sur ces articles que vous lisez au quotidien.\u00a0","url":"https:\/\/theplayoffs.news\/fr\/author\/freeagentfr\/"}]}},"_links":{"self":[{"href":"https:\/\/theplayoffs.news\/fr\/wp-json\/wp\/v2\/posts\/739155","targetHints":{"allow":["GET"]}}],"collection":[{"href":"https:\/\/theplayoffs.news\/fr\/wp-json\/wp\/v2\/posts"}],"about":[{"href":"https:\/\/theplayoffs.news\/fr\/wp-json\/wp\/v2\/types\/post"}],"author":[{"embeddable":true,"href":"https:\/\/theplayoffs.news\/fr\/wp-json\/wp\/v2\/users\/180309799"}],"replies":[{"embeddable":true,"href":"https:\/\/theplayoffs.news\/fr\/wp-json\/wp\/v2\/comments?post=739155"}],"version-history":[{"count":2,"href":"https:\/\/theplayoffs.news\/fr\/wp-json\/wp\/v2\/posts\/739155\/revisions"}],"predecessor-version":[{"id":739189,"href":"https:\/\/theplayoffs.news\/fr\/wp-json\/wp\/v2\/posts\/739155\/revisions\/739189"}],"wp:featuredmedia":[{"embeddable":true,"href":"https:\/\/theplayoffs.news\/fr\/wp-json\/wp\/v2\/media\/739182"}],"wp:attachment":[{"href":"https:\/\/theplayoffs.news\/fr\/wp-json\/wp\/v2\/media?parent=739155"}],"wp:term":[{"taxonomy":"category","embeddable":true,"href":"https:\/\/theplayoffs.news\/fr\/wp-json\/wp\/v2\/categories?post=739155"},{"taxonomy":"post_tag","embeddable":true,"href":"https:\/\/theplayoffs.news\/fr\/wp-json\/wp\/v2\/tags?post=739155"},{"taxonomy":"sport","embeddable":true,"href":"https:\/\/theplayoffs.news\/fr\/wp-json\/wp\/v2\/sport?post=739155"},{"taxonomy":"saison","embeddable":true,"href":"https:\/\/theplayoffs.news\/fr\/wp-json\/wp\/v2\/saison?post=739155"}],"curies":[{"name":"wp","href":"https:\/\/api.w.org\/{rel}","templated":true}]}}