{"id":737234,"date":"2023-07-27T19:10:02","date_gmt":"2023-07-27T17:10:02","guid":{"rendered":"https:\/\/theplayoffs.news\/fr\/?p=737234"},"modified":"2023-07-27T19:10:03","modified_gmt":"2023-07-27T17:10:03","slug":"stephen-curry-warriors-dans-son-prime","status":"publish","type":"post","link":"https:\/\/theplayoffs.news\/fr\/actualite-nba\/stephen-curry-warriors-dans-son-prime\/","title":{"rendered":"Le rajeunissement de Stephen Curry: Un Warriors dans son prime ?"},"content":{"rendered":"<h2>Alors que la prochaine saison NBA 2023-24 approche, les projecteurs sont &agrave; nouveau braqu&eacute;s sur Stephen Curry, le talisman des Golden State Warriors, qui &agrave; 35 ans continue de commander le terrain de basket avec un esprit presque infatigable.<\/h2><p>Dissipant l&rsquo;id&eacute;e courante que l&rsquo;&acirc;ge l&rsquo;a peut-&ecirc;tre fatigu&eacute;, Stephen Curry, se pr&eacute;parant pour sa 15e saison, d&eacute;clare avec une vigueur juv&eacute;nile :<\/p><blockquote><p>&laquo;&nbsp;J&rsquo;ai toujours l&rsquo;impression d&rsquo;&ecirc;tre au sommet de ma carri&egrave;re, dans le sens de ce que je suis capable d&rsquo;accomplir .&nbsp;&raquo;<\/p><\/blockquote><p>En effet, les statistiques corroborent l&rsquo;affirmation de <a href=\"https:\/\/theplayoffs.news\/fr\/joueur\/stephen-curry-nba-7950\/\" class=\"trk-cta-link\" data-cta-trk='{\"ctaType\":\"Link\",\"ctaSubType\":\"main\"}'><strong>Stephen Curry<\/strong><\/a>. La saison derni&egrave;re, le double MVP a r&eacute;colt&eacute; en moyenne 29,4 points, 6,1 rebonds et 6,3 passes d&eacute;cisives en 56 matchs, shootant &agrave; un impressionnant 49,3% et 42,7% depuis le parking. Ces chiffres sont plus que de simples chiffres sur une feuille de calcul ; ils d&eacute;signent un joueur encore dans la fleur de l&rsquo;&acirc;ge, d&eacute;livrant des performances exceptionnelles malgr&eacute; le poids de ses ann&eacute;es.<\/p><h3>L&rsquo;h&eacute;ritage et les perspectives du Golden State<\/h3><p>Cependant, ce r&eacute;cit ne concerne pas seulement un joueur individuel. Il s&rsquo;agit &eacute;galement de l&rsquo;h&eacute;ritage d&rsquo;une &eacute;quipe qui, pour la neuvi&egrave;me fois en 11 saisons, a d&eacute;croch&eacute; une place en s&eacute;ries &eacute;liminatoires. Cependant, le parcours des Warriors la saison derni&egrave;re s&rsquo;est termin&eacute; en demi-finale de la Conf&eacute;rence Ouest aux mains des Lakers de Los Angeles.<\/p><p>Un dirigeant anonyme de la NBA a r&eacute;cemment remis en question la capacit&eacute; de joueurs vedettes comme Curry et LeBron James &agrave; propulser &agrave; eux seuls leurs &eacute;quipes vers des titres NBA, d&rsquo;autant plus qu&rsquo;ils vieillissent.<\/p><blockquote><p>&laquo;&nbsp;Je pense que les choses sont cycliques&nbsp;&raquo;, <a href=\"https:\/\/www.espn.com\/nba\/story\/_\/id\/38057483\/is-parity-nba-here-stay-new-cba-key\" class=\"trk-cta-link\" data-cta-trk='{\"ctaType\":\"Link\",\"ctaSubType\":\"main\"}'>a not&eacute; l&rsquo;ex&eacute;cutif<\/a>, ajoutant que des joueurs comme LeBron et Curry pourraient ne plus &ecirc;tre en mesure de remporter des championnats par eux-m&ecirc;mes.<\/p><\/blockquote><p>Mais l&rsquo;histoire et le bilan des Golden State Warriors offrent un point de vue diff&eacute;rent. Pendant plus d&rsquo;une d&eacute;cennie, avec Stephen Curry sur leur liste, les Warriors sont rest&eacute;s un pr&eacute;tendant l&eacute;gitime au titre, obtenant quatre titres NBA depuis 2015. Par cons&eacute;quent, il est peut-&ecirc;tre trop t&ocirc;t pour &eacute;carter l&rsquo;impact que Curry peut avoir sur la fortune des Warriors.<\/p><p>Alors que la nouvelle saison approche, les espoirs des Warriors sont grands. L&rsquo;ajout de Chris Paul &agrave; la formation de d&eacute;part d&eacute;j&agrave; puissante, comprenant Curry, Klay Thompson, Draymond Green et Andrew Wiggins, promet de garder les Warriors dans la conversation pour le titre pour la saison 2023-24 et au-del&agrave;.<\/p>\n","protected":false},"excerpt":{"rendered":"","protected":false},"author":13,"featured_media":737481,"comment_status":"open","ping_status":"closed","sticky":false,"template":"","format":"standard","meta":{"inline_featured_image":false,"kia_subtitle":"","_mux_skip_reasons":[],"proofreadBy":0,"footnotes":""},"categories":[110,10],"tags":[1097,68],"sport":[],"saison":[],"class_list":["post-737234","post","type-post","status-publish","format-standard","has-post-thumbnail","hentry","category-actualite-nba","category-nba","tag-golden-state-warriors","tag-stephen-curry"],"acf":[],"yoast_head":"<!-- This site is optimized with the Yoast SEO plugin v24.2 - https:\/\/yoast.com\/wordpress\/plugins\/seo\/ -->\n<title>Le rajeunissement de Stephen Curry: Un Warriors dans son prime ? - The Playoffs FR<\/title>\n<meta name=\"robots\" content=\"index, follow, max-snippet:-1, max-image-preview:large, max-video-preview:-1\" \/>\n<link rel=\"canonical\" href=\"https:\/\/theplayoffs.news\/fr\/actualite-nba\/stephen-curry-warriors-dans-son-prime\/\" \/>\n<meta property=\"og:locale\" content=\"fr_FR\" \/>\n<meta property=\"og:type\" content=\"article\" \/>\n<meta property=\"og:title\" content=\"Le rajeunissement de Stephen Curry: Un Warriors dans son prime ? - The Playoffs FR\" \/>\n<meta property=\"og:url\" content=\"https:\/\/theplayoffs.news\/fr\/actualite-nba\/stephen-curry-warriors-dans-son-prime\/\" \/>\n<meta property=\"og:site_name\" content=\"The Playoffs FR\" \/>\n<meta property=\"article:publisher\" content=\"https:\/\/www.facebook.com\/TheFreeAgentFR\/\" \/>\n<meta property=\"article:modified_time\" content=\"2023-07-27T19:10:03+02:00\" \/>\n<meta property=\"og:image\" content=\"https:\/\/theplayoffs.news\/fr\/wp-content\/uploads\/2023\/07\/Capture-decran-2023-07-27-a-19.06.57.jpg\" \/>\n\t<meta property=\"og:image:width\" content=\"1624\" \/>\n\t<meta property=\"og:image:height\" content=\"1037\" \/>\n\t<meta property=\"og:image:type\" content=\"image\/jpeg\" \/>\n<meta name=\"author\" content=\"Charles Taudin\" \/>\n<meta name=\"twitter:card\" content=\"summary_large_image\" \/>\n<meta name=\"twitter:creator\" content=\"@TheFreeAgentFR\" \/>\n<meta name=\"twitter:site\" content=\"@TheFreeAgentFR\" \/>\n<meta name=\"twitter:label1\" content=\"\u00c9crit par\" \/>\n\t<meta name=\"twitter:data1\" content=\"Charles Taudin\" \/>\n\t<meta name=\"twitter:label2\" content=\"Dur\u00e9e de lecture estim\u00e9e\" \/>\n\t<meta name=\"twitter:data2\" content=\"2 minutes\" \/>\n<script type=\"application\/ld+json\" class=\"yoast-schema-graph\">{\"@context\":\"https:\/\/schema.org\",\"@graph\":[{\"@type\":\"WebPage\",\"@id\":\"https:\/\/theplayoffs.news\/fr\/actualite-nba\/stephen-curry-warriors-dans-son-prime\/\",\"url\":\"https:\/\/theplayoffs.news\/fr\/actualite-nba\/stephen-curry-warriors-dans-son-prime\/\",\"name\":\"Le rajeunissement de Stephen Curry: Un Warriors dans son prime ? - The Playoffs FR\",\"isPartOf\":{\"@id\":\"https:\/\/theplayoffs.news\/fr\/#website\"},\"primaryImageOfPage\":{\"@id\":\"https:\/\/theplayoffs.news\/fr\/actualite-nba\/stephen-curry-warriors-dans-son-prime\/#primaryimage\"},\"image\":{\"@id\":\"https:\/\/theplayoffs.news\/fr\/actualite-nba\/stephen-curry-warriors-dans-son-prime\/#primaryimage\"},\"thumbnailUrl\":\"https:\/\/theplayoffs.news\/fr\/wp-content\/uploads\/2023\/07\/Capture-decran-2023-07-27-a-19.06.57.jpg\",\"datePublished\":\"2023-07-27T17:10:02+00:00\",\"dateModified\":\"2023-07-27T17:10:03+00:00\",\"author\":{\"@id\":\"https:\/\/theplayoffs.news\/fr\/#\/schema\/person\/eee5b69ad5d3c51cabe881c839dbe133\"},\"breadcrumb\":{\"@id\":\"https:\/\/theplayoffs.news\/fr\/actualite-nba\/stephen-curry-warriors-dans-son-prime\/#breadcrumb\"},\"inLanguage\":\"fr-FR\",\"potentialAction\":[{\"@type\":\"ReadAction\",\"target\":[\"https:\/\/theplayoffs.news\/fr\/actualite-nba\/stephen-curry-warriors-dans-son-prime\/\"]}]},{\"@type\":\"ImageObject\",\"inLanguage\":\"fr-FR\",\"@id\":\"https:\/\/theplayoffs.news\/fr\/actualite-nba\/stephen-curry-warriors-dans-son-prime\/#primaryimage\",\"url\":\"https:\/\/theplayoffs.news\/fr\/wp-content\/uploads\/2023\/07\/Capture-decran-2023-07-27-a-19.06.57.jpg\",\"contentUrl\":\"https:\/\/theplayoffs.news\/fr\/wp-content\/uploads\/2023\/07\/Capture-decran-2023-07-27-a-19.06.57.jpg\",\"width\":1624,\"height\":1037,\"caption\":\"Stephen Curry\"},{\"@type\":\"BreadcrumbList\",\"@id\":\"https:\/\/theplayoffs.news\/fr\/actualite-nba\/stephen-curry-warriors-dans-son-prime\/#breadcrumb\",\"itemListElement\":[{\"@type\":\"ListItem\",\"position\":1,\"name\":\"Accueil\",\"item\":\"https:\/\/theplayoffs.news\/fr\/\"},{\"@type\":\"ListItem\",\"position\":2,\"name\":\"Le rajeunissement de Stephen Curry: Un Warriors dans son prime ?\"}]},{\"@type\":\"WebSite\",\"@id\":\"https:\/\/theplayoffs.news\/fr\/#website\",\"url\":\"https:\/\/theplayoffs.news\/fr\/\",\"name\":\"The Playoffs FR\",\"description\":\"NBA-NFL-NHL-MLB\",\"potentialAction\":[{\"@type\":\"SearchAction\",\"target\":{\"@type\":\"EntryPoint\",\"urlTemplate\":\"https:\/\/theplayoffs.news\/fr\/?s={search_term_string}\"},\"query-input\":{\"@type\":\"PropertyValueSpecification\",\"valueRequired\":true,\"valueName\":\"search_term_string\"}}],\"inLanguage\":\"fr-FR\"},{\"@type\":\"Person\",\"@id\":\"https:\/\/theplayoffs.news\/fr\/#\/schema\/person\/eee5b69ad5d3c51cabe881c839dbe133\",\"name\":\"Charles Taudin\",\"image\":{\"@type\":\"ImageObject\",\"inLanguage\":\"fr-FR\",\"@id\":\"https:\/\/theplayoffs.news\/fr\/#\/schema\/person\/image\/\",\"url\":\"https:\/\/secure.gravatar.com\/avatar\/59a1e772205ce9fd255edfcafc93013736822e20261f294c5753b20c41ede9f2?s=96&d=mm&r=g\",\"contentUrl\":\"https:\/\/secure.gravatar.com\/avatar\/59a1e772205ce9fd255edfcafc93013736822e20261f294c5753b20c41ede9f2?s=96&d=mm&r=g\",\"caption\":\"Charles Taudin\"},\"description\":\"R\u00e9dacteur en chef global de The Playoffs, j\u2019ai cr\u00e9\u00e9 The Free Agent, devenu The Playoffs FR, en 2020 durant la pand\u00e9mie. Amoureux depuis des ann\u00e9es des 4 sports majeurs am\u00e9ricains, j\u2019organise maintenant la strat\u00e9gie \u00e9ditoriale et les r\u00e9seaux sociaux de l\u2019ensemble des versions de The Playoffs. Il m\u2019arrive encore d\u2019\u00e9crire sur certains sports que j\u2019affectionne particuli\u00e8rement comme la NFL ou la MLB. Si vous devez retenir qu\u2019une chose : Eli Manning est le vrai GOAT pour avoir battu deux fois Tom Brady.\",\"sameAs\":[\"https:\/\/www.instagram.com\/ctaudin_\/\"],\"url\":\"https:\/\/theplayoffs.news\/fr\/author\/charles-taudin\/\"}]}<\/script>\n<!-- \/ Yoast SEO plugin. -->","yoast_head_json":{"title":"Le rajeunissement de Stephen Curry: Un Warriors dans son prime ? - The Playoffs FR","robots":{"index":"index","follow":"follow","max-snippet":"max-snippet:-1","max-image-preview":"max-image-preview:large","max-video-preview":"max-video-preview:-1"},"canonical":"https:\/\/theplayoffs.news\/fr\/actualite-nba\/stephen-curry-warriors-dans-son-prime\/","og_locale":"fr_FR","og_type":"article","og_title":"Le rajeunissement de Stephen Curry: Un Warriors dans son prime ? - The Playoffs FR","og_url":"https:\/\/theplayoffs.news\/fr\/actualite-nba\/stephen-curry-warriors-dans-son-prime\/","og_site_name":"The Playoffs FR","article_publisher":"https:\/\/www.facebook.com\/TheFreeAgentFR\/","article_modified_time":"2023-07-27T17:10:03+00:00","og_image":[{"width":1624,"height":1037,"url":"https:\/\/theplayoffs.news\/fr\/wp-content\/uploads\/2023\/07\/Capture-decran-2023-07-27-a-19.06.57.jpg","type":"image\/jpeg"}],"author":"Charles Taudin","twitter_card":"summary_large_image","twitter_creator":"@TheFreeAgentFR","twitter_site":"@TheFreeAgentFR","twitter_misc":{"\u00c9crit par":"Charles Taudin","Dur\u00e9e de lecture estim\u00e9e":"2 minutes"},"schema":{"@context":"https:\/\/schema.org","@graph":[{"@type":"WebPage","@id":"https:\/\/theplayoffs.news\/fr\/actualite-nba\/stephen-curry-warriors-dans-son-prime\/","url":"https:\/\/theplayoffs.news\/fr\/actualite-nba\/stephen-curry-warriors-dans-son-prime\/","name":"Le rajeunissement de Stephen Curry: Un Warriors dans son prime ? - The Playoffs FR","isPartOf":{"@id":"https:\/\/theplayoffs.news\/fr\/#website"},"primaryImageOfPage":{"@id":"https:\/\/theplayoffs.news\/fr\/actualite-nba\/stephen-curry-warriors-dans-son-prime\/#primaryimage"},"image":{"@id":"https:\/\/theplayoffs.news\/fr\/actualite-nba\/stephen-curry-warriors-dans-son-prime\/#primaryimage"},"thumbnailUrl":"https:\/\/theplayoffs.news\/fr\/wp-content\/uploads\/2023\/07\/Capture-decran-2023-07-27-a-19.06.57.jpg","datePublished":"2023-07-27T17:10:02+00:00","dateModified":"2023-07-27T17:10:03+00:00","author":{"@id":"https:\/\/theplayoffs.news\/fr\/#\/schema\/person\/eee5b69ad5d3c51cabe881c839dbe133"},"breadcrumb":{"@id":"https:\/\/theplayoffs.news\/fr\/actualite-nba\/stephen-curry-warriors-dans-son-prime\/#breadcrumb"},"inLanguage":"fr-FR","potentialAction":[{"@type":"ReadAction","target":["https:\/\/theplayoffs.news\/fr\/actualite-nba\/stephen-curry-warriors-dans-son-prime\/"]}]},{"@type":"ImageObject","inLanguage":"fr-FR","@id":"https:\/\/theplayoffs.news\/fr\/actualite-nba\/stephen-curry-warriors-dans-son-prime\/#primaryimage","url":"https:\/\/theplayoffs.news\/fr\/wp-content\/uploads\/2023\/07\/Capture-decran-2023-07-27-a-19.06.57.jpg","contentUrl":"https:\/\/theplayoffs.news\/fr\/wp-content\/uploads\/2023\/07\/Capture-decran-2023-07-27-a-19.06.57.jpg","width":1624,"height":1037,"caption":"Stephen Curry"},{"@type":"BreadcrumbList","@id":"https:\/\/theplayoffs.news\/fr\/actualite-nba\/stephen-curry-warriors-dans-son-prime\/#breadcrumb","itemListElement":[{"@type":"ListItem","position":1,"name":"Accueil","item":"https:\/\/theplayoffs.news\/fr\/"},{"@type":"ListItem","position":2,"name":"Le rajeunissement de Stephen Curry: Un Warriors dans son prime ?"}]},{"@type":"WebSite","@id":"https:\/\/theplayoffs.news\/fr\/#website","url":"https:\/\/theplayoffs.news\/fr\/","name":"The Playoffs FR","description":"NBA-NFL-NHL-MLB","potentialAction":[{"@type":"SearchAction","target":{"@type":"EntryPoint","urlTemplate":"https:\/\/theplayoffs.news\/fr\/?s={search_term_string}"},"query-input":{"@type":"PropertyValueSpecification","valueRequired":true,"valueName":"search_term_string"}}],"inLanguage":"fr-FR"},{"@type":"Person","@id":"https:\/\/theplayoffs.news\/fr\/#\/schema\/person\/eee5b69ad5d3c51cabe881c839dbe133","name":"Charles Taudin","image":{"@type":"ImageObject","inLanguage":"fr-FR","@id":"https:\/\/theplayoffs.news\/fr\/#\/schema\/person\/image\/","url":"https:\/\/secure.gravatar.com\/avatar\/59a1e772205ce9fd255edfcafc93013736822e20261f294c5753b20c41ede9f2?s=96&d=mm&r=g","contentUrl":"https:\/\/secure.gravatar.com\/avatar\/59a1e772205ce9fd255edfcafc93013736822e20261f294c5753b20c41ede9f2?s=96&d=mm&r=g","caption":"Charles Taudin"},"description":"R\u00e9dacteur en chef global de The Playoffs, j\u2019ai cr\u00e9\u00e9 The Free Agent, devenu The Playoffs FR, en 2020 durant la pand\u00e9mie. Amoureux depuis des ann\u00e9es des 4 sports majeurs am\u00e9ricains, j\u2019organise maintenant la strat\u00e9gie \u00e9ditoriale et les r\u00e9seaux sociaux de l\u2019ensemble des versions de The Playoffs. Il m\u2019arrive encore d\u2019\u00e9crire sur certains sports que j\u2019affectionne particuli\u00e8rement comme la NFL ou la MLB. Si vous devez retenir qu\u2019une chose : Eli Manning est le vrai GOAT pour avoir battu deux fois Tom Brady.","sameAs":["https:\/\/www.instagram.com\/ctaudin_\/"],"url":"https:\/\/theplayoffs.news\/fr\/author\/charles-taudin\/"}]}},"_links":{"self":[{"href":"https:\/\/theplayoffs.news\/fr\/wp-json\/wp\/v2\/posts\/737234","targetHints":{"allow":["GET"]}}],"collection":[{"href":"https:\/\/theplayoffs.news\/fr\/wp-json\/wp\/v2\/posts"}],"about":[{"href":"https:\/\/theplayoffs.news\/fr\/wp-json\/wp\/v2\/types\/post"}],"author":[{"embeddable":true,"href":"https:\/\/theplayoffs.news\/fr\/wp-json\/wp\/v2\/users\/13"}],"replies":[{"embeddable":true,"href":"https:\/\/theplayoffs.news\/fr\/wp-json\/wp\/v2\/comments?post=737234"}],"version-history":[{"count":3,"href":"https:\/\/theplayoffs.news\/fr\/wp-json\/wp\/v2\/posts\/737234\/revisions"}],"predecessor-version":[{"id":737484,"href":"https:\/\/theplayoffs.news\/fr\/wp-json\/wp\/v2\/posts\/737234\/revisions\/737484"}],"wp:featuredmedia":[{"embeddable":true,"href":"https:\/\/theplayoffs.news\/fr\/wp-json\/wp\/v2\/media\/737481"}],"wp:attachment":[{"href":"https:\/\/theplayoffs.news\/fr\/wp-json\/wp\/v2\/media?parent=737234"}],"wp:term":[{"taxonomy":"category","embeddable":true,"href":"https:\/\/theplayoffs.news\/fr\/wp-json\/wp\/v2\/categories?post=737234"},{"taxonomy":"post_tag","embeddable":true,"href":"https:\/\/theplayoffs.news\/fr\/wp-json\/wp\/v2\/tags?post=737234"},{"taxonomy":"sport","embeddable":true,"href":"https:\/\/theplayoffs.news\/fr\/wp-json\/wp\/v2\/sport?post=737234"},{"taxonomy":"saison","embeddable":true,"href":"https:\/\/theplayoffs.news\/fr\/wp-json\/wp\/v2\/saison?post=737234"}],"curies":[{"name":"wp","href":"https:\/\/api.w.org\/{rel}","templated":true}]}}