{"id":732266,"date":"2023-07-25T16:15:50","date_gmt":"2023-07-25T14:15:50","guid":{"rendered":"https:\/\/theplayoffs.news\/fr\/?p=732266"},"modified":"2023-07-25T16:23:16","modified_gmt":"2023-07-25T14:23:16","slug":"patrice-bergeron-annonce-sa-retraite","status":"publish","type":"post","link":"https:\/\/theplayoffs.news\/fr\/actualite-nhl\/patrice-bergeron-annonce-sa-retraite\/","title":{"rendered":"Patrice Bergeron annonce sa retraite"},"content":{"rendered":"<h2>C&rsquo;est dans un long texte en anglais et en fran&ccedil;ais publi&eacute; sur le site de l&rsquo;&eacute;quipe des Bruins que Patrice Bergeron annonce mettre fin &agrave; sa carri&egrave;re en NHL.<\/h2><blockquote><p>&laquo;&nbsp;C&rsquo;est avec le c&oelig;ur gros et &eacute;norm&eacute;ment de gratitude que j&rsquo;annonce aujourd&rsquo;hui ma retraite en tant que joueur de hockey professionnel.&nbsp;&raquo; <a href=\"https:\/\/www.nhl.com\/bruins\/news\/a-statement-from-patrice-bergeron\/c-345429764\" class=\"trk-cta-link\" data-cta-trk='{\"ctaType\":\"Link\",\"ctaSubType\":\"main\"}'>&eacute;crit-il&nbsp;<\/a><\/p><\/blockquote><p><a href=\"https:\/\/theplayoffs.news\/fr\/joueur\/patrice-bergeron-nhl-4560\/\" class=\"trk-cta-link\" data-cta-trk='{\"ctaType\":\"Link\",\"ctaSubType\":\"main\"}'><strong>Patrice Bergeron<\/strong><\/a> a &eacute;t&eacute; l&rsquo;une des figures embl&eacute;matiques des Boston Bruins pendant pr&egrave;s de 20 ans. Il a &eacute;t&eacute; l&rsquo;homme d&rsquo;une seule franchise, disputant 1 294 rencontres pour 427 buts, 613 assistances et 1 040 points. Bergeron se classe au 3e rang dans l&rsquo;histoire des Bruins pour les matchs jou&eacute;s (1 294), au 3e pour les buts (427), au 4e pour les passes (613), au 3e pour les points (1 040), au 4e pour les buts en avantage num&eacute;rique (131), au 4e pour les buts en inf&eacute;riorit&eacute; num&eacute;rique (22) et au 2e pour les tirs (3 974).<\/p><p>Il aura remport&eacute; la coupe Stanley &agrave; une seule reprise, en 2011, et le troph&eacute;e Frank J. Selke, remis au meilleur attaquant d&eacute;fensif, &agrave; six reprises (record NHL). Il a &eacute;galement &eacute;t&eacute; double m&eacute;daill&eacute; d&rsquo;or et champion du monde.<\/p><p>Parmi les moments marquant de la carri&egrave;re de Patrice Bergeron, on se souviendra de ses 2 buts dans le Game 7 de la finale 2011 de la Coupe Stanley face aux Vancouver Canucks, ansi que d&rsquo;un autre doubl&eacute; lors du comeback historique des Bruins face aux Maple Leafs au premier tour des s&eacute;ries 2013.<\/p><h3 class=\"recirc-module\">Un avenir difficile pour les Bruins ?<\/h3><p>Avec le d&eacute;part de Bergeron, les Bruins risquent de conna&icirc;tre quelques difficult&eacute;s la saison prochaine.<\/p><p>Au poste de centre, Pavel Zacha et Charlie Coyle vont devoir enfiler des bottes qui pourraient &ecirc;tre trop grandes pour eux. Pour le reste, les Bruins n&rsquo;ont pas de prospect qui pourrait venir compl&eacute;ter ce duo au poste de centre.<\/p><p>Avec cette d&eacute;cision, les Bruins vont peut-&ecirc;tre s&rsquo;activer sur le march&eacute; pour &eacute;changer un centre qui puisse imm&eacute;diatement avoir un impact sur l&rsquo;&eacute;quipe pour la saison prochaine.<\/p><p>&nbsp;<\/p>\n","protected":false},"excerpt":{"rendered":"","protected":false},"author":13,"featured_media":732268,"comment_status":"open","ping_status":"closed","sticky":false,"template":"","format":"standard","meta":{"inline_featured_image":false,"kia_subtitle":"","_mux_skip_reasons":[],"proofreadBy":0,"footnotes":""},"categories":[187,26],"tags":[253,2966],"sport":[],"saison":[],"class_list":["post-732266","post","type-post","status-publish","format-standard","has-post-thumbnail","hentry","category-actualite-nhl","category-nhl","tag-boston-bruins","tag-patrice-bergeron"],"acf":[],"yoast_head":"<!-- This site is optimized with the Yoast SEO plugin v24.2 - https:\/\/yoast.com\/wordpress\/plugins\/seo\/ -->\n<title>Patrice Bergeron annonce sa retraite - The Playoffs FR<\/title>\n<meta name=\"robots\" content=\"index, follow, max-snippet:-1, max-image-preview:large, max-video-preview:-1\" \/>\n<link rel=\"canonical\" href=\"https:\/\/theplayoffs.news\/fr\/actualite-nhl\/patrice-bergeron-annonce-sa-retraite\/\" \/>\n<meta property=\"og:locale\" content=\"fr_FR\" \/>\n<meta property=\"og:type\" content=\"article\" \/>\n<meta property=\"og:title\" content=\"Patrice Bergeron annonce sa retraite - The Playoffs FR\" \/>\n<meta property=\"og:url\" content=\"https:\/\/theplayoffs.news\/fr\/actualite-nhl\/patrice-bergeron-annonce-sa-retraite\/\" \/>\n<meta property=\"og:site_name\" content=\"The Playoffs FR\" \/>\n<meta property=\"article:publisher\" content=\"https:\/\/www.facebook.com\/TheFreeAgentFR\/\" \/>\n<meta property=\"article:modified_time\" content=\"2023-07-25T16:23:16+02:00\" \/>\n<meta property=\"og:image\" content=\"https:\/\/theplayoffs.news\/fr\/wp-content\/uploads\/2023\/07\/Capture-decran-2023-07-25-a-16.09.34.jpg\" \/>\n\t<meta property=\"og:image:width\" content=\"1920\" \/>\n\t<meta property=\"og:image:height\" content=\"1060\" \/>\n\t<meta property=\"og:image:type\" content=\"image\/jpeg\" \/>\n<meta name=\"author\" content=\"Charles Taudin\" \/>\n<meta name=\"twitter:card\" content=\"summary_large_image\" \/>\n<meta name=\"twitter:creator\" content=\"@TheFreeAgentFR\" \/>\n<meta name=\"twitter:site\" content=\"@TheFreeAgentFR\" \/>\n<meta name=\"twitter:label1\" content=\"\u00c9crit par\" \/>\n\t<meta name=\"twitter:data1\" content=\"Charles Taudin\" \/>\n\t<meta name=\"twitter:label2\" content=\"Dur\u00e9e de lecture estim\u00e9e\" \/>\n\t<meta name=\"twitter:data2\" content=\"2 minutes\" \/>\n<script type=\"application\/ld+json\" class=\"yoast-schema-graph\">{\"@context\":\"https:\/\/schema.org\",\"@graph\":[{\"@type\":\"WebPage\",\"@id\":\"https:\/\/theplayoffs.news\/fr\/actualite-nhl\/patrice-bergeron-annonce-sa-retraite\/\",\"url\":\"https:\/\/theplayoffs.news\/fr\/actualite-nhl\/patrice-bergeron-annonce-sa-retraite\/\",\"name\":\"Patrice Bergeron annonce sa retraite - The Playoffs FR\",\"isPartOf\":{\"@id\":\"https:\/\/theplayoffs.news\/fr\/#website\"},\"primaryImageOfPage\":{\"@id\":\"https:\/\/theplayoffs.news\/fr\/actualite-nhl\/patrice-bergeron-annonce-sa-retraite\/#primaryimage\"},\"image\":{\"@id\":\"https:\/\/theplayoffs.news\/fr\/actualite-nhl\/patrice-bergeron-annonce-sa-retraite\/#primaryimage\"},\"thumbnailUrl\":\"https:\/\/theplayoffs.news\/fr\/wp-content\/uploads\/2023\/07\/Capture-decran-2023-07-25-a-16.09.34.jpg\",\"datePublished\":\"2023-07-25T14:15:50+00:00\",\"dateModified\":\"2023-07-25T14:23:16+00:00\",\"author\":{\"@id\":\"https:\/\/theplayoffs.news\/fr\/#\/schema\/person\/eee5b69ad5d3c51cabe881c839dbe133\"},\"breadcrumb\":{\"@id\":\"https:\/\/theplayoffs.news\/fr\/actualite-nhl\/patrice-bergeron-annonce-sa-retraite\/#breadcrumb\"},\"inLanguage\":\"fr-FR\",\"potentialAction\":[{\"@type\":\"ReadAction\",\"target\":[\"https:\/\/theplayoffs.news\/fr\/actualite-nhl\/patrice-bergeron-annonce-sa-retraite\/\"]}]},{\"@type\":\"ImageObject\",\"inLanguage\":\"fr-FR\",\"@id\":\"https:\/\/theplayoffs.news\/fr\/actualite-nhl\/patrice-bergeron-annonce-sa-retraite\/#primaryimage\",\"url\":\"https:\/\/theplayoffs.news\/fr\/wp-content\/uploads\/2023\/07\/Capture-decran-2023-07-25-a-16.09.34.jpg\",\"contentUrl\":\"https:\/\/theplayoffs.news\/fr\/wp-content\/uploads\/2023\/07\/Capture-decran-2023-07-25-a-16.09.34.jpg\",\"width\":1920,\"height\":1060,\"caption\":\"Patrice bergeron\"},{\"@type\":\"BreadcrumbList\",\"@id\":\"https:\/\/theplayoffs.news\/fr\/actualite-nhl\/patrice-bergeron-annonce-sa-retraite\/#breadcrumb\",\"itemListElement\":[{\"@type\":\"ListItem\",\"position\":1,\"name\":\"Accueil\",\"item\":\"https:\/\/theplayoffs.news\/fr\/\"},{\"@type\":\"ListItem\",\"position\":2,\"name\":\"Patrice Bergeron annonce sa retraite\"}]},{\"@type\":\"WebSite\",\"@id\":\"https:\/\/theplayoffs.news\/fr\/#website\",\"url\":\"https:\/\/theplayoffs.news\/fr\/\",\"name\":\"The Playoffs FR\",\"description\":\"NBA-NFL-NHL-MLB\",\"potentialAction\":[{\"@type\":\"SearchAction\",\"target\":{\"@type\":\"EntryPoint\",\"urlTemplate\":\"https:\/\/theplayoffs.news\/fr\/?s={search_term_string}\"},\"query-input\":{\"@type\":\"PropertyValueSpecification\",\"valueRequired\":true,\"valueName\":\"search_term_string\"}}],\"inLanguage\":\"fr-FR\"},{\"@type\":\"Person\",\"@id\":\"https:\/\/theplayoffs.news\/fr\/#\/schema\/person\/eee5b69ad5d3c51cabe881c839dbe133\",\"name\":\"Charles Taudin\",\"image\":{\"@type\":\"ImageObject\",\"inLanguage\":\"fr-FR\",\"@id\":\"https:\/\/theplayoffs.news\/fr\/#\/schema\/person\/image\/\",\"url\":\"https:\/\/secure.gravatar.com\/avatar\/59a1e772205ce9fd255edfcafc93013736822e20261f294c5753b20c41ede9f2?s=96&d=mm&r=g\",\"contentUrl\":\"https:\/\/secure.gravatar.com\/avatar\/59a1e772205ce9fd255edfcafc93013736822e20261f294c5753b20c41ede9f2?s=96&d=mm&r=g\",\"caption\":\"Charles Taudin\"},\"description\":\"R\u00e9dacteur en chef global de The Playoffs, j\u2019ai cr\u00e9\u00e9 The Free Agent, devenu The Playoffs FR, en 2020 durant la pand\u00e9mie. Amoureux depuis des ann\u00e9es des 4 sports majeurs am\u00e9ricains, j\u2019organise maintenant la strat\u00e9gie \u00e9ditoriale et les r\u00e9seaux sociaux de l\u2019ensemble des versions de The Playoffs. Il m\u2019arrive encore d\u2019\u00e9crire sur certains sports que j\u2019affectionne particuli\u00e8rement comme la NFL ou la MLB. Si vous devez retenir qu\u2019une chose : Eli Manning est le vrai GOAT pour avoir battu deux fois Tom Brady.\",\"sameAs\":[\"https:\/\/www.instagram.com\/ctaudin_\/\"],\"url\":\"https:\/\/theplayoffs.news\/fr\/author\/charles-taudin\/\"}]}<\/script>\n<!-- \/ Yoast SEO plugin. -->","yoast_head_json":{"title":"Patrice Bergeron annonce sa retraite - The Playoffs FR","robots":{"index":"index","follow":"follow","max-snippet":"max-snippet:-1","max-image-preview":"max-image-preview:large","max-video-preview":"max-video-preview:-1"},"canonical":"https:\/\/theplayoffs.news\/fr\/actualite-nhl\/patrice-bergeron-annonce-sa-retraite\/","og_locale":"fr_FR","og_type":"article","og_title":"Patrice Bergeron annonce sa retraite - The Playoffs FR","og_url":"https:\/\/theplayoffs.news\/fr\/actualite-nhl\/patrice-bergeron-annonce-sa-retraite\/","og_site_name":"The Playoffs FR","article_publisher":"https:\/\/www.facebook.com\/TheFreeAgentFR\/","article_modified_time":"2023-07-25T14:23:16+00:00","og_image":[{"width":1920,"height":1060,"url":"https:\/\/theplayoffs.news\/fr\/wp-content\/uploads\/2023\/07\/Capture-decran-2023-07-25-a-16.09.34.jpg","type":"image\/jpeg"}],"author":"Charles Taudin","twitter_card":"summary_large_image","twitter_creator":"@TheFreeAgentFR","twitter_site":"@TheFreeAgentFR","twitter_misc":{"\u00c9crit par":"Charles Taudin","Dur\u00e9e de lecture estim\u00e9e":"2 minutes"},"schema":{"@context":"https:\/\/schema.org","@graph":[{"@type":"WebPage","@id":"https:\/\/theplayoffs.news\/fr\/actualite-nhl\/patrice-bergeron-annonce-sa-retraite\/","url":"https:\/\/theplayoffs.news\/fr\/actualite-nhl\/patrice-bergeron-annonce-sa-retraite\/","name":"Patrice Bergeron annonce sa retraite - The Playoffs FR","isPartOf":{"@id":"https:\/\/theplayoffs.news\/fr\/#website"},"primaryImageOfPage":{"@id":"https:\/\/theplayoffs.news\/fr\/actualite-nhl\/patrice-bergeron-annonce-sa-retraite\/#primaryimage"},"image":{"@id":"https:\/\/theplayoffs.news\/fr\/actualite-nhl\/patrice-bergeron-annonce-sa-retraite\/#primaryimage"},"thumbnailUrl":"https:\/\/theplayoffs.news\/fr\/wp-content\/uploads\/2023\/07\/Capture-decran-2023-07-25-a-16.09.34.jpg","datePublished":"2023-07-25T14:15:50+00:00","dateModified":"2023-07-25T14:23:16+00:00","author":{"@id":"https:\/\/theplayoffs.news\/fr\/#\/schema\/person\/eee5b69ad5d3c51cabe881c839dbe133"},"breadcrumb":{"@id":"https:\/\/theplayoffs.news\/fr\/actualite-nhl\/patrice-bergeron-annonce-sa-retraite\/#breadcrumb"},"inLanguage":"fr-FR","potentialAction":[{"@type":"ReadAction","target":["https:\/\/theplayoffs.news\/fr\/actualite-nhl\/patrice-bergeron-annonce-sa-retraite\/"]}]},{"@type":"ImageObject","inLanguage":"fr-FR","@id":"https:\/\/theplayoffs.news\/fr\/actualite-nhl\/patrice-bergeron-annonce-sa-retraite\/#primaryimage","url":"https:\/\/theplayoffs.news\/fr\/wp-content\/uploads\/2023\/07\/Capture-decran-2023-07-25-a-16.09.34.jpg","contentUrl":"https:\/\/theplayoffs.news\/fr\/wp-content\/uploads\/2023\/07\/Capture-decran-2023-07-25-a-16.09.34.jpg","width":1920,"height":1060,"caption":"Patrice bergeron"},{"@type":"BreadcrumbList","@id":"https:\/\/theplayoffs.news\/fr\/actualite-nhl\/patrice-bergeron-annonce-sa-retraite\/#breadcrumb","itemListElement":[{"@type":"ListItem","position":1,"name":"Accueil","item":"https:\/\/theplayoffs.news\/fr\/"},{"@type":"ListItem","position":2,"name":"Patrice Bergeron annonce sa retraite"}]},{"@type":"WebSite","@id":"https:\/\/theplayoffs.news\/fr\/#website","url":"https:\/\/theplayoffs.news\/fr\/","name":"The Playoffs FR","description":"NBA-NFL-NHL-MLB","potentialAction":[{"@type":"SearchAction","target":{"@type":"EntryPoint","urlTemplate":"https:\/\/theplayoffs.news\/fr\/?s={search_term_string}"},"query-input":{"@type":"PropertyValueSpecification","valueRequired":true,"valueName":"search_term_string"}}],"inLanguage":"fr-FR"},{"@type":"Person","@id":"https:\/\/theplayoffs.news\/fr\/#\/schema\/person\/eee5b69ad5d3c51cabe881c839dbe133","name":"Charles Taudin","image":{"@type":"ImageObject","inLanguage":"fr-FR","@id":"https:\/\/theplayoffs.news\/fr\/#\/schema\/person\/image\/","url":"https:\/\/secure.gravatar.com\/avatar\/59a1e772205ce9fd255edfcafc93013736822e20261f294c5753b20c41ede9f2?s=96&d=mm&r=g","contentUrl":"https:\/\/secure.gravatar.com\/avatar\/59a1e772205ce9fd255edfcafc93013736822e20261f294c5753b20c41ede9f2?s=96&d=mm&r=g","caption":"Charles Taudin"},"description":"R\u00e9dacteur en chef global de The Playoffs, j\u2019ai cr\u00e9\u00e9 The Free Agent, devenu The Playoffs FR, en 2020 durant la pand\u00e9mie. Amoureux depuis des ann\u00e9es des 4 sports majeurs am\u00e9ricains, j\u2019organise maintenant la strat\u00e9gie \u00e9ditoriale et les r\u00e9seaux sociaux de l\u2019ensemble des versions de The Playoffs. Il m\u2019arrive encore d\u2019\u00e9crire sur certains sports que j\u2019affectionne particuli\u00e8rement comme la NFL ou la MLB. Si vous devez retenir qu\u2019une chose : Eli Manning est le vrai GOAT pour avoir battu deux fois Tom Brady.","sameAs":["https:\/\/www.instagram.com\/ctaudin_\/"],"url":"https:\/\/theplayoffs.news\/fr\/author\/charles-taudin\/"}]}},"_links":{"self":[{"href":"https:\/\/theplayoffs.news\/fr\/wp-json\/wp\/v2\/posts\/732266","targetHints":{"allow":["GET"]}}],"collection":[{"href":"https:\/\/theplayoffs.news\/fr\/wp-json\/wp\/v2\/posts"}],"about":[{"href":"https:\/\/theplayoffs.news\/fr\/wp-json\/wp\/v2\/types\/post"}],"author":[{"embeddable":true,"href":"https:\/\/theplayoffs.news\/fr\/wp-json\/wp\/v2\/users\/13"}],"replies":[{"embeddable":true,"href":"https:\/\/theplayoffs.news\/fr\/wp-json\/wp\/v2\/comments?post=732266"}],"version-history":[{"count":3,"href":"https:\/\/theplayoffs.news\/fr\/wp-json\/wp\/v2\/posts\/732266\/revisions"}],"predecessor-version":[{"id":732270,"href":"https:\/\/theplayoffs.news\/fr\/wp-json\/wp\/v2\/posts\/732266\/revisions\/732270"}],"wp:featuredmedia":[{"embeddable":true,"href":"https:\/\/theplayoffs.news\/fr\/wp-json\/wp\/v2\/media\/732268"}],"wp:attachment":[{"href":"https:\/\/theplayoffs.news\/fr\/wp-json\/wp\/v2\/media?parent=732266"}],"wp:term":[{"taxonomy":"category","embeddable":true,"href":"https:\/\/theplayoffs.news\/fr\/wp-json\/wp\/v2\/categories?post=732266"},{"taxonomy":"post_tag","embeddable":true,"href":"https:\/\/theplayoffs.news\/fr\/wp-json\/wp\/v2\/tags?post=732266"},{"taxonomy":"sport","embeddable":true,"href":"https:\/\/theplayoffs.news\/fr\/wp-json\/wp\/v2\/sport?post=732266"},{"taxonomy":"saison","embeddable":true,"href":"https:\/\/theplayoffs.news\/fr\/wp-json\/wp\/v2\/saison?post=732266"}],"curies":[{"name":"wp","href":"https:\/\/api.w.org\/{rel}","templated":true}]}}