{"id":729773,"date":"2023-07-24T15:56:53","date_gmt":"2023-07-24T13:56:53","guid":{"rendered":"https:\/\/theplayoffs.news\/fr\/?p=729773"},"modified":"2023-07-24T16:00:09","modified_gmt":"2023-07-24T14:00:09","slug":"andre-tourigny-vers-une-prolongation","status":"publish","type":"post","link":"https:\/\/theplayoffs.news\/fr\/actualite-nhl\/andre-tourigny-vers-une-prolongation\/","title":{"rendered":"Andr\u00e9 Tourigny : vers une prolongation ?"},"content":{"rendered":"<h2>Les Coyotes de l&rsquo;Arizona pr&eacute;parent l&rsquo;avenir en cherchant &agrave; consolider le poste de leur entra&icirc;neur en chef, Andr&eacute; Tourigny.<\/h2><p>Le directeur g&eacute;n&eacute;ral, Bill Armstrong, a indiqu&eacute; r&eacute;cemment sur <a href=\"https:\/\/www.nhl.com\/fr\/news\/coyotes--une-prolongation-de-contrat-pour-tourigny\/c-345415064\" class=\"trk-cta-link\" data-cta-trk='{\"ctaType\":\"Link\",\"ctaSubType\":\"main\"}'>LNH.com<\/a> leur d&eacute;sir de prolonger le contrat de Tourigny, alors que l&rsquo;&eacute;quipe pr&eacute;pare son entr&eacute;e dans une nouvelle &eacute;tape de son processus de reconstruction.<\/p><h3>Une premi&egrave;re phase r&eacute;ussie<\/h3><p>Andr&eacute; Tourigny, qui est originaire du Qu&eacute;bec, a su prouver sa valeur en dirigeant la premi&egrave;re phase de ce projet de renouvellement. Malgr&eacute; un bilan de 53-90-21 pendant ses deux premi&egrave;res saisons &agrave; la t&ecirc;te de l&rsquo;&eacute;quipe, il a su instaurer une nouvelle culture au sein du club et gagner l&rsquo;adh&eacute;sion des joueurs &agrave; son plan.<\/p><p>Armstrong a lou&eacute; Andr&eacute; Tourigny pour la fa&ccedil;on dont il a r&eacute;ussi &agrave; faire accepter son plan aux joueurs, qui &laquo;&nbsp;acceptent la culture&nbsp;&raquo; qu&rsquo;il a cr&eacute;&eacute;e. Il a ajout&eacute; que les joueurs sont maintenant pr&ecirc;ts &agrave; &laquo;&nbsp;se donner &agrave; fond chaque soir ici, dans le d&eacute;sert.&nbsp;&raquo;<\/p><p>Andr&eacute; Tourigny, quant &agrave; lui, reste concentr&eacute; sur l&rsquo;objectif final, laissant de c&ocirc;t&eacute; les distractions comme sa situation contractuelle.<\/p><blockquote><p>&laquo;&nbsp;&Ccedil;a ne change rien. Tout ce que je peux faire pour am&eacute;liorer ma situation, c&rsquo;est de faire ce que je dois faire chaque jour&nbsp;&raquo;, a-t-il d&eacute;clar&eacute;.<\/p><\/blockquote><h3>Vers la Deuxi&egrave;me Phase de Reconstruction<\/h3><p>Avec l&rsquo;arriv&eacute;e de la deuxi&egrave;me phase, les Coyotes cherchent &agrave; renforcer leur &eacute;quipe et &agrave; donner un nouvel &eacute;lan &agrave; leur projet. L&rsquo;ajout de plusieurs nouveaux joueurs de talent est l&rsquo;un des &eacute;l&eacute;ments cl&eacute;s de cette nouvelle phase.<\/p><p>Parmi les nouvelles recrues, on trouve le d&eacute;fenseur <a href=\"https:\/\/theplayoffs.news\/fr\/joueur\/sean-durzi-nhl-8757366\/\" class=\"trk-cta-link\" data-cta-trk='{\"ctaType\":\"Link\",\"ctaSubType\":\"main\"}'><strong>Sean Durzi<\/strong><\/a>, acquis via le march&eacute; des transactions, ainsi que les attaquants <a href=\"https:\/\/theplayoffs.news\/fr\/joueur\/jason-zucker-nhl-5186630\/\" class=\"trk-cta-link\" data-cta-trk='{\"ctaType\":\"Link\",\"ctaSubType\":\"main\"}'><strong>Jason Zucker<\/strong><\/a>, <a href=\"https:\/\/theplayoffs.news\/fr\/joueur\/alexander-kerfoot-nhl-6138788\/\" class=\"trk-cta-link\" data-cta-trk='{\"ctaType\":\"Link\",\"ctaSubType\":\"main\"}'><strong>Alex Kerfoot<\/strong><\/a> et <a href=\"https:\/\/theplayoffs.news\/fr\/joueur\/nick-bjugstad-nhl-11656\/\" class=\"trk-cta-link\" data-cta-trk='{\"ctaType\":\"Link\",\"ctaSubType\":\"main\"}'><strong>Nick Bjugstad<\/strong><\/a>, sign&eacute;s sur le march&eacute; des joueurs autonomes.<\/p><p>Ces nouvelles acquisitions visent &agrave; aider les Coyotes &agrave; briser leur s&eacute;quence de malchance en s&eacute;ries &eacute;liminatoires &ndash; ils n&rsquo;ont particip&eacute; qu&rsquo;une seule fois au cours des 11 derni&egrave;res saisons.<\/p><p>Avec une s&eacute;quence de six matchs sur la route pour commencer la prochaine saison, les Coyotes sont pr&ecirc;ts &agrave; se battre pour une place de choix dans la LNH.<\/p>\n","protected":false},"excerpt":{"rendered":"","protected":false},"author":13,"featured_media":729774,"comment_status":"open","ping_status":"closed","sticky":false,"template":"","format":"standard","meta":{"inline_featured_image":false,"kia_subtitle":"","_mux_skip_reasons":[],"proofreadBy":0,"footnotes":""},"categories":[187,26],"tags":[6270,350],"sport":[],"saison":[],"class_list":["post-729773","post","type-post","status-publish","format-standard","has-post-thumbnail","hentry","category-actualite-nhl","category-nhl","tag-andre-tourigny","tag-arizona-coyotes"],"acf":[],"yoast_head":"<!-- This site is optimized with the Yoast SEO plugin v24.2 - https:\/\/yoast.com\/wordpress\/plugins\/seo\/ -->\n<title>Andr&eacute; Tourigny : vers une prolongation ? - The Playoffs FR<\/title>\n<meta name=\"robots\" content=\"index, follow, max-snippet:-1, max-image-preview:large, max-video-preview:-1\" \/>\n<link rel=\"canonical\" href=\"https:\/\/theplayoffs.news\/fr\/actualite-nhl\/andre-tourigny-vers-une-prolongation\/\" \/>\n<meta property=\"og:locale\" content=\"fr_FR\" \/>\n<meta property=\"og:type\" content=\"article\" \/>\n<meta property=\"og:title\" content=\"Andr&eacute; Tourigny : vers une prolongation ? - The Playoffs FR\" \/>\n<meta property=\"og:url\" content=\"https:\/\/theplayoffs.news\/fr\/actualite-nhl\/andre-tourigny-vers-une-prolongation\/\" \/>\n<meta property=\"og:site_name\" content=\"The Playoffs FR\" \/>\n<meta property=\"article:publisher\" content=\"https:\/\/www.facebook.com\/TheFreeAgentFR\/\" \/>\n<meta property=\"article:modified_time\" content=\"2023-07-24T16:00:09+02:00\" \/>\n<meta property=\"og:image\" content=\"https:\/\/theplayoffs.news\/fr\/wp-content\/uploads\/2023\/07\/Capture-decran-2023-07-24-a-15.28.29.jpg\" \/>\n\t<meta property=\"og:image:width\" content=\"1898\" \/>\n\t<meta property=\"og:image:height\" content=\"1060\" \/>\n\t<meta property=\"og:image:type\" content=\"image\/jpeg\" \/>\n<meta name=\"author\" content=\"Charles Taudin\" \/>\n<meta name=\"twitter:card\" content=\"summary_large_image\" \/>\n<meta name=\"twitter:creator\" content=\"@TheFreeAgentFR\" \/>\n<meta name=\"twitter:site\" content=\"@TheFreeAgentFR\" \/>\n<meta name=\"twitter:label1\" content=\"\u00c9crit par\" \/>\n\t<meta name=\"twitter:data1\" content=\"Charles Taudin\" \/>\n\t<meta name=\"twitter:label2\" content=\"Dur\u00e9e de lecture estim\u00e9e\" \/>\n\t<meta name=\"twitter:data2\" content=\"2 minutes\" \/>\n<script type=\"application\/ld+json\" class=\"yoast-schema-graph\">{\"@context\":\"https:\/\/schema.org\",\"@graph\":[{\"@type\":\"WebPage\",\"@id\":\"https:\/\/theplayoffs.news\/fr\/actualite-nhl\/andre-tourigny-vers-une-prolongation\/\",\"url\":\"https:\/\/theplayoffs.news\/fr\/actualite-nhl\/andre-tourigny-vers-une-prolongation\/\",\"name\":\"Andr\u00e9 Tourigny : vers une prolongation ? - The Playoffs FR\",\"isPartOf\":{\"@id\":\"https:\/\/theplayoffs.news\/fr\/#website\"},\"primaryImageOfPage\":{\"@id\":\"https:\/\/theplayoffs.news\/fr\/actualite-nhl\/andre-tourigny-vers-une-prolongation\/#primaryimage\"},\"image\":{\"@id\":\"https:\/\/theplayoffs.news\/fr\/actualite-nhl\/andre-tourigny-vers-une-prolongation\/#primaryimage\"},\"thumbnailUrl\":\"https:\/\/theplayoffs.news\/fr\/wp-content\/uploads\/2023\/07\/Capture-decran-2023-07-24-a-15.28.29.jpg\",\"datePublished\":\"2023-07-24T13:56:53+00:00\",\"dateModified\":\"2023-07-24T14:00:09+00:00\",\"author\":{\"@id\":\"https:\/\/theplayoffs.news\/fr\/#\/schema\/person\/eee5b69ad5d3c51cabe881c839dbe133\"},\"breadcrumb\":{\"@id\":\"https:\/\/theplayoffs.news\/fr\/actualite-nhl\/andre-tourigny-vers-une-prolongation\/#breadcrumb\"},\"inLanguage\":\"fr-FR\",\"potentialAction\":[{\"@type\":\"ReadAction\",\"target\":[\"https:\/\/theplayoffs.news\/fr\/actualite-nhl\/andre-tourigny-vers-une-prolongation\/\"]}]},{\"@type\":\"ImageObject\",\"inLanguage\":\"fr-FR\",\"@id\":\"https:\/\/theplayoffs.news\/fr\/actualite-nhl\/andre-tourigny-vers-une-prolongation\/#primaryimage\",\"url\":\"https:\/\/theplayoffs.news\/fr\/wp-content\/uploads\/2023\/07\/Capture-decran-2023-07-24-a-15.28.29.jpg\",\"contentUrl\":\"https:\/\/theplayoffs.news\/fr\/wp-content\/uploads\/2023\/07\/Capture-decran-2023-07-24-a-15.28.29.jpg\",\"width\":1898,\"height\":1060,\"caption\":\"Andr\u00e9 Tourigny\"},{\"@type\":\"BreadcrumbList\",\"@id\":\"https:\/\/theplayoffs.news\/fr\/actualite-nhl\/andre-tourigny-vers-une-prolongation\/#breadcrumb\",\"itemListElement\":[{\"@type\":\"ListItem\",\"position\":1,\"name\":\"Accueil\",\"item\":\"https:\/\/theplayoffs.news\/fr\/\"},{\"@type\":\"ListItem\",\"position\":2,\"name\":\"Andr\u00e9 Tourigny : vers une prolongation ?\"}]},{\"@type\":\"WebSite\",\"@id\":\"https:\/\/theplayoffs.news\/fr\/#website\",\"url\":\"https:\/\/theplayoffs.news\/fr\/\",\"name\":\"The Playoffs FR\",\"description\":\"NBA-NFL-NHL-MLB\",\"potentialAction\":[{\"@type\":\"SearchAction\",\"target\":{\"@type\":\"EntryPoint\",\"urlTemplate\":\"https:\/\/theplayoffs.news\/fr\/?s={search_term_string}\"},\"query-input\":{\"@type\":\"PropertyValueSpecification\",\"valueRequired\":true,\"valueName\":\"search_term_string\"}}],\"inLanguage\":\"fr-FR\"},{\"@type\":\"Person\",\"@id\":\"https:\/\/theplayoffs.news\/fr\/#\/schema\/person\/eee5b69ad5d3c51cabe881c839dbe133\",\"name\":\"Charles Taudin\",\"image\":{\"@type\":\"ImageObject\",\"inLanguage\":\"fr-FR\",\"@id\":\"https:\/\/theplayoffs.news\/fr\/#\/schema\/person\/image\/\",\"url\":\"https:\/\/secure.gravatar.com\/avatar\/59a1e772205ce9fd255edfcafc93013736822e20261f294c5753b20c41ede9f2?s=96&d=mm&r=g\",\"contentUrl\":\"https:\/\/secure.gravatar.com\/avatar\/59a1e772205ce9fd255edfcafc93013736822e20261f294c5753b20c41ede9f2?s=96&d=mm&r=g\",\"caption\":\"Charles Taudin\"},\"description\":\"R\u00e9dacteur en chef global de The Playoffs, j\u2019ai cr\u00e9\u00e9 The Free Agent, devenu The Playoffs FR, en 2020 durant la pand\u00e9mie. Amoureux depuis des ann\u00e9es des 4 sports majeurs am\u00e9ricains, j\u2019organise maintenant la strat\u00e9gie \u00e9ditoriale et les r\u00e9seaux sociaux de l\u2019ensemble des versions de The Playoffs. Il m\u2019arrive encore d\u2019\u00e9crire sur certains sports que j\u2019affectionne particuli\u00e8rement comme la NFL ou la MLB. Si vous devez retenir qu\u2019une chose : Eli Manning est le vrai GOAT pour avoir battu deux fois Tom Brady.\",\"sameAs\":[\"https:\/\/www.instagram.com\/ctaudin_\/\"],\"url\":\"https:\/\/theplayoffs.news\/fr\/author\/charles-taudin\/\"}]}<\/script>\n<!-- \/ Yoast SEO plugin. -->","yoast_head_json":{"title":"Andr&eacute; Tourigny : vers une prolongation ? - The Playoffs FR","robots":{"index":"index","follow":"follow","max-snippet":"max-snippet:-1","max-image-preview":"max-image-preview:large","max-video-preview":"max-video-preview:-1"},"canonical":"https:\/\/theplayoffs.news\/fr\/actualite-nhl\/andre-tourigny-vers-une-prolongation\/","og_locale":"fr_FR","og_type":"article","og_title":"Andr&eacute; Tourigny : vers une prolongation ? - The Playoffs FR","og_url":"https:\/\/theplayoffs.news\/fr\/actualite-nhl\/andre-tourigny-vers-une-prolongation\/","og_site_name":"The Playoffs FR","article_publisher":"https:\/\/www.facebook.com\/TheFreeAgentFR\/","article_modified_time":"2023-07-24T14:00:09+00:00","og_image":[{"width":1898,"height":1060,"url":"https:\/\/theplayoffs.news\/fr\/wp-content\/uploads\/2023\/07\/Capture-decran-2023-07-24-a-15.28.29.jpg","type":"image\/jpeg"}],"author":"Charles Taudin","twitter_card":"summary_large_image","twitter_creator":"@TheFreeAgentFR","twitter_site":"@TheFreeAgentFR","twitter_misc":{"\u00c9crit par":"Charles Taudin","Dur\u00e9e de lecture estim\u00e9e":"2 minutes"},"schema":{"@context":"https:\/\/schema.org","@graph":[{"@type":"WebPage","@id":"https:\/\/theplayoffs.news\/fr\/actualite-nhl\/andre-tourigny-vers-une-prolongation\/","url":"https:\/\/theplayoffs.news\/fr\/actualite-nhl\/andre-tourigny-vers-une-prolongation\/","name":"Andr\u00e9 Tourigny : vers une prolongation ? - The Playoffs FR","isPartOf":{"@id":"https:\/\/theplayoffs.news\/fr\/#website"},"primaryImageOfPage":{"@id":"https:\/\/theplayoffs.news\/fr\/actualite-nhl\/andre-tourigny-vers-une-prolongation\/#primaryimage"},"image":{"@id":"https:\/\/theplayoffs.news\/fr\/actualite-nhl\/andre-tourigny-vers-une-prolongation\/#primaryimage"},"thumbnailUrl":"https:\/\/theplayoffs.news\/fr\/wp-content\/uploads\/2023\/07\/Capture-decran-2023-07-24-a-15.28.29.jpg","datePublished":"2023-07-24T13:56:53+00:00","dateModified":"2023-07-24T14:00:09+00:00","author":{"@id":"https:\/\/theplayoffs.news\/fr\/#\/schema\/person\/eee5b69ad5d3c51cabe881c839dbe133"},"breadcrumb":{"@id":"https:\/\/theplayoffs.news\/fr\/actualite-nhl\/andre-tourigny-vers-une-prolongation\/#breadcrumb"},"inLanguage":"fr-FR","potentialAction":[{"@type":"ReadAction","target":["https:\/\/theplayoffs.news\/fr\/actualite-nhl\/andre-tourigny-vers-une-prolongation\/"]}]},{"@type":"ImageObject","inLanguage":"fr-FR","@id":"https:\/\/theplayoffs.news\/fr\/actualite-nhl\/andre-tourigny-vers-une-prolongation\/#primaryimage","url":"https:\/\/theplayoffs.news\/fr\/wp-content\/uploads\/2023\/07\/Capture-decran-2023-07-24-a-15.28.29.jpg","contentUrl":"https:\/\/theplayoffs.news\/fr\/wp-content\/uploads\/2023\/07\/Capture-decran-2023-07-24-a-15.28.29.jpg","width":1898,"height":1060,"caption":"Andr\u00e9 Tourigny"},{"@type":"BreadcrumbList","@id":"https:\/\/theplayoffs.news\/fr\/actualite-nhl\/andre-tourigny-vers-une-prolongation\/#breadcrumb","itemListElement":[{"@type":"ListItem","position":1,"name":"Accueil","item":"https:\/\/theplayoffs.news\/fr\/"},{"@type":"ListItem","position":2,"name":"Andr\u00e9 Tourigny : vers une prolongation ?"}]},{"@type":"WebSite","@id":"https:\/\/theplayoffs.news\/fr\/#website","url":"https:\/\/theplayoffs.news\/fr\/","name":"The Playoffs FR","description":"NBA-NFL-NHL-MLB","potentialAction":[{"@type":"SearchAction","target":{"@type":"EntryPoint","urlTemplate":"https:\/\/theplayoffs.news\/fr\/?s={search_term_string}"},"query-input":{"@type":"PropertyValueSpecification","valueRequired":true,"valueName":"search_term_string"}}],"inLanguage":"fr-FR"},{"@type":"Person","@id":"https:\/\/theplayoffs.news\/fr\/#\/schema\/person\/eee5b69ad5d3c51cabe881c839dbe133","name":"Charles Taudin","image":{"@type":"ImageObject","inLanguage":"fr-FR","@id":"https:\/\/theplayoffs.news\/fr\/#\/schema\/person\/image\/","url":"https:\/\/secure.gravatar.com\/avatar\/59a1e772205ce9fd255edfcafc93013736822e20261f294c5753b20c41ede9f2?s=96&d=mm&r=g","contentUrl":"https:\/\/secure.gravatar.com\/avatar\/59a1e772205ce9fd255edfcafc93013736822e20261f294c5753b20c41ede9f2?s=96&d=mm&r=g","caption":"Charles Taudin"},"description":"R\u00e9dacteur en chef global de The Playoffs, j\u2019ai cr\u00e9\u00e9 The Free Agent, devenu The Playoffs FR, en 2020 durant la pand\u00e9mie. Amoureux depuis des ann\u00e9es des 4 sports majeurs am\u00e9ricains, j\u2019organise maintenant la strat\u00e9gie \u00e9ditoriale et les r\u00e9seaux sociaux de l\u2019ensemble des versions de The Playoffs. Il m\u2019arrive encore d\u2019\u00e9crire sur certains sports que j\u2019affectionne particuli\u00e8rement comme la NFL ou la MLB. Si vous devez retenir qu\u2019une chose : Eli Manning est le vrai GOAT pour avoir battu deux fois Tom Brady.","sameAs":["https:\/\/www.instagram.com\/ctaudin_\/"],"url":"https:\/\/theplayoffs.news\/fr\/author\/charles-taudin\/"}]}},"_links":{"self":[{"href":"https:\/\/theplayoffs.news\/fr\/wp-json\/wp\/v2\/posts\/729773","targetHints":{"allow":["GET"]}}],"collection":[{"href":"https:\/\/theplayoffs.news\/fr\/wp-json\/wp\/v2\/posts"}],"about":[{"href":"https:\/\/theplayoffs.news\/fr\/wp-json\/wp\/v2\/types\/post"}],"author":[{"embeddable":true,"href":"https:\/\/theplayoffs.news\/fr\/wp-json\/wp\/v2\/users\/13"}],"replies":[{"embeddable":true,"href":"https:\/\/theplayoffs.news\/fr\/wp-json\/wp\/v2\/comments?post=729773"}],"version-history":[{"count":4,"href":"https:\/\/theplayoffs.news\/fr\/wp-json\/wp\/v2\/posts\/729773\/revisions"}],"predecessor-version":[{"id":734376,"href":"https:\/\/theplayoffs.news\/fr\/wp-json\/wp\/v2\/posts\/729773\/revisions\/734376"}],"wp:featuredmedia":[{"embeddable":true,"href":"https:\/\/theplayoffs.news\/fr\/wp-json\/wp\/v2\/media\/729774"}],"wp:attachment":[{"href":"https:\/\/theplayoffs.news\/fr\/wp-json\/wp\/v2\/media?parent=729773"}],"wp:term":[{"taxonomy":"category","embeddable":true,"href":"https:\/\/theplayoffs.news\/fr\/wp-json\/wp\/v2\/categories?post=729773"},{"taxonomy":"post_tag","embeddable":true,"href":"https:\/\/theplayoffs.news\/fr\/wp-json\/wp\/v2\/tags?post=729773"},{"taxonomy":"sport","embeddable":true,"href":"https:\/\/theplayoffs.news\/fr\/wp-json\/wp\/v2\/sport?post=729773"},{"taxonomy":"saison","embeddable":true,"href":"https:\/\/theplayoffs.news\/fr\/wp-json\/wp\/v2\/saison?post=729773"}],"curies":[{"name":"wp","href":"https:\/\/api.w.org\/{rel}","templated":true}]}}