{"id":726117,"date":"2023-07-23T10:33:44","date_gmt":"2023-07-23T08:33:44","guid":{"rendered":"https:\/\/theplayoffs.news\/fr\/?p=726117"},"modified":"2023-07-23T10:33:45","modified_gmt":"2023-07-23T08:33:45","slug":"absence-chris-jones-camps-chiefs","status":"publish","type":"post","link":"https:\/\/theplayoffs.news\/fr\/actualite-nfl\/absence-chris-jones-camps-chiefs\/","title":{"rendered":"Un nuage au-dessus du camp des Chiefs: l&rsquo;absence de Chris Jones soul\u00e8ve des questions"},"content":{"rendered":"<h2>Alors que le camp d&rsquo;entra&icirc;nement bat son plein pour les &eacute;quipes de la NFL &agrave; travers le pays, l&rsquo;absence notable de Chris Jones a attir&eacute; l&rsquo;attention.<\/h2><p>Chris Jones, le plaqueur d&eacute;fensif fid&egrave;le, est absent des rangs, marquant sa premi&egrave;re absence au camp d&rsquo;entra&icirc;nement en huit ans de carri&egrave;re professionnelle.<\/p><h3>Impasse du contrat de Jones<\/h3><p>La question imm&eacute;diate dans tous les esprits : pourquoi ?<\/p><p><a href=\"https:\/\/theplayoffs.news\/fr\/joueur\/chris-jones-nfl-6089718\/\" class=\"trk-cta-link\" data-cta-trk='{\"ctaType\":\"Link\",\"ctaSubType\":\"main\"}'><strong>Chris Jones<\/strong><\/a>, qui en est &agrave; la derni&egrave;re ann&eacute;e de son contrat de 80 millions de dollars sur quatre ans, ne s&rsquo;est pas pr&eacute;sent&eacute; au camp d&rsquo;entra&icirc;nement ce samedi, selon <a href=\"https:\/\/theathletic.com\/4712836\/2023\/07\/22\/chiefs-chris-jones-training-camp\/\" class=\"trk-cta-link\" data-cta-trk='{\"ctaType\":\"Link\",\"ctaSubType\":\"main\"}'>The Athletic<\/a>. Cela vient apr&egrave;s son absence du minicamp obligatoire de l&rsquo;&eacute;quipe le mois dernier. Les deux incidents, peut-&ecirc;tre des sympt&ocirc;mes de probl&egrave;mes de n&eacute;gociation de contrat sous-jacents, indiquent un d&eacute;roulement narratif plus large.<\/p><p>Plus t&ocirc;t cette ann&eacute;e, Jones a publiquement exprim&eacute; son aspiration &agrave; rester un Chiefs &agrave; vie. Cependant, il semble qu&rsquo;il cherche une prolongation qui le place au moins au deuxi&egrave;me rang des joueurs les mieux pay&eacute;s &agrave; son poste, ce qui pourrait potentiellement compliquer le processus de n&eacute;gociation.<\/p><p>Les Chiefs et Jones sont apparemment dans une impasse qui devrait acc&eacute;l&eacute;rer les n&eacute;gociations, bien qu&rsquo;aucune des parties ne l&rsquo;ait officiellement confirm&eacute;.<\/p><p>La nouvelle convention collective stipule une amende obligatoire de 50 000 $ pour chaque entra&icirc;nement manqu&eacute; au camp d&rsquo;entra&icirc;nement. Si Jones continue son absence, cela pourrait peser consid&eacute;rablement sur ses revenus, ce qui exercerait une pression suppl&eacute;mentaire pour la r&eacute;solution.<\/p><h3>Performance, attentes et pr&eacute;occupations<\/h3><p>Chris Jones est ind&eacute;niablement un &eacute;l&eacute;ment cl&eacute; de l&rsquo;ensemble des Chiefs, faisant partie int&eacute;grante de leur r&eacute;cent parcours jusqu&rsquo;&agrave; la victoire au Super Bowl LVII. La saison derni&egrave;re, il a enregistr&eacute; des sommets en carri&egrave;re de 15,5 sacks et 29 coups sur quarterback, ce qui en fait un &eacute;l&eacute;ment indispensable de la formation d&eacute;fensive de Kansas City.<\/p><p>Sa performance souligne sa valeur pour l&rsquo;&eacute;quipe et montre pourquoi son absence est un sujet de pr&eacute;occupation.<\/p><p>La v&eacute;ritable inqui&eacute;tude des Chiefs se manifestera si la r&eacute;sistance de Chris Jones se prolonge dans les matchs de pr&eacute;-saison. Une absence au camp d&rsquo;entra&icirc;nement est une chose, mais manquer des matchs de pr&eacute;-saison peut d&eacute;stabiliser la coh&eacute;sion de l&rsquo;&eacute;quipe et la strat&eacute;gie sur le terrain, ce qui a un impact sur les performances de l&rsquo;&eacute;quipe au cours de la saison &agrave; venir.<\/p><p>Dans l&rsquo;intervalle, Chris Jones s&rsquo;est entra&icirc;n&eacute; &agrave; Miami avec son entra&icirc;neur de longue date, Pete Bommarito, s&rsquo;assurant que sa pr&eacute;paration physique reste excellente. Il semble que, malgr&eacute; le d&eacute;saccord actuel, Jones maintienne son penchant pour les Chiefs, louant l&rsquo;organisation et ses co&eacute;quipiers lors de son discours d&rsquo;acceptation de l&rsquo;ESPY pour la meilleure &eacute;quipe.<\/p>\n","protected":false},"excerpt":{"rendered":"","protected":false},"author":180309964,"featured_media":726160,"comment_status":"open","ping_status":"closed","sticky":false,"template":"","format":"standard","meta":{"inline_featured_image":false,"kia_subtitle":"","_mux_skip_reasons":[],"proofreadBy":0,"footnotes":""},"categories":[118,40],"tags":[624,487],"sport":[],"saison":[],"class_list":["post-726117","post","type-post","status-publish","format-standard","has-post-thumbnail","hentry","category-actualite-nfl","category-nfl","tag-chris-jones","tag-kansas-city-chiefs"],"acf":[],"yoast_head":"<!-- This site is optimized with the Yoast SEO plugin v24.2 - https:\/\/yoast.com\/wordpress\/plugins\/seo\/ -->\n<title>Un nuage au-dessus du camp des Chiefs: l&#039;absence de Chris Jones soul&egrave;ve des questions - The Playoffs FR<\/title>\n<meta name=\"robots\" content=\"index, follow, max-snippet:-1, max-image-preview:large, max-video-preview:-1\" \/>\n<link rel=\"canonical\" href=\"https:\/\/theplayoffs.news\/fr\/actualite-nfl\/absence-chris-jones-camps-chiefs\/\" \/>\n<meta property=\"og:locale\" content=\"fr_FR\" \/>\n<meta property=\"og:type\" content=\"article\" \/>\n<meta property=\"og:title\" content=\"Un nuage au-dessus du camp des Chiefs: l&#039;absence de Chris Jones soul&egrave;ve des questions - The Playoffs FR\" \/>\n<meta property=\"og:url\" content=\"https:\/\/theplayoffs.news\/fr\/actualite-nfl\/absence-chris-jones-camps-chiefs\/\" \/>\n<meta property=\"og:site_name\" content=\"The Playoffs FR\" \/>\n<meta property=\"article:publisher\" content=\"https:\/\/www.facebook.com\/TheFreeAgentFR\/\" \/>\n<meta property=\"article:modified_time\" content=\"2023-07-23T10:33:45+02:00\" \/>\n<meta property=\"og:image\" content=\"https:\/\/theplayoffs.news\/fr\/wp-content\/uploads\/2023\/07\/Capture-decran-2023-07-23-a-10.31.52.jpg\" \/>\n\t<meta property=\"og:image:width\" content=\"1867\" \/>\n\t<meta property=\"og:image:height\" content=\"878\" \/>\n\t<meta property=\"og:image:type\" content=\"image\/jpeg\" \/>\n<meta name=\"author\" content=\"Flavien Jumeau\" \/>\n<meta name=\"twitter:card\" content=\"summary_large_image\" \/>\n<meta name=\"twitter:creator\" content=\"@TheFreeAgentFR\" \/>\n<meta name=\"twitter:site\" content=\"@TheFreeAgentFR\" \/>\n<meta name=\"twitter:label1\" content=\"\u00c9crit par\" \/>\n\t<meta name=\"twitter:data1\" content=\"Flavien Jumeau\" \/>\n\t<meta name=\"twitter:label2\" content=\"Dur\u00e9e de lecture estim\u00e9e\" \/>\n\t<meta name=\"twitter:data2\" content=\"2 minutes\" \/>\n<script type=\"application\/ld+json\" class=\"yoast-schema-graph\">{\"@context\":\"https:\/\/schema.org\",\"@graph\":[{\"@type\":\"WebPage\",\"@id\":\"https:\/\/theplayoffs.news\/fr\/actualite-nfl\/absence-chris-jones-camps-chiefs\/\",\"url\":\"https:\/\/theplayoffs.news\/fr\/actualite-nfl\/absence-chris-jones-camps-chiefs\/\",\"name\":\"Un nuage au-dessus du camp des Chiefs: l\\\\'absence de Chris Jones soul\u00e8ve des questions - The Playoffs FR\",\"isPartOf\":{\"@id\":\"https:\/\/theplayoffs.news\/fr\/#website\"},\"primaryImageOfPage\":{\"@id\":\"https:\/\/theplayoffs.news\/fr\/actualite-nfl\/absence-chris-jones-camps-chiefs\/#primaryimage\"},\"image\":{\"@id\":\"https:\/\/theplayoffs.news\/fr\/actualite-nfl\/absence-chris-jones-camps-chiefs\/#primaryimage\"},\"thumbnailUrl\":\"https:\/\/theplayoffs.news\/fr\/wp-content\/uploads\/2023\/07\/Capture-decran-2023-07-23-a-10.31.52.jpg\",\"datePublished\":\"2023-07-23T08:33:44+00:00\",\"dateModified\":\"2023-07-23T08:33:45+00:00\",\"author\":{\"@id\":\"https:\/\/theplayoffs.news\/fr\/#\/schema\/person\/def63bc6746dc5957469b75feb99e66d\"},\"breadcrumb\":{\"@id\":\"https:\/\/theplayoffs.news\/fr\/actualite-nfl\/absence-chris-jones-camps-chiefs\/#breadcrumb\"},\"inLanguage\":\"fr-FR\",\"potentialAction\":[{\"@type\":\"ReadAction\",\"target\":[\"https:\/\/theplayoffs.news\/fr\/actualite-nfl\/absence-chris-jones-camps-chiefs\/\"]}]},{\"@type\":\"ImageObject\",\"inLanguage\":\"fr-FR\",\"@id\":\"https:\/\/theplayoffs.news\/fr\/actualite-nfl\/absence-chris-jones-camps-chiefs\/#primaryimage\",\"url\":\"https:\/\/theplayoffs.news\/fr\/wp-content\/uploads\/2023\/07\/Capture-decran-2023-07-23-a-10.31.52.jpg\",\"contentUrl\":\"https:\/\/theplayoffs.news\/fr\/wp-content\/uploads\/2023\/07\/Capture-decran-2023-07-23-a-10.31.52.jpg\",\"width\":1867,\"height\":878,\"caption\":\"Chris Jones\"},{\"@type\":\"BreadcrumbList\",\"@id\":\"https:\/\/theplayoffs.news\/fr\/actualite-nfl\/absence-chris-jones-camps-chiefs\/#breadcrumb\",\"itemListElement\":[{\"@type\":\"ListItem\",\"position\":1,\"name\":\"Accueil\",\"item\":\"https:\/\/theplayoffs.news\/fr\/\"},{\"@type\":\"ListItem\",\"position\":2,\"name\":\"Un nuage au-dessus du camp des Chiefs: l&rsquo;absence de Chris Jones soul\u00e8ve des questions\"}]},{\"@type\":\"WebSite\",\"@id\":\"https:\/\/theplayoffs.news\/fr\/#website\",\"url\":\"https:\/\/theplayoffs.news\/fr\/\",\"name\":\"The Playoffs FR\",\"description\":\"NBA-NFL-NHL-MLB\",\"potentialAction\":[{\"@type\":\"SearchAction\",\"target\":{\"@type\":\"EntryPoint\",\"urlTemplate\":\"https:\/\/theplayoffs.news\/fr\/?s={search_term_string}\"},\"query-input\":{\"@type\":\"PropertyValueSpecification\",\"valueRequired\":true,\"valueName\":\"search_term_string\"}}],\"inLanguage\":\"fr-FR\"},{\"@type\":\"Person\",\"@id\":\"https:\/\/theplayoffs.news\/fr\/#\/schema\/person\/def63bc6746dc5957469b75feb99e66d\",\"name\":\"Flavien Jumeau\",\"image\":{\"@type\":\"ImageObject\",\"inLanguage\":\"fr-FR\",\"@id\":\"https:\/\/theplayoffs.news\/fr\/#\/schema\/person\/image\/\",\"url\":\"https:\/\/secure.gravatar.com\/avatar\/e7fa8ba5a4b7e4ce35fe152f083f352db28ad0acce692004ed88a7a7d78893f7?s=96&d=mm&r=g\",\"contentUrl\":\"https:\/\/secure.gravatar.com\/avatar\/e7fa8ba5a4b7e4ce35fe152f083f352db28ad0acce692004ed88a7a7d78893f7?s=96&d=mm&r=g\",\"caption\":\"Flavien Jumeau\"},\"description\":\"Amoureux du sport (et de vraiment tous les sports) depuis mon plus jeune \u00e2ge, j\u2019ai longtemps h\u00e9site entre le snooker et le curling. Finalement c\u2019est le foot US que j\u2019ai d\u00e9cid\u00e9 de choisir! Responsable foot US sur TPO et animateur du podcast Tailgate j\u2019ai pour mission de vous faire d\u00e9couvrir ce sport passionnant si ce n\u2019est pas encore fait et de vous donner les derni\u00e8res actus. Le tout dans la bonne humeur et avec toujours un jeu de mots ou deux savamment distill\u00e9s! Fan des Saints, pour moi Drew Brees est le vrai GOAT!\",\"url\":\"https:\/\/theplayoffs.news\/fr\/author\/flavien-jumeaugmail-com\/\"}]}<\/script>\n<!-- \/ Yoast SEO plugin. -->","yoast_head_json":{"title":"Un nuage au-dessus du camp des Chiefs: l&#039;absence de Chris Jones soul&egrave;ve des questions - The Playoffs FR","robots":{"index":"index","follow":"follow","max-snippet":"max-snippet:-1","max-image-preview":"max-image-preview:large","max-video-preview":"max-video-preview:-1"},"canonical":"https:\/\/theplayoffs.news\/fr\/actualite-nfl\/absence-chris-jones-camps-chiefs\/","og_locale":"fr_FR","og_type":"article","og_title":"Un nuage au-dessus du camp des Chiefs: l&#039;absence de Chris Jones soul&egrave;ve des questions - The Playoffs FR","og_url":"https:\/\/theplayoffs.news\/fr\/actualite-nfl\/absence-chris-jones-camps-chiefs\/","og_site_name":"The Playoffs FR","article_publisher":"https:\/\/www.facebook.com\/TheFreeAgentFR\/","article_modified_time":"2023-07-23T08:33:45+00:00","og_image":[{"width":1867,"height":878,"url":"https:\/\/theplayoffs.news\/fr\/wp-content\/uploads\/2023\/07\/Capture-decran-2023-07-23-a-10.31.52.jpg","type":"image\/jpeg"}],"author":"Flavien Jumeau","twitter_card":"summary_large_image","twitter_creator":"@TheFreeAgentFR","twitter_site":"@TheFreeAgentFR","twitter_misc":{"\u00c9crit par":"Flavien Jumeau","Dur\u00e9e de lecture estim\u00e9e":"2 minutes"},"schema":{"@context":"https:\/\/schema.org","@graph":[{"@type":"WebPage","@id":"https:\/\/theplayoffs.news\/fr\/actualite-nfl\/absence-chris-jones-camps-chiefs\/","url":"https:\/\/theplayoffs.news\/fr\/actualite-nfl\/absence-chris-jones-camps-chiefs\/","name":"Un nuage au-dessus du camp des Chiefs: l\\'absence de Chris Jones soul\u00e8ve des questions - The Playoffs FR","isPartOf":{"@id":"https:\/\/theplayoffs.news\/fr\/#website"},"primaryImageOfPage":{"@id":"https:\/\/theplayoffs.news\/fr\/actualite-nfl\/absence-chris-jones-camps-chiefs\/#primaryimage"},"image":{"@id":"https:\/\/theplayoffs.news\/fr\/actualite-nfl\/absence-chris-jones-camps-chiefs\/#primaryimage"},"thumbnailUrl":"https:\/\/theplayoffs.news\/fr\/wp-content\/uploads\/2023\/07\/Capture-decran-2023-07-23-a-10.31.52.jpg","datePublished":"2023-07-23T08:33:44+00:00","dateModified":"2023-07-23T08:33:45+00:00","author":{"@id":"https:\/\/theplayoffs.news\/fr\/#\/schema\/person\/def63bc6746dc5957469b75feb99e66d"},"breadcrumb":{"@id":"https:\/\/theplayoffs.news\/fr\/actualite-nfl\/absence-chris-jones-camps-chiefs\/#breadcrumb"},"inLanguage":"fr-FR","potentialAction":[{"@type":"ReadAction","target":["https:\/\/theplayoffs.news\/fr\/actualite-nfl\/absence-chris-jones-camps-chiefs\/"]}]},{"@type":"ImageObject","inLanguage":"fr-FR","@id":"https:\/\/theplayoffs.news\/fr\/actualite-nfl\/absence-chris-jones-camps-chiefs\/#primaryimage","url":"https:\/\/theplayoffs.news\/fr\/wp-content\/uploads\/2023\/07\/Capture-decran-2023-07-23-a-10.31.52.jpg","contentUrl":"https:\/\/theplayoffs.news\/fr\/wp-content\/uploads\/2023\/07\/Capture-decran-2023-07-23-a-10.31.52.jpg","width":1867,"height":878,"caption":"Chris Jones"},{"@type":"BreadcrumbList","@id":"https:\/\/theplayoffs.news\/fr\/actualite-nfl\/absence-chris-jones-camps-chiefs\/#breadcrumb","itemListElement":[{"@type":"ListItem","position":1,"name":"Accueil","item":"https:\/\/theplayoffs.news\/fr\/"},{"@type":"ListItem","position":2,"name":"Un nuage au-dessus du camp des Chiefs: l&rsquo;absence de Chris Jones soul\u00e8ve des questions"}]},{"@type":"WebSite","@id":"https:\/\/theplayoffs.news\/fr\/#website","url":"https:\/\/theplayoffs.news\/fr\/","name":"The Playoffs FR","description":"NBA-NFL-NHL-MLB","potentialAction":[{"@type":"SearchAction","target":{"@type":"EntryPoint","urlTemplate":"https:\/\/theplayoffs.news\/fr\/?s={search_term_string}"},"query-input":{"@type":"PropertyValueSpecification","valueRequired":true,"valueName":"search_term_string"}}],"inLanguage":"fr-FR"},{"@type":"Person","@id":"https:\/\/theplayoffs.news\/fr\/#\/schema\/person\/def63bc6746dc5957469b75feb99e66d","name":"Flavien Jumeau","image":{"@type":"ImageObject","inLanguage":"fr-FR","@id":"https:\/\/theplayoffs.news\/fr\/#\/schema\/person\/image\/","url":"https:\/\/secure.gravatar.com\/avatar\/e7fa8ba5a4b7e4ce35fe152f083f352db28ad0acce692004ed88a7a7d78893f7?s=96&d=mm&r=g","contentUrl":"https:\/\/secure.gravatar.com\/avatar\/e7fa8ba5a4b7e4ce35fe152f083f352db28ad0acce692004ed88a7a7d78893f7?s=96&d=mm&r=g","caption":"Flavien Jumeau"},"description":"Amoureux du sport (et de vraiment tous les sports) depuis mon plus jeune \u00e2ge, j\u2019ai longtemps h\u00e9site entre le snooker et le curling. Finalement c\u2019est le foot US que j\u2019ai d\u00e9cid\u00e9 de choisir! Responsable foot US sur TPO et animateur du podcast Tailgate j\u2019ai pour mission de vous faire d\u00e9couvrir ce sport passionnant si ce n\u2019est pas encore fait et de vous donner les derni\u00e8res actus. Le tout dans la bonne humeur et avec toujours un jeu de mots ou deux savamment distill\u00e9s! Fan des Saints, pour moi Drew Brees est le vrai GOAT!","url":"https:\/\/theplayoffs.news\/fr\/author\/flavien-jumeaugmail-com\/"}]}},"_links":{"self":[{"href":"https:\/\/theplayoffs.news\/fr\/wp-json\/wp\/v2\/posts\/726117","targetHints":{"allow":["GET"]}}],"collection":[{"href":"https:\/\/theplayoffs.news\/fr\/wp-json\/wp\/v2\/posts"}],"about":[{"href":"https:\/\/theplayoffs.news\/fr\/wp-json\/wp\/v2\/types\/post"}],"author":[{"embeddable":true,"href":"https:\/\/theplayoffs.news\/fr\/wp-json\/wp\/v2\/users\/180309964"}],"replies":[{"embeddable":true,"href":"https:\/\/theplayoffs.news\/fr\/wp-json\/wp\/v2\/comments?post=726117"}],"version-history":[{"count":3,"href":"https:\/\/theplayoffs.news\/fr\/wp-json\/wp\/v2\/posts\/726117\/revisions"}],"predecessor-version":[{"id":726169,"href":"https:\/\/theplayoffs.news\/fr\/wp-json\/wp\/v2\/posts\/726117\/revisions\/726169"}],"wp:featuredmedia":[{"embeddable":true,"href":"https:\/\/theplayoffs.news\/fr\/wp-json\/wp\/v2\/media\/726160"}],"wp:attachment":[{"href":"https:\/\/theplayoffs.news\/fr\/wp-json\/wp\/v2\/media?parent=726117"}],"wp:term":[{"taxonomy":"category","embeddable":true,"href":"https:\/\/theplayoffs.news\/fr\/wp-json\/wp\/v2\/categories?post=726117"},{"taxonomy":"post_tag","embeddable":true,"href":"https:\/\/theplayoffs.news\/fr\/wp-json\/wp\/v2\/tags?post=726117"},{"taxonomy":"sport","embeddable":true,"href":"https:\/\/theplayoffs.news\/fr\/wp-json\/wp\/v2\/sport?post=726117"},{"taxonomy":"saison","embeddable":true,"href":"https:\/\/theplayoffs.news\/fr\/wp-json\/wp\/v2\/saison?post=726117"}],"curies":[{"name":"wp","href":"https:\/\/api.w.org\/{rel}","templated":true}]}}