{"id":724391,"date":"2023-07-22T21:11:25","date_gmt":"2023-07-22T19:11:25","guid":{"rendered":"https:\/\/theplayoffs.news\/fr\/?p=724391"},"modified":"2023-07-22T21:11:27","modified_gmt":"2023-07-22T19:11:27","slug":"lelf-est-elle-menacee-a-long-terme","status":"publish","type":"post","link":"https:\/\/theplayoffs.news\/fr\/elf\/lelf-est-elle-menacee-a-long-terme\/","title":{"rendered":"L\u2019ELF est-elle menac\u00e9e \u00e0 long terme?"},"content":{"rendered":"<h2>Alors que les Mousquetaires de Paris poursuivent leur premi&egrave;re saison en ELF, la ligue europ&eacute;enne semble de plus en plus fragile.<\/h2><p>La saison de l&rsquo;ELF (<a href=\"https:\/\/europeanleague.football\/\" class=\"trk-cta-link\" data-cta-trk='{\"ctaType\":\"Link\",\"ctaSubType\":\"main\"}'>European League of Football<\/a>) version 2023 vient seulement d&rsquo;arriver &agrave; la moiti&eacute; de ses matchs &agrave; jouer que d&eacute;j&agrave; des doutes commencent &agrave; monter sur la p&eacute;rennit&eacute; de l&rsquo;ELF pour les prochaines saisons en raison d&rsquo;une sant&eacute; financi&egrave;re des franchises de plus en plus fragiles. Explications.<\/p><h3>Les Leipzig Kings et bient&ocirc;t les Prague Lions?<\/h3><p>Il y a moins d&rsquo;un mois, l&rsquo;une des &eacute;quipes allemandes de l&rsquo;ELF, les Leipzig Kings, <a href=\"https:\/\/theplayoffs.news\/fr\/elf\/elf-leipzig-kings-bientot-un-depart-de-lelf\/\" class=\"trk-cta-link\" data-cta-trk='{\"ctaType\":\"Link\",\"ctaSubType\":\"main\"}'>annon&ccedil;aient leur retrait officiel pour cette saison 2023<\/a> mettant ainsi la commission des comp&eacute;titions dans une situation d&eacute;licate au regard des matchs restants &agrave; jouer. Mais plus grave encore, les joueurs, les dirigeants et tous les salari&eacute;s des Leipzig Kings se retrouvaient sans ressources &agrave; cause d&rsquo;un manque de revenus g&eacute;n&eacute;r&eacute;s par la franchise et de l&rsquo;abandon d&rsquo;un sponsor.<\/p><p>Mais cet abandon en cours de saison des Leipzig Kings pourrait maintenant faire t&acirc;che d&rsquo;huile! Cette semaine, les Prague Lions, qui comptent notamment dans leur rang le fran&ccedil;ais Aymeric Nicault et qui viennent de rejoindre l&rsquo;ELF cette saison, ont annonc&eacute; eux aussi &ecirc;tre face &agrave; une situation financi&egrave;re compliqu&eacute;e en raison d&rsquo;un sponsor qui n&rsquo;aurait pas honorer ses paiements. R&eacute;sultat: les joueurs des Prague Lions n&rsquo;ont pas &eacute;t&eacute; pay&eacute;s depuis un ou deux mois.<\/p><h3>Un effet domino en ELF?<\/h3><p>Avec cette situation chez les Prague Lions, les joueurs de l&rsquo;&eacute;quipe tch&egrave;que ont pris la d&eacute;cision de ne pas se rendre en Hongrie pour disputer le match pr&eacute;vu ce dimanche pour le compte de la week 8 de l&rsquo;ELF face aux Fehervar Enthorners. M&ecirc;me si l&rsquo;ELF a, dans un premier temps, communiqu&eacute; sur le maintien du match, l&rsquo;annulation de la rencontre a tout de m&ecirc;me &eacute;t&eacute; officialis&eacute;e il y a quelques heures.<\/p><p>Malheureusement, aucune sortie de crise ne semble envisageable &agrave; court terme pour les Prague Lions dans les prochains jours ce qui pourrait conduire les dirigeants tch&egrave;ques &agrave; abandonner eux aussi leur participation pour cette saison 2023 d&rsquo;ELF. Un deuxi&egrave;me abandon en moins d&rsquo;un mois qui serait v&eacute;cu comme un v&eacute;ritable &eacute;chec pour la ligue europ&eacute;enne.<\/p><p>Mais les cons&eacute;quences vont aller bien au-del&agrave; des Lions. En effet, les Fehervar Enthorners avaient venus plus de 2 200 billets pour le match de ce dimanche et se retrouvent donc sans une ressource financi&egrave;re substantielle de billetterie. Avec le retrait plus t&ocirc;t des Leipzig Kings, les Enthorners, qui aurait du jouer encore 3 matchs &agrave; domicile d&rsquo;ici la fin de la saison d&rsquo;ELF, n&rsquo;en joueront plus qu&rsquo;un. Une perte d&rsquo;argent qui pourrait &ecirc;tre fatale aux hongrois surtout avec les mauvais r&eacute;sultats depuis le d&eacute;but de saison.<\/p><blockquote class=\"twitter-tweet\" data-width=\"500\" data-dnt=\"true\">\n<p lang=\"en\" dir=\"ltr\">Sunday's game against the Prague Lions unfortunately got cancelled, as the Czech team  were not able to travel to Hungary due to their problems. <\/p>\n<p>Many thanks to the more than 2200 fans who bought tickets\/season tickets for the game. <a href=\"https:\/\/t.co\/JE8wcKCVK0\" class=\"trk-cta-link\" data-cta-trk='{\"ctaType\":\"Link\",\"ctaSubType\":\"main\"}'>pic.twitter.com\/JE8wcKCVK0<\/a><\/p>\n<p>&mdash; Feh&eacute;rv&aacute;r Enthroners (@FehervarEnth) <a href=\"https:\/\/twitter.com\/FehervarEnth\/status\/1682648231019266048?ref_src=twsrc%5Etfw\" class=\"trk-cta-link\" data-cta-trk='{\"ctaType\":\"Link\",\"ctaSubType\":\"main\"}'>July 22, 2023<\/a><\/p><\/blockquote><p><script async src=\"https:\/\/platform.twitter.com\/widgets.js\" charset=\"utf-8\"><\/script><\/p><p>Si la situation venait &agrave; empirer, et dans le pire sc&eacute;nario envisageable, les Fehervar Enthorners pourraient eux aussi avoir des difficult&eacute;s &agrave; finir cette saison d&rsquo;ELF. Une difficult&eacute; que pourrait aussi frapper les Cologne Centurions&hellip; un v&eacute;ritable effet domino qui serait dramatique pour la plus grande ligue europ&eacute;enne<\/p><h3>L&rsquo;ELF est elle comdamn&eacute;e?<\/h3><p>Mais face &agrave; toutes ces d&eacute;fections en cours ou envisageable, l&rsquo;ELF pr&eacute;f&egrave;re se concentrer sur ses nouveaux projets d&rsquo;expansion &agrave; commencer par la future franchise madril&egrave;ne qui verra le jour en 2024 et qui semble r&eacute;unir toutes les conditions pour s&rsquo;implanter durablement dans le paysage du plus haut niveau du football am&eacute;ricain en Europe.<\/p><p>Faut-il durcir les conditions financi&egrave;res d&rsquo;acc&egrave;s &agrave; l&rsquo;ELF? Trouvez des sponsors plus importants pour la ligue ou pour les franchis&eacute;s afin de p&eacute;renniser le fonctionnement des &eacute;quipes m&ecirc;me en cas de difficult&eacute;s? Il faudra en tout cas r&eacute;fl&eacute;chir &agrave; des solutions &agrave; long terme. C&rsquo;est &agrave; ce prix que l&rsquo;ELF ne conna&icirc;tra pas le m&ecirc;me sort que la d&eacute;funte NFL Europe.<\/p>\n","protected":false},"excerpt":{"rendered":"","protected":false},"author":180309964,"featured_media":342742,"comment_status":"open","ping_status":"closed","sticky":false,"template":"","format":"standard","meta":{"inline_featured_image":false,"kia_subtitle":"","_mux_skip_reasons":[],"proofreadBy":0,"footnotes":""},"categories":[5964],"tags":[5993],"sport":[2785],"saison":[3453],"class_list":["post-724391","post","type-post","status-publish","format-standard","has-post-thumbnail","hentry","category-elf","tag-elf-2023","sport-nfl","saison-3453"],"acf":[],"yoast_head":"<!-- This site is optimized with the Yoast SEO plugin v24.2 - https:\/\/yoast.com\/wordpress\/plugins\/seo\/ -->\n<title>L&rsquo;ELF est-elle menac&eacute;e &agrave; long terme? - The Playoffs FR<\/title>\n<meta name=\"robots\" content=\"index, follow, max-snippet:-1, max-image-preview:large, max-video-preview:-1\" \/>\n<link rel=\"canonical\" href=\"https:\/\/theplayoffs.news\/fr\/elf\/lelf-est-elle-menacee-a-long-terme\/\" \/>\n<meta property=\"og:locale\" content=\"fr_FR\" \/>\n<meta property=\"og:type\" content=\"article\" \/>\n<meta property=\"og:title\" content=\"L&rsquo;ELF est-elle menac&eacute;e &agrave; long terme? - The Playoffs FR\" \/>\n<meta property=\"og:url\" content=\"https:\/\/theplayoffs.news\/fr\/elf\/lelf-est-elle-menacee-a-long-terme\/\" \/>\n<meta property=\"og:site_name\" content=\"The Playoffs FR\" \/>\n<meta property=\"article:publisher\" content=\"https:\/\/www.facebook.com\/TheFreeAgentFR\/\" \/>\n<meta property=\"article:modified_time\" content=\"2023-07-22T21:11:27+02:00\" \/>\n<meta property=\"og:image\" content=\"https:\/\/theplayoffs.news\/fr\/wp-content\/uploads\/2022\/06\/elf-logo.png\" \/>\n\t<meta property=\"og:image:width\" content=\"1200\" \/>\n\t<meta property=\"og:image:height\" content=\"521\" \/>\n\t<meta property=\"og:image:type\" content=\"image\/png\" \/>\n<meta name=\"author\" content=\"Flavien Jumeau\" \/>\n<meta name=\"twitter:card\" content=\"summary_large_image\" \/>\n<meta name=\"twitter:creator\" content=\"@TheFreeAgentFR\" \/>\n<meta name=\"twitter:site\" content=\"@TheFreeAgentFR\" \/>\n<meta name=\"twitter:label1\" content=\"\u00c9crit par\" \/>\n\t<meta name=\"twitter:data1\" content=\"Flavien Jumeau\" \/>\n\t<meta name=\"twitter:label2\" content=\"Dur\u00e9e de lecture estim\u00e9e\" \/>\n\t<meta name=\"twitter:data2\" content=\"3 minutes\" \/>\n<script type=\"application\/ld+json\" class=\"yoast-schema-graph\">{\"@context\":\"https:\/\/schema.org\",\"@graph\":[{\"@type\":\"WebPage\",\"@id\":\"https:\/\/theplayoffs.news\/fr\/elf\/lelf-est-elle-menacee-a-long-terme\/\",\"url\":\"https:\/\/theplayoffs.news\/fr\/elf\/lelf-est-elle-menacee-a-long-terme\/\",\"name\":\"L\u2019ELF est-elle menac\u00e9e \u00e0 long terme? - The Playoffs FR\",\"isPartOf\":{\"@id\":\"https:\/\/theplayoffs.news\/fr\/#website\"},\"primaryImageOfPage\":{\"@id\":\"https:\/\/theplayoffs.news\/fr\/elf\/lelf-est-elle-menacee-a-long-terme\/#primaryimage\"},\"image\":{\"@id\":\"https:\/\/theplayoffs.news\/fr\/elf\/lelf-est-elle-menacee-a-long-terme\/#primaryimage\"},\"thumbnailUrl\":\"https:\/\/theplayoffs.news\/fr\/wp-content\/uploads\/2022\/06\/elf-logo.png\",\"datePublished\":\"2023-07-22T19:11:25+00:00\",\"dateModified\":\"2023-07-22T19:11:27+00:00\",\"author\":{\"@id\":\"https:\/\/theplayoffs.news\/fr\/#\/schema\/person\/def63bc6746dc5957469b75feb99e66d\"},\"breadcrumb\":{\"@id\":\"https:\/\/theplayoffs.news\/fr\/elf\/lelf-est-elle-menacee-a-long-terme\/#breadcrumb\"},\"inLanguage\":\"fr-FR\",\"potentialAction\":[{\"@type\":\"ReadAction\",\"target\":[\"https:\/\/theplayoffs.news\/fr\/elf\/lelf-est-elle-menacee-a-long-terme\/\"]}]},{\"@type\":\"ImageObject\",\"inLanguage\":\"fr-FR\",\"@id\":\"https:\/\/theplayoffs.news\/fr\/elf\/lelf-est-elle-menacee-a-long-terme\/#primaryimage\",\"url\":\"https:\/\/theplayoffs.news\/fr\/wp-content\/uploads\/2022\/06\/elf-logo.png\",\"contentUrl\":\"https:\/\/theplayoffs.news\/fr\/wp-content\/uploads\/2022\/06\/elf-logo.png\",\"width\":1200,\"height\":521,\"caption\":\"ELF Madrid\"},{\"@type\":\"BreadcrumbList\",\"@id\":\"https:\/\/theplayoffs.news\/fr\/elf\/lelf-est-elle-menacee-a-long-terme\/#breadcrumb\",\"itemListElement\":[{\"@type\":\"ListItem\",\"position\":1,\"name\":\"Accueil\",\"item\":\"https:\/\/theplayoffs.news\/fr\/\"},{\"@type\":\"ListItem\",\"position\":2,\"name\":\"L\u2019ELF est-elle menac\u00e9e \u00e0 long terme?\"}]},{\"@type\":\"WebSite\",\"@id\":\"https:\/\/theplayoffs.news\/fr\/#website\",\"url\":\"https:\/\/theplayoffs.news\/fr\/\",\"name\":\"The Playoffs FR\",\"description\":\"NBA-NFL-NHL-MLB\",\"potentialAction\":[{\"@type\":\"SearchAction\",\"target\":{\"@type\":\"EntryPoint\",\"urlTemplate\":\"https:\/\/theplayoffs.news\/fr\/?s={search_term_string}\"},\"query-input\":{\"@type\":\"PropertyValueSpecification\",\"valueRequired\":true,\"valueName\":\"search_term_string\"}}],\"inLanguage\":\"fr-FR\"},{\"@type\":\"Person\",\"@id\":\"https:\/\/theplayoffs.news\/fr\/#\/schema\/person\/def63bc6746dc5957469b75feb99e66d\",\"name\":\"Flavien Jumeau\",\"image\":{\"@type\":\"ImageObject\",\"inLanguage\":\"fr-FR\",\"@id\":\"https:\/\/theplayoffs.news\/fr\/#\/schema\/person\/image\/\",\"url\":\"https:\/\/secure.gravatar.com\/avatar\/e7fa8ba5a4b7e4ce35fe152f083f352db28ad0acce692004ed88a7a7d78893f7?s=96&d=mm&r=g\",\"contentUrl\":\"https:\/\/secure.gravatar.com\/avatar\/e7fa8ba5a4b7e4ce35fe152f083f352db28ad0acce692004ed88a7a7d78893f7?s=96&d=mm&r=g\",\"caption\":\"Flavien Jumeau\"},\"description\":\"Amoureux du sport (et de vraiment tous les sports) depuis mon plus jeune \u00e2ge, j\u2019ai longtemps h\u00e9site entre le snooker et le curling. Finalement c\u2019est le foot US que j\u2019ai d\u00e9cid\u00e9 de choisir! Responsable foot US sur TPO et animateur du podcast Tailgate j\u2019ai pour mission de vous faire d\u00e9couvrir ce sport passionnant si ce n\u2019est pas encore fait et de vous donner les derni\u00e8res actus. Le tout dans la bonne humeur et avec toujours un jeu de mots ou deux savamment distill\u00e9s! Fan des Saints, pour moi Drew Brees est le vrai GOAT!\",\"url\":\"https:\/\/theplayoffs.news\/fr\/author\/flavien-jumeaugmail-com\/\"}]}<\/script>\n<!-- \/ Yoast SEO plugin. -->","yoast_head_json":{"title":"L&rsquo;ELF est-elle menac&eacute;e &agrave; long terme? - The Playoffs FR","robots":{"index":"index","follow":"follow","max-snippet":"max-snippet:-1","max-image-preview":"max-image-preview:large","max-video-preview":"max-video-preview:-1"},"canonical":"https:\/\/theplayoffs.news\/fr\/elf\/lelf-est-elle-menacee-a-long-terme\/","og_locale":"fr_FR","og_type":"article","og_title":"L&rsquo;ELF est-elle menac&eacute;e &agrave; long terme? - The Playoffs FR","og_url":"https:\/\/theplayoffs.news\/fr\/elf\/lelf-est-elle-menacee-a-long-terme\/","og_site_name":"The Playoffs FR","article_publisher":"https:\/\/www.facebook.com\/TheFreeAgentFR\/","article_modified_time":"2023-07-22T19:11:27+00:00","og_image":[{"width":1200,"height":521,"url":"https:\/\/theplayoffs.news\/fr\/wp-content\/uploads\/2022\/06\/elf-logo.png","type":"image\/png"}],"author":"Flavien Jumeau","twitter_card":"summary_large_image","twitter_creator":"@TheFreeAgentFR","twitter_site":"@TheFreeAgentFR","twitter_misc":{"\u00c9crit par":"Flavien Jumeau","Dur\u00e9e de lecture estim\u00e9e":"3 minutes"},"schema":{"@context":"https:\/\/schema.org","@graph":[{"@type":"WebPage","@id":"https:\/\/theplayoffs.news\/fr\/elf\/lelf-est-elle-menacee-a-long-terme\/","url":"https:\/\/theplayoffs.news\/fr\/elf\/lelf-est-elle-menacee-a-long-terme\/","name":"L\u2019ELF est-elle menac\u00e9e \u00e0 long terme? - The Playoffs FR","isPartOf":{"@id":"https:\/\/theplayoffs.news\/fr\/#website"},"primaryImageOfPage":{"@id":"https:\/\/theplayoffs.news\/fr\/elf\/lelf-est-elle-menacee-a-long-terme\/#primaryimage"},"image":{"@id":"https:\/\/theplayoffs.news\/fr\/elf\/lelf-est-elle-menacee-a-long-terme\/#primaryimage"},"thumbnailUrl":"https:\/\/theplayoffs.news\/fr\/wp-content\/uploads\/2022\/06\/elf-logo.png","datePublished":"2023-07-22T19:11:25+00:00","dateModified":"2023-07-22T19:11:27+00:00","author":{"@id":"https:\/\/theplayoffs.news\/fr\/#\/schema\/person\/def63bc6746dc5957469b75feb99e66d"},"breadcrumb":{"@id":"https:\/\/theplayoffs.news\/fr\/elf\/lelf-est-elle-menacee-a-long-terme\/#breadcrumb"},"inLanguage":"fr-FR","potentialAction":[{"@type":"ReadAction","target":["https:\/\/theplayoffs.news\/fr\/elf\/lelf-est-elle-menacee-a-long-terme\/"]}]},{"@type":"ImageObject","inLanguage":"fr-FR","@id":"https:\/\/theplayoffs.news\/fr\/elf\/lelf-est-elle-menacee-a-long-terme\/#primaryimage","url":"https:\/\/theplayoffs.news\/fr\/wp-content\/uploads\/2022\/06\/elf-logo.png","contentUrl":"https:\/\/theplayoffs.news\/fr\/wp-content\/uploads\/2022\/06\/elf-logo.png","width":1200,"height":521,"caption":"ELF Madrid"},{"@type":"BreadcrumbList","@id":"https:\/\/theplayoffs.news\/fr\/elf\/lelf-est-elle-menacee-a-long-terme\/#breadcrumb","itemListElement":[{"@type":"ListItem","position":1,"name":"Accueil","item":"https:\/\/theplayoffs.news\/fr\/"},{"@type":"ListItem","position":2,"name":"L\u2019ELF est-elle menac\u00e9e \u00e0 long terme?"}]},{"@type":"WebSite","@id":"https:\/\/theplayoffs.news\/fr\/#website","url":"https:\/\/theplayoffs.news\/fr\/","name":"The Playoffs FR","description":"NBA-NFL-NHL-MLB","potentialAction":[{"@type":"SearchAction","target":{"@type":"EntryPoint","urlTemplate":"https:\/\/theplayoffs.news\/fr\/?s={search_term_string}"},"query-input":{"@type":"PropertyValueSpecification","valueRequired":true,"valueName":"search_term_string"}}],"inLanguage":"fr-FR"},{"@type":"Person","@id":"https:\/\/theplayoffs.news\/fr\/#\/schema\/person\/def63bc6746dc5957469b75feb99e66d","name":"Flavien Jumeau","image":{"@type":"ImageObject","inLanguage":"fr-FR","@id":"https:\/\/theplayoffs.news\/fr\/#\/schema\/person\/image\/","url":"https:\/\/secure.gravatar.com\/avatar\/e7fa8ba5a4b7e4ce35fe152f083f352db28ad0acce692004ed88a7a7d78893f7?s=96&d=mm&r=g","contentUrl":"https:\/\/secure.gravatar.com\/avatar\/e7fa8ba5a4b7e4ce35fe152f083f352db28ad0acce692004ed88a7a7d78893f7?s=96&d=mm&r=g","caption":"Flavien Jumeau"},"description":"Amoureux du sport (et de vraiment tous les sports) depuis mon plus jeune \u00e2ge, j\u2019ai longtemps h\u00e9site entre le snooker et le curling. Finalement c\u2019est le foot US que j\u2019ai d\u00e9cid\u00e9 de choisir! Responsable foot US sur TPO et animateur du podcast Tailgate j\u2019ai pour mission de vous faire d\u00e9couvrir ce sport passionnant si ce n\u2019est pas encore fait et de vous donner les derni\u00e8res actus. Le tout dans la bonne humeur et avec toujours un jeu de mots ou deux savamment distill\u00e9s! Fan des Saints, pour moi Drew Brees est le vrai GOAT!","url":"https:\/\/theplayoffs.news\/fr\/author\/flavien-jumeaugmail-com\/"}]}},"_links":{"self":[{"href":"https:\/\/theplayoffs.news\/fr\/wp-json\/wp\/v2\/posts\/724391","targetHints":{"allow":["GET"]}}],"collection":[{"href":"https:\/\/theplayoffs.news\/fr\/wp-json\/wp\/v2\/posts"}],"about":[{"href":"https:\/\/theplayoffs.news\/fr\/wp-json\/wp\/v2\/types\/post"}],"author":[{"embeddable":true,"href":"https:\/\/theplayoffs.news\/fr\/wp-json\/wp\/v2\/users\/180309964"}],"replies":[{"embeddable":true,"href":"https:\/\/theplayoffs.news\/fr\/wp-json\/wp\/v2\/comments?post=724391"}],"version-history":[{"count":2,"href":"https:\/\/theplayoffs.news\/fr\/wp-json\/wp\/v2\/posts\/724391\/revisions"}],"predecessor-version":[{"id":724394,"href":"https:\/\/theplayoffs.news\/fr\/wp-json\/wp\/v2\/posts\/724391\/revisions\/724394"}],"wp:featuredmedia":[{"embeddable":true,"href":"https:\/\/theplayoffs.news\/fr\/wp-json\/wp\/v2\/media\/342742"}],"wp:attachment":[{"href":"https:\/\/theplayoffs.news\/fr\/wp-json\/wp\/v2\/media?parent=724391"}],"wp:term":[{"taxonomy":"category","embeddable":true,"href":"https:\/\/theplayoffs.news\/fr\/wp-json\/wp\/v2\/categories?post=724391"},{"taxonomy":"post_tag","embeddable":true,"href":"https:\/\/theplayoffs.news\/fr\/wp-json\/wp\/v2\/tags?post=724391"},{"taxonomy":"sport","embeddable":true,"href":"https:\/\/theplayoffs.news\/fr\/wp-json\/wp\/v2\/sport?post=724391"},{"taxonomy":"saison","embeddable":true,"href":"https:\/\/theplayoffs.news\/fr\/wp-json\/wp\/v2\/saison?post=724391"}],"curies":[{"name":"wp","href":"https:\/\/api.w.org\/{rel}","templated":true}]}}