{"id":724375,"date":"2023-07-22T19:47:07","date_gmt":"2023-07-22T17:47:07","guid":{"rendered":"https:\/\/theplayoffs.news\/fr\/?p=724375"},"modified":"2023-07-22T19:47:08","modified_gmt":"2023-07-22T17:47:08","slug":"les-giants-sinteressent-a-justin-verlander","status":"publish","type":"post","link":"https:\/\/theplayoffs.news\/fr\/actualite-mlb\/les-giants-sinteressent-a-justin-verlander\/","title":{"rendered":"Les Giants s&rsquo;int\u00e9ressent \u00e0 Justin Verlander"},"content":{"rendered":"<h2>Avec la trade deadline approchant et une place de Wild Card en vue pour les Giants, leur intentions semblent se porter vers un lanceur de renom : Justin Verlander<\/h2><p>Jon Morosi de <a href=\"https:\/\/twitter.com\/jonmorosi\/status\/1682760860224086016\" class=\"trk-cta-link\" data-cta-trk='{\"ctaType\":\"Link\",\"ctaSubType\":\"main\"}'>MLB Network<\/a> rapporte que les Giants sont l&rsquo;un des clubs int&eacute;ress&eacute;s si Justin Verlander choisit de renoncer &agrave; sa clause de non-&eacute;change pour rejoindre une autre &eacute;quipe. Cela arrive &agrave; un moment crucial o&ugrave; les Mets, avec un bilan de 45-51 et 6,5 matchs derri&egrave;re la derni&egrave;re place de wild card de la Ligue nationale, semblent avoir des difficult&eacute;s consid&eacute;rables &agrave; obtenir une place en s&eacute;ries &eacute;liminatoires.<\/p><p>Les Mets, malgr&eacute; leur bilan louable de 9-5 en juillet, pourraient potentiellement devoir assumer le r&ocirc;le de vendeurs &agrave; la date limite, r&ocirc;le que peu de gens aurait imagin&eacute; en d&eacute;but de saison compte tenu des investissements de Steve Cohen dans l&rsquo;&eacute;quipe.<\/p><p>Au cours de l&rsquo;intersaison 2022-23, <a href=\"https:\/\/theplayoffs.news\/fr\/joueur\/justin-verlander-mlb-12682\/\" class=\"trk-cta-link\" data-cta-trk='{\"ctaType\":\"Link\",\"ctaSubType\":\"main\"}'><strong>Justin Verlander<\/strong><\/a>, qui &eacute;tait l&rsquo;un des joueurs les plus recherch&eacute;s, a sign&eacute; un contrat de 86,66 millions de dollars sur deux ans avec les Mets, qui comprenait &eacute;galement une option de 35 millions de dollars pour 2025 (avec au moins 140 manches lanc&eacute;es en 2024)<\/p><p>Le trade potentiel de Verlander avec les Giants s&rsquo;accompagne d&rsquo;un prix &eacute;lev&eacute; et de signaux d&rsquo;alarme potentiels, compte tenu de son &acirc;ge et du salaire &eacute;lev&eacute;. Cependant, ses prouesses ind&eacute;niables et son palmar&egrave;s impressionnant, soulign&eacute;s par son Cy Young l&rsquo;an dernier et sa contribution &agrave; la victoire en World Series des Astros la saison derni&egrave;re, sont difficiles &agrave; ignorer. Imm&eacute;diatement, l&rsquo;arriv&eacute;e de Verlander boosterait la rotation des Giants, orpheline du d&eacute;part de Carlos Rodon l&rsquo;hiver dernier.<\/p><p>Ce n&rsquo;est pas la premi&egrave;re fois que les Giants ont d&eacute;j&agrave; manifest&eacute; leur int&eacute;r&ecirc;t pour Justin Verlander. Lors de son passage dans la free agency lors de l&rsquo;intersaison 2021-22. Le contrat &agrave; plus court terme de Verlander s&rsquo;alignant sur la pr&eacute;f&eacute;rence g&eacute;n&eacute;rale des Giants pour de tels accords, cette d&eacute;cision pourrait s&rsquo;av&eacute;rer strat&eacute;gique pour l&rsquo;&eacute;quipe, &agrave; la fois pour la saison en cours et jusqu&rsquo;&agrave; la campagne 2024.<\/p><p>De plus, la charge financi&egrave;re du contrat de Verlander pourrait ne pas incomber enti&egrave;rement aux Giants. Si les Mets acceptent d&rsquo;assumer la majeure partie ou la totalit&eacute; de son salaire, ils pourraient l&rsquo;utiliser comme levier pour obtenir une meilleure contrepartie en terme de prospects.<\/p>\n","protected":false},"excerpt":{"rendered":"","protected":false},"author":13,"featured_media":724377,"comment_status":"open","ping_status":"closed","sticky":false,"template":"","format":"standard","meta":{"inline_featured_image":false,"kia_subtitle":"","_mux_skip_reasons":[],"proofreadBy":0,"footnotes":""},"categories":[188,9],"tags":[743,444,466],"sport":[],"saison":[],"class_list":["post-724375","post","type-post","status-publish","format-standard","has-post-thumbnail","hentry","category-actualite-mlb","category-mlb","tag-justin-verlander","tag-new-york-mets","tag-san-francisco-giants"],"acf":[],"yoast_head":"<!-- This site is optimized with the Yoast SEO plugin v24.2 - https:\/\/yoast.com\/wordpress\/plugins\/seo\/ -->\n<title>Les Giants s&#039;int&eacute;ressent &agrave; Justin Verlander - The Playoffs FR<\/title>\n<meta name=\"robots\" content=\"index, follow, max-snippet:-1, max-image-preview:large, max-video-preview:-1\" \/>\n<link rel=\"canonical\" href=\"https:\/\/theplayoffs.news\/fr\/actualite-mlb\/les-giants-sinteressent-a-justin-verlander\/\" \/>\n<meta property=\"og:locale\" content=\"fr_FR\" \/>\n<meta property=\"og:type\" content=\"article\" \/>\n<meta property=\"og:title\" content=\"Les Giants s&#039;int&eacute;ressent &agrave; Justin Verlander - The Playoffs FR\" \/>\n<meta property=\"og:url\" content=\"https:\/\/theplayoffs.news\/fr\/actualite-mlb\/les-giants-sinteressent-a-justin-verlander\/\" \/>\n<meta property=\"og:site_name\" content=\"The Playoffs FR\" \/>\n<meta property=\"article:publisher\" content=\"https:\/\/www.facebook.com\/TheFreeAgentFR\/\" \/>\n<meta property=\"article:modified_time\" content=\"2023-07-22T19:47:08+02:00\" \/>\n<meta property=\"og:image\" content=\"https:\/\/theplayoffs.news\/fr\/wp-content\/uploads\/2023\/07\/maxresdefault-64.jpg\" \/>\n\t<meta property=\"og:image:width\" content=\"1280\" \/>\n\t<meta property=\"og:image:height\" content=\"720\" \/>\n\t<meta property=\"og:image:type\" content=\"image\/jpeg\" \/>\n<meta name=\"author\" content=\"Charles Taudin\" \/>\n<meta name=\"twitter:card\" content=\"summary_large_image\" \/>\n<meta name=\"twitter:creator\" content=\"@TheFreeAgentFR\" \/>\n<meta name=\"twitter:site\" content=\"@TheFreeAgentFR\" \/>\n<meta name=\"twitter:label1\" content=\"\u00c9crit par\" \/>\n\t<meta name=\"twitter:data1\" content=\"Charles Taudin\" \/>\n\t<meta name=\"twitter:label2\" content=\"Dur\u00e9e de lecture estim\u00e9e\" \/>\n\t<meta name=\"twitter:data2\" content=\"2 minutes\" \/>\n<script type=\"application\/ld+json\" class=\"yoast-schema-graph\">{\"@context\":\"https:\/\/schema.org\",\"@graph\":[{\"@type\":\"WebPage\",\"@id\":\"https:\/\/theplayoffs.news\/fr\/actualite-mlb\/les-giants-sinteressent-a-justin-verlander\/\",\"url\":\"https:\/\/theplayoffs.news\/fr\/actualite-mlb\/les-giants-sinteressent-a-justin-verlander\/\",\"name\":\"Les Giants s\\\\'int\u00e9ressent \u00e0 Justin Verlander - The Playoffs FR\",\"isPartOf\":{\"@id\":\"https:\/\/theplayoffs.news\/fr\/#website\"},\"primaryImageOfPage\":{\"@id\":\"https:\/\/theplayoffs.news\/fr\/actualite-mlb\/les-giants-sinteressent-a-justin-verlander\/#primaryimage\"},\"image\":{\"@id\":\"https:\/\/theplayoffs.news\/fr\/actualite-mlb\/les-giants-sinteressent-a-justin-verlander\/#primaryimage\"},\"thumbnailUrl\":\"https:\/\/theplayoffs.news\/fr\/wp-content\/uploads\/2023\/07\/maxresdefault-64.jpg\",\"datePublished\":\"2023-07-22T17:47:07+00:00\",\"dateModified\":\"2023-07-22T17:47:08+00:00\",\"author\":{\"@id\":\"https:\/\/theplayoffs.news\/fr\/#\/schema\/person\/eee5b69ad5d3c51cabe881c839dbe133\"},\"breadcrumb\":{\"@id\":\"https:\/\/theplayoffs.news\/fr\/actualite-mlb\/les-giants-sinteressent-a-justin-verlander\/#breadcrumb\"},\"inLanguage\":\"fr-FR\",\"potentialAction\":[{\"@type\":\"ReadAction\",\"target\":[\"https:\/\/theplayoffs.news\/fr\/actualite-mlb\/les-giants-sinteressent-a-justin-verlander\/\"]}]},{\"@type\":\"ImageObject\",\"inLanguage\":\"fr-FR\",\"@id\":\"https:\/\/theplayoffs.news\/fr\/actualite-mlb\/les-giants-sinteressent-a-justin-verlander\/#primaryimage\",\"url\":\"https:\/\/theplayoffs.news\/fr\/wp-content\/uploads\/2023\/07\/maxresdefault-64.jpg\",\"contentUrl\":\"https:\/\/theplayoffs.news\/fr\/wp-content\/uploads\/2023\/07\/maxresdefault-64.jpg\",\"width\":1280,\"height\":720,\"caption\":\"Justin verlander\"},{\"@type\":\"BreadcrumbList\",\"@id\":\"https:\/\/theplayoffs.news\/fr\/actualite-mlb\/les-giants-sinteressent-a-justin-verlander\/#breadcrumb\",\"itemListElement\":[{\"@type\":\"ListItem\",\"position\":1,\"name\":\"Accueil\",\"item\":\"https:\/\/theplayoffs.news\/fr\/\"},{\"@type\":\"ListItem\",\"position\":2,\"name\":\"Les Giants s&rsquo;int\u00e9ressent \u00e0 Justin Verlander\"}]},{\"@type\":\"WebSite\",\"@id\":\"https:\/\/theplayoffs.news\/fr\/#website\",\"url\":\"https:\/\/theplayoffs.news\/fr\/\",\"name\":\"The Playoffs FR\",\"description\":\"NBA-NFL-NHL-MLB\",\"potentialAction\":[{\"@type\":\"SearchAction\",\"target\":{\"@type\":\"EntryPoint\",\"urlTemplate\":\"https:\/\/theplayoffs.news\/fr\/?s={search_term_string}\"},\"query-input\":{\"@type\":\"PropertyValueSpecification\",\"valueRequired\":true,\"valueName\":\"search_term_string\"}}],\"inLanguage\":\"fr-FR\"},{\"@type\":\"Person\",\"@id\":\"https:\/\/theplayoffs.news\/fr\/#\/schema\/person\/eee5b69ad5d3c51cabe881c839dbe133\",\"name\":\"Charles Taudin\",\"image\":{\"@type\":\"ImageObject\",\"inLanguage\":\"fr-FR\",\"@id\":\"https:\/\/theplayoffs.news\/fr\/#\/schema\/person\/image\/\",\"url\":\"https:\/\/secure.gravatar.com\/avatar\/59a1e772205ce9fd255edfcafc93013736822e20261f294c5753b20c41ede9f2?s=96&d=mm&r=g\",\"contentUrl\":\"https:\/\/secure.gravatar.com\/avatar\/59a1e772205ce9fd255edfcafc93013736822e20261f294c5753b20c41ede9f2?s=96&d=mm&r=g\",\"caption\":\"Charles Taudin\"},\"description\":\"R\u00e9dacteur en chef global de The Playoffs, j\u2019ai cr\u00e9\u00e9 The Free Agent, devenu The Playoffs FR, en 2020 durant la pand\u00e9mie. Amoureux depuis des ann\u00e9es des 4 sports majeurs am\u00e9ricains, j\u2019organise maintenant la strat\u00e9gie \u00e9ditoriale et les r\u00e9seaux sociaux de l\u2019ensemble des versions de The Playoffs. Il m\u2019arrive encore d\u2019\u00e9crire sur certains sports que j\u2019affectionne particuli\u00e8rement comme la NFL ou la MLB. Si vous devez retenir qu\u2019une chose : Eli Manning est le vrai GOAT pour avoir battu deux fois Tom Brady.\",\"sameAs\":[\"https:\/\/www.instagram.com\/ctaudin_\/\"],\"url\":\"https:\/\/theplayoffs.news\/fr\/author\/charles-taudin\/\"}]}<\/script>\n<!-- \/ Yoast SEO plugin. -->","yoast_head_json":{"title":"Les Giants s&#039;int&eacute;ressent &agrave; Justin Verlander - The Playoffs FR","robots":{"index":"index","follow":"follow","max-snippet":"max-snippet:-1","max-image-preview":"max-image-preview:large","max-video-preview":"max-video-preview:-1"},"canonical":"https:\/\/theplayoffs.news\/fr\/actualite-mlb\/les-giants-sinteressent-a-justin-verlander\/","og_locale":"fr_FR","og_type":"article","og_title":"Les Giants s&#039;int&eacute;ressent &agrave; Justin Verlander - The Playoffs FR","og_url":"https:\/\/theplayoffs.news\/fr\/actualite-mlb\/les-giants-sinteressent-a-justin-verlander\/","og_site_name":"The Playoffs FR","article_publisher":"https:\/\/www.facebook.com\/TheFreeAgentFR\/","article_modified_time":"2023-07-22T17:47:08+00:00","og_image":[{"width":1280,"height":720,"url":"https:\/\/theplayoffs.news\/fr\/wp-content\/uploads\/2023\/07\/maxresdefault-64.jpg","type":"image\/jpeg"}],"author":"Charles Taudin","twitter_card":"summary_large_image","twitter_creator":"@TheFreeAgentFR","twitter_site":"@TheFreeAgentFR","twitter_misc":{"\u00c9crit par":"Charles Taudin","Dur\u00e9e de lecture estim\u00e9e":"2 minutes"},"schema":{"@context":"https:\/\/schema.org","@graph":[{"@type":"WebPage","@id":"https:\/\/theplayoffs.news\/fr\/actualite-mlb\/les-giants-sinteressent-a-justin-verlander\/","url":"https:\/\/theplayoffs.news\/fr\/actualite-mlb\/les-giants-sinteressent-a-justin-verlander\/","name":"Les Giants s\\'int\u00e9ressent \u00e0 Justin Verlander - The Playoffs FR","isPartOf":{"@id":"https:\/\/theplayoffs.news\/fr\/#website"},"primaryImageOfPage":{"@id":"https:\/\/theplayoffs.news\/fr\/actualite-mlb\/les-giants-sinteressent-a-justin-verlander\/#primaryimage"},"image":{"@id":"https:\/\/theplayoffs.news\/fr\/actualite-mlb\/les-giants-sinteressent-a-justin-verlander\/#primaryimage"},"thumbnailUrl":"https:\/\/theplayoffs.news\/fr\/wp-content\/uploads\/2023\/07\/maxresdefault-64.jpg","datePublished":"2023-07-22T17:47:07+00:00","dateModified":"2023-07-22T17:47:08+00:00","author":{"@id":"https:\/\/theplayoffs.news\/fr\/#\/schema\/person\/eee5b69ad5d3c51cabe881c839dbe133"},"breadcrumb":{"@id":"https:\/\/theplayoffs.news\/fr\/actualite-mlb\/les-giants-sinteressent-a-justin-verlander\/#breadcrumb"},"inLanguage":"fr-FR","potentialAction":[{"@type":"ReadAction","target":["https:\/\/theplayoffs.news\/fr\/actualite-mlb\/les-giants-sinteressent-a-justin-verlander\/"]}]},{"@type":"ImageObject","inLanguage":"fr-FR","@id":"https:\/\/theplayoffs.news\/fr\/actualite-mlb\/les-giants-sinteressent-a-justin-verlander\/#primaryimage","url":"https:\/\/theplayoffs.news\/fr\/wp-content\/uploads\/2023\/07\/maxresdefault-64.jpg","contentUrl":"https:\/\/theplayoffs.news\/fr\/wp-content\/uploads\/2023\/07\/maxresdefault-64.jpg","width":1280,"height":720,"caption":"Justin verlander"},{"@type":"BreadcrumbList","@id":"https:\/\/theplayoffs.news\/fr\/actualite-mlb\/les-giants-sinteressent-a-justin-verlander\/#breadcrumb","itemListElement":[{"@type":"ListItem","position":1,"name":"Accueil","item":"https:\/\/theplayoffs.news\/fr\/"},{"@type":"ListItem","position":2,"name":"Les Giants s&rsquo;int\u00e9ressent \u00e0 Justin Verlander"}]},{"@type":"WebSite","@id":"https:\/\/theplayoffs.news\/fr\/#website","url":"https:\/\/theplayoffs.news\/fr\/","name":"The Playoffs FR","description":"NBA-NFL-NHL-MLB","potentialAction":[{"@type":"SearchAction","target":{"@type":"EntryPoint","urlTemplate":"https:\/\/theplayoffs.news\/fr\/?s={search_term_string}"},"query-input":{"@type":"PropertyValueSpecification","valueRequired":true,"valueName":"search_term_string"}}],"inLanguage":"fr-FR"},{"@type":"Person","@id":"https:\/\/theplayoffs.news\/fr\/#\/schema\/person\/eee5b69ad5d3c51cabe881c839dbe133","name":"Charles Taudin","image":{"@type":"ImageObject","inLanguage":"fr-FR","@id":"https:\/\/theplayoffs.news\/fr\/#\/schema\/person\/image\/","url":"https:\/\/secure.gravatar.com\/avatar\/59a1e772205ce9fd255edfcafc93013736822e20261f294c5753b20c41ede9f2?s=96&d=mm&r=g","contentUrl":"https:\/\/secure.gravatar.com\/avatar\/59a1e772205ce9fd255edfcafc93013736822e20261f294c5753b20c41ede9f2?s=96&d=mm&r=g","caption":"Charles Taudin"},"description":"R\u00e9dacteur en chef global de The Playoffs, j\u2019ai cr\u00e9\u00e9 The Free Agent, devenu The Playoffs FR, en 2020 durant la pand\u00e9mie. Amoureux depuis des ann\u00e9es des 4 sports majeurs am\u00e9ricains, j\u2019organise maintenant la strat\u00e9gie \u00e9ditoriale et les r\u00e9seaux sociaux de l\u2019ensemble des versions de The Playoffs. Il m\u2019arrive encore d\u2019\u00e9crire sur certains sports que j\u2019affectionne particuli\u00e8rement comme la NFL ou la MLB. Si vous devez retenir qu\u2019une chose : Eli Manning est le vrai GOAT pour avoir battu deux fois Tom Brady.","sameAs":["https:\/\/www.instagram.com\/ctaudin_\/"],"url":"https:\/\/theplayoffs.news\/fr\/author\/charles-taudin\/"}]}},"_links":{"self":[{"href":"https:\/\/theplayoffs.news\/fr\/wp-json\/wp\/v2\/posts\/724375","targetHints":{"allow":["GET"]}}],"collection":[{"href":"https:\/\/theplayoffs.news\/fr\/wp-json\/wp\/v2\/posts"}],"about":[{"href":"https:\/\/theplayoffs.news\/fr\/wp-json\/wp\/v2\/types\/post"}],"author":[{"embeddable":true,"href":"https:\/\/theplayoffs.news\/fr\/wp-json\/wp\/v2\/users\/13"}],"replies":[{"embeddable":true,"href":"https:\/\/theplayoffs.news\/fr\/wp-json\/wp\/v2\/comments?post=724375"}],"version-history":[{"count":2,"href":"https:\/\/theplayoffs.news\/fr\/wp-json\/wp\/v2\/posts\/724375\/revisions"}],"predecessor-version":[{"id":724379,"href":"https:\/\/theplayoffs.news\/fr\/wp-json\/wp\/v2\/posts\/724375\/revisions\/724379"}],"wp:featuredmedia":[{"embeddable":true,"href":"https:\/\/theplayoffs.news\/fr\/wp-json\/wp\/v2\/media\/724377"}],"wp:attachment":[{"href":"https:\/\/theplayoffs.news\/fr\/wp-json\/wp\/v2\/media?parent=724375"}],"wp:term":[{"taxonomy":"category","embeddable":true,"href":"https:\/\/theplayoffs.news\/fr\/wp-json\/wp\/v2\/categories?post=724375"},{"taxonomy":"post_tag","embeddable":true,"href":"https:\/\/theplayoffs.news\/fr\/wp-json\/wp\/v2\/tags?post=724375"},{"taxonomy":"sport","embeddable":true,"href":"https:\/\/theplayoffs.news\/fr\/wp-json\/wp\/v2\/sport?post=724375"},{"taxonomy":"saison","embeddable":true,"href":"https:\/\/theplayoffs.news\/fr\/wp-json\/wp\/v2\/saison?post=724375"}],"curies":[{"name":"wp","href":"https:\/\/api.w.org\/{rel}","templated":true}]}}