{"id":721926,"date":"2023-07-21T20:27:54","date_gmt":"2023-07-21T18:27:54","guid":{"rendered":"https:\/\/theplayoffs.news\/fr\/?p=721926"},"modified":"2023-07-21T20:28:05","modified_gmt":"2023-07-21T18:28:05","slug":"melvin-gordon-ravens-contrat-un-an","status":"publish","type":"post","link":"https:\/\/theplayoffs.news\/fr\/actualite-nfl\/melvin-gordon-ravens-contrat-un-an\/","title":{"rendered":"Melvin Gordon et les Ravens de Baltimore s&rsquo;entendent sur un contrat d&rsquo;un an"},"content":{"rendered":"<h2>Les Ravens de Baltimore ont annonc&eacute; vendredi leur accord de principe avec le running back libre Melvin Gordon.<\/h2><p>L&rsquo;accord d&rsquo;un an verra le double Pro Bowler apporter son exp&eacute;rience et son courage &agrave; une &eacute;quipe des Ravens d&eacute;sireuse de renforcer son arsenal offensif.<\/p><p>Melvin Gordon, maintenant &acirc;g&eacute; de 30 ans, entame sa neuvi&egrave;me saison dans la Ligue nationale de football. Apr&egrave;s un mandat avec les Broncos de Denver et un bref passage dans l&rsquo;&eacute;quipe d&rsquo;entra&icirc;nement des Chiefs de Kansas City, le running back chevronn&eacute; rev&ecirc;tira le noir et le violet des Ravens, ajoutant un nouveau chapitre &agrave; sa carri&egrave;re dynamique.<\/p><h3>Carri&egrave;re en r&eacute;trospective<\/h3><p>Gordon est entr&eacute; pour la premi&egrave;re fois sur la sc&egrave;ne de la NFL en tant que 15e choix lors du rep&ecirc;chage de 2015 par les Chargers de San Diego. Les Chargers, qui ont depuis d&eacute;m&eacute;nag&eacute; &agrave; Los Angeles, ont vu en Gordon un talent prometteur du Wisconsin. Il n&rsquo;a pas d&eacute;&ccedil;u, atteignant le sommet de sa carri&egrave;re en 2017 lorsqu&rsquo;il a enregistr&eacute; un impressionnant 1 105 yards au sol.<\/p><p>En 2020, les Denver Broncos ont s&eacute;curis&eacute; les talents de Melvin Gordon avec un contrat de 16 millions de dollars sur deux ans.<\/p><p>Apr&egrave;s l&rsquo;avoir re-sign&eacute; pour un contrat d&rsquo;un an en 2022, les Broncos ont malheureusement d&ucirc; lib&eacute;rer Melvin Gordon apr&egrave;s leur match de la semaine 11 contre les Raiders. En 10 matchs avec Denver la saison derni&egrave;re, Gordon a couru pour 318 yards, a fait 25 r&eacute;ceptions, mais sa performance a &eacute;t&eacute; g&acirc;ch&eacute;e par cinq fumbles.<\/p><p>Malgr&eacute; ces revers, <a href=\"https:\/\/theplayoffs.news\/fr\/joueur\/melvin-gordon-iii-nfl-5152868\/\" class=\"trk-cta-link\" data-cta-trk='{\"ctaType\":\"Link\",\"ctaSubType\":\"main\"}'><strong>Melvin Gordon<\/strong><\/a> poss&egrave;de un bilan de carri&egrave;re louable. Avec 6 462 yards au sol, 55 touchdowns au sol et 309 r&eacute;ceptions r&eacute;sultant en 14 touchdowns, son pedigree est incontestable.<\/p><h3>Ce que cela signifie pour les Ravens<\/h3><p>La signature de Gordon par les Ravens pourrait &ecirc;tre interpr&eacute;t&eacute;e comme un mouvement strat&eacute;gique pour renforcer leur puissance offensive. Reconnus pour leur solide jeu de course, les Ravens ont toujours men&eacute; la ligue dans les yards au sol. L&rsquo;ajout de Gordon, malgr&eacute; son &acirc;ge, pourrait potentiellement accro&icirc;tre leur domination sur le terrain.<\/p><p>De plus, les comp&eacute;tences polyvalentes de Melvin Gordon font de lui une double menace dans le champ arri&egrave;re. Sa comp&eacute;tence en tant que receveur hors du champ arri&egrave;re conf&egrave;re &agrave; l&rsquo;attaque des Ravens une couche suppl&eacute;mentaire de complexit&eacute;, ce qui rend plus difficile pour les adversaires d&rsquo;anticiper leurs jeux.<\/p><p>Cependant, les Ravens devront travailler pour limiter le r&eacute;cent probl&egrave;me de Gordon avec des fumble. S&rsquo;ils parviennent &agrave; r&eacute;soudre ce probl&egrave;me, rien ne dit l&rsquo;&eacute;tendue de la contribution de Gordon &agrave; l&rsquo;&eacute;quipe.<\/p>\n","protected":false},"excerpt":{"rendered":"","protected":false},"author":13,"featured_media":721931,"comment_status":"open","ping_status":"closed","sticky":false,"template":"","format":"standard","meta":{"inline_featured_image":false,"kia_subtitle":"","_mux_skip_reasons":[],"proofreadBy":0,"footnotes":""},"categories":[118,40],"tags":[868,3642],"sport":[],"saison":[],"class_list":["post-721926","post","type-post","status-publish","format-standard","has-post-thumbnail","hentry","category-actualite-nfl","category-nfl","tag-baltimore-ravens","tag-melvin-gordon"],"acf":[],"yoast_head":"<!-- This site is optimized with the Yoast SEO plugin v24.2 - https:\/\/yoast.com\/wordpress\/plugins\/seo\/ -->\n<title>Melvin Gordon et les Ravens de Baltimore s&#039;entendent sur un contrat d&#039;un an - The Playoffs FR<\/title>\n<meta name=\"robots\" content=\"index, follow, max-snippet:-1, max-image-preview:large, max-video-preview:-1\" \/>\n<link rel=\"canonical\" href=\"https:\/\/theplayoffs.news\/fr\/actualite-nfl\/melvin-gordon-ravens-contrat-un-an\/\" \/>\n<meta property=\"og:locale\" content=\"fr_FR\" \/>\n<meta property=\"og:type\" content=\"article\" \/>\n<meta property=\"og:title\" content=\"Melvin Gordon et les Ravens de Baltimore s&#039;entendent sur un contrat d&#039;un an - The Playoffs FR\" \/>\n<meta property=\"og:url\" content=\"https:\/\/theplayoffs.news\/fr\/actualite-nfl\/melvin-gordon-ravens-contrat-un-an\/\" \/>\n<meta property=\"og:site_name\" content=\"The Playoffs FR\" \/>\n<meta property=\"article:publisher\" content=\"https:\/\/www.facebook.com\/TheFreeAgentFR\/\" \/>\n<meta property=\"article:modified_time\" content=\"2023-07-21T20:28:05+02:00\" \/>\n<meta property=\"og:image\" content=\"https:\/\/theplayoffs.news\/fr\/wp-content\/uploads\/2023\/07\/Capture-decran-2023-07-21-a-20.14.00.jpg\" \/>\n\t<meta property=\"og:image:width\" content=\"1807\" \/>\n\t<meta property=\"og:image:height\" content=\"1039\" \/>\n\t<meta property=\"og:image:type\" content=\"image\/jpeg\" \/>\n<meta name=\"author\" content=\"Charles Taudin\" \/>\n<meta name=\"twitter:card\" content=\"summary_large_image\" \/>\n<meta name=\"twitter:creator\" content=\"@TheFreeAgentFR\" \/>\n<meta name=\"twitter:site\" content=\"@TheFreeAgentFR\" \/>\n<meta name=\"twitter:label1\" content=\"\u00c9crit par\" \/>\n\t<meta name=\"twitter:data1\" content=\"Charles Taudin\" \/>\n\t<meta name=\"twitter:label2\" content=\"Dur\u00e9e de lecture estim\u00e9e\" \/>\n\t<meta name=\"twitter:data2\" content=\"2 minutes\" \/>\n<script type=\"application\/ld+json\" class=\"yoast-schema-graph\">{\"@context\":\"https:\/\/schema.org\",\"@graph\":[{\"@type\":\"WebPage\",\"@id\":\"https:\/\/theplayoffs.news\/fr\/actualite-nfl\/melvin-gordon-ravens-contrat-un-an\/\",\"url\":\"https:\/\/theplayoffs.news\/fr\/actualite-nfl\/melvin-gordon-ravens-contrat-un-an\/\",\"name\":\"Melvin Gordon et les Ravens de Baltimore s\\\\'entendent sur un contrat d\\\\'un an - The Playoffs FR\",\"isPartOf\":{\"@id\":\"https:\/\/theplayoffs.news\/fr\/#website\"},\"primaryImageOfPage\":{\"@id\":\"https:\/\/theplayoffs.news\/fr\/actualite-nfl\/melvin-gordon-ravens-contrat-un-an\/#primaryimage\"},\"image\":{\"@id\":\"https:\/\/theplayoffs.news\/fr\/actualite-nfl\/melvin-gordon-ravens-contrat-un-an\/#primaryimage\"},\"thumbnailUrl\":\"https:\/\/theplayoffs.news\/fr\/wp-content\/uploads\/2023\/07\/Capture-decran-2023-07-21-a-20.14.00.jpg\",\"datePublished\":\"2023-07-21T18:27:54+00:00\",\"dateModified\":\"2023-07-21T18:28:05+00:00\",\"author\":{\"@id\":\"https:\/\/theplayoffs.news\/fr\/#\/schema\/person\/eee5b69ad5d3c51cabe881c839dbe133\"},\"breadcrumb\":{\"@id\":\"https:\/\/theplayoffs.news\/fr\/actualite-nfl\/melvin-gordon-ravens-contrat-un-an\/#breadcrumb\"},\"inLanguage\":\"fr-FR\",\"potentialAction\":[{\"@type\":\"ReadAction\",\"target\":[\"https:\/\/theplayoffs.news\/fr\/actualite-nfl\/melvin-gordon-ravens-contrat-un-an\/\"]}]},{\"@type\":\"ImageObject\",\"inLanguage\":\"fr-FR\",\"@id\":\"https:\/\/theplayoffs.news\/fr\/actualite-nfl\/melvin-gordon-ravens-contrat-un-an\/#primaryimage\",\"url\":\"https:\/\/theplayoffs.news\/fr\/wp-content\/uploads\/2023\/07\/Capture-decran-2023-07-21-a-20.14.00.jpg\",\"contentUrl\":\"https:\/\/theplayoffs.news\/fr\/wp-content\/uploads\/2023\/07\/Capture-decran-2023-07-21-a-20.14.00.jpg\",\"width\":1807,\"height\":1039,\"caption\":\"Melvin Gordon\"},{\"@type\":\"BreadcrumbList\",\"@id\":\"https:\/\/theplayoffs.news\/fr\/actualite-nfl\/melvin-gordon-ravens-contrat-un-an\/#breadcrumb\",\"itemListElement\":[{\"@type\":\"ListItem\",\"position\":1,\"name\":\"Accueil\",\"item\":\"https:\/\/theplayoffs.news\/fr\/\"},{\"@type\":\"ListItem\",\"position\":2,\"name\":\"Melvin Gordon et les Ravens de Baltimore s&rsquo;entendent sur un contrat d&rsquo;un an\"}]},{\"@type\":\"WebSite\",\"@id\":\"https:\/\/theplayoffs.news\/fr\/#website\",\"url\":\"https:\/\/theplayoffs.news\/fr\/\",\"name\":\"The Playoffs FR\",\"description\":\"NBA-NFL-NHL-MLB\",\"potentialAction\":[{\"@type\":\"SearchAction\",\"target\":{\"@type\":\"EntryPoint\",\"urlTemplate\":\"https:\/\/theplayoffs.news\/fr\/?s={search_term_string}\"},\"query-input\":{\"@type\":\"PropertyValueSpecification\",\"valueRequired\":true,\"valueName\":\"search_term_string\"}}],\"inLanguage\":\"fr-FR\"},{\"@type\":\"Person\",\"@id\":\"https:\/\/theplayoffs.news\/fr\/#\/schema\/person\/eee5b69ad5d3c51cabe881c839dbe133\",\"name\":\"Charles Taudin\",\"image\":{\"@type\":\"ImageObject\",\"inLanguage\":\"fr-FR\",\"@id\":\"https:\/\/theplayoffs.news\/fr\/#\/schema\/person\/image\/\",\"url\":\"https:\/\/secure.gravatar.com\/avatar\/59a1e772205ce9fd255edfcafc93013736822e20261f294c5753b20c41ede9f2?s=96&d=mm&r=g\",\"contentUrl\":\"https:\/\/secure.gravatar.com\/avatar\/59a1e772205ce9fd255edfcafc93013736822e20261f294c5753b20c41ede9f2?s=96&d=mm&r=g\",\"caption\":\"Charles Taudin\"},\"description\":\"R\u00e9dacteur en chef global de The Playoffs, j\u2019ai cr\u00e9\u00e9 The Free Agent, devenu The Playoffs FR, en 2020 durant la pand\u00e9mie. Amoureux depuis des ann\u00e9es des 4 sports majeurs am\u00e9ricains, j\u2019organise maintenant la strat\u00e9gie \u00e9ditoriale et les r\u00e9seaux sociaux de l\u2019ensemble des versions de The Playoffs. Il m\u2019arrive encore d\u2019\u00e9crire sur certains sports que j\u2019affectionne particuli\u00e8rement comme la NFL ou la MLB. Si vous devez retenir qu\u2019une chose : Eli Manning est le vrai GOAT pour avoir battu deux fois Tom Brady.\",\"sameAs\":[\"https:\/\/www.instagram.com\/ctaudin_\/\"],\"url\":\"https:\/\/theplayoffs.news\/fr\/author\/charles-taudin\/\"}]}<\/script>\n<!-- \/ Yoast SEO plugin. -->","yoast_head_json":{"title":"Melvin Gordon et les Ravens de Baltimore s&#039;entendent sur un contrat d&#039;un an - The Playoffs FR","robots":{"index":"index","follow":"follow","max-snippet":"max-snippet:-1","max-image-preview":"max-image-preview:large","max-video-preview":"max-video-preview:-1"},"canonical":"https:\/\/theplayoffs.news\/fr\/actualite-nfl\/melvin-gordon-ravens-contrat-un-an\/","og_locale":"fr_FR","og_type":"article","og_title":"Melvin Gordon et les Ravens de Baltimore s&#039;entendent sur un contrat d&#039;un an - The Playoffs FR","og_url":"https:\/\/theplayoffs.news\/fr\/actualite-nfl\/melvin-gordon-ravens-contrat-un-an\/","og_site_name":"The Playoffs FR","article_publisher":"https:\/\/www.facebook.com\/TheFreeAgentFR\/","article_modified_time":"2023-07-21T18:28:05+00:00","og_image":[{"width":1807,"height":1039,"url":"https:\/\/theplayoffs.news\/fr\/wp-content\/uploads\/2023\/07\/Capture-decran-2023-07-21-a-20.14.00.jpg","type":"image\/jpeg"}],"author":"Charles Taudin","twitter_card":"summary_large_image","twitter_creator":"@TheFreeAgentFR","twitter_site":"@TheFreeAgentFR","twitter_misc":{"\u00c9crit par":"Charles Taudin","Dur\u00e9e de lecture estim\u00e9e":"2 minutes"},"schema":{"@context":"https:\/\/schema.org","@graph":[{"@type":"WebPage","@id":"https:\/\/theplayoffs.news\/fr\/actualite-nfl\/melvin-gordon-ravens-contrat-un-an\/","url":"https:\/\/theplayoffs.news\/fr\/actualite-nfl\/melvin-gordon-ravens-contrat-un-an\/","name":"Melvin Gordon et les Ravens de Baltimore s\\'entendent sur un contrat d\\'un an - The Playoffs FR","isPartOf":{"@id":"https:\/\/theplayoffs.news\/fr\/#website"},"primaryImageOfPage":{"@id":"https:\/\/theplayoffs.news\/fr\/actualite-nfl\/melvin-gordon-ravens-contrat-un-an\/#primaryimage"},"image":{"@id":"https:\/\/theplayoffs.news\/fr\/actualite-nfl\/melvin-gordon-ravens-contrat-un-an\/#primaryimage"},"thumbnailUrl":"https:\/\/theplayoffs.news\/fr\/wp-content\/uploads\/2023\/07\/Capture-decran-2023-07-21-a-20.14.00.jpg","datePublished":"2023-07-21T18:27:54+00:00","dateModified":"2023-07-21T18:28:05+00:00","author":{"@id":"https:\/\/theplayoffs.news\/fr\/#\/schema\/person\/eee5b69ad5d3c51cabe881c839dbe133"},"breadcrumb":{"@id":"https:\/\/theplayoffs.news\/fr\/actualite-nfl\/melvin-gordon-ravens-contrat-un-an\/#breadcrumb"},"inLanguage":"fr-FR","potentialAction":[{"@type":"ReadAction","target":["https:\/\/theplayoffs.news\/fr\/actualite-nfl\/melvin-gordon-ravens-contrat-un-an\/"]}]},{"@type":"ImageObject","inLanguage":"fr-FR","@id":"https:\/\/theplayoffs.news\/fr\/actualite-nfl\/melvin-gordon-ravens-contrat-un-an\/#primaryimage","url":"https:\/\/theplayoffs.news\/fr\/wp-content\/uploads\/2023\/07\/Capture-decran-2023-07-21-a-20.14.00.jpg","contentUrl":"https:\/\/theplayoffs.news\/fr\/wp-content\/uploads\/2023\/07\/Capture-decran-2023-07-21-a-20.14.00.jpg","width":1807,"height":1039,"caption":"Melvin Gordon"},{"@type":"BreadcrumbList","@id":"https:\/\/theplayoffs.news\/fr\/actualite-nfl\/melvin-gordon-ravens-contrat-un-an\/#breadcrumb","itemListElement":[{"@type":"ListItem","position":1,"name":"Accueil","item":"https:\/\/theplayoffs.news\/fr\/"},{"@type":"ListItem","position":2,"name":"Melvin Gordon et les Ravens de Baltimore s&rsquo;entendent sur un contrat d&rsquo;un an"}]},{"@type":"WebSite","@id":"https:\/\/theplayoffs.news\/fr\/#website","url":"https:\/\/theplayoffs.news\/fr\/","name":"The Playoffs FR","description":"NBA-NFL-NHL-MLB","potentialAction":[{"@type":"SearchAction","target":{"@type":"EntryPoint","urlTemplate":"https:\/\/theplayoffs.news\/fr\/?s={search_term_string}"},"query-input":{"@type":"PropertyValueSpecification","valueRequired":true,"valueName":"search_term_string"}}],"inLanguage":"fr-FR"},{"@type":"Person","@id":"https:\/\/theplayoffs.news\/fr\/#\/schema\/person\/eee5b69ad5d3c51cabe881c839dbe133","name":"Charles Taudin","image":{"@type":"ImageObject","inLanguage":"fr-FR","@id":"https:\/\/theplayoffs.news\/fr\/#\/schema\/person\/image\/","url":"https:\/\/secure.gravatar.com\/avatar\/59a1e772205ce9fd255edfcafc93013736822e20261f294c5753b20c41ede9f2?s=96&d=mm&r=g","contentUrl":"https:\/\/secure.gravatar.com\/avatar\/59a1e772205ce9fd255edfcafc93013736822e20261f294c5753b20c41ede9f2?s=96&d=mm&r=g","caption":"Charles Taudin"},"description":"R\u00e9dacteur en chef global de The Playoffs, j\u2019ai cr\u00e9\u00e9 The Free Agent, devenu The Playoffs FR, en 2020 durant la pand\u00e9mie. Amoureux depuis des ann\u00e9es des 4 sports majeurs am\u00e9ricains, j\u2019organise maintenant la strat\u00e9gie \u00e9ditoriale et les r\u00e9seaux sociaux de l\u2019ensemble des versions de The Playoffs. Il m\u2019arrive encore d\u2019\u00e9crire sur certains sports que j\u2019affectionne particuli\u00e8rement comme la NFL ou la MLB. Si vous devez retenir qu\u2019une chose : Eli Manning est le vrai GOAT pour avoir battu deux fois Tom Brady.","sameAs":["https:\/\/www.instagram.com\/ctaudin_\/"],"url":"https:\/\/theplayoffs.news\/fr\/author\/charles-taudin\/"}]}},"_links":{"self":[{"href":"https:\/\/theplayoffs.news\/fr\/wp-json\/wp\/v2\/posts\/721926","targetHints":{"allow":["GET"]}}],"collection":[{"href":"https:\/\/theplayoffs.news\/fr\/wp-json\/wp\/v2\/posts"}],"about":[{"href":"https:\/\/theplayoffs.news\/fr\/wp-json\/wp\/v2\/types\/post"}],"author":[{"embeddable":true,"href":"https:\/\/theplayoffs.news\/fr\/wp-json\/wp\/v2\/users\/13"}],"replies":[{"embeddable":true,"href":"https:\/\/theplayoffs.news\/fr\/wp-json\/wp\/v2\/comments?post=721926"}],"version-history":[{"count":3,"href":"https:\/\/theplayoffs.news\/fr\/wp-json\/wp\/v2\/posts\/721926\/revisions"}],"predecessor-version":[{"id":721934,"href":"https:\/\/theplayoffs.news\/fr\/wp-json\/wp\/v2\/posts\/721926\/revisions\/721934"}],"wp:featuredmedia":[{"embeddable":true,"href":"https:\/\/theplayoffs.news\/fr\/wp-json\/wp\/v2\/media\/721931"}],"wp:attachment":[{"href":"https:\/\/theplayoffs.news\/fr\/wp-json\/wp\/v2\/media?parent=721926"}],"wp:term":[{"taxonomy":"category","embeddable":true,"href":"https:\/\/theplayoffs.news\/fr\/wp-json\/wp\/v2\/categories?post=721926"},{"taxonomy":"post_tag","embeddable":true,"href":"https:\/\/theplayoffs.news\/fr\/wp-json\/wp\/v2\/tags?post=721926"},{"taxonomy":"sport","embeddable":true,"href":"https:\/\/theplayoffs.news\/fr\/wp-json\/wp\/v2\/sport?post=721926"},{"taxonomy":"saison","embeddable":true,"href":"https:\/\/theplayoffs.news\/fr\/wp-json\/wp\/v2\/saison?post=721926"}],"curies":[{"name":"wp","href":"https:\/\/api.w.org\/{rel}","templated":true}]}}