{"id":721919,"date":"2023-07-21T19:44:42","date_gmt":"2023-07-21T17:44:42","guid":{"rendered":"https:\/\/theplayoffs.news\/fr\/?p=721919"},"modified":"2023-07-21T19:44:43","modified_gmt":"2023-07-21T17:44:43","slug":"washington-commanders-nouveau-changement-nom","status":"publish","type":"post","link":"https:\/\/theplayoffs.news\/fr\/actualite-nfl\/washington-commanders-nouveau-changement-nom\/","title":{"rendered":"Washington Commanders : vers un nouveau changement de nom ?"},"content":{"rendered":"<h2>Les vents du changement pourraient encore souffler sur la franchise des Washington Commanders.<\/h2><p>Apr&egrave;s que l&rsquo;&eacute;quipe ait travers&eacute; plusieurs ann&eacute;es de transformation, des Redskins de Washington &agrave; Washington Football Team en passant par les Commanders de Washington, cela n&rsquo;a peut-&ecirc;tre pas fini d&rsquo;&eacute;voluer. Magic Johnson, membre du nouveau groupe de propri&eacute;t&eacute; dirig&eacute; par Josh Harris, a d&eacute;clar&eacute; que &laquo;&nbsp;tout est sur la table&nbsp;&raquo; concernant un &eacute;ventuel changement de marque de franchise.<\/p><p>Lors de l&rsquo;&eacute;mission <a href=\"https:\/\/twitter.com\/TODAYshow\/status\/1682357116911190018?s=20\" class=\"trk-cta-link\" data-cta-trk='{\"ctaType\":\"Link\",\"ctaSubType\":\"main\"}'>&laquo;&nbsp;Today&nbsp;&raquo; de NBC vendredi<\/a>, Johnson a r&eacute;v&eacute;l&eacute; qu&rsquo;un changement de nom d&rsquo;&eacute;quipe pourrait &ecirc;tre envisag&eacute; par le nouveau propri&eacute;taire. La l&eacute;gende de la NBA a sugg&eacute;r&eacute; que l&rsquo;ann&eacute;e &agrave; venir serait consacr&eacute;e &agrave; comprendre le cadre actuel de la franchise, et &laquo;&nbsp;le nom de l&rsquo;&eacute;quipe finira par appara&icirc;tre&nbsp;&raquo;.<\/p><p>Les Commanders, apr&egrave;s avoir &eacute;t&eacute; la Washington Football Team pendant deux saisons, n&rsquo;ont que r&eacute;cemment &eacute;tabli leur identit&eacute; actuelle, d&eacute;voilant le changement de nom des Commanders en f&eacute;vrier dernier.<\/p><p>Le groupe de propri&eacute;t&eacute;, comprenant Johnson, Harris et d&rsquo;autres membres, organisera une conf&eacute;rence de presse d&rsquo;introduction au FedEx Field vendredi &agrave; 20h. Cela fait suite &agrave; l&rsquo;approbation unanime par les propri&eacute;taires de la NFL de l&rsquo;achat par Harris des commandants de Dan Snyder <a href=\"https:\/\/theplayoffs.news\/fr\/nfl\/vente-historique-des-commanders-de-washington\/\" class=\"trk-cta-link\" data-cta-trk='{\"ctaType\":\"Link\",\"ctaSubType\":\"main\"}'>pour un record de 6,05 milliards de dollars jeudi<\/a>.<\/p><p>L&rsquo;accord, officialis&eacute; le 12 mai apr&egrave;s la conclusion d&rsquo;un accord de principe en avril, a vu Harris acqu&eacute;rir la franchise, le FedExField &agrave; Landover, dans le Maryland, et le centre de formation &agrave; Ashburn, en Virginie. Des r&eacute;solutions ont &eacute;t&eacute; prises sur plusieurs questions litigieuses, telles que l&rsquo;indemnisation de Snyder et de la ligue concernant des enqu&ecirc;tes en cours et des litiges potentiels.<\/p><p>Suite &agrave; l&rsquo;approbation de la vente, la NFL a divulgu&eacute; les conclusions d&rsquo;une enqu&ecirc;te men&eacute;e par l&rsquo;ancienne pr&eacute;sidente de la SEC, Mary Jo White, sur Snyder et les pratiques financi&egrave;res de l&rsquo;organisation. Le rapport a largement soutenu les all&eacute;gations des accusateurs et la NFL a ensuite inflig&eacute; une amende de <a href=\"https:\/\/theplayoffs.news\/fr\/nfl\/dan-snyder-condamne-amende-60-millions-dollars\/\" class=\"trk-cta-link\" data-cta-trk='{\"ctaType\":\"Link\",\"ctaSubType\":\"main\"}'>60 millions de dollars &agrave; Snyder<\/a>.<\/p><p>La franchise de Washington entame sa quatri&egrave;me saison sous la direction de l&rsquo;entra&icirc;neur en chef Ron Rivera. Malgr&eacute; un titre NFC East en 2020 avec un bilan de 7-9, l&rsquo;&eacute;quipe a connu des difficult&eacute;s ces derni&egrave;res ann&eacute;es, ne parvenant pas &agrave; participer aux s&eacute;ries &eacute;liminatoires depuis cette ann&eacute;e-l&agrave; ni &agrave; terminer avec un bilan positif depuis 2016.<\/p><p>Le changement de nom potentiel indique la d&eacute;termination du nouveau propri&eacute;taire &agrave; tracer une nouvelle voie pour la franchise.<\/p>\n","protected":false},"excerpt":{"rendered":"","protected":false},"author":13,"featured_media":337072,"comment_status":"open","ping_status":"closed","sticky":false,"template":"","format":"standard","meta":{"inline_featured_image":false,"kia_subtitle":"","_mux_skip_reasons":[],"proofreadBy":0,"footnotes":""},"categories":[118,40],"tags":[3285],"sport":[],"saison":[],"class_list":["post-721919","post","type-post","status-publish","format-standard","has-post-thumbnail","hentry","category-actualite-nfl","category-nfl","tag-washington-commanders"],"acf":[],"yoast_head":"<!-- This site is optimized with the Yoast SEO plugin v24.2 - https:\/\/yoast.com\/wordpress\/plugins\/seo\/ -->\n<title>Washington Commanders : vers un nouveau changement de nom ? - The Playoffs FR<\/title>\n<meta name=\"robots\" content=\"index, follow, max-snippet:-1, max-image-preview:large, max-video-preview:-1\" \/>\n<link rel=\"canonical\" href=\"https:\/\/theplayoffs.news\/fr\/actualite-nfl\/washington-commanders-nouveau-changement-nom\/\" \/>\n<meta property=\"og:locale\" content=\"fr_FR\" \/>\n<meta property=\"og:type\" content=\"article\" \/>\n<meta property=\"og:title\" content=\"Washington Commanders : vers un nouveau changement de nom ? - The Playoffs FR\" \/>\n<meta property=\"og:url\" content=\"https:\/\/theplayoffs.news\/fr\/actualite-nfl\/washington-commanders-nouveau-changement-nom\/\" \/>\n<meta property=\"og:site_name\" content=\"The Playoffs FR\" \/>\n<meta property=\"article:publisher\" content=\"https:\/\/www.facebook.com\/TheFreeAgentFR\/\" \/>\n<meta property=\"article:modified_time\" content=\"2023-07-21T19:44:43+02:00\" \/>\n<meta property=\"og:image\" content=\"https:\/\/theplayoffs.news\/fr\/wp-content\/uploads\/2022\/04\/washington-commanders.jpeg\" \/>\n\t<meta property=\"og:image:width\" content=\"1200\" \/>\n\t<meta property=\"og:image:height\" content=\"800\" \/>\n\t<meta property=\"og:image:type\" content=\"image\/jpeg\" \/>\n<meta name=\"author\" content=\"Charles Taudin\" \/>\n<meta name=\"twitter:card\" content=\"summary_large_image\" \/>\n<meta name=\"twitter:creator\" content=\"@TheFreeAgentFR\" \/>\n<meta name=\"twitter:site\" content=\"@TheFreeAgentFR\" \/>\n<meta name=\"twitter:label1\" content=\"\u00c9crit par\" \/>\n\t<meta name=\"twitter:data1\" content=\"Charles Taudin\" \/>\n\t<meta name=\"twitter:label2\" content=\"Dur\u00e9e de lecture estim\u00e9e\" \/>\n\t<meta name=\"twitter:data2\" content=\"2 minutes\" \/>\n<script type=\"application\/ld+json\" class=\"yoast-schema-graph\">{\"@context\":\"https:\/\/schema.org\",\"@graph\":[{\"@type\":\"WebPage\",\"@id\":\"https:\/\/theplayoffs.news\/fr\/actualite-nfl\/washington-commanders-nouveau-changement-nom\/\",\"url\":\"https:\/\/theplayoffs.news\/fr\/actualite-nfl\/washington-commanders-nouveau-changement-nom\/\",\"name\":\"Washington Commanders : vers un nouveau changement de nom ? - The Playoffs FR\",\"isPartOf\":{\"@id\":\"https:\/\/theplayoffs.news\/fr\/#website\"},\"primaryImageOfPage\":{\"@id\":\"https:\/\/theplayoffs.news\/fr\/actualite-nfl\/washington-commanders-nouveau-changement-nom\/#primaryimage\"},\"image\":{\"@id\":\"https:\/\/theplayoffs.news\/fr\/actualite-nfl\/washington-commanders-nouveau-changement-nom\/#primaryimage\"},\"thumbnailUrl\":\"https:\/\/theplayoffs.news\/fr\/wp-content\/uploads\/2022\/04\/washington-commanders.jpeg\",\"datePublished\":\"2023-07-21T17:44:42+00:00\",\"dateModified\":\"2023-07-21T17:44:43+00:00\",\"author\":{\"@id\":\"https:\/\/theplayoffs.news\/fr\/#\/schema\/person\/eee5b69ad5d3c51cabe881c839dbe133\"},\"breadcrumb\":{\"@id\":\"https:\/\/theplayoffs.news\/fr\/actualite-nfl\/washington-commanders-nouveau-changement-nom\/#breadcrumb\"},\"inLanguage\":\"fr-FR\",\"potentialAction\":[{\"@type\":\"ReadAction\",\"target\":[\"https:\/\/theplayoffs.news\/fr\/actualite-nfl\/washington-commanders-nouveau-changement-nom\/\"]}]},{\"@type\":\"ImageObject\",\"inLanguage\":\"fr-FR\",\"@id\":\"https:\/\/theplayoffs.news\/fr\/actualite-nfl\/washington-commanders-nouveau-changement-nom\/#primaryimage\",\"url\":\"https:\/\/theplayoffs.news\/fr\/wp-content\/uploads\/2022\/04\/washington-commanders.jpeg\",\"contentUrl\":\"https:\/\/theplayoffs.news\/fr\/wp-content\/uploads\/2022\/04\/washington-commanders.jpeg\",\"width\":1200,\"height\":800,\"caption\":\"washington commanders\"},{\"@type\":\"BreadcrumbList\",\"@id\":\"https:\/\/theplayoffs.news\/fr\/actualite-nfl\/washington-commanders-nouveau-changement-nom\/#breadcrumb\",\"itemListElement\":[{\"@type\":\"ListItem\",\"position\":1,\"name\":\"Accueil\",\"item\":\"https:\/\/theplayoffs.news\/fr\/\"},{\"@type\":\"ListItem\",\"position\":2,\"name\":\"Washington Commanders : vers un nouveau changement de nom ?\"}]},{\"@type\":\"WebSite\",\"@id\":\"https:\/\/theplayoffs.news\/fr\/#website\",\"url\":\"https:\/\/theplayoffs.news\/fr\/\",\"name\":\"The Playoffs FR\",\"description\":\"NBA-NFL-NHL-MLB\",\"potentialAction\":[{\"@type\":\"SearchAction\",\"target\":{\"@type\":\"EntryPoint\",\"urlTemplate\":\"https:\/\/theplayoffs.news\/fr\/?s={search_term_string}\"},\"query-input\":{\"@type\":\"PropertyValueSpecification\",\"valueRequired\":true,\"valueName\":\"search_term_string\"}}],\"inLanguage\":\"fr-FR\"},{\"@type\":\"Person\",\"@id\":\"https:\/\/theplayoffs.news\/fr\/#\/schema\/person\/eee5b69ad5d3c51cabe881c839dbe133\",\"name\":\"Charles Taudin\",\"image\":{\"@type\":\"ImageObject\",\"inLanguage\":\"fr-FR\",\"@id\":\"https:\/\/theplayoffs.news\/fr\/#\/schema\/person\/image\/\",\"url\":\"https:\/\/secure.gravatar.com\/avatar\/59a1e772205ce9fd255edfcafc93013736822e20261f294c5753b20c41ede9f2?s=96&d=mm&r=g\",\"contentUrl\":\"https:\/\/secure.gravatar.com\/avatar\/59a1e772205ce9fd255edfcafc93013736822e20261f294c5753b20c41ede9f2?s=96&d=mm&r=g\",\"caption\":\"Charles Taudin\"},\"description\":\"R\u00e9dacteur en chef global de The Playoffs, j\u2019ai cr\u00e9\u00e9 The Free Agent, devenu The Playoffs FR, en 2020 durant la pand\u00e9mie. Amoureux depuis des ann\u00e9es des 4 sports majeurs am\u00e9ricains, j\u2019organise maintenant la strat\u00e9gie \u00e9ditoriale et les r\u00e9seaux sociaux de l\u2019ensemble des versions de The Playoffs. Il m\u2019arrive encore d\u2019\u00e9crire sur certains sports que j\u2019affectionne particuli\u00e8rement comme la NFL ou la MLB. Si vous devez retenir qu\u2019une chose : Eli Manning est le vrai GOAT pour avoir battu deux fois Tom Brady.\",\"sameAs\":[\"https:\/\/www.instagram.com\/ctaudin_\/\"],\"url\":\"https:\/\/theplayoffs.news\/fr\/author\/charles-taudin\/\"}]}<\/script>\n<!-- \/ Yoast SEO plugin. -->","yoast_head_json":{"title":"Washington Commanders : vers un nouveau changement de nom ? - The Playoffs FR","robots":{"index":"index","follow":"follow","max-snippet":"max-snippet:-1","max-image-preview":"max-image-preview:large","max-video-preview":"max-video-preview:-1"},"canonical":"https:\/\/theplayoffs.news\/fr\/actualite-nfl\/washington-commanders-nouveau-changement-nom\/","og_locale":"fr_FR","og_type":"article","og_title":"Washington Commanders : vers un nouveau changement de nom ? - The Playoffs FR","og_url":"https:\/\/theplayoffs.news\/fr\/actualite-nfl\/washington-commanders-nouveau-changement-nom\/","og_site_name":"The Playoffs FR","article_publisher":"https:\/\/www.facebook.com\/TheFreeAgentFR\/","article_modified_time":"2023-07-21T17:44:43+00:00","og_image":[{"width":1200,"height":800,"url":"https:\/\/theplayoffs.news\/fr\/wp-content\/uploads\/2022\/04\/washington-commanders.jpeg","type":"image\/jpeg"}],"author":"Charles Taudin","twitter_card":"summary_large_image","twitter_creator":"@TheFreeAgentFR","twitter_site":"@TheFreeAgentFR","twitter_misc":{"\u00c9crit par":"Charles Taudin","Dur\u00e9e de lecture estim\u00e9e":"2 minutes"},"schema":{"@context":"https:\/\/schema.org","@graph":[{"@type":"WebPage","@id":"https:\/\/theplayoffs.news\/fr\/actualite-nfl\/washington-commanders-nouveau-changement-nom\/","url":"https:\/\/theplayoffs.news\/fr\/actualite-nfl\/washington-commanders-nouveau-changement-nom\/","name":"Washington Commanders : vers un nouveau changement de nom ? - The Playoffs FR","isPartOf":{"@id":"https:\/\/theplayoffs.news\/fr\/#website"},"primaryImageOfPage":{"@id":"https:\/\/theplayoffs.news\/fr\/actualite-nfl\/washington-commanders-nouveau-changement-nom\/#primaryimage"},"image":{"@id":"https:\/\/theplayoffs.news\/fr\/actualite-nfl\/washington-commanders-nouveau-changement-nom\/#primaryimage"},"thumbnailUrl":"https:\/\/theplayoffs.news\/fr\/wp-content\/uploads\/2022\/04\/washington-commanders.jpeg","datePublished":"2023-07-21T17:44:42+00:00","dateModified":"2023-07-21T17:44:43+00:00","author":{"@id":"https:\/\/theplayoffs.news\/fr\/#\/schema\/person\/eee5b69ad5d3c51cabe881c839dbe133"},"breadcrumb":{"@id":"https:\/\/theplayoffs.news\/fr\/actualite-nfl\/washington-commanders-nouveau-changement-nom\/#breadcrumb"},"inLanguage":"fr-FR","potentialAction":[{"@type":"ReadAction","target":["https:\/\/theplayoffs.news\/fr\/actualite-nfl\/washington-commanders-nouveau-changement-nom\/"]}]},{"@type":"ImageObject","inLanguage":"fr-FR","@id":"https:\/\/theplayoffs.news\/fr\/actualite-nfl\/washington-commanders-nouveau-changement-nom\/#primaryimage","url":"https:\/\/theplayoffs.news\/fr\/wp-content\/uploads\/2022\/04\/washington-commanders.jpeg","contentUrl":"https:\/\/theplayoffs.news\/fr\/wp-content\/uploads\/2022\/04\/washington-commanders.jpeg","width":1200,"height":800,"caption":"washington commanders"},{"@type":"BreadcrumbList","@id":"https:\/\/theplayoffs.news\/fr\/actualite-nfl\/washington-commanders-nouveau-changement-nom\/#breadcrumb","itemListElement":[{"@type":"ListItem","position":1,"name":"Accueil","item":"https:\/\/theplayoffs.news\/fr\/"},{"@type":"ListItem","position":2,"name":"Washington Commanders : vers un nouveau changement de nom ?"}]},{"@type":"WebSite","@id":"https:\/\/theplayoffs.news\/fr\/#website","url":"https:\/\/theplayoffs.news\/fr\/","name":"The Playoffs FR","description":"NBA-NFL-NHL-MLB","potentialAction":[{"@type":"SearchAction","target":{"@type":"EntryPoint","urlTemplate":"https:\/\/theplayoffs.news\/fr\/?s={search_term_string}"},"query-input":{"@type":"PropertyValueSpecification","valueRequired":true,"valueName":"search_term_string"}}],"inLanguage":"fr-FR"},{"@type":"Person","@id":"https:\/\/theplayoffs.news\/fr\/#\/schema\/person\/eee5b69ad5d3c51cabe881c839dbe133","name":"Charles Taudin","image":{"@type":"ImageObject","inLanguage":"fr-FR","@id":"https:\/\/theplayoffs.news\/fr\/#\/schema\/person\/image\/","url":"https:\/\/secure.gravatar.com\/avatar\/59a1e772205ce9fd255edfcafc93013736822e20261f294c5753b20c41ede9f2?s=96&d=mm&r=g","contentUrl":"https:\/\/secure.gravatar.com\/avatar\/59a1e772205ce9fd255edfcafc93013736822e20261f294c5753b20c41ede9f2?s=96&d=mm&r=g","caption":"Charles Taudin"},"description":"R\u00e9dacteur en chef global de The Playoffs, j\u2019ai cr\u00e9\u00e9 The Free Agent, devenu The Playoffs FR, en 2020 durant la pand\u00e9mie. Amoureux depuis des ann\u00e9es des 4 sports majeurs am\u00e9ricains, j\u2019organise maintenant la strat\u00e9gie \u00e9ditoriale et les r\u00e9seaux sociaux de l\u2019ensemble des versions de The Playoffs. Il m\u2019arrive encore d\u2019\u00e9crire sur certains sports que j\u2019affectionne particuli\u00e8rement comme la NFL ou la MLB. Si vous devez retenir qu\u2019une chose : Eli Manning est le vrai GOAT pour avoir battu deux fois Tom Brady.","sameAs":["https:\/\/www.instagram.com\/ctaudin_\/"],"url":"https:\/\/theplayoffs.news\/fr\/author\/charles-taudin\/"}]}},"_links":{"self":[{"href":"https:\/\/theplayoffs.news\/fr\/wp-json\/wp\/v2\/posts\/721919","targetHints":{"allow":["GET"]}}],"collection":[{"href":"https:\/\/theplayoffs.news\/fr\/wp-json\/wp\/v2\/posts"}],"about":[{"href":"https:\/\/theplayoffs.news\/fr\/wp-json\/wp\/v2\/types\/post"}],"author":[{"embeddable":true,"href":"https:\/\/theplayoffs.news\/fr\/wp-json\/wp\/v2\/users\/13"}],"replies":[{"embeddable":true,"href":"https:\/\/theplayoffs.news\/fr\/wp-json\/wp\/v2\/comments?post=721919"}],"version-history":[{"count":2,"href":"https:\/\/theplayoffs.news\/fr\/wp-json\/wp\/v2\/posts\/721919\/revisions"}],"predecessor-version":[{"id":721921,"href":"https:\/\/theplayoffs.news\/fr\/wp-json\/wp\/v2\/posts\/721919\/revisions\/721921"}],"wp:featuredmedia":[{"embeddable":true,"href":"https:\/\/theplayoffs.news\/fr\/wp-json\/wp\/v2\/media\/337072"}],"wp:attachment":[{"href":"https:\/\/theplayoffs.news\/fr\/wp-json\/wp\/v2\/media?parent=721919"}],"wp:term":[{"taxonomy":"category","embeddable":true,"href":"https:\/\/theplayoffs.news\/fr\/wp-json\/wp\/v2\/categories?post=721919"},{"taxonomy":"post_tag","embeddable":true,"href":"https:\/\/theplayoffs.news\/fr\/wp-json\/wp\/v2\/tags?post=721919"},{"taxonomy":"sport","embeddable":true,"href":"https:\/\/theplayoffs.news\/fr\/wp-json\/wp\/v2\/sport?post=721919"},{"taxonomy":"saison","embeddable":true,"href":"https:\/\/theplayoffs.news\/fr\/wp-json\/wp\/v2\/saison?post=721919"}],"curies":[{"name":"wp","href":"https:\/\/api.w.org\/{rel}","templated":true}]}}