{"id":721060,"date":"2023-07-21T11:47:56","date_gmt":"2023-07-21T09:47:56","guid":{"rendered":"https:\/\/theplayoffs.news\/fr\/?p=721060"},"modified":"2023-07-21T11:47:57","modified_gmt":"2023-07-21T09:47:57","slug":"hurricanes-progressent-prolongation-sebastian-aho","status":"publish","type":"post","link":"https:\/\/theplayoffs.news\/fr\/actualite-nhl\/hurricanes-progressent-prolongation-sebastian-aho\/","title":{"rendered":"Les Hurricanes progressent sur la prolongation du contrat de Sebastian Aho"},"content":{"rendered":"<h2>Pendant la saison morte, une t&acirc;che importante pour les Hurricanes de la Caroline consiste &agrave; g&eacute;rer plusieurs joueurs cl&eacute;s entrant dans la derni&egrave;re ann&eacute;e de leurs contrats, les rendant &eacute;ligibles &agrave; une prolongation comme Sebastian Aho.<\/h2><p>L&rsquo;un de ces joueurs est l&rsquo;attaquant vedette <a href=\"https:\/\/theplayoffs.news\/fr\/joueur\/sebastian-aho-nhl-7808346\/\" class=\"trk-cta-link\" data-cta-trk='{\"ctaType\":\"Link\",\"ctaSubType\":\"main\"}'><strong>Sebastian Aho<\/strong><\/a>, qui approche de la fin de son contrat qui a &eacute;t&eacute; initialement sign&eacute;e avec Montr&eacute;al et par la suite &eacute;gal&eacute;e par les Hurricanes. Les progr&egrave;s sur un nouvel accord pour Aho sont prometteurs, selon le directeur g&eacute;n&eacute;ral Don Waddell.<\/p><p>Lors d&rsquo;une conversation avec <a href=\"https:\/\/www.nhl.com\/news\/c-345392976\" class=\"trk-cta-link\" data-cta-trk='{\"ctaType\":\"Link\",\"ctaSubType\":\"main\"}'>Tom Gulitti de NHL.com<\/a>, Waddell a d&eacute;clar&eacute; que les n&eacute;gociations avec Sebastian Aho progressaient et qu&rsquo;un accord pourrait &ecirc;tre imminent.<\/p><blockquote><p>&laquo;&nbsp;Nous y travaillons, nous nous rapprochons. Pas encore l&agrave;, mais nous parlons r&eacute;guli&egrave;rement, presque tous les jours, donc j&rsquo;esp&egrave;re que nous pourrons amener cela &agrave; la ligne d&rsquo;arriv&eacute;e ici dans la semaine prochaine.&nbsp;&raquo;<\/p><\/blockquote><p>Sebastian Aho, maintenant &acirc;g&eacute; de 25 ans, a &eacute;t&eacute; un &eacute;l&eacute;ment essentiel de la formation offensive de la Caroline tout au long de sa carri&egrave;re de sept ans. Il a maintenu un nombre de buts constant, marquant au moins 24 buts &agrave; chaque saison. La saison derni&egrave;re, Aho a men&eacute; les Hurricanes au chapitre des buts avec 36 buts, marquant la sixi&egrave;me ann&eacute;e cons&eacute;cutive qu&rsquo;il domine l&rsquo;&eacute;quipe dans cette cat&eacute;gorie.<\/p><p>La transition d&rsquo;Aho d&rsquo;un ailier &agrave; un centre quelques ann&eacute;es apr&egrave;s le d&eacute;but de sa carri&egrave;re n&rsquo;a fait qu&rsquo;augmenter sa valeur pour l&rsquo;&eacute;quipe.<\/p><p>En tant que premier centre des Hurricanes, Sebastian Aho est bien plac&eacute; pour obtenir une augmentation significative de son contrat actuel, qui porte une valeur moyenne annuelle (AAV) de 8,46 millions de dollars. Compte tenu de l&rsquo;augmentation pr&eacute;vue de la limite sup&eacute;rieure du plafond salarial et de la production impressionnante d&rsquo;Aho, il est possible qu&rsquo;il puisse ajouter un autre million ou plus &agrave; sa valeur annuelle moyenne.<\/p><p>S&rsquo;il obtient un accord d&rsquo;une dur&eacute;e maximale de huit ans, les Hurricanes verrouillent une pierre angulaire de la franchise &agrave; long terme.<\/p><p>Alors que la prolongation du contrat d&rsquo;Aho semble prometteuse, les n&eacute;gociations pour d&rsquo;autres joueurs &eacute;ligibles &agrave; la free agency, tels que les d&eacute;fenseurs <a href=\"https:\/\/theplayoffs.news\/fr\/joueur\/brett-pesce-nhl-6051070\/\" class=\"trk-cta-link\" data-cta-trk='{\"ctaType\":\"Link\",\"ctaSubType\":\"main\"}'><strong>Brett Pesce<\/strong><\/a> et <a href=\"https:\/\/theplayoffs.news\/fr\/joueur\/brady-skjei-nhl-5953712\/\" class=\"trk-cta-link\" data-cta-trk='{\"ctaType\":\"Link\",\"ctaSubType\":\"main\"}'><strong>Brady Skjei<\/strong><\/a>, et l&rsquo;ailier <a href=\"https:\/\/theplayoffs.news\/fr\/joueur\/teuvo-teravainen-nhl-5184190\/\" class=\"trk-cta-link\" data-cta-trk='{\"ctaType\":\"Link\",\"ctaSubType\":\"main\"}'><strong>Teuvo Teravainen<\/strong><\/a>, ne progressent pas aussi bien.<\/p><blockquote><p>&laquo;&nbsp;Nous avons eu des discussions, mais rien de proche&nbsp;&raquo;, admet Waddell, &laquo;&nbsp;Nous avons contact&eacute; tous les diff&eacute;rents agents juste pour leur dire notre int&eacute;r&ecirc;t &hellip; c&rsquo;est une protection pour nous mais aussi pour eux de ne pas avoir &agrave; s&rsquo;inqui&eacute;ter de jouer un an. Les blessures et toutes ces choses entrent en compte. &laquo;&nbsp;<\/p><\/blockquote><p>Pesce, en particulier, a fait l&rsquo;objet de rumeurs de trade, &eacute;tant donn&eacute; le pr&eacute;tendu int&eacute;r&ecirc;t des Hurricanes pour le d&eacute;fenseur des Sharks de San Jose <a href=\"https:\/\/theplayoffs.news\/fr\/joueur\/erik-karlsson-san-jose-sharks-nhl-2\/\" class=\"trk-cta-link\" data-cta-trk='{\"ctaType\":\"Link\",\"ctaSubType\":\"main\"}'><strong>Erik Karlsson<\/strong><\/a> et le d&eacute;fenseur agent libre <strong>Anthony DeAngelo<\/strong>.<\/p>\n","protected":false},"excerpt":{"rendered":"","protected":false},"author":13,"featured_media":721087,"comment_status":"open","ping_status":"closed","sticky":false,"template":"","format":"standard","meta":{"inline_featured_image":false,"kia_subtitle":"","_mux_skip_reasons":[],"proofreadBy":0,"footnotes":""},"categories":[187,26],"tags":[328,6249],"sport":[],"saison":[],"class_list":["post-721060","post","type-post","status-publish","format-standard","has-post-thumbnail","hentry","category-actualite-nhl","category-nhl","tag-carolina-hurricanes","tag-sebastian-aho"],"acf":[],"yoast_head":"<!-- This site is optimized with the Yoast SEO plugin v24.2 - https:\/\/yoast.com\/wordpress\/plugins\/seo\/ -->\n<title>Les Hurricanes progressent sur la prolongation du contrat de Sebastian Aho - The Playoffs FR<\/title>\n<meta name=\"robots\" content=\"index, follow, max-snippet:-1, max-image-preview:large, max-video-preview:-1\" \/>\n<link rel=\"canonical\" href=\"https:\/\/theplayoffs.news\/fr\/actualite-nhl\/hurricanes-progressent-prolongation-sebastian-aho\/\" \/>\n<meta property=\"og:locale\" content=\"fr_FR\" \/>\n<meta property=\"og:type\" content=\"article\" \/>\n<meta property=\"og:title\" content=\"Les Hurricanes progressent sur la prolongation du contrat de Sebastian Aho - The Playoffs FR\" \/>\n<meta property=\"og:url\" content=\"https:\/\/theplayoffs.news\/fr\/actualite-nhl\/hurricanes-progressent-prolongation-sebastian-aho\/\" \/>\n<meta property=\"og:site_name\" content=\"The Playoffs FR\" \/>\n<meta property=\"article:publisher\" content=\"https:\/\/www.facebook.com\/TheFreeAgentFR\/\" \/>\n<meta property=\"article:modified_time\" content=\"2023-07-21T11:47:57+02:00\" \/>\n<meta property=\"og:image\" content=\"https:\/\/theplayoffs.news\/fr\/wp-content\/uploads\/2023\/07\/Capture-decran-2023-07-21-a-11.45.41.jpg\" \/>\n\t<meta property=\"og:image:width\" content=\"1890\" \/>\n\t<meta property=\"og:image:height\" content=\"988\" \/>\n\t<meta property=\"og:image:type\" content=\"image\/jpeg\" \/>\n<meta name=\"author\" content=\"Charles Taudin\" \/>\n<meta name=\"twitter:card\" content=\"summary_large_image\" \/>\n<meta name=\"twitter:creator\" content=\"@TheFreeAgentFR\" \/>\n<meta name=\"twitter:site\" content=\"@TheFreeAgentFR\" \/>\n<meta name=\"twitter:label1\" content=\"\u00c9crit par\" \/>\n\t<meta name=\"twitter:data1\" content=\"Charles Taudin\" \/>\n\t<meta name=\"twitter:label2\" content=\"Dur\u00e9e de lecture estim\u00e9e\" \/>\n\t<meta name=\"twitter:data2\" content=\"2 minutes\" \/>\n<script type=\"application\/ld+json\" class=\"yoast-schema-graph\">{\"@context\":\"https:\/\/schema.org\",\"@graph\":[{\"@type\":\"WebPage\",\"@id\":\"https:\/\/theplayoffs.news\/fr\/actualite-nhl\/hurricanes-progressent-prolongation-sebastian-aho\/\",\"url\":\"https:\/\/theplayoffs.news\/fr\/actualite-nhl\/hurricanes-progressent-prolongation-sebastian-aho\/\",\"name\":\"Les Hurricanes progressent sur la prolongation du contrat de Sebastian Aho - The Playoffs FR\",\"isPartOf\":{\"@id\":\"https:\/\/theplayoffs.news\/fr\/#website\"},\"primaryImageOfPage\":{\"@id\":\"https:\/\/theplayoffs.news\/fr\/actualite-nhl\/hurricanes-progressent-prolongation-sebastian-aho\/#primaryimage\"},\"image\":{\"@id\":\"https:\/\/theplayoffs.news\/fr\/actualite-nhl\/hurricanes-progressent-prolongation-sebastian-aho\/#primaryimage\"},\"thumbnailUrl\":\"https:\/\/theplayoffs.news\/fr\/wp-content\/uploads\/2023\/07\/Capture-decran-2023-07-21-a-11.45.41.jpg\",\"datePublished\":\"2023-07-21T09:47:56+00:00\",\"dateModified\":\"2023-07-21T09:47:57+00:00\",\"author\":{\"@id\":\"https:\/\/theplayoffs.news\/fr\/#\/schema\/person\/eee5b69ad5d3c51cabe881c839dbe133\"},\"breadcrumb\":{\"@id\":\"https:\/\/theplayoffs.news\/fr\/actualite-nhl\/hurricanes-progressent-prolongation-sebastian-aho\/#breadcrumb\"},\"inLanguage\":\"fr-FR\",\"potentialAction\":[{\"@type\":\"ReadAction\",\"target\":[\"https:\/\/theplayoffs.news\/fr\/actualite-nhl\/hurricanes-progressent-prolongation-sebastian-aho\/\"]}]},{\"@type\":\"ImageObject\",\"inLanguage\":\"fr-FR\",\"@id\":\"https:\/\/theplayoffs.news\/fr\/actualite-nhl\/hurricanes-progressent-prolongation-sebastian-aho\/#primaryimage\",\"url\":\"https:\/\/theplayoffs.news\/fr\/wp-content\/uploads\/2023\/07\/Capture-decran-2023-07-21-a-11.45.41.jpg\",\"contentUrl\":\"https:\/\/theplayoffs.news\/fr\/wp-content\/uploads\/2023\/07\/Capture-decran-2023-07-21-a-11.45.41.jpg\",\"width\":1890,\"height\":988,\"caption\":\"Sebastian Aho Hurricanes\"},{\"@type\":\"BreadcrumbList\",\"@id\":\"https:\/\/theplayoffs.news\/fr\/actualite-nhl\/hurricanes-progressent-prolongation-sebastian-aho\/#breadcrumb\",\"itemListElement\":[{\"@type\":\"ListItem\",\"position\":1,\"name\":\"Accueil\",\"item\":\"https:\/\/theplayoffs.news\/fr\/\"},{\"@type\":\"ListItem\",\"position\":2,\"name\":\"Les Hurricanes progressent sur la prolongation du contrat de Sebastian Aho\"}]},{\"@type\":\"WebSite\",\"@id\":\"https:\/\/theplayoffs.news\/fr\/#website\",\"url\":\"https:\/\/theplayoffs.news\/fr\/\",\"name\":\"The Playoffs FR\",\"description\":\"NBA-NFL-NHL-MLB\",\"potentialAction\":[{\"@type\":\"SearchAction\",\"target\":{\"@type\":\"EntryPoint\",\"urlTemplate\":\"https:\/\/theplayoffs.news\/fr\/?s={search_term_string}\"},\"query-input\":{\"@type\":\"PropertyValueSpecification\",\"valueRequired\":true,\"valueName\":\"search_term_string\"}}],\"inLanguage\":\"fr-FR\"},{\"@type\":\"Person\",\"@id\":\"https:\/\/theplayoffs.news\/fr\/#\/schema\/person\/eee5b69ad5d3c51cabe881c839dbe133\",\"name\":\"Charles Taudin\",\"image\":{\"@type\":\"ImageObject\",\"inLanguage\":\"fr-FR\",\"@id\":\"https:\/\/theplayoffs.news\/fr\/#\/schema\/person\/image\/\",\"url\":\"https:\/\/secure.gravatar.com\/avatar\/59a1e772205ce9fd255edfcafc93013736822e20261f294c5753b20c41ede9f2?s=96&d=mm&r=g\",\"contentUrl\":\"https:\/\/secure.gravatar.com\/avatar\/59a1e772205ce9fd255edfcafc93013736822e20261f294c5753b20c41ede9f2?s=96&d=mm&r=g\",\"caption\":\"Charles Taudin\"},\"description\":\"R\u00e9dacteur en chef global de The Playoffs, j\u2019ai cr\u00e9\u00e9 The Free Agent, devenu The Playoffs FR, en 2020 durant la pand\u00e9mie. Amoureux depuis des ann\u00e9es des 4 sports majeurs am\u00e9ricains, j\u2019organise maintenant la strat\u00e9gie \u00e9ditoriale et les r\u00e9seaux sociaux de l\u2019ensemble des versions de The Playoffs. Il m\u2019arrive encore d\u2019\u00e9crire sur certains sports que j\u2019affectionne particuli\u00e8rement comme la NFL ou la MLB. Si vous devez retenir qu\u2019une chose : Eli Manning est le vrai GOAT pour avoir battu deux fois Tom Brady.\",\"sameAs\":[\"https:\/\/www.instagram.com\/ctaudin_\/\"],\"url\":\"https:\/\/theplayoffs.news\/fr\/author\/charles-taudin\/\"}]}<\/script>\n<!-- \/ Yoast SEO plugin. -->","yoast_head_json":{"title":"Les Hurricanes progressent sur la prolongation du contrat de Sebastian Aho - The Playoffs FR","robots":{"index":"index","follow":"follow","max-snippet":"max-snippet:-1","max-image-preview":"max-image-preview:large","max-video-preview":"max-video-preview:-1"},"canonical":"https:\/\/theplayoffs.news\/fr\/actualite-nhl\/hurricanes-progressent-prolongation-sebastian-aho\/","og_locale":"fr_FR","og_type":"article","og_title":"Les Hurricanes progressent sur la prolongation du contrat de Sebastian Aho - The Playoffs FR","og_url":"https:\/\/theplayoffs.news\/fr\/actualite-nhl\/hurricanes-progressent-prolongation-sebastian-aho\/","og_site_name":"The Playoffs FR","article_publisher":"https:\/\/www.facebook.com\/TheFreeAgentFR\/","article_modified_time":"2023-07-21T09:47:57+00:00","og_image":[{"width":1890,"height":988,"url":"https:\/\/theplayoffs.news\/fr\/wp-content\/uploads\/2023\/07\/Capture-decran-2023-07-21-a-11.45.41.jpg","type":"image\/jpeg"}],"author":"Charles Taudin","twitter_card":"summary_large_image","twitter_creator":"@TheFreeAgentFR","twitter_site":"@TheFreeAgentFR","twitter_misc":{"\u00c9crit par":"Charles Taudin","Dur\u00e9e de lecture estim\u00e9e":"2 minutes"},"schema":{"@context":"https:\/\/schema.org","@graph":[{"@type":"WebPage","@id":"https:\/\/theplayoffs.news\/fr\/actualite-nhl\/hurricanes-progressent-prolongation-sebastian-aho\/","url":"https:\/\/theplayoffs.news\/fr\/actualite-nhl\/hurricanes-progressent-prolongation-sebastian-aho\/","name":"Les Hurricanes progressent sur la prolongation du contrat de Sebastian Aho - The Playoffs FR","isPartOf":{"@id":"https:\/\/theplayoffs.news\/fr\/#website"},"primaryImageOfPage":{"@id":"https:\/\/theplayoffs.news\/fr\/actualite-nhl\/hurricanes-progressent-prolongation-sebastian-aho\/#primaryimage"},"image":{"@id":"https:\/\/theplayoffs.news\/fr\/actualite-nhl\/hurricanes-progressent-prolongation-sebastian-aho\/#primaryimage"},"thumbnailUrl":"https:\/\/theplayoffs.news\/fr\/wp-content\/uploads\/2023\/07\/Capture-decran-2023-07-21-a-11.45.41.jpg","datePublished":"2023-07-21T09:47:56+00:00","dateModified":"2023-07-21T09:47:57+00:00","author":{"@id":"https:\/\/theplayoffs.news\/fr\/#\/schema\/person\/eee5b69ad5d3c51cabe881c839dbe133"},"breadcrumb":{"@id":"https:\/\/theplayoffs.news\/fr\/actualite-nhl\/hurricanes-progressent-prolongation-sebastian-aho\/#breadcrumb"},"inLanguage":"fr-FR","potentialAction":[{"@type":"ReadAction","target":["https:\/\/theplayoffs.news\/fr\/actualite-nhl\/hurricanes-progressent-prolongation-sebastian-aho\/"]}]},{"@type":"ImageObject","inLanguage":"fr-FR","@id":"https:\/\/theplayoffs.news\/fr\/actualite-nhl\/hurricanes-progressent-prolongation-sebastian-aho\/#primaryimage","url":"https:\/\/theplayoffs.news\/fr\/wp-content\/uploads\/2023\/07\/Capture-decran-2023-07-21-a-11.45.41.jpg","contentUrl":"https:\/\/theplayoffs.news\/fr\/wp-content\/uploads\/2023\/07\/Capture-decran-2023-07-21-a-11.45.41.jpg","width":1890,"height":988,"caption":"Sebastian Aho Hurricanes"},{"@type":"BreadcrumbList","@id":"https:\/\/theplayoffs.news\/fr\/actualite-nhl\/hurricanes-progressent-prolongation-sebastian-aho\/#breadcrumb","itemListElement":[{"@type":"ListItem","position":1,"name":"Accueil","item":"https:\/\/theplayoffs.news\/fr\/"},{"@type":"ListItem","position":2,"name":"Les Hurricanes progressent sur la prolongation du contrat de Sebastian Aho"}]},{"@type":"WebSite","@id":"https:\/\/theplayoffs.news\/fr\/#website","url":"https:\/\/theplayoffs.news\/fr\/","name":"The Playoffs FR","description":"NBA-NFL-NHL-MLB","potentialAction":[{"@type":"SearchAction","target":{"@type":"EntryPoint","urlTemplate":"https:\/\/theplayoffs.news\/fr\/?s={search_term_string}"},"query-input":{"@type":"PropertyValueSpecification","valueRequired":true,"valueName":"search_term_string"}}],"inLanguage":"fr-FR"},{"@type":"Person","@id":"https:\/\/theplayoffs.news\/fr\/#\/schema\/person\/eee5b69ad5d3c51cabe881c839dbe133","name":"Charles Taudin","image":{"@type":"ImageObject","inLanguage":"fr-FR","@id":"https:\/\/theplayoffs.news\/fr\/#\/schema\/person\/image\/","url":"https:\/\/secure.gravatar.com\/avatar\/59a1e772205ce9fd255edfcafc93013736822e20261f294c5753b20c41ede9f2?s=96&d=mm&r=g","contentUrl":"https:\/\/secure.gravatar.com\/avatar\/59a1e772205ce9fd255edfcafc93013736822e20261f294c5753b20c41ede9f2?s=96&d=mm&r=g","caption":"Charles Taudin"},"description":"R\u00e9dacteur en chef global de The Playoffs, j\u2019ai cr\u00e9\u00e9 The Free Agent, devenu The Playoffs FR, en 2020 durant la pand\u00e9mie. Amoureux depuis des ann\u00e9es des 4 sports majeurs am\u00e9ricains, j\u2019organise maintenant la strat\u00e9gie \u00e9ditoriale et les r\u00e9seaux sociaux de l\u2019ensemble des versions de The Playoffs. Il m\u2019arrive encore d\u2019\u00e9crire sur certains sports que j\u2019affectionne particuli\u00e8rement comme la NFL ou la MLB. Si vous devez retenir qu\u2019une chose : Eli Manning est le vrai GOAT pour avoir battu deux fois Tom Brady.","sameAs":["https:\/\/www.instagram.com\/ctaudin_\/"],"url":"https:\/\/theplayoffs.news\/fr\/author\/charles-taudin\/"}]}},"_links":{"self":[{"href":"https:\/\/theplayoffs.news\/fr\/wp-json\/wp\/v2\/posts\/721060","targetHints":{"allow":["GET"]}}],"collection":[{"href":"https:\/\/theplayoffs.news\/fr\/wp-json\/wp\/v2\/posts"}],"about":[{"href":"https:\/\/theplayoffs.news\/fr\/wp-json\/wp\/v2\/types\/post"}],"author":[{"embeddable":true,"href":"https:\/\/theplayoffs.news\/fr\/wp-json\/wp\/v2\/users\/13"}],"replies":[{"embeddable":true,"href":"https:\/\/theplayoffs.news\/fr\/wp-json\/wp\/v2\/comments?post=721060"}],"version-history":[{"count":3,"href":"https:\/\/theplayoffs.news\/fr\/wp-json\/wp\/v2\/posts\/721060\/revisions"}],"predecessor-version":[{"id":721099,"href":"https:\/\/theplayoffs.news\/fr\/wp-json\/wp\/v2\/posts\/721060\/revisions\/721099"}],"wp:featuredmedia":[{"embeddable":true,"href":"https:\/\/theplayoffs.news\/fr\/wp-json\/wp\/v2\/media\/721087"}],"wp:attachment":[{"href":"https:\/\/theplayoffs.news\/fr\/wp-json\/wp\/v2\/media?parent=721060"}],"wp:term":[{"taxonomy":"category","embeddable":true,"href":"https:\/\/theplayoffs.news\/fr\/wp-json\/wp\/v2\/categories?post=721060"},{"taxonomy":"post_tag","embeddable":true,"href":"https:\/\/theplayoffs.news\/fr\/wp-json\/wp\/v2\/tags?post=721060"},{"taxonomy":"sport","embeddable":true,"href":"https:\/\/theplayoffs.news\/fr\/wp-json\/wp\/v2\/sport?post=721060"},{"taxonomy":"saison","embeddable":true,"href":"https:\/\/theplayoffs.news\/fr\/wp-json\/wp\/v2\/saison?post=721060"}],"curies":[{"name":"wp","href":"https:\/\/api.w.org\/{rel}","templated":true}]}}