{"id":720879,"date":"2023-07-21T11:07:08","date_gmt":"2023-07-21T09:07:08","guid":{"rendered":"https:\/\/theplayoffs.news\/fr\/?p=720879"},"modified":"2023-07-21T11:07:09","modified_gmt":"2023-07-21T09:07:09","slug":"jordi-alba-rejoint-linter-miami-cf","status":"publish","type":"post","link":"https:\/\/theplayoffs.news\/fr\/actualites-mls\/jordi-alba-rejoint-linter-miami-cf\/","title":{"rendered":"\u00ab\u00a0Barca West\u00a0\u00bb prend forme alors que Jordi Alba rejoint l&rsquo;Inter Miami CF"},"content":{"rendered":"<h2>L&rsquo;Inter Miami CF a fait part de son intention de devenir une force de la Major League Soccer (MLS), en ajoutant l&rsquo;ancienne star de Barcelone Jordi Alba &agrave; un effectif comprenant d&eacute;j&agrave; Lionel Messi et Sergio Busquets.<\/h2><p>La signature de Jordi Alba par l&rsquo;&eacute;quipe jeudi souligne l&rsquo;ambition du club de dominer la MLS, faisant une d&eacute;claration forte &agrave; la sortie de la pause All-Star.<\/p><p>Surnomm&eacute; &laquo;&nbsp;Barca West&nbsp;&raquo;, le club est en pleine refonte. Il est sur le point de participer &agrave; la nouvelle Leagues Cup, sa premi&egrave;re mission &eacute;tant un match &agrave; domicile contre le Mexicain Cruz Azul vendredi. Lionel Messi, le prolifique attaquant argentin, devrait faire ses d&eacute;buts &agrave; l&rsquo;Inter Miami <a href=\"https:\/\/theplayoffs.news\/fr\/mls\/messi-sur-le-banc-face-a-cruz-azul-le-21-juillet\/\" class=\"trk-cta-link\" data-cta-trk='{\"ctaType\":\"Link\",\"ctaSubType\":\"main\"}'>dans ce match en sortie de banc<\/a>.<\/p><p>Jordi Alba, 34 ans, apporte une riche exp&eacute;rience et une mentalit&eacute; de gagnant, ayant fait partie d&rsquo;une &eacute;quipe de Barcelone qui a remport&eacute; six titres en Liga au cours de ses 11 saisons au club. L&rsquo;arri&egrave;re gauche offensif, &eacute;galement ancien joueur de Valence, a marqu&eacute; 37 buts et fourni 107 passes d&eacute;cisives en 605 matches toutes comp&eacute;titions confondues.<\/p><p>Le directeur sportif du club, Chris Henderson, a exprim&eacute; son enthousiasme &agrave; propos de la signature d&rsquo;Alba.<\/p><blockquote><p>&laquo;&nbsp;Jordi est un joueur accompli, dynamique et exp&eacute;riment&eacute; que nous sommes ravis d&rsquo;acqu&eacute;rir pour continuer &agrave; renforcer notre &eacute;quipe&nbsp;&raquo;, <a href=\"https:\/\/www.espn.com\/soccer\/story\/_\/id\/38043434\/inter-miami-signs-jordi-alba-lionel-messi-reunion\" class=\"trk-cta-link\" data-cta-trk='{\"ctaType\":\"Link\",\"ctaSubType\":\"main\"}'>a d&eacute;clar&eacute; Henderson<\/a>. &laquo;&nbsp;Il a prouv&eacute; depuis plus d&rsquo;une d&eacute;cennie qu&rsquo;il est l&rsquo;un des meilleurs arri&egrave;res lat&eacute;raux du sport en raison &agrave; la fois de sa solidit&eacute; d&eacute;fensive et de sa capacit&eacute; &agrave; contribuer &agrave; l&rsquo;attaque.&nbsp;&raquo;<\/p><\/blockquote><p>L&rsquo;&eacute;quipe de Miami est sur le point de r&eacute;unir Jordi Alba, Lionel Messi et Busquets avec leur ancien entra&icirc;neur de Barcelone, Gerardo &laquo;&nbsp;Tata&nbsp;&raquo; Martino, qui a r&eacute;cemment pris la t&ecirc;te de l&rsquo;&eacute;quipe en difficult&eacute; de la Conf&eacute;rence Est, actuellement derni&egrave;re avec 18 points.<\/p><p>Malgr&eacute; une saison MLS difficile jusqu&rsquo;&agrave; pr&eacute;sent, l&rsquo;Inter Miami CF esp&egrave;re que le trio barcelonais &eacute;toil&eacute; et le nouvel entra&icirc;neur-chef pourront renverser la vapeur. Actuellement, ils occupent la derni&egrave;re place de la Conf&eacute;rence de l&rsquo;Est avec une fiche de 5-14-3, totalisant 18 points. Avec un &eacute;cart de 12 points &agrave; combler sur DC United pour une place en s&eacute;ries &eacute;liminatoires et seulement 12 matchs de saison r&eacute;guli&egrave;re restants, le temps n&rsquo;est pas de leur c&ocirc;t&eacute;. Cependant, l&rsquo;arriv&eacute;e d&rsquo;Alba ajoute encore plus d&rsquo;optimisme &agrave; une &eacute;quipe avec un nouvel espoir.<\/p><p>Sur le plan international, Alba a repr&eacute;sent&eacute; l&rsquo;Espagne 93 fois, remportant l&rsquo;Euro 2012 et la r&eacute;cente UEFA Nations League. Son ajout devrait renforcer les capacit&eacute;s d&eacute;fensives de l&rsquo;Inter Miami tout en ajoutant une autre couche de talent offensif.<\/p>\n","protected":false},"excerpt":{"rendered":"","protected":false},"author":13,"featured_media":720917,"comment_status":"open","ping_status":"closed","sticky":false,"template":"","format":"standard","meta":{"inline_featured_image":false,"kia_subtitle":"","_mux_skip_reasons":[],"proofreadBy":0,"footnotes":""},"categories":[672,658],"tags":[6051,6246],"sport":[],"saison":[],"class_list":["post-720879","post","type-post","status-publish","format-standard","has-post-thumbnail","hentry","category-actualites-mls","category-mls","tag-inter-miami","tag-jordi-alba"],"acf":[],"yoast_head":"<!-- This site is optimized with the Yoast SEO plugin v24.2 - https:\/\/yoast.com\/wordpress\/plugins\/seo\/ -->\n<title>&quot;Barca West&quot; prend forme alors que Jordi Alba rejoint l&#039;Inter Miami CF - The Playoffs FR<\/title>\n<meta name=\"robots\" content=\"index, follow, max-snippet:-1, max-image-preview:large, max-video-preview:-1\" \/>\n<link rel=\"canonical\" href=\"https:\/\/theplayoffs.news\/fr\/actualites-mls\/jordi-alba-rejoint-linter-miami-cf\/\" \/>\n<meta property=\"og:locale\" content=\"fr_FR\" \/>\n<meta property=\"og:type\" content=\"article\" \/>\n<meta property=\"og:title\" content=\"&quot;Barca West&quot; prend forme alors que Jordi Alba rejoint l&#039;Inter Miami CF - The Playoffs FR\" \/>\n<meta property=\"og:url\" content=\"https:\/\/theplayoffs.news\/fr\/actualites-mls\/jordi-alba-rejoint-linter-miami-cf\/\" \/>\n<meta property=\"og:site_name\" content=\"The Playoffs FR\" \/>\n<meta property=\"article:publisher\" content=\"https:\/\/www.facebook.com\/TheFreeAgentFR\/\" \/>\n<meta property=\"article:modified_time\" content=\"2023-07-21T11:07:09+02:00\" \/>\n<meta property=\"og:image\" content=\"https:\/\/theplayoffs.news\/fr\/wp-content\/uploads\/2023\/07\/Capture-decran-2023-07-21-a-11.03.27.jpg\" \/>\n\t<meta property=\"og:image:width\" content=\"1596\" \/>\n\t<meta property=\"og:image:height\" content=\"968\" \/>\n\t<meta property=\"og:image:type\" content=\"image\/jpeg\" \/>\n<meta name=\"author\" content=\"Charles Taudin\" \/>\n<meta name=\"twitter:card\" content=\"summary_large_image\" \/>\n<meta name=\"twitter:creator\" content=\"@TheFreeAgentFR\" \/>\n<meta name=\"twitter:site\" content=\"@TheFreeAgentFR\" \/>\n<meta name=\"twitter:label1\" content=\"\u00c9crit par\" \/>\n\t<meta name=\"twitter:data1\" content=\"Charles Taudin\" \/>\n\t<meta name=\"twitter:label2\" content=\"Dur\u00e9e de lecture estim\u00e9e\" \/>\n\t<meta name=\"twitter:data2\" content=\"2 minutes\" \/>\n<script type=\"application\/ld+json\" class=\"yoast-schema-graph\">{\"@context\":\"https:\/\/schema.org\",\"@graph\":[{\"@type\":\"WebPage\",\"@id\":\"https:\/\/theplayoffs.news\/fr\/actualites-mls\/jordi-alba-rejoint-linter-miami-cf\/\",\"url\":\"https:\/\/theplayoffs.news\/fr\/actualites-mls\/jordi-alba-rejoint-linter-miami-cf\/\",\"name\":\"\\\\\\\"Barca West\\\\\\\" prend forme alors que Jordi Alba rejoint l\\\\'Inter Miami CF - The Playoffs FR\",\"isPartOf\":{\"@id\":\"https:\/\/theplayoffs.news\/fr\/#website\"},\"primaryImageOfPage\":{\"@id\":\"https:\/\/theplayoffs.news\/fr\/actualites-mls\/jordi-alba-rejoint-linter-miami-cf\/#primaryimage\"},\"image\":{\"@id\":\"https:\/\/theplayoffs.news\/fr\/actualites-mls\/jordi-alba-rejoint-linter-miami-cf\/#primaryimage\"},\"thumbnailUrl\":\"https:\/\/theplayoffs.news\/fr\/wp-content\/uploads\/2023\/07\/Capture-decran-2023-07-21-a-11.03.27.jpg\",\"datePublished\":\"2023-07-21T09:07:08+00:00\",\"dateModified\":\"2023-07-21T09:07:09+00:00\",\"author\":{\"@id\":\"https:\/\/theplayoffs.news\/fr\/#\/schema\/person\/eee5b69ad5d3c51cabe881c839dbe133\"},\"breadcrumb\":{\"@id\":\"https:\/\/theplayoffs.news\/fr\/actualites-mls\/jordi-alba-rejoint-linter-miami-cf\/#breadcrumb\"},\"inLanguage\":\"fr-FR\",\"potentialAction\":[{\"@type\":\"ReadAction\",\"target\":[\"https:\/\/theplayoffs.news\/fr\/actualites-mls\/jordi-alba-rejoint-linter-miami-cf\/\"]}]},{\"@type\":\"ImageObject\",\"inLanguage\":\"fr-FR\",\"@id\":\"https:\/\/theplayoffs.news\/fr\/actualites-mls\/jordi-alba-rejoint-linter-miami-cf\/#primaryimage\",\"url\":\"https:\/\/theplayoffs.news\/fr\/wp-content\/uploads\/2023\/07\/Capture-decran-2023-07-21-a-11.03.27.jpg\",\"contentUrl\":\"https:\/\/theplayoffs.news\/fr\/wp-content\/uploads\/2023\/07\/Capture-decran-2023-07-21-a-11.03.27.jpg\",\"width\":1596,\"height\":968,\"caption\":\"Jordi Alba\"},{\"@type\":\"BreadcrumbList\",\"@id\":\"https:\/\/theplayoffs.news\/fr\/actualites-mls\/jordi-alba-rejoint-linter-miami-cf\/#breadcrumb\",\"itemListElement\":[{\"@type\":\"ListItem\",\"position\":1,\"name\":\"Accueil\",\"item\":\"https:\/\/theplayoffs.news\/fr\/\"},{\"@type\":\"ListItem\",\"position\":2,\"name\":\"\u00ab\u00a0Barca West\u00a0\u00bb prend forme alors que Jordi Alba rejoint l&rsquo;Inter Miami CF\"}]},{\"@type\":\"WebSite\",\"@id\":\"https:\/\/theplayoffs.news\/fr\/#website\",\"url\":\"https:\/\/theplayoffs.news\/fr\/\",\"name\":\"The Playoffs FR\",\"description\":\"NBA-NFL-NHL-MLB\",\"potentialAction\":[{\"@type\":\"SearchAction\",\"target\":{\"@type\":\"EntryPoint\",\"urlTemplate\":\"https:\/\/theplayoffs.news\/fr\/?s={search_term_string}\"},\"query-input\":{\"@type\":\"PropertyValueSpecification\",\"valueRequired\":true,\"valueName\":\"search_term_string\"}}],\"inLanguage\":\"fr-FR\"},{\"@type\":\"Person\",\"@id\":\"https:\/\/theplayoffs.news\/fr\/#\/schema\/person\/eee5b69ad5d3c51cabe881c839dbe133\",\"name\":\"Charles Taudin\",\"image\":{\"@type\":\"ImageObject\",\"inLanguage\":\"fr-FR\",\"@id\":\"https:\/\/theplayoffs.news\/fr\/#\/schema\/person\/image\/\",\"url\":\"https:\/\/secure.gravatar.com\/avatar\/59a1e772205ce9fd255edfcafc93013736822e20261f294c5753b20c41ede9f2?s=96&d=mm&r=g\",\"contentUrl\":\"https:\/\/secure.gravatar.com\/avatar\/59a1e772205ce9fd255edfcafc93013736822e20261f294c5753b20c41ede9f2?s=96&d=mm&r=g\",\"caption\":\"Charles Taudin\"},\"description\":\"R\u00e9dacteur en chef global de The Playoffs, j\u2019ai cr\u00e9\u00e9 The Free Agent, devenu The Playoffs FR, en 2020 durant la pand\u00e9mie. Amoureux depuis des ann\u00e9es des 4 sports majeurs am\u00e9ricains, j\u2019organise maintenant la strat\u00e9gie \u00e9ditoriale et les r\u00e9seaux sociaux de l\u2019ensemble des versions de The Playoffs. Il m\u2019arrive encore d\u2019\u00e9crire sur certains sports que j\u2019affectionne particuli\u00e8rement comme la NFL ou la MLB. Si vous devez retenir qu\u2019une chose : Eli Manning est le vrai GOAT pour avoir battu deux fois Tom Brady.\",\"sameAs\":[\"https:\/\/www.instagram.com\/ctaudin_\/\"],\"url\":\"https:\/\/theplayoffs.news\/fr\/author\/charles-taudin\/\"}]}<\/script>\n<!-- \/ Yoast SEO plugin. -->","yoast_head_json":{"title":"&quot;Barca West&quot; prend forme alors que Jordi Alba rejoint l&#039;Inter Miami CF - The Playoffs FR","robots":{"index":"index","follow":"follow","max-snippet":"max-snippet:-1","max-image-preview":"max-image-preview:large","max-video-preview":"max-video-preview:-1"},"canonical":"https:\/\/theplayoffs.news\/fr\/actualites-mls\/jordi-alba-rejoint-linter-miami-cf\/","og_locale":"fr_FR","og_type":"article","og_title":"&quot;Barca West&quot; prend forme alors que Jordi Alba rejoint l&#039;Inter Miami CF - The Playoffs FR","og_url":"https:\/\/theplayoffs.news\/fr\/actualites-mls\/jordi-alba-rejoint-linter-miami-cf\/","og_site_name":"The Playoffs FR","article_publisher":"https:\/\/www.facebook.com\/TheFreeAgentFR\/","article_modified_time":"2023-07-21T09:07:09+00:00","og_image":[{"width":1596,"height":968,"url":"https:\/\/theplayoffs.news\/fr\/wp-content\/uploads\/2023\/07\/Capture-decran-2023-07-21-a-11.03.27.jpg","type":"image\/jpeg"}],"author":"Charles Taudin","twitter_card":"summary_large_image","twitter_creator":"@TheFreeAgentFR","twitter_site":"@TheFreeAgentFR","twitter_misc":{"\u00c9crit par":"Charles Taudin","Dur\u00e9e de lecture estim\u00e9e":"2 minutes"},"schema":{"@context":"https:\/\/schema.org","@graph":[{"@type":"WebPage","@id":"https:\/\/theplayoffs.news\/fr\/actualites-mls\/jordi-alba-rejoint-linter-miami-cf\/","url":"https:\/\/theplayoffs.news\/fr\/actualites-mls\/jordi-alba-rejoint-linter-miami-cf\/","name":"\\\"Barca West\\\" prend forme alors que Jordi Alba rejoint l\\'Inter Miami CF - The Playoffs FR","isPartOf":{"@id":"https:\/\/theplayoffs.news\/fr\/#website"},"primaryImageOfPage":{"@id":"https:\/\/theplayoffs.news\/fr\/actualites-mls\/jordi-alba-rejoint-linter-miami-cf\/#primaryimage"},"image":{"@id":"https:\/\/theplayoffs.news\/fr\/actualites-mls\/jordi-alba-rejoint-linter-miami-cf\/#primaryimage"},"thumbnailUrl":"https:\/\/theplayoffs.news\/fr\/wp-content\/uploads\/2023\/07\/Capture-decran-2023-07-21-a-11.03.27.jpg","datePublished":"2023-07-21T09:07:08+00:00","dateModified":"2023-07-21T09:07:09+00:00","author":{"@id":"https:\/\/theplayoffs.news\/fr\/#\/schema\/person\/eee5b69ad5d3c51cabe881c839dbe133"},"breadcrumb":{"@id":"https:\/\/theplayoffs.news\/fr\/actualites-mls\/jordi-alba-rejoint-linter-miami-cf\/#breadcrumb"},"inLanguage":"fr-FR","potentialAction":[{"@type":"ReadAction","target":["https:\/\/theplayoffs.news\/fr\/actualites-mls\/jordi-alba-rejoint-linter-miami-cf\/"]}]},{"@type":"ImageObject","inLanguage":"fr-FR","@id":"https:\/\/theplayoffs.news\/fr\/actualites-mls\/jordi-alba-rejoint-linter-miami-cf\/#primaryimage","url":"https:\/\/theplayoffs.news\/fr\/wp-content\/uploads\/2023\/07\/Capture-decran-2023-07-21-a-11.03.27.jpg","contentUrl":"https:\/\/theplayoffs.news\/fr\/wp-content\/uploads\/2023\/07\/Capture-decran-2023-07-21-a-11.03.27.jpg","width":1596,"height":968,"caption":"Jordi Alba"},{"@type":"BreadcrumbList","@id":"https:\/\/theplayoffs.news\/fr\/actualites-mls\/jordi-alba-rejoint-linter-miami-cf\/#breadcrumb","itemListElement":[{"@type":"ListItem","position":1,"name":"Accueil","item":"https:\/\/theplayoffs.news\/fr\/"},{"@type":"ListItem","position":2,"name":"\u00ab\u00a0Barca West\u00a0\u00bb prend forme alors que Jordi Alba rejoint l&rsquo;Inter Miami CF"}]},{"@type":"WebSite","@id":"https:\/\/theplayoffs.news\/fr\/#website","url":"https:\/\/theplayoffs.news\/fr\/","name":"The Playoffs FR","description":"NBA-NFL-NHL-MLB","potentialAction":[{"@type":"SearchAction","target":{"@type":"EntryPoint","urlTemplate":"https:\/\/theplayoffs.news\/fr\/?s={search_term_string}"},"query-input":{"@type":"PropertyValueSpecification","valueRequired":true,"valueName":"search_term_string"}}],"inLanguage":"fr-FR"},{"@type":"Person","@id":"https:\/\/theplayoffs.news\/fr\/#\/schema\/person\/eee5b69ad5d3c51cabe881c839dbe133","name":"Charles Taudin","image":{"@type":"ImageObject","inLanguage":"fr-FR","@id":"https:\/\/theplayoffs.news\/fr\/#\/schema\/person\/image\/","url":"https:\/\/secure.gravatar.com\/avatar\/59a1e772205ce9fd255edfcafc93013736822e20261f294c5753b20c41ede9f2?s=96&d=mm&r=g","contentUrl":"https:\/\/secure.gravatar.com\/avatar\/59a1e772205ce9fd255edfcafc93013736822e20261f294c5753b20c41ede9f2?s=96&d=mm&r=g","caption":"Charles Taudin"},"description":"R\u00e9dacteur en chef global de The Playoffs, j\u2019ai cr\u00e9\u00e9 The Free Agent, devenu The Playoffs FR, en 2020 durant la pand\u00e9mie. Amoureux depuis des ann\u00e9es des 4 sports majeurs am\u00e9ricains, j\u2019organise maintenant la strat\u00e9gie \u00e9ditoriale et les r\u00e9seaux sociaux de l\u2019ensemble des versions de The Playoffs. Il m\u2019arrive encore d\u2019\u00e9crire sur certains sports que j\u2019affectionne particuli\u00e8rement comme la NFL ou la MLB. Si vous devez retenir qu\u2019une chose : Eli Manning est le vrai GOAT pour avoir battu deux fois Tom Brady.","sameAs":["https:\/\/www.instagram.com\/ctaudin_\/"],"url":"https:\/\/theplayoffs.news\/fr\/author\/charles-taudin\/"}]}},"_links":{"self":[{"href":"https:\/\/theplayoffs.news\/fr\/wp-json\/wp\/v2\/posts\/720879","targetHints":{"allow":["GET"]}}],"collection":[{"href":"https:\/\/theplayoffs.news\/fr\/wp-json\/wp\/v2\/posts"}],"about":[{"href":"https:\/\/theplayoffs.news\/fr\/wp-json\/wp\/v2\/types\/post"}],"author":[{"embeddable":true,"href":"https:\/\/theplayoffs.news\/fr\/wp-json\/wp\/v2\/users\/13"}],"replies":[{"embeddable":true,"href":"https:\/\/theplayoffs.news\/fr\/wp-json\/wp\/v2\/comments?post=720879"}],"version-history":[{"count":2,"href":"https:\/\/theplayoffs.news\/fr\/wp-json\/wp\/v2\/posts\/720879\/revisions"}],"predecessor-version":[{"id":720934,"href":"https:\/\/theplayoffs.news\/fr\/wp-json\/wp\/v2\/posts\/720879\/revisions\/720934"}],"wp:featuredmedia":[{"embeddable":true,"href":"https:\/\/theplayoffs.news\/fr\/wp-json\/wp\/v2\/media\/720917"}],"wp:attachment":[{"href":"https:\/\/theplayoffs.news\/fr\/wp-json\/wp\/v2\/media?parent=720879"}],"wp:term":[{"taxonomy":"category","embeddable":true,"href":"https:\/\/theplayoffs.news\/fr\/wp-json\/wp\/v2\/categories?post=720879"},{"taxonomy":"post_tag","embeddable":true,"href":"https:\/\/theplayoffs.news\/fr\/wp-json\/wp\/v2\/tags?post=720879"},{"taxonomy":"sport","embeddable":true,"href":"https:\/\/theplayoffs.news\/fr\/wp-json\/wp\/v2\/sport?post=720879"},{"taxonomy":"saison","embeddable":true,"href":"https:\/\/theplayoffs.news\/fr\/wp-json\/wp\/v2\/saison?post=720879"}],"curies":[{"name":"wp","href":"https:\/\/api.w.org\/{rel}","templated":true}]}}