{"id":720316,"date":"2023-07-21T08:48:40","date_gmt":"2023-07-21T06:48:40","guid":{"rendered":"https:\/\/theplayoffs.news\/fr\/?p=720316"},"modified":"2023-07-21T08:48:41","modified_gmt":"2023-07-21T06:48:41","slug":"vente-historique-des-commanders-de-washington","status":"publish","type":"post","link":"https:\/\/theplayoffs.news\/fr\/actualite-nfl\/vente-historique-des-commanders-de-washington\/","title":{"rendered":"Vente historique des Commanders de Washington"},"content":{"rendered":"<h2>Le paysage de la NFL a connu un changement historique lorsque les Commanders de Washington ont chang&eacute; de mains, passant du propri&eacute;taire de longue date Dan Snyder &agrave; un groupe dirig&eacute; par Josh Harris.<\/h2><p>La d&eacute;cision a &eacute;t&eacute; ciment&eacute;e jeudi lors d&rsquo;une session sp&eacute;ciale o&ugrave; les propri&eacute;taires de la NFL ont approuv&eacute; &agrave; l&rsquo;unanimit&eacute; la vente des Commanders. Ce changement marque une &eacute;tape sans pr&eacute;c&eacute;dent dans le sport nord-am&eacute;ricain alors que le groupe Harris a pay&eacute; un record de 6,05 milliards de dollars pour la franchise.<\/p><p>Dan Snyder, qui a acquis une participation majoritaire dans les Commanders en 1999, a vu sa famille devenir l&rsquo;unique propri&eacute;taire il y a deux ans apr&egrave;s avoir rachet&eacute; ses associ&eacute;s commanditaires. Cependant, les performances de l&rsquo;&eacute;quipe, les controverses hors du terrain et l&rsquo;&eacute;volution de l&rsquo;opinion publique ont conduit &agrave; un changement monumental de propri&eacute;t&eacute;.<\/p><p>Harris a exprim&eacute; &agrave; la fois son humilit&eacute; et sa crainte en devenant le nouveau propri&eacute;taire.<\/p><blockquote><p>&laquo;&nbsp;Je ressens une &eacute;norme responsabilit&eacute; envers la ville de Washington&nbsp;&raquo;, <a href=\"https:\/\/www.espn.com\/nfl\/story\/_\/id\/38043528\/nfl-owners-approve-605b-sale-commanders-harris-group\" class=\"trk-cta-link\" data-cta-trk='{\"ctaType\":\"Link\",\"ctaSubType\":\"main\"}'>a d&eacute;clar&eacute; Harris via ESPN<\/a>. &laquo;&nbsp;Je sais ce que je dois faire. C&rsquo;est &agrave; moi et &agrave; notre groupe de propri&eacute;taires de livrer. C&rsquo;est ce que nous allons faire.&nbsp;&raquo; Il a fait &eacute;cho &agrave; sa passion pour la franchise et la ville de Washington, ayant grandi dans la r&eacute;gion et &eacute;tant fan de l&rsquo;&eacute;quipe.<\/p><\/blockquote><p>Le commissaire de la NFL, Roger Goodell, reconnaissant les ant&eacute;c&eacute;dents impressionnants de Harris dans les affaires, les sports et le travail communautaire, a applaudi son ajout &agrave; la NFL.<\/p><blockquote><p>&laquo;&nbsp;La franchise est entre de bonnes mains avec ce groupe&hellip; Ils veulent mettre cette franchise l&agrave; o&ugrave; ils pensent qu&rsquo;elle appartient, l&agrave; o&ugrave; elle est respect&eacute;e &ndash; pas seulement dans la communaut&eacute;, mais dans le monde entier&nbsp;&raquo;, a comment&eacute; Goodell.<\/p><\/blockquote><p>La vente n&rsquo;a pas &eacute;t&eacute; sans complications. Le comit&eacute; des finances de la NFL a demand&eacute; &agrave; Harris d&rsquo;ajuster son offre pour r&eacute;pondre aux directives de la NFL, ce qui a retard&eacute; l&rsquo;approbation. Harris devait se conformer &agrave; la r&egrave;gle selon laquelle un propri&eacute;taire ne pouvait pas avoir plus de 1,1 milliard de dollars de dettes et devait fournir 30 % de la somme en capitaux propres. N&eacute;anmoins, l&rsquo;accord a &eacute;t&eacute; officiellement approuv&eacute; apr&egrave;s une session sp&eacute;ciale de pr&egrave;s de trois heures.<\/p><p>Le groupe de Harris comprend le Hall of famer de la NBA Magic Johnson et le milliardaire Mitchell Rales, ce qui rend la propri&eacute;t&eacute; des commandants diversifi&eacute;e et importante. Johnson, en particulier, a partag&eacute; son enthousiasme sur les r&eacute;seaux sociaux, citant l&rsquo;acquisition comme un moment historique pour la communaut&eacute; noire et une r&eacute;alisation importante dans sa carri&egrave;re d&rsquo;investisseur.<\/p><h3>Harris &eacute;tend son empire sportif<\/h3><p>Harris, co-fondateur de la soci&eacute;t&eacute; de gestion d&rsquo;actifs Apollo Management, apporte une vaste exp&eacute;rience dans la propri&eacute;t&eacute; d&rsquo;&eacute;quipes sportives. Il poss&egrave;de les 76ers de Philadelphie de la NBA, les Devils du New Jersey de la LNH et d&eacute;tient des participations dans le Crystal Palace FC de la Premier League anglaise et Joe Gibbs Racing. Cette acquisition symbolise un autre actif en difficult&eacute; qu&rsquo;il cherche &agrave; faire revivre.<\/p><p>L&rsquo;h&eacute;ritage de Snyder avec les Commanders a &eacute;t&eacute; embourb&eacute; dans la controverse. Une s&eacute;rie d&rsquo;enqu&ecirc;tes au cours des trois derni&egrave;res ann&eacute;es a examin&eacute; sa conduite, <a href=\"https:\/\/theplayoffs.news\/fr\/nfl\/dan-snyder-condamne-amende-60-millions-dollars\/\" class=\"trk-cta-link\" data-cta-trk='{\"ctaType\":\"Link\",\"ctaSubType\":\"main\"}'>entra&icirc;nant une amende de 60 millions de dollars<\/a> &agrave; la suite de l&rsquo;enqu&ecirc;te de l&rsquo;avocate Mary Jo White sur des fautes professionnelles et des irr&eacute;gularit&eacute;s financi&egrave;res pr&eacute;sum&eacute;es. Sous le r&egrave;gne de Snyder, l&rsquo;&eacute;quipe a enregistr&eacute; un pourcentage de victoires de 42.7% et a fait face &agrave; divers probl&egrave;mes hors du terrain qui ont consid&eacute;rablement &eacute;rod&eacute; la base de fans de la franchise.<\/p>\n","protected":false},"excerpt":{"rendered":"","protected":false},"author":13,"featured_media":720343,"comment_status":"open","ping_status":"closed","sticky":false,"template":"","format":"standard","meta":{"inline_featured_image":false,"kia_subtitle":"","_mux_skip_reasons":[],"proofreadBy":0,"footnotes":""},"categories":[118,40],"tags":[5823,3285],"sport":[],"saison":[],"class_list":["post-720316","post","type-post","status-publish","format-standard","has-post-thumbnail","hentry","category-actualite-nfl","category-nfl","tag-josh-harris","tag-washington-commanders"],"acf":[],"yoast_head":"<!-- This site is optimized with the Yoast SEO plugin v24.2 - https:\/\/yoast.com\/wordpress\/plugins\/seo\/ -->\n<title>Vente historique des Commanders de Washington - The Playoffs FR<\/title>\n<meta name=\"robots\" content=\"index, follow, max-snippet:-1, max-image-preview:large, max-video-preview:-1\" \/>\n<link rel=\"canonical\" href=\"https:\/\/theplayoffs.news\/fr\/actualite-nfl\/vente-historique-des-commanders-de-washington\/\" \/>\n<meta property=\"og:locale\" content=\"fr_FR\" \/>\n<meta property=\"og:type\" content=\"article\" \/>\n<meta property=\"og:title\" content=\"Vente historique des Commanders de Washington - The Playoffs FR\" \/>\n<meta property=\"og:url\" content=\"https:\/\/theplayoffs.news\/fr\/actualite-nfl\/vente-historique-des-commanders-de-washington\/\" \/>\n<meta property=\"og:site_name\" content=\"The Playoffs FR\" \/>\n<meta property=\"article:publisher\" content=\"https:\/\/www.facebook.com\/TheFreeAgentFR\/\" \/>\n<meta property=\"article:modified_time\" content=\"2023-07-21T08:48:41+02:00\" \/>\n<meta property=\"og:image\" content=\"https:\/\/theplayoffs.news\/fr\/wp-content\/uploads\/2023\/07\/Capture-decran-2023-07-21-a-08.43.59.jpg\" \/>\n\t<meta property=\"og:image:width\" content=\"1903\" \/>\n\t<meta property=\"og:image:height\" content=\"1049\" \/>\n\t<meta property=\"og:image:type\" content=\"image\/jpeg\" \/>\n<meta name=\"author\" content=\"Charles Taudin\" \/>\n<meta name=\"twitter:card\" content=\"summary_large_image\" \/>\n<meta name=\"twitter:creator\" content=\"@TheFreeAgentFR\" \/>\n<meta name=\"twitter:site\" content=\"@TheFreeAgentFR\" \/>\n<meta name=\"twitter:label1\" content=\"\u00c9crit par\" \/>\n\t<meta name=\"twitter:data1\" content=\"Charles Taudin\" \/>\n\t<meta name=\"twitter:label2\" content=\"Dur\u00e9e de lecture estim\u00e9e\" \/>\n\t<meta name=\"twitter:data2\" content=\"3 minutes\" \/>\n<script type=\"application\/ld+json\" class=\"yoast-schema-graph\">{\"@context\":\"https:\/\/schema.org\",\"@graph\":[{\"@type\":\"WebPage\",\"@id\":\"https:\/\/theplayoffs.news\/fr\/actualite-nfl\/vente-historique-des-commanders-de-washington\/\",\"url\":\"https:\/\/theplayoffs.news\/fr\/actualite-nfl\/vente-historique-des-commanders-de-washington\/\",\"name\":\"Vente historique des Commanders de Washington - The Playoffs FR\",\"isPartOf\":{\"@id\":\"https:\/\/theplayoffs.news\/fr\/#website\"},\"primaryImageOfPage\":{\"@id\":\"https:\/\/theplayoffs.news\/fr\/actualite-nfl\/vente-historique-des-commanders-de-washington\/#primaryimage\"},\"image\":{\"@id\":\"https:\/\/theplayoffs.news\/fr\/actualite-nfl\/vente-historique-des-commanders-de-washington\/#primaryimage\"},\"thumbnailUrl\":\"https:\/\/theplayoffs.news\/fr\/wp-content\/uploads\/2023\/07\/Capture-decran-2023-07-21-a-08.43.59.jpg\",\"datePublished\":\"2023-07-21T06:48:40+00:00\",\"dateModified\":\"2023-07-21T06:48:41+00:00\",\"author\":{\"@id\":\"https:\/\/theplayoffs.news\/fr\/#\/schema\/person\/eee5b69ad5d3c51cabe881c839dbe133\"},\"breadcrumb\":{\"@id\":\"https:\/\/theplayoffs.news\/fr\/actualite-nfl\/vente-historique-des-commanders-de-washington\/#breadcrumb\"},\"inLanguage\":\"fr-FR\",\"potentialAction\":[{\"@type\":\"ReadAction\",\"target\":[\"https:\/\/theplayoffs.news\/fr\/actualite-nfl\/vente-historique-des-commanders-de-washington\/\"]}]},{\"@type\":\"ImageObject\",\"inLanguage\":\"fr-FR\",\"@id\":\"https:\/\/theplayoffs.news\/fr\/actualite-nfl\/vente-historique-des-commanders-de-washington\/#primaryimage\",\"url\":\"https:\/\/theplayoffs.news\/fr\/wp-content\/uploads\/2023\/07\/Capture-decran-2023-07-21-a-08.43.59.jpg\",\"contentUrl\":\"https:\/\/theplayoffs.news\/fr\/wp-content\/uploads\/2023\/07\/Capture-decran-2023-07-21-a-08.43.59.jpg\",\"width\":1903,\"height\":1049,\"caption\":\"Commanders\"},{\"@type\":\"BreadcrumbList\",\"@id\":\"https:\/\/theplayoffs.news\/fr\/actualite-nfl\/vente-historique-des-commanders-de-washington\/#breadcrumb\",\"itemListElement\":[{\"@type\":\"ListItem\",\"position\":1,\"name\":\"Accueil\",\"item\":\"https:\/\/theplayoffs.news\/fr\/\"},{\"@type\":\"ListItem\",\"position\":2,\"name\":\"Vente historique des Commanders de Washington\"}]},{\"@type\":\"WebSite\",\"@id\":\"https:\/\/theplayoffs.news\/fr\/#website\",\"url\":\"https:\/\/theplayoffs.news\/fr\/\",\"name\":\"The Playoffs FR\",\"description\":\"NBA-NFL-NHL-MLB\",\"potentialAction\":[{\"@type\":\"SearchAction\",\"target\":{\"@type\":\"EntryPoint\",\"urlTemplate\":\"https:\/\/theplayoffs.news\/fr\/?s={search_term_string}\"},\"query-input\":{\"@type\":\"PropertyValueSpecification\",\"valueRequired\":true,\"valueName\":\"search_term_string\"}}],\"inLanguage\":\"fr-FR\"},{\"@type\":\"Person\",\"@id\":\"https:\/\/theplayoffs.news\/fr\/#\/schema\/person\/eee5b69ad5d3c51cabe881c839dbe133\",\"name\":\"Charles Taudin\",\"image\":{\"@type\":\"ImageObject\",\"inLanguage\":\"fr-FR\",\"@id\":\"https:\/\/theplayoffs.news\/fr\/#\/schema\/person\/image\/\",\"url\":\"https:\/\/secure.gravatar.com\/avatar\/59a1e772205ce9fd255edfcafc93013736822e20261f294c5753b20c41ede9f2?s=96&d=mm&r=g\",\"contentUrl\":\"https:\/\/secure.gravatar.com\/avatar\/59a1e772205ce9fd255edfcafc93013736822e20261f294c5753b20c41ede9f2?s=96&d=mm&r=g\",\"caption\":\"Charles Taudin\"},\"description\":\"R\u00e9dacteur en chef global de The Playoffs, j\u2019ai cr\u00e9\u00e9 The Free Agent, devenu The Playoffs FR, en 2020 durant la pand\u00e9mie. Amoureux depuis des ann\u00e9es des 4 sports majeurs am\u00e9ricains, j\u2019organise maintenant la strat\u00e9gie \u00e9ditoriale et les r\u00e9seaux sociaux de l\u2019ensemble des versions de The Playoffs. Il m\u2019arrive encore d\u2019\u00e9crire sur certains sports que j\u2019affectionne particuli\u00e8rement comme la NFL ou la MLB. Si vous devez retenir qu\u2019une chose : Eli Manning est le vrai GOAT pour avoir battu deux fois Tom Brady.\",\"sameAs\":[\"https:\/\/www.instagram.com\/ctaudin_\/\"],\"url\":\"https:\/\/theplayoffs.news\/fr\/author\/charles-taudin\/\"}]}<\/script>\n<!-- \/ Yoast SEO plugin. -->","yoast_head_json":{"title":"Vente historique des Commanders de Washington - The Playoffs FR","robots":{"index":"index","follow":"follow","max-snippet":"max-snippet:-1","max-image-preview":"max-image-preview:large","max-video-preview":"max-video-preview:-1"},"canonical":"https:\/\/theplayoffs.news\/fr\/actualite-nfl\/vente-historique-des-commanders-de-washington\/","og_locale":"fr_FR","og_type":"article","og_title":"Vente historique des Commanders de Washington - The Playoffs FR","og_url":"https:\/\/theplayoffs.news\/fr\/actualite-nfl\/vente-historique-des-commanders-de-washington\/","og_site_name":"The Playoffs FR","article_publisher":"https:\/\/www.facebook.com\/TheFreeAgentFR\/","article_modified_time":"2023-07-21T06:48:41+00:00","og_image":[{"width":1903,"height":1049,"url":"https:\/\/theplayoffs.news\/fr\/wp-content\/uploads\/2023\/07\/Capture-decran-2023-07-21-a-08.43.59.jpg","type":"image\/jpeg"}],"author":"Charles Taudin","twitter_card":"summary_large_image","twitter_creator":"@TheFreeAgentFR","twitter_site":"@TheFreeAgentFR","twitter_misc":{"\u00c9crit par":"Charles Taudin","Dur\u00e9e de lecture estim\u00e9e":"3 minutes"},"schema":{"@context":"https:\/\/schema.org","@graph":[{"@type":"WebPage","@id":"https:\/\/theplayoffs.news\/fr\/actualite-nfl\/vente-historique-des-commanders-de-washington\/","url":"https:\/\/theplayoffs.news\/fr\/actualite-nfl\/vente-historique-des-commanders-de-washington\/","name":"Vente historique des Commanders de Washington - The Playoffs FR","isPartOf":{"@id":"https:\/\/theplayoffs.news\/fr\/#website"},"primaryImageOfPage":{"@id":"https:\/\/theplayoffs.news\/fr\/actualite-nfl\/vente-historique-des-commanders-de-washington\/#primaryimage"},"image":{"@id":"https:\/\/theplayoffs.news\/fr\/actualite-nfl\/vente-historique-des-commanders-de-washington\/#primaryimage"},"thumbnailUrl":"https:\/\/theplayoffs.news\/fr\/wp-content\/uploads\/2023\/07\/Capture-decran-2023-07-21-a-08.43.59.jpg","datePublished":"2023-07-21T06:48:40+00:00","dateModified":"2023-07-21T06:48:41+00:00","author":{"@id":"https:\/\/theplayoffs.news\/fr\/#\/schema\/person\/eee5b69ad5d3c51cabe881c839dbe133"},"breadcrumb":{"@id":"https:\/\/theplayoffs.news\/fr\/actualite-nfl\/vente-historique-des-commanders-de-washington\/#breadcrumb"},"inLanguage":"fr-FR","potentialAction":[{"@type":"ReadAction","target":["https:\/\/theplayoffs.news\/fr\/actualite-nfl\/vente-historique-des-commanders-de-washington\/"]}]},{"@type":"ImageObject","inLanguage":"fr-FR","@id":"https:\/\/theplayoffs.news\/fr\/actualite-nfl\/vente-historique-des-commanders-de-washington\/#primaryimage","url":"https:\/\/theplayoffs.news\/fr\/wp-content\/uploads\/2023\/07\/Capture-decran-2023-07-21-a-08.43.59.jpg","contentUrl":"https:\/\/theplayoffs.news\/fr\/wp-content\/uploads\/2023\/07\/Capture-decran-2023-07-21-a-08.43.59.jpg","width":1903,"height":1049,"caption":"Commanders"},{"@type":"BreadcrumbList","@id":"https:\/\/theplayoffs.news\/fr\/actualite-nfl\/vente-historique-des-commanders-de-washington\/#breadcrumb","itemListElement":[{"@type":"ListItem","position":1,"name":"Accueil","item":"https:\/\/theplayoffs.news\/fr\/"},{"@type":"ListItem","position":2,"name":"Vente historique des Commanders de Washington"}]},{"@type":"WebSite","@id":"https:\/\/theplayoffs.news\/fr\/#website","url":"https:\/\/theplayoffs.news\/fr\/","name":"The Playoffs FR","description":"NBA-NFL-NHL-MLB","potentialAction":[{"@type":"SearchAction","target":{"@type":"EntryPoint","urlTemplate":"https:\/\/theplayoffs.news\/fr\/?s={search_term_string}"},"query-input":{"@type":"PropertyValueSpecification","valueRequired":true,"valueName":"search_term_string"}}],"inLanguage":"fr-FR"},{"@type":"Person","@id":"https:\/\/theplayoffs.news\/fr\/#\/schema\/person\/eee5b69ad5d3c51cabe881c839dbe133","name":"Charles Taudin","image":{"@type":"ImageObject","inLanguage":"fr-FR","@id":"https:\/\/theplayoffs.news\/fr\/#\/schema\/person\/image\/","url":"https:\/\/secure.gravatar.com\/avatar\/59a1e772205ce9fd255edfcafc93013736822e20261f294c5753b20c41ede9f2?s=96&d=mm&r=g","contentUrl":"https:\/\/secure.gravatar.com\/avatar\/59a1e772205ce9fd255edfcafc93013736822e20261f294c5753b20c41ede9f2?s=96&d=mm&r=g","caption":"Charles Taudin"},"description":"R\u00e9dacteur en chef global de The Playoffs, j\u2019ai cr\u00e9\u00e9 The Free Agent, devenu The Playoffs FR, en 2020 durant la pand\u00e9mie. Amoureux depuis des ann\u00e9es des 4 sports majeurs am\u00e9ricains, j\u2019organise maintenant la strat\u00e9gie \u00e9ditoriale et les r\u00e9seaux sociaux de l\u2019ensemble des versions de The Playoffs. Il m\u2019arrive encore d\u2019\u00e9crire sur certains sports que j\u2019affectionne particuli\u00e8rement comme la NFL ou la MLB. Si vous devez retenir qu\u2019une chose : Eli Manning est le vrai GOAT pour avoir battu deux fois Tom Brady.","sameAs":["https:\/\/www.instagram.com\/ctaudin_\/"],"url":"https:\/\/theplayoffs.news\/fr\/author\/charles-taudin\/"}]}},"_links":{"self":[{"href":"https:\/\/theplayoffs.news\/fr\/wp-json\/wp\/v2\/posts\/720316","targetHints":{"allow":["GET"]}}],"collection":[{"href":"https:\/\/theplayoffs.news\/fr\/wp-json\/wp\/v2\/posts"}],"about":[{"href":"https:\/\/theplayoffs.news\/fr\/wp-json\/wp\/v2\/types\/post"}],"author":[{"embeddable":true,"href":"https:\/\/theplayoffs.news\/fr\/wp-json\/wp\/v2\/users\/13"}],"replies":[{"embeddable":true,"href":"https:\/\/theplayoffs.news\/fr\/wp-json\/wp\/v2\/comments?post=720316"}],"version-history":[{"count":2,"href":"https:\/\/theplayoffs.news\/fr\/wp-json\/wp\/v2\/posts\/720316\/revisions"}],"predecessor-version":[{"id":720352,"href":"https:\/\/theplayoffs.news\/fr\/wp-json\/wp\/v2\/posts\/720316\/revisions\/720352"}],"wp:featuredmedia":[{"embeddable":true,"href":"https:\/\/theplayoffs.news\/fr\/wp-json\/wp\/v2\/media\/720343"}],"wp:attachment":[{"href":"https:\/\/theplayoffs.news\/fr\/wp-json\/wp\/v2\/media?parent=720316"}],"wp:term":[{"taxonomy":"category","embeddable":true,"href":"https:\/\/theplayoffs.news\/fr\/wp-json\/wp\/v2\/categories?post=720316"},{"taxonomy":"post_tag","embeddable":true,"href":"https:\/\/theplayoffs.news\/fr\/wp-json\/wp\/v2\/tags?post=720316"},{"taxonomy":"sport","embeddable":true,"href":"https:\/\/theplayoffs.news\/fr\/wp-json\/wp\/v2\/sport?post=720316"},{"taxonomy":"saison","embeddable":true,"href":"https:\/\/theplayoffs.news\/fr\/wp-json\/wp\/v2\/saison?post=720316"}],"curies":[{"name":"wp","href":"https:\/\/api.w.org\/{rel}","templated":true}]}}