{"id":719442,"date":"2023-07-20T21:43:50","date_gmt":"2023-07-20T19:43:50","guid":{"rendered":"https:\/\/theplayoffs.news\/fr\/?p=719442"},"modified":"2023-07-20T21:43:51","modified_gmt":"2023-07-20T19:43:51","slug":"mousquetaires-de-paris-pollys-sacramento","status":"publish","type":"post","link":"https:\/\/theplayoffs.news\/fr\/elf\/mousquetaires-de-paris-pollys-sacramento\/","title":{"rendered":"Mousquetaires de Paris: un nouveau renfort pour la ligne offensive"},"content":{"rendered":"<h2>Les Mousquetaires de Paris ont sign&eacute; un nouveau joueur de ligne offensive: le br&eacute;silien Pollys Junio Sacramento.<\/h2><p>Le Br&eacute;sil n&rsquo;est pas qu&rsquo;un pays de soccer et <a href=\"https:\/\/twitter.com\/Mrpollysjunio\" class=\"trk-cta-link\" data-cta-trk='{\"ctaType\":\"Link\",\"ctaSubType\":\"main\"}'>Pollys Junio Sacramento<\/a> est bien plac&eacute; pour le savoir. Joueur encore peu connu sur le territoire fran&ccedil;ais mais d&eacute;j&agrave; bien connu des suiveurs de l&rsquo;ELF, Pollys Junio Sacramento viendra renforcer la ligne offensive des Mousquetaires de Paris pour la fin de cette saison 2023 d&rsquo;ELF.<\/p><p>Les probl&egrave;mes de ligne offensive furent nombreux pour les Mousquetaires de Paris cette saison notamment lors des premi&egrave;res semaines de comp&eacute;tition. Une faiblesse au niveau de la ligne d&eacute;montr&eacute;e par le fait que Zach Edwards appara&icirc;t aujourd&rsquo;hui comme le quarterback le plus souvent sack&eacute; dans cette saison 2023 d&rsquo;ELF avec d&eacute;j&agrave; 24 sacks contre lui depuis le d&eacute;but de la saison.<\/p><p>Ag&eacute; de 26 ans, Pollys Junio Sacramento poss&egrave;de une solide exp&eacute;rience du football am&eacute;ricain en Europe et notamment en ELF. Apr&egrave;s avoir &eacute;t&eacute; invit&eacute; au Combine NFL International en 2021, le joueur br&eacute;silien a pass&eacute; une saison chez le Thunder de Berlin avant de rejoindre les Leipzig Kings, franchise qui a d&ucirc; se <a href=\"https:\/\/theplayoffs.news\/fr\/elf\/elf-leipzig-kings-bientot-un-depart-de-lelf\/\" class=\"trk-cta-link\" data-cta-trk='{\"ctaType\":\"Link\",\"ctaSubType\":\"main\"}'>retirer en cours de saison de l&rsquo;ELF<\/a>. Esp&eacute;rons que Pollys Junio Sacramento r&eacute;ussira parfaitement son adaptation chez les Mousquetaires de Paris.<\/p>\n","protected":false},"excerpt":{"rendered":"","protected":false},"author":180309964,"featured_media":719444,"comment_status":"open","ping_status":"closed","sticky":false,"template":"","format":"standard","meta":{"inline_featured_image":false,"kia_subtitle":"","_mux_skip_reasons":[],"proofreadBy":0,"footnotes":""},"categories":[5964],"tags":[4569,4833],"sport":[2785],"saison":[3453],"class_list":["post-719442","post","type-post","status-publish","format-standard","has-post-thumbnail","hentry","category-elf","tag-elf","tag-mousquetaires-de-paris","sport-nfl","saison-3453"],"acf":[],"yoast_head":"<!-- This site is optimized with the Yoast SEO plugin v24.2 - https:\/\/yoast.com\/wordpress\/plugins\/seo\/ -->\n<title>Mousquetaires de Paris: un nouveau renfort pour la ligne offensive - The Playoffs FR<\/title>\n<meta name=\"robots\" content=\"index, follow, max-snippet:-1, max-image-preview:large, max-video-preview:-1\" \/>\n<link rel=\"canonical\" href=\"https:\/\/theplayoffs.news\/fr\/elf\/mousquetaires-de-paris-pollys-sacramento\/\" \/>\n<meta property=\"og:locale\" content=\"fr_FR\" \/>\n<meta property=\"og:type\" content=\"article\" \/>\n<meta property=\"og:title\" content=\"Mousquetaires de Paris: un nouveau renfort pour la ligne offensive - The Playoffs FR\" \/>\n<meta property=\"og:url\" content=\"https:\/\/theplayoffs.news\/fr\/elf\/mousquetaires-de-paris-pollys-sacramento\/\" \/>\n<meta property=\"og:site_name\" content=\"The Playoffs FR\" \/>\n<meta property=\"article:publisher\" content=\"https:\/\/www.facebook.com\/TheFreeAgentFR\/\" \/>\n<meta property=\"article:modified_time\" content=\"2023-07-20T21:43:51+02:00\" \/>\n<meta property=\"og:image\" content=\"https:\/\/theplayoffs.news\/fr\/wp-content\/uploads\/2023\/07\/Pollys-Sacramento.jpg\" \/>\n\t<meta property=\"og:image:width\" content=\"566\" \/>\n\t<meta property=\"og:image:height\" content=\"634\" \/>\n\t<meta property=\"og:image:type\" content=\"image\/jpeg\" \/>\n<meta name=\"author\" content=\"Flavien Jumeau\" \/>\n<meta name=\"twitter:card\" content=\"summary_large_image\" \/>\n<meta name=\"twitter:creator\" content=\"@TheFreeAgentFR\" \/>\n<meta name=\"twitter:site\" content=\"@TheFreeAgentFR\" \/>\n<meta name=\"twitter:label1\" content=\"\u00c9crit par\" \/>\n\t<meta name=\"twitter:data1\" content=\"Flavien Jumeau\" \/>\n\t<meta name=\"twitter:label2\" content=\"Dur\u00e9e de lecture estim\u00e9e\" \/>\n\t<meta name=\"twitter:data2\" content=\"1 minute\" \/>\n<script type=\"application\/ld+json\" class=\"yoast-schema-graph\">{\"@context\":\"https:\/\/schema.org\",\"@graph\":[{\"@type\":\"WebPage\",\"@id\":\"https:\/\/theplayoffs.news\/fr\/elf\/mousquetaires-de-paris-pollys-sacramento\/\",\"url\":\"https:\/\/theplayoffs.news\/fr\/elf\/mousquetaires-de-paris-pollys-sacramento\/\",\"name\":\"Mousquetaires de Paris: un nouveau renfort pour la ligne offensive - The Playoffs FR\",\"isPartOf\":{\"@id\":\"https:\/\/theplayoffs.news\/fr\/#website\"},\"primaryImageOfPage\":{\"@id\":\"https:\/\/theplayoffs.news\/fr\/elf\/mousquetaires-de-paris-pollys-sacramento\/#primaryimage\"},\"image\":{\"@id\":\"https:\/\/theplayoffs.news\/fr\/elf\/mousquetaires-de-paris-pollys-sacramento\/#primaryimage\"},\"thumbnailUrl\":\"https:\/\/theplayoffs.news\/fr\/wp-content\/uploads\/2023\/07\/Pollys-Sacramento.jpg\",\"datePublished\":\"2023-07-20T19:43:50+00:00\",\"dateModified\":\"2023-07-20T19:43:51+00:00\",\"author\":{\"@id\":\"https:\/\/theplayoffs.news\/fr\/#\/schema\/person\/def63bc6746dc5957469b75feb99e66d\"},\"breadcrumb\":{\"@id\":\"https:\/\/theplayoffs.news\/fr\/elf\/mousquetaires-de-paris-pollys-sacramento\/#breadcrumb\"},\"inLanguage\":\"fr-FR\",\"potentialAction\":[{\"@type\":\"ReadAction\",\"target\":[\"https:\/\/theplayoffs.news\/fr\/elf\/mousquetaires-de-paris-pollys-sacramento\/\"]}]},{\"@type\":\"ImageObject\",\"inLanguage\":\"fr-FR\",\"@id\":\"https:\/\/theplayoffs.news\/fr\/elf\/mousquetaires-de-paris-pollys-sacramento\/#primaryimage\",\"url\":\"https:\/\/theplayoffs.news\/fr\/wp-content\/uploads\/2023\/07\/Pollys-Sacramento.jpg\",\"contentUrl\":\"https:\/\/theplayoffs.news\/fr\/wp-content\/uploads\/2023\/07\/Pollys-Sacramento.jpg\",\"width\":566,\"height\":634,\"caption\":\"Mousquetaires de Paris Pollys Junio Sacramento\"},{\"@type\":\"BreadcrumbList\",\"@id\":\"https:\/\/theplayoffs.news\/fr\/elf\/mousquetaires-de-paris-pollys-sacramento\/#breadcrumb\",\"itemListElement\":[{\"@type\":\"ListItem\",\"position\":1,\"name\":\"Accueil\",\"item\":\"https:\/\/theplayoffs.news\/fr\/\"},{\"@type\":\"ListItem\",\"position\":2,\"name\":\"Mousquetaires de Paris: un nouveau renfort pour la ligne offensive\"}]},{\"@type\":\"WebSite\",\"@id\":\"https:\/\/theplayoffs.news\/fr\/#website\",\"url\":\"https:\/\/theplayoffs.news\/fr\/\",\"name\":\"The Playoffs FR\",\"description\":\"NBA-NFL-NHL-MLB\",\"potentialAction\":[{\"@type\":\"SearchAction\",\"target\":{\"@type\":\"EntryPoint\",\"urlTemplate\":\"https:\/\/theplayoffs.news\/fr\/?s={search_term_string}\"},\"query-input\":{\"@type\":\"PropertyValueSpecification\",\"valueRequired\":true,\"valueName\":\"search_term_string\"}}],\"inLanguage\":\"fr-FR\"},{\"@type\":\"Person\",\"@id\":\"https:\/\/theplayoffs.news\/fr\/#\/schema\/person\/def63bc6746dc5957469b75feb99e66d\",\"name\":\"Flavien Jumeau\",\"image\":{\"@type\":\"ImageObject\",\"inLanguage\":\"fr-FR\",\"@id\":\"https:\/\/theplayoffs.news\/fr\/#\/schema\/person\/image\/\",\"url\":\"https:\/\/secure.gravatar.com\/avatar\/e7fa8ba5a4b7e4ce35fe152f083f352db28ad0acce692004ed88a7a7d78893f7?s=96&d=mm&r=g\",\"contentUrl\":\"https:\/\/secure.gravatar.com\/avatar\/e7fa8ba5a4b7e4ce35fe152f083f352db28ad0acce692004ed88a7a7d78893f7?s=96&d=mm&r=g\",\"caption\":\"Flavien Jumeau\"},\"description\":\"Amoureux du sport (et de vraiment tous les sports) depuis mon plus jeune \u00e2ge, j\u2019ai longtemps h\u00e9site entre le snooker et le curling. Finalement c\u2019est le foot US que j\u2019ai d\u00e9cid\u00e9 de choisir! Responsable foot US sur TPO et animateur du podcast Tailgate j\u2019ai pour mission de vous faire d\u00e9couvrir ce sport passionnant si ce n\u2019est pas encore fait et de vous donner les derni\u00e8res actus. Le tout dans la bonne humeur et avec toujours un jeu de mots ou deux savamment distill\u00e9s! Fan des Saints, pour moi Drew Brees est le vrai GOAT!\",\"url\":\"https:\/\/theplayoffs.news\/fr\/author\/flavien-jumeaugmail-com\/\"}]}<\/script>\n<!-- \/ Yoast SEO plugin. -->","yoast_head_json":{"title":"Mousquetaires de Paris: un nouveau renfort pour la ligne offensive - The Playoffs FR","robots":{"index":"index","follow":"follow","max-snippet":"max-snippet:-1","max-image-preview":"max-image-preview:large","max-video-preview":"max-video-preview:-1"},"canonical":"https:\/\/theplayoffs.news\/fr\/elf\/mousquetaires-de-paris-pollys-sacramento\/","og_locale":"fr_FR","og_type":"article","og_title":"Mousquetaires de Paris: un nouveau renfort pour la ligne offensive - The Playoffs FR","og_url":"https:\/\/theplayoffs.news\/fr\/elf\/mousquetaires-de-paris-pollys-sacramento\/","og_site_name":"The Playoffs FR","article_publisher":"https:\/\/www.facebook.com\/TheFreeAgentFR\/","article_modified_time":"2023-07-20T19:43:51+00:00","og_image":[{"width":566,"height":634,"url":"https:\/\/theplayoffs.news\/fr\/wp-content\/uploads\/2023\/07\/Pollys-Sacramento.jpg","type":"image\/jpeg"}],"author":"Flavien Jumeau","twitter_card":"summary_large_image","twitter_creator":"@TheFreeAgentFR","twitter_site":"@TheFreeAgentFR","twitter_misc":{"\u00c9crit par":"Flavien Jumeau","Dur\u00e9e de lecture estim\u00e9e":"1 minute"},"schema":{"@context":"https:\/\/schema.org","@graph":[{"@type":"WebPage","@id":"https:\/\/theplayoffs.news\/fr\/elf\/mousquetaires-de-paris-pollys-sacramento\/","url":"https:\/\/theplayoffs.news\/fr\/elf\/mousquetaires-de-paris-pollys-sacramento\/","name":"Mousquetaires de Paris: un nouveau renfort pour la ligne offensive - The Playoffs FR","isPartOf":{"@id":"https:\/\/theplayoffs.news\/fr\/#website"},"primaryImageOfPage":{"@id":"https:\/\/theplayoffs.news\/fr\/elf\/mousquetaires-de-paris-pollys-sacramento\/#primaryimage"},"image":{"@id":"https:\/\/theplayoffs.news\/fr\/elf\/mousquetaires-de-paris-pollys-sacramento\/#primaryimage"},"thumbnailUrl":"https:\/\/theplayoffs.news\/fr\/wp-content\/uploads\/2023\/07\/Pollys-Sacramento.jpg","datePublished":"2023-07-20T19:43:50+00:00","dateModified":"2023-07-20T19:43:51+00:00","author":{"@id":"https:\/\/theplayoffs.news\/fr\/#\/schema\/person\/def63bc6746dc5957469b75feb99e66d"},"breadcrumb":{"@id":"https:\/\/theplayoffs.news\/fr\/elf\/mousquetaires-de-paris-pollys-sacramento\/#breadcrumb"},"inLanguage":"fr-FR","potentialAction":[{"@type":"ReadAction","target":["https:\/\/theplayoffs.news\/fr\/elf\/mousquetaires-de-paris-pollys-sacramento\/"]}]},{"@type":"ImageObject","inLanguage":"fr-FR","@id":"https:\/\/theplayoffs.news\/fr\/elf\/mousquetaires-de-paris-pollys-sacramento\/#primaryimage","url":"https:\/\/theplayoffs.news\/fr\/wp-content\/uploads\/2023\/07\/Pollys-Sacramento.jpg","contentUrl":"https:\/\/theplayoffs.news\/fr\/wp-content\/uploads\/2023\/07\/Pollys-Sacramento.jpg","width":566,"height":634,"caption":"Mousquetaires de Paris Pollys Junio Sacramento"},{"@type":"BreadcrumbList","@id":"https:\/\/theplayoffs.news\/fr\/elf\/mousquetaires-de-paris-pollys-sacramento\/#breadcrumb","itemListElement":[{"@type":"ListItem","position":1,"name":"Accueil","item":"https:\/\/theplayoffs.news\/fr\/"},{"@type":"ListItem","position":2,"name":"Mousquetaires de Paris: un nouveau renfort pour la ligne offensive"}]},{"@type":"WebSite","@id":"https:\/\/theplayoffs.news\/fr\/#website","url":"https:\/\/theplayoffs.news\/fr\/","name":"The Playoffs FR","description":"NBA-NFL-NHL-MLB","potentialAction":[{"@type":"SearchAction","target":{"@type":"EntryPoint","urlTemplate":"https:\/\/theplayoffs.news\/fr\/?s={search_term_string}"},"query-input":{"@type":"PropertyValueSpecification","valueRequired":true,"valueName":"search_term_string"}}],"inLanguage":"fr-FR"},{"@type":"Person","@id":"https:\/\/theplayoffs.news\/fr\/#\/schema\/person\/def63bc6746dc5957469b75feb99e66d","name":"Flavien Jumeau","image":{"@type":"ImageObject","inLanguage":"fr-FR","@id":"https:\/\/theplayoffs.news\/fr\/#\/schema\/person\/image\/","url":"https:\/\/secure.gravatar.com\/avatar\/e7fa8ba5a4b7e4ce35fe152f083f352db28ad0acce692004ed88a7a7d78893f7?s=96&d=mm&r=g","contentUrl":"https:\/\/secure.gravatar.com\/avatar\/e7fa8ba5a4b7e4ce35fe152f083f352db28ad0acce692004ed88a7a7d78893f7?s=96&d=mm&r=g","caption":"Flavien Jumeau"},"description":"Amoureux du sport (et de vraiment tous les sports) depuis mon plus jeune \u00e2ge, j\u2019ai longtemps h\u00e9site entre le snooker et le curling. Finalement c\u2019est le foot US que j\u2019ai d\u00e9cid\u00e9 de choisir! Responsable foot US sur TPO et animateur du podcast Tailgate j\u2019ai pour mission de vous faire d\u00e9couvrir ce sport passionnant si ce n\u2019est pas encore fait et de vous donner les derni\u00e8res actus. Le tout dans la bonne humeur et avec toujours un jeu de mots ou deux savamment distill\u00e9s! Fan des Saints, pour moi Drew Brees est le vrai GOAT!","url":"https:\/\/theplayoffs.news\/fr\/author\/flavien-jumeaugmail-com\/"}]}},"_links":{"self":[{"href":"https:\/\/theplayoffs.news\/fr\/wp-json\/wp\/v2\/posts\/719442","targetHints":{"allow":["GET"]}}],"collection":[{"href":"https:\/\/theplayoffs.news\/fr\/wp-json\/wp\/v2\/posts"}],"about":[{"href":"https:\/\/theplayoffs.news\/fr\/wp-json\/wp\/v2\/types\/post"}],"author":[{"embeddable":true,"href":"https:\/\/theplayoffs.news\/fr\/wp-json\/wp\/v2\/users\/180309964"}],"replies":[{"embeddable":true,"href":"https:\/\/theplayoffs.news\/fr\/wp-json\/wp\/v2\/comments?post=719442"}],"version-history":[{"count":2,"href":"https:\/\/theplayoffs.news\/fr\/wp-json\/wp\/v2\/posts\/719442\/revisions"}],"predecessor-version":[{"id":719446,"href":"https:\/\/theplayoffs.news\/fr\/wp-json\/wp\/v2\/posts\/719442\/revisions\/719446"}],"wp:featuredmedia":[{"embeddable":true,"href":"https:\/\/theplayoffs.news\/fr\/wp-json\/wp\/v2\/media\/719444"}],"wp:attachment":[{"href":"https:\/\/theplayoffs.news\/fr\/wp-json\/wp\/v2\/media?parent=719442"}],"wp:term":[{"taxonomy":"category","embeddable":true,"href":"https:\/\/theplayoffs.news\/fr\/wp-json\/wp\/v2\/categories?post=719442"},{"taxonomy":"post_tag","embeddable":true,"href":"https:\/\/theplayoffs.news\/fr\/wp-json\/wp\/v2\/tags?post=719442"},{"taxonomy":"sport","embeddable":true,"href":"https:\/\/theplayoffs.news\/fr\/wp-json\/wp\/v2\/sport?post=719442"},{"taxonomy":"saison","embeddable":true,"href":"https:\/\/theplayoffs.news\/fr\/wp-json\/wp\/v2\/saison?post=719442"}],"curies":[{"name":"wp","href":"https:\/\/api.w.org\/{rel}","templated":true}]}}