{"id":719434,"date":"2023-07-20T21:07:40","date_gmt":"2023-07-20T19:07:40","guid":{"rendered":"https:\/\/theplayoffs.news\/fr\/?p=719434"},"modified":"2023-07-20T21:07:41","modified_gmt":"2023-07-20T19:07:41","slug":"les-devils-signent-tomas-nosek-pour-1-an","status":"publish","type":"post","link":"https:\/\/theplayoffs.news\/fr\/actualite-nhl\/les-devils-signent-tomas-nosek-pour-1-an\/","title":{"rendered":"Les Devils signent Tomas Nosek pour 1 an"},"content":{"rendered":"<h2>Les Devils du New Jersey ont sign&eacute; un contrat d&rsquo;un an avec Tomas Nosek pour une valeur d&rsquo;un million de dollars.<\/h2><p>En effet, Tom Fitzgerald a r&eacute;cemment annonc&eacute; la signature de l&rsquo;attaquant en provenance des <a href=\"https:\/\/theplayoffs.news\/fr\/equipe\/boston-bruins-nhl\/\" class=\"trk-cta-link\" data-cta-trk='{\"ctaType\":\"Link\",\"ctaSubType\":\"main\"}'>Boston Bruins<\/a>. Nosek a disput&eacute; 66 matchs avec Boston pour 18 points (7 buts et 11 passes). Nosek a &eacute;galement particip&eacute; aux play-offs de la coupe Stanley o&ugrave; son &eacute;quipe s&rsquo;est fait &eacute;liminer au premier tour par les champions de l&rsquo;Est, les <a href=\"https:\/\/theplayoffs.news\/fr\/equipe\/florida-panthers-nhl\/\" class=\"trk-cta-link\" data-cta-trk='{\"ctaType\":\"Link\",\"ctaSubType\":\"main\"}'>Florida Panthers<\/a>.<\/p><p>Le <a href=\"https:\/\/www.espn.com\/nhl\/player\/_\/id\/3112266\" class=\"trk-cta-link\" data-cta-trk='{\"ctaType\":\"Link\",\"ctaSubType\":\"main\"}'>tch&egrave;que de 30 ans<\/a> a disput&eacute; 398 match en NHL avec les<a href=\"https:\/\/theplayoffs.news\/fr\/equipe\/detroit-red-wings-nhl\/\" class=\"trk-cta-link\" data-cta-trk='{\"ctaType\":\"Link\",\"ctaSubType\":\"main\"}'> Detroit Red Wings<\/a>, les <a href=\"https:\/\/theplayoffs.news\/fr\/equipe\/vegas-golden-knights-nhl\/\" class=\"trk-cta-link\" data-cta-trk='{\"ctaType\":\"Link\",\"ctaSubType\":\"main\"}'>Las Vegas Golden Knights<\/a> ainsi que les Boston Bruins. Il a obtenu un total de 101 points (42 buts et 59 passes). Il a &eacute;galement disput&eacute; pas moins de 59 matchs de play-offs et a notamment fait parti de l&rsquo;&eacute;quipe vainqueur de la conf&eacute;rence Ouest en 2018 et qui aura disput&eacute; les finales de la coupe Stanley.<\/p><p>Cependant, m&ecirc;me avec cette finale jou&eacute;e avec les Golden Knights, Nosek n&rsquo;a jamais remport&eacute; la coupe Stanley. Le tch&egrave;que va tout faire pour essayer d&rsquo;ouvrir son compteur avec les Devils cette saison.<\/p><p>Les New Jersey Devils vont essayer d&rsquo;apporter un petit peu de fra&icirc;cheur &agrave; leur effectif avec cette nouvelle signature.<\/p><p>&nbsp;<\/p>\n","protected":false},"excerpt":{"rendered":"","protected":false},"author":180310178,"featured_media":341863,"comment_status":"open","ping_status":"closed","sticky":false,"template":"","format":"standard","meta":{"inline_featured_image":false,"kia_subtitle":"","_mux_skip_reasons":[],"proofreadBy":0,"footnotes":""},"categories":[187,26],"tags":[574,24,6243],"sport":[2784],"saison":[3453],"class_list":["post-719434","post","type-post","status-publish","format-standard","has-post-thumbnail","hentry","category-actualite-nhl","category-nhl","tag-new-jersey-devils","tag-nhl","tag-tomas-nosek","sport-nhl","saison-3453"],"acf":[],"yoast_head":"<!-- This site is optimized with the Yoast SEO plugin v24.2 - https:\/\/yoast.com\/wordpress\/plugins\/seo\/ -->\n<title>Les Devils signent Tomas Nosek pour 1 an - The Playoffs FR<\/title>\n<meta name=\"robots\" content=\"index, follow, max-snippet:-1, max-image-preview:large, max-video-preview:-1\" \/>\n<link rel=\"canonical\" href=\"https:\/\/theplayoffs.news\/fr\/actualite-nhl\/les-devils-signent-tomas-nosek-pour-1-an\/\" \/>\n<meta property=\"og:locale\" content=\"fr_FR\" \/>\n<meta property=\"og:type\" content=\"article\" \/>\n<meta property=\"og:title\" content=\"Les Devils signent Tomas Nosek pour 1 an - The Playoffs FR\" \/>\n<meta property=\"og:url\" content=\"https:\/\/theplayoffs.news\/fr\/actualite-nhl\/les-devils-signent-tomas-nosek-pour-1-an\/\" \/>\n<meta property=\"og:site_name\" content=\"The Playoffs FR\" \/>\n<meta property=\"article:publisher\" content=\"https:\/\/www.facebook.com\/TheFreeAgentFR\/\" \/>\n<meta property=\"article:modified_time\" content=\"2023-07-20T21:07:41+02:00\" \/>\n<meta property=\"og:image\" content=\"https:\/\/theplayoffs.news\/fr\/wp-content\/uploads\/2022\/06\/Devils.jpeg\" \/>\n\t<meta property=\"og:image:width\" content=\"1024\" \/>\n\t<meta property=\"og:image:height\" content=\"707\" \/>\n\t<meta property=\"og:image:type\" content=\"image\/jpeg\" \/>\n<meta name=\"author\" content=\"Arthur Berlemont\" \/>\n<meta name=\"twitter:card\" content=\"summary_large_image\" \/>\n<meta name=\"twitter:creator\" content=\"@TheFreeAgentFR\" \/>\n<meta name=\"twitter:site\" content=\"@TheFreeAgentFR\" \/>\n<meta name=\"twitter:label1\" content=\"\u00c9crit par\" \/>\n\t<meta name=\"twitter:data1\" content=\"Arthur Berlemont\" \/>\n\t<meta name=\"twitter:label2\" content=\"Dur\u00e9e de lecture estim\u00e9e\" \/>\n\t<meta name=\"twitter:data2\" content=\"1 minute\" \/>\n<script type=\"application\/ld+json\" class=\"yoast-schema-graph\">{\"@context\":\"https:\/\/schema.org\",\"@graph\":[{\"@type\":\"WebPage\",\"@id\":\"https:\/\/theplayoffs.news\/fr\/actualite-nhl\/les-devils-signent-tomas-nosek-pour-1-an\/\",\"url\":\"https:\/\/theplayoffs.news\/fr\/actualite-nhl\/les-devils-signent-tomas-nosek-pour-1-an\/\",\"name\":\"Les Devils signent Tomas Nosek pour 1 an - The Playoffs FR\",\"isPartOf\":{\"@id\":\"https:\/\/theplayoffs.news\/fr\/#website\"},\"primaryImageOfPage\":{\"@id\":\"https:\/\/theplayoffs.news\/fr\/actualite-nhl\/les-devils-signent-tomas-nosek-pour-1-an\/#primaryimage\"},\"image\":{\"@id\":\"https:\/\/theplayoffs.news\/fr\/actualite-nhl\/les-devils-signent-tomas-nosek-pour-1-an\/#primaryimage\"},\"thumbnailUrl\":\"https:\/\/theplayoffs.news\/fr\/wp-content\/uploads\/2022\/06\/Devils.jpeg\",\"datePublished\":\"2023-07-20T19:07:40+00:00\",\"dateModified\":\"2023-07-20T19:07:41+00:00\",\"author\":{\"@id\":\"https:\/\/theplayoffs.news\/fr\/#\/schema\/person\/b6b04a451dab03a5ab75cec8912e8942\"},\"breadcrumb\":{\"@id\":\"https:\/\/theplayoffs.news\/fr\/actualite-nhl\/les-devils-signent-tomas-nosek-pour-1-an\/#breadcrumb\"},\"inLanguage\":\"fr-FR\",\"potentialAction\":[{\"@type\":\"ReadAction\",\"target\":[\"https:\/\/theplayoffs.news\/fr\/actualite-nhl\/les-devils-signent-tomas-nosek-pour-1-an\/\"]}]},{\"@type\":\"ImageObject\",\"inLanguage\":\"fr-FR\",\"@id\":\"https:\/\/theplayoffs.news\/fr\/actualite-nhl\/les-devils-signent-tomas-nosek-pour-1-an\/#primaryimage\",\"url\":\"https:\/\/theplayoffs.news\/fr\/wp-content\/uploads\/2022\/06\/Devils.jpeg\",\"contentUrl\":\"https:\/\/theplayoffs.news\/fr\/wp-content\/uploads\/2022\/06\/Devils.jpeg\",\"width\":1024,\"height\":707,\"caption\":\"Devils, le projet est lanc\u00e9\"},{\"@type\":\"BreadcrumbList\",\"@id\":\"https:\/\/theplayoffs.news\/fr\/actualite-nhl\/les-devils-signent-tomas-nosek-pour-1-an\/#breadcrumb\",\"itemListElement\":[{\"@type\":\"ListItem\",\"position\":1,\"name\":\"Accueil\",\"item\":\"https:\/\/theplayoffs.news\/fr\/\"},{\"@type\":\"ListItem\",\"position\":2,\"name\":\"Les Devils signent Tomas Nosek pour 1 an\"}]},{\"@type\":\"WebSite\",\"@id\":\"https:\/\/theplayoffs.news\/fr\/#website\",\"url\":\"https:\/\/theplayoffs.news\/fr\/\",\"name\":\"The Playoffs FR\",\"description\":\"NBA-NFL-NHL-MLB\",\"potentialAction\":[{\"@type\":\"SearchAction\",\"target\":{\"@type\":\"EntryPoint\",\"urlTemplate\":\"https:\/\/theplayoffs.news\/fr\/?s={search_term_string}\"},\"query-input\":{\"@type\":\"PropertyValueSpecification\",\"valueRequired\":true,\"valueName\":\"search_term_string\"}}],\"inLanguage\":\"fr-FR\"},{\"@type\":\"Person\",\"@id\":\"https:\/\/theplayoffs.news\/fr\/#\/schema\/person\/b6b04a451dab03a5ab75cec8912e8942\",\"name\":\"Arthur Berlemont\",\"image\":{\"@type\":\"ImageObject\",\"inLanguage\":\"fr-FR\",\"@id\":\"https:\/\/theplayoffs.news\/fr\/#\/schema\/person\/image\/\",\"url\":\"https:\/\/secure.gravatar.com\/avatar\/19ddab1d62ab0a19b186b86cee130432b120dd6f085625a6a6757dd1aa90a5f3?s=96&d=mm&r=g\",\"contentUrl\":\"https:\/\/secure.gravatar.com\/avatar\/19ddab1d62ab0a19b186b86cee130432b120dd6f085625a6a6757dd1aa90a5f3?s=96&d=mm&r=g\",\"caption\":\"Arthur Berlemont\"},\"description\":\"Etudiant passionn\u00e9 de sport, avant tout m\u00e9caniques, j\\\\'ai d\u00e9couvert les sports US il y a quelques ann\u00e9es. J\\\\'ai tout de suite accroch\u00e9 pour la ville de Cincinnati et ses franchises de NFL et MLB. Aujourd\\\\'hui, je suis l\u00e0 par passion dans la r\u00e9daction d\\\\'articles sur divers sports que j\\\\'affectionne.\",\"url\":\"https:\/\/theplayoffs.news\/fr\/author\/arthur-berlemontgmail-com\/\"}]}<\/script>\n<!-- \/ Yoast SEO plugin. -->","yoast_head_json":{"title":"Les Devils signent Tomas Nosek pour 1 an - The Playoffs FR","robots":{"index":"index","follow":"follow","max-snippet":"max-snippet:-1","max-image-preview":"max-image-preview:large","max-video-preview":"max-video-preview:-1"},"canonical":"https:\/\/theplayoffs.news\/fr\/actualite-nhl\/les-devils-signent-tomas-nosek-pour-1-an\/","og_locale":"fr_FR","og_type":"article","og_title":"Les Devils signent Tomas Nosek pour 1 an - The Playoffs FR","og_url":"https:\/\/theplayoffs.news\/fr\/actualite-nhl\/les-devils-signent-tomas-nosek-pour-1-an\/","og_site_name":"The Playoffs FR","article_publisher":"https:\/\/www.facebook.com\/TheFreeAgentFR\/","article_modified_time":"2023-07-20T19:07:41+00:00","og_image":[{"width":1024,"height":707,"url":"https:\/\/theplayoffs.news\/fr\/wp-content\/uploads\/2022\/06\/Devils.jpeg","type":"image\/jpeg"}],"author":"Arthur Berlemont","twitter_card":"summary_large_image","twitter_creator":"@TheFreeAgentFR","twitter_site":"@TheFreeAgentFR","twitter_misc":{"\u00c9crit par":"Arthur Berlemont","Dur\u00e9e de lecture estim\u00e9e":"1 minute"},"schema":{"@context":"https:\/\/schema.org","@graph":[{"@type":"WebPage","@id":"https:\/\/theplayoffs.news\/fr\/actualite-nhl\/les-devils-signent-tomas-nosek-pour-1-an\/","url":"https:\/\/theplayoffs.news\/fr\/actualite-nhl\/les-devils-signent-tomas-nosek-pour-1-an\/","name":"Les Devils signent Tomas Nosek pour 1 an - The Playoffs FR","isPartOf":{"@id":"https:\/\/theplayoffs.news\/fr\/#website"},"primaryImageOfPage":{"@id":"https:\/\/theplayoffs.news\/fr\/actualite-nhl\/les-devils-signent-tomas-nosek-pour-1-an\/#primaryimage"},"image":{"@id":"https:\/\/theplayoffs.news\/fr\/actualite-nhl\/les-devils-signent-tomas-nosek-pour-1-an\/#primaryimage"},"thumbnailUrl":"https:\/\/theplayoffs.news\/fr\/wp-content\/uploads\/2022\/06\/Devils.jpeg","datePublished":"2023-07-20T19:07:40+00:00","dateModified":"2023-07-20T19:07:41+00:00","author":{"@id":"https:\/\/theplayoffs.news\/fr\/#\/schema\/person\/b6b04a451dab03a5ab75cec8912e8942"},"breadcrumb":{"@id":"https:\/\/theplayoffs.news\/fr\/actualite-nhl\/les-devils-signent-tomas-nosek-pour-1-an\/#breadcrumb"},"inLanguage":"fr-FR","potentialAction":[{"@type":"ReadAction","target":["https:\/\/theplayoffs.news\/fr\/actualite-nhl\/les-devils-signent-tomas-nosek-pour-1-an\/"]}]},{"@type":"ImageObject","inLanguage":"fr-FR","@id":"https:\/\/theplayoffs.news\/fr\/actualite-nhl\/les-devils-signent-tomas-nosek-pour-1-an\/#primaryimage","url":"https:\/\/theplayoffs.news\/fr\/wp-content\/uploads\/2022\/06\/Devils.jpeg","contentUrl":"https:\/\/theplayoffs.news\/fr\/wp-content\/uploads\/2022\/06\/Devils.jpeg","width":1024,"height":707,"caption":"Devils, le projet est lanc\u00e9"},{"@type":"BreadcrumbList","@id":"https:\/\/theplayoffs.news\/fr\/actualite-nhl\/les-devils-signent-tomas-nosek-pour-1-an\/#breadcrumb","itemListElement":[{"@type":"ListItem","position":1,"name":"Accueil","item":"https:\/\/theplayoffs.news\/fr\/"},{"@type":"ListItem","position":2,"name":"Les Devils signent Tomas Nosek pour 1 an"}]},{"@type":"WebSite","@id":"https:\/\/theplayoffs.news\/fr\/#website","url":"https:\/\/theplayoffs.news\/fr\/","name":"The Playoffs FR","description":"NBA-NFL-NHL-MLB","potentialAction":[{"@type":"SearchAction","target":{"@type":"EntryPoint","urlTemplate":"https:\/\/theplayoffs.news\/fr\/?s={search_term_string}"},"query-input":{"@type":"PropertyValueSpecification","valueRequired":true,"valueName":"search_term_string"}}],"inLanguage":"fr-FR"},{"@type":"Person","@id":"https:\/\/theplayoffs.news\/fr\/#\/schema\/person\/b6b04a451dab03a5ab75cec8912e8942","name":"Arthur Berlemont","image":{"@type":"ImageObject","inLanguage":"fr-FR","@id":"https:\/\/theplayoffs.news\/fr\/#\/schema\/person\/image\/","url":"https:\/\/secure.gravatar.com\/avatar\/19ddab1d62ab0a19b186b86cee130432b120dd6f085625a6a6757dd1aa90a5f3?s=96&d=mm&r=g","contentUrl":"https:\/\/secure.gravatar.com\/avatar\/19ddab1d62ab0a19b186b86cee130432b120dd6f085625a6a6757dd1aa90a5f3?s=96&d=mm&r=g","caption":"Arthur Berlemont"},"description":"Etudiant passionn\u00e9 de sport, avant tout m\u00e9caniques, j\\'ai d\u00e9couvert les sports US il y a quelques ann\u00e9es. J\\'ai tout de suite accroch\u00e9 pour la ville de Cincinnati et ses franchises de NFL et MLB. Aujourd\\'hui, je suis l\u00e0 par passion dans la r\u00e9daction d\\'articles sur divers sports que j\\'affectionne.","url":"https:\/\/theplayoffs.news\/fr\/author\/arthur-berlemontgmail-com\/"}]}},"_links":{"self":[{"href":"https:\/\/theplayoffs.news\/fr\/wp-json\/wp\/v2\/posts\/719434","targetHints":{"allow":["GET"]}}],"collection":[{"href":"https:\/\/theplayoffs.news\/fr\/wp-json\/wp\/v2\/posts"}],"about":[{"href":"https:\/\/theplayoffs.news\/fr\/wp-json\/wp\/v2\/types\/post"}],"author":[{"embeddable":true,"href":"https:\/\/theplayoffs.news\/fr\/wp-json\/wp\/v2\/users\/180310178"}],"replies":[{"embeddable":true,"href":"https:\/\/theplayoffs.news\/fr\/wp-json\/wp\/v2\/comments?post=719434"}],"version-history":[{"count":3,"href":"https:\/\/theplayoffs.news\/fr\/wp-json\/wp\/v2\/posts\/719434\/revisions"}],"predecessor-version":[{"id":719441,"href":"https:\/\/theplayoffs.news\/fr\/wp-json\/wp\/v2\/posts\/719434\/revisions\/719441"}],"wp:featuredmedia":[{"embeddable":true,"href":"https:\/\/theplayoffs.news\/fr\/wp-json\/wp\/v2\/media\/341863"}],"wp:attachment":[{"href":"https:\/\/theplayoffs.news\/fr\/wp-json\/wp\/v2\/media?parent=719434"}],"wp:term":[{"taxonomy":"category","embeddable":true,"href":"https:\/\/theplayoffs.news\/fr\/wp-json\/wp\/v2\/categories?post=719434"},{"taxonomy":"post_tag","embeddable":true,"href":"https:\/\/theplayoffs.news\/fr\/wp-json\/wp\/v2\/tags?post=719434"},{"taxonomy":"sport","embeddable":true,"href":"https:\/\/theplayoffs.news\/fr\/wp-json\/wp\/v2\/sport?post=719434"},{"taxonomy":"saison","embeddable":true,"href":"https:\/\/theplayoffs.news\/fr\/wp-json\/wp\/v2\/saison?post=719434"}],"curies":[{"name":"wp","href":"https:\/\/api.w.org\/{rel}","templated":true}]}}