{"id":719152,"date":"2023-07-20T14:45:18","date_gmt":"2023-07-20T12:45:18","guid":{"rendered":"https:\/\/theplayoffs.news\/fr\/?p=719152"},"modified":"2023-07-20T14:48:05","modified_gmt":"2023-07-20T12:48:05","slug":"le-gm-de-la-future-equipe-madrilene-en-elf-confiant-du-succes-futur","status":"publish","type":"post","link":"https:\/\/theplayoffs.news\/fr\/elf\/le-gm-de-la-future-equipe-madrilene-en-elf-confiant-du-succes-futur\/","title":{"rendered":"Le GM de la future \u00e9quipe madril\u00e8ne en ELF confiant du succ\u00e8s futur"},"content":{"rendered":"<h2>Deux mois se sont &eacute;coul&eacute;s depuis l&rsquo;annonce &agrave; D&uuml;sseldorf que Madrid devrait rejoindre les rangs de la Ligue europ&eacute;enne de football (ELF) en 2024.<\/h2><p>En tant que deuxi&egrave;me &eacute;quipe d&rsquo;Espagne, la franchise madril&egrave;ne surfe sur une vague d&rsquo;anticipation et d&rsquo;excitation, promettant un captivant en plus du paysage ELF d&eacute;j&agrave; passionnant.<\/p><p>La capitale espagnole s&rsquo;est lanc&eacute;e t&ecirc;te baiss&eacute;e dans les pr&eacute;paratifs, s&rsquo;armant pour la prochaine temp&ecirc;te d&rsquo;adr&eacute;naline et de comp&eacute;tition. Jaime Mart&iacute;n Lostao, le directeur g&eacute;n&eacute;ral de la franchise madril&egrave;ne, fait &eacute;cho &agrave; la pr&eacute;paration de la ville pour cette entreprise gigantesque.<\/p><blockquote><p>&laquo;&nbsp;Madrid a l&rsquo;environnement parfait pour r&eacute;ussir, non seulement en raison du nombre d&rsquo;acteurs que la r&eacute;gion d&eacute;veloppe, mais aussi en raison de ses infrastructures et de ses connexions avec le reste de l&rsquo;Europe !&nbsp;&raquo; <a href=\"https:\/\/europeanleague.football\/news\/madrid-general-manager-jaime-lostao-perfect-environment-to-succeed-1360\" class=\"trk-cta-link\" data-cta-trk='{\"ctaType\":\"Link\",\"ctaSubType\":\"main\"}'>proclame Lostao<\/a>.<\/p><\/blockquote><p>En entrant dans l&rsquo;ar&egrave;ne aux c&ocirc;t&eacute;s des Dragons de Barcelone, la franchise madril&egrave;ne a l&rsquo;opportunit&eacute; de renforcer la position de l&rsquo;Espagne dans l&rsquo;ELF, favorisant potentiellement une rivalit&eacute; intra-nationale qui pourrait dynamiser la ligue et ses fans.<\/p><p>La Ligue europ&eacute;enne de football a connu une croissance et un int&eacute;r&ecirc;t consid&eacute;rables depuis sa cr&eacute;ation. Apr&egrave;s le lancement r&eacute;ussi de sa troisi&egrave;me saison, Lostao a reconnu le succ&egrave;s naissant de la ligue.<\/p><blockquote><p>&laquo;&nbsp;La r&eacute;ponse que la Ligue europ&eacute;enne de football a connue au cours de ses 3 premi&egrave;res ann&eacute;es d&rsquo;existence d&eacute;montre clairement que l&rsquo;Europe est pr&ecirc;te &agrave; faire passer le football au niveau sup&eacute;rieur. Les supporters battent des records de fr&eacute;quentation dans les stades, l&rsquo;int&eacute;r&ecirc;t des sponsors et des marques augmente et les joueurs appr&eacute;cient la comp&eacute;tition !<\/p><\/blockquote><p>Alors que le sport conna&icirc;t un essor &agrave; travers l&rsquo;Europe, l&rsquo;inclusion de Madrid offre une dimension nouvelle et dynamique. La ville n&rsquo;est pas seulement r&eacute;put&eacute;e pour son riche patrimoine culturel, mais aussi pour sa passion pour le sport, qui &eacute;volue d&eacute;sormais vers le m&eacute;lange unique de puissance et de strat&eacute;gie qu&rsquo;est le football am&eacute;ricain.<\/p><p>Alors que Madrid se pr&eacute;pare pour sa saison inaugurale en <a href=\"https:\/\/theplayoffs.news\/fr\/elf\/\" class=\"trk-cta-link\" data-cta-trk='{\"ctaType\":\"Link\",\"ctaSubType\":\"main\"}'>ELF<\/a> en 2024, la ville esp&egrave;re un d&eacute;but m&eacute;morable. Une combinaison de l&rsquo;esprit sportif de la ville, d&rsquo;une franchise bien planifi&eacute;e et d&rsquo;un bassin d&rsquo;athl&egrave;tes talentueux en croissance rapide pr&eacute;pare le terrain pour que Madrid devienne potentiellement une puissance dans la ligue.<\/p>\n","protected":false},"excerpt":{"rendered":"","protected":false},"author":13,"featured_media":342742,"comment_status":"open","ping_status":"closed","sticky":false,"template":"","format":"standard","meta":{"inline_featured_image":false,"kia_subtitle":"","_mux_skip_reasons":[],"proofreadBy":0,"footnotes":""},"categories":[5964],"tags":[4569,6239],"sport":[],"saison":[],"class_list":["post-719152","post","type-post","status-publish","format-standard","has-post-thumbnail","hentry","category-elf","tag-elf","tag-madrid"],"acf":[],"yoast_head":"<!-- This site is optimized with the Yoast SEO plugin v24.2 - https:\/\/yoast.com\/wordpress\/plugins\/seo\/ -->\n<title>Le GM de la future &eacute;quipe madril&egrave;ne en ELF confiant du succ&egrave;s futur - The Playoffs FR<\/title>\n<meta name=\"robots\" content=\"index, follow, max-snippet:-1, max-image-preview:large, max-video-preview:-1\" \/>\n<link rel=\"canonical\" href=\"https:\/\/theplayoffs.news\/fr\/elf\/le-gm-de-la-future-equipe-madrilene-en-elf-confiant-du-succes-futur\/\" \/>\n<meta property=\"og:locale\" content=\"fr_FR\" \/>\n<meta property=\"og:type\" content=\"article\" \/>\n<meta property=\"og:title\" content=\"Le GM de la future &eacute;quipe madril&egrave;ne en ELF confiant du succ&egrave;s futur - The Playoffs FR\" \/>\n<meta property=\"og:url\" content=\"https:\/\/theplayoffs.news\/fr\/elf\/le-gm-de-la-future-equipe-madrilene-en-elf-confiant-du-succes-futur\/\" \/>\n<meta property=\"og:site_name\" content=\"The Playoffs FR\" \/>\n<meta property=\"article:publisher\" content=\"https:\/\/www.facebook.com\/TheFreeAgentFR\/\" \/>\n<meta property=\"article:modified_time\" content=\"2023-07-20T14:48:05+02:00\" \/>\n<meta property=\"og:image\" content=\"https:\/\/theplayoffs.news\/fr\/wp-content\/uploads\/2022\/06\/elf-logo.png\" \/>\n\t<meta property=\"og:image:width\" content=\"1200\" \/>\n\t<meta property=\"og:image:height\" content=\"521\" \/>\n\t<meta property=\"og:image:type\" content=\"image\/png\" \/>\n<meta name=\"author\" content=\"Charles Taudin\" \/>\n<meta name=\"twitter:card\" content=\"summary_large_image\" \/>\n<meta name=\"twitter:creator\" content=\"@TheFreeAgentFR\" \/>\n<meta name=\"twitter:site\" content=\"@TheFreeAgentFR\" \/>\n<meta name=\"twitter:label1\" content=\"\u00c9crit par\" \/>\n\t<meta name=\"twitter:data1\" content=\"Charles Taudin\" \/>\n\t<meta name=\"twitter:label2\" content=\"Dur\u00e9e de lecture estim\u00e9e\" \/>\n\t<meta name=\"twitter:data2\" content=\"2 minutes\" \/>\n<script type=\"application\/ld+json\" class=\"yoast-schema-graph\">{\"@context\":\"https:\/\/schema.org\",\"@graph\":[{\"@type\":\"WebPage\",\"@id\":\"https:\/\/theplayoffs.news\/fr\/elf\/le-gm-de-la-future-equipe-madrilene-en-elf-confiant-du-succes-futur\/\",\"url\":\"https:\/\/theplayoffs.news\/fr\/elf\/le-gm-de-la-future-equipe-madrilene-en-elf-confiant-du-succes-futur\/\",\"name\":\"Le GM de la future \u00e9quipe madril\u00e8ne en ELF confiant du succ\u00e8s futur - The Playoffs FR\",\"isPartOf\":{\"@id\":\"https:\/\/theplayoffs.news\/fr\/#website\"},\"primaryImageOfPage\":{\"@id\":\"https:\/\/theplayoffs.news\/fr\/elf\/le-gm-de-la-future-equipe-madrilene-en-elf-confiant-du-succes-futur\/#primaryimage\"},\"image\":{\"@id\":\"https:\/\/theplayoffs.news\/fr\/elf\/le-gm-de-la-future-equipe-madrilene-en-elf-confiant-du-succes-futur\/#primaryimage\"},\"thumbnailUrl\":\"https:\/\/theplayoffs.news\/fr\/wp-content\/uploads\/2022\/06\/elf-logo.png\",\"datePublished\":\"2023-07-20T12:45:18+00:00\",\"dateModified\":\"2023-07-20T12:48:05+00:00\",\"author\":{\"@id\":\"https:\/\/theplayoffs.news\/fr\/#\/schema\/person\/eee5b69ad5d3c51cabe881c839dbe133\"},\"breadcrumb\":{\"@id\":\"https:\/\/theplayoffs.news\/fr\/elf\/le-gm-de-la-future-equipe-madrilene-en-elf-confiant-du-succes-futur\/#breadcrumb\"},\"inLanguage\":\"fr-FR\",\"potentialAction\":[{\"@type\":\"ReadAction\",\"target\":[\"https:\/\/theplayoffs.news\/fr\/elf\/le-gm-de-la-future-equipe-madrilene-en-elf-confiant-du-succes-futur\/\"]}]},{\"@type\":\"ImageObject\",\"inLanguage\":\"fr-FR\",\"@id\":\"https:\/\/theplayoffs.news\/fr\/elf\/le-gm-de-la-future-equipe-madrilene-en-elf-confiant-du-succes-futur\/#primaryimage\",\"url\":\"https:\/\/theplayoffs.news\/fr\/wp-content\/uploads\/2022\/06\/elf-logo.png\",\"contentUrl\":\"https:\/\/theplayoffs.news\/fr\/wp-content\/uploads\/2022\/06\/elf-logo.png\",\"width\":1200,\"height\":521,\"caption\":\"ELF Madrid\"},{\"@type\":\"BreadcrumbList\",\"@id\":\"https:\/\/theplayoffs.news\/fr\/elf\/le-gm-de-la-future-equipe-madrilene-en-elf-confiant-du-succes-futur\/#breadcrumb\",\"itemListElement\":[{\"@type\":\"ListItem\",\"position\":1,\"name\":\"Accueil\",\"item\":\"https:\/\/theplayoffs.news\/fr\/\"},{\"@type\":\"ListItem\",\"position\":2,\"name\":\"Le GM de la future \u00e9quipe madril\u00e8ne en ELF confiant du succ\u00e8s futur\"}]},{\"@type\":\"WebSite\",\"@id\":\"https:\/\/theplayoffs.news\/fr\/#website\",\"url\":\"https:\/\/theplayoffs.news\/fr\/\",\"name\":\"The Playoffs FR\",\"description\":\"NBA-NFL-NHL-MLB\",\"potentialAction\":[{\"@type\":\"SearchAction\",\"target\":{\"@type\":\"EntryPoint\",\"urlTemplate\":\"https:\/\/theplayoffs.news\/fr\/?s={search_term_string}\"},\"query-input\":{\"@type\":\"PropertyValueSpecification\",\"valueRequired\":true,\"valueName\":\"search_term_string\"}}],\"inLanguage\":\"fr-FR\"},{\"@type\":\"Person\",\"@id\":\"https:\/\/theplayoffs.news\/fr\/#\/schema\/person\/eee5b69ad5d3c51cabe881c839dbe133\",\"name\":\"Charles Taudin\",\"image\":{\"@type\":\"ImageObject\",\"inLanguage\":\"fr-FR\",\"@id\":\"https:\/\/theplayoffs.news\/fr\/#\/schema\/person\/image\/\",\"url\":\"https:\/\/secure.gravatar.com\/avatar\/59a1e772205ce9fd255edfcafc93013736822e20261f294c5753b20c41ede9f2?s=96&d=mm&r=g\",\"contentUrl\":\"https:\/\/secure.gravatar.com\/avatar\/59a1e772205ce9fd255edfcafc93013736822e20261f294c5753b20c41ede9f2?s=96&d=mm&r=g\",\"caption\":\"Charles Taudin\"},\"description\":\"R\u00e9dacteur en chef global de The Playoffs, j\u2019ai cr\u00e9\u00e9 The Free Agent, devenu The Playoffs FR, en 2020 durant la pand\u00e9mie. Amoureux depuis des ann\u00e9es des 4 sports majeurs am\u00e9ricains, j\u2019organise maintenant la strat\u00e9gie \u00e9ditoriale et les r\u00e9seaux sociaux de l\u2019ensemble des versions de The Playoffs. Il m\u2019arrive encore d\u2019\u00e9crire sur certains sports que j\u2019affectionne particuli\u00e8rement comme la NFL ou la MLB. Si vous devez retenir qu\u2019une chose : Eli Manning est le vrai GOAT pour avoir battu deux fois Tom Brady.\",\"sameAs\":[\"https:\/\/www.instagram.com\/ctaudin_\/\"],\"url\":\"https:\/\/theplayoffs.news\/fr\/author\/charles-taudin\/\"}]}<\/script>\n<!-- \/ Yoast SEO plugin. -->","yoast_head_json":{"title":"Le GM de la future &eacute;quipe madril&egrave;ne en ELF confiant du succ&egrave;s futur - The Playoffs FR","robots":{"index":"index","follow":"follow","max-snippet":"max-snippet:-1","max-image-preview":"max-image-preview:large","max-video-preview":"max-video-preview:-1"},"canonical":"https:\/\/theplayoffs.news\/fr\/elf\/le-gm-de-la-future-equipe-madrilene-en-elf-confiant-du-succes-futur\/","og_locale":"fr_FR","og_type":"article","og_title":"Le GM de la future &eacute;quipe madril&egrave;ne en ELF confiant du succ&egrave;s futur - The Playoffs FR","og_url":"https:\/\/theplayoffs.news\/fr\/elf\/le-gm-de-la-future-equipe-madrilene-en-elf-confiant-du-succes-futur\/","og_site_name":"The Playoffs FR","article_publisher":"https:\/\/www.facebook.com\/TheFreeAgentFR\/","article_modified_time":"2023-07-20T12:48:05+00:00","og_image":[{"width":1200,"height":521,"url":"https:\/\/theplayoffs.news\/fr\/wp-content\/uploads\/2022\/06\/elf-logo.png","type":"image\/png"}],"author":"Charles Taudin","twitter_card":"summary_large_image","twitter_creator":"@TheFreeAgentFR","twitter_site":"@TheFreeAgentFR","twitter_misc":{"\u00c9crit par":"Charles Taudin","Dur\u00e9e de lecture estim\u00e9e":"2 minutes"},"schema":{"@context":"https:\/\/schema.org","@graph":[{"@type":"WebPage","@id":"https:\/\/theplayoffs.news\/fr\/elf\/le-gm-de-la-future-equipe-madrilene-en-elf-confiant-du-succes-futur\/","url":"https:\/\/theplayoffs.news\/fr\/elf\/le-gm-de-la-future-equipe-madrilene-en-elf-confiant-du-succes-futur\/","name":"Le GM de la future \u00e9quipe madril\u00e8ne en ELF confiant du succ\u00e8s futur - The Playoffs FR","isPartOf":{"@id":"https:\/\/theplayoffs.news\/fr\/#website"},"primaryImageOfPage":{"@id":"https:\/\/theplayoffs.news\/fr\/elf\/le-gm-de-la-future-equipe-madrilene-en-elf-confiant-du-succes-futur\/#primaryimage"},"image":{"@id":"https:\/\/theplayoffs.news\/fr\/elf\/le-gm-de-la-future-equipe-madrilene-en-elf-confiant-du-succes-futur\/#primaryimage"},"thumbnailUrl":"https:\/\/theplayoffs.news\/fr\/wp-content\/uploads\/2022\/06\/elf-logo.png","datePublished":"2023-07-20T12:45:18+00:00","dateModified":"2023-07-20T12:48:05+00:00","author":{"@id":"https:\/\/theplayoffs.news\/fr\/#\/schema\/person\/eee5b69ad5d3c51cabe881c839dbe133"},"breadcrumb":{"@id":"https:\/\/theplayoffs.news\/fr\/elf\/le-gm-de-la-future-equipe-madrilene-en-elf-confiant-du-succes-futur\/#breadcrumb"},"inLanguage":"fr-FR","potentialAction":[{"@type":"ReadAction","target":["https:\/\/theplayoffs.news\/fr\/elf\/le-gm-de-la-future-equipe-madrilene-en-elf-confiant-du-succes-futur\/"]}]},{"@type":"ImageObject","inLanguage":"fr-FR","@id":"https:\/\/theplayoffs.news\/fr\/elf\/le-gm-de-la-future-equipe-madrilene-en-elf-confiant-du-succes-futur\/#primaryimage","url":"https:\/\/theplayoffs.news\/fr\/wp-content\/uploads\/2022\/06\/elf-logo.png","contentUrl":"https:\/\/theplayoffs.news\/fr\/wp-content\/uploads\/2022\/06\/elf-logo.png","width":1200,"height":521,"caption":"ELF Madrid"},{"@type":"BreadcrumbList","@id":"https:\/\/theplayoffs.news\/fr\/elf\/le-gm-de-la-future-equipe-madrilene-en-elf-confiant-du-succes-futur\/#breadcrumb","itemListElement":[{"@type":"ListItem","position":1,"name":"Accueil","item":"https:\/\/theplayoffs.news\/fr\/"},{"@type":"ListItem","position":2,"name":"Le GM de la future \u00e9quipe madril\u00e8ne en ELF confiant du succ\u00e8s futur"}]},{"@type":"WebSite","@id":"https:\/\/theplayoffs.news\/fr\/#website","url":"https:\/\/theplayoffs.news\/fr\/","name":"The Playoffs FR","description":"NBA-NFL-NHL-MLB","potentialAction":[{"@type":"SearchAction","target":{"@type":"EntryPoint","urlTemplate":"https:\/\/theplayoffs.news\/fr\/?s={search_term_string}"},"query-input":{"@type":"PropertyValueSpecification","valueRequired":true,"valueName":"search_term_string"}}],"inLanguage":"fr-FR"},{"@type":"Person","@id":"https:\/\/theplayoffs.news\/fr\/#\/schema\/person\/eee5b69ad5d3c51cabe881c839dbe133","name":"Charles Taudin","image":{"@type":"ImageObject","inLanguage":"fr-FR","@id":"https:\/\/theplayoffs.news\/fr\/#\/schema\/person\/image\/","url":"https:\/\/secure.gravatar.com\/avatar\/59a1e772205ce9fd255edfcafc93013736822e20261f294c5753b20c41ede9f2?s=96&d=mm&r=g","contentUrl":"https:\/\/secure.gravatar.com\/avatar\/59a1e772205ce9fd255edfcafc93013736822e20261f294c5753b20c41ede9f2?s=96&d=mm&r=g","caption":"Charles Taudin"},"description":"R\u00e9dacteur en chef global de The Playoffs, j\u2019ai cr\u00e9\u00e9 The Free Agent, devenu The Playoffs FR, en 2020 durant la pand\u00e9mie. Amoureux depuis des ann\u00e9es des 4 sports majeurs am\u00e9ricains, j\u2019organise maintenant la strat\u00e9gie \u00e9ditoriale et les r\u00e9seaux sociaux de l\u2019ensemble des versions de The Playoffs. Il m\u2019arrive encore d\u2019\u00e9crire sur certains sports que j\u2019affectionne particuli\u00e8rement comme la NFL ou la MLB. Si vous devez retenir qu\u2019une chose : Eli Manning est le vrai GOAT pour avoir battu deux fois Tom Brady.","sameAs":["https:\/\/www.instagram.com\/ctaudin_\/"],"url":"https:\/\/theplayoffs.news\/fr\/author\/charles-taudin\/"}]}},"_links":{"self":[{"href":"https:\/\/theplayoffs.news\/fr\/wp-json\/wp\/v2\/posts\/719152","targetHints":{"allow":["GET"]}}],"collection":[{"href":"https:\/\/theplayoffs.news\/fr\/wp-json\/wp\/v2\/posts"}],"about":[{"href":"https:\/\/theplayoffs.news\/fr\/wp-json\/wp\/v2\/types\/post"}],"author":[{"embeddable":true,"href":"https:\/\/theplayoffs.news\/fr\/wp-json\/wp\/v2\/users\/13"}],"replies":[{"embeddable":true,"href":"https:\/\/theplayoffs.news\/fr\/wp-json\/wp\/v2\/comments?post=719152"}],"version-history":[{"count":2,"href":"https:\/\/theplayoffs.news\/fr\/wp-json\/wp\/v2\/posts\/719152\/revisions"}],"predecessor-version":[{"id":719189,"href":"https:\/\/theplayoffs.news\/fr\/wp-json\/wp\/v2\/posts\/719152\/revisions\/719189"}],"wp:featuredmedia":[{"embeddable":true,"href":"https:\/\/theplayoffs.news\/fr\/wp-json\/wp\/v2\/media\/342742"}],"wp:attachment":[{"href":"https:\/\/theplayoffs.news\/fr\/wp-json\/wp\/v2\/media?parent=719152"}],"wp:term":[{"taxonomy":"category","embeddable":true,"href":"https:\/\/theplayoffs.news\/fr\/wp-json\/wp\/v2\/categories?post=719152"},{"taxonomy":"post_tag","embeddable":true,"href":"https:\/\/theplayoffs.news\/fr\/wp-json\/wp\/v2\/tags?post=719152"},{"taxonomy":"sport","embeddable":true,"href":"https:\/\/theplayoffs.news\/fr\/wp-json\/wp\/v2\/sport?post=719152"},{"taxonomy":"saison","embeddable":true,"href":"https:\/\/theplayoffs.news\/fr\/wp-json\/wp\/v2\/saison?post=719152"}],"curies":[{"name":"wp","href":"https:\/\/api.w.org\/{rel}","templated":true}]}}