{"id":717863,"date":"2023-07-20T09:01:57","date_gmt":"2023-07-20T07:01:57","guid":{"rendered":"https:\/\/theplayoffs.news\/fr\/?p=717863"},"modified":"2023-07-20T09:01:58","modified_gmt":"2023-07-20T07:01:58","slug":"mark-daigneault-prolonge-thunder","status":"publish","type":"post","link":"https:\/\/theplayoffs.news\/fr\/actualite-nba\/mark-daigneault-prolonge-thunder\/","title":{"rendered":"Mark Daigneault prolonge avec le Thunder"},"content":{"rendered":"<h2><b>Mark Daigneault vient de prolonger l&rsquo;aventure avec la franchise d&rsquo;Oklahoma City sur plusieurs ann&eacute;es.<\/b><\/h2><p>&nbsp;<\/p><p><span style=\"font-weight: 400;\">Avec 40 victoires en saison r&eacute;guli&egrave;re, Mark Daigneault et le Thunder ont d&eacute;croch&eacute;s une place en &laquo; play-in &raquo; la saison pass&eacute;e. Ils ont alors battus les New Orleans Pelicans avant de tomber face aux Minnesota Timberwolves. Une saison en nette progression compar&eacute;e &agrave; l&rsquo;exercice 2021-22, avec 16 victoires de plus.<\/span><\/p><p><span style=\"font-weight: 400;\">Des progr&egrave;s qui ont &eacute;t&eacute; remarqu&eacute;s, puisque Mark Daigneault a termin&eacute; deuxi&egrave;me des votes pour le troph&eacute;e de coach de l&rsquo;ann&eacute;e, <a href=\"https:\/\/theplayoffs.news\/fr\/nba-basketball\/mike-brown-coach-de-lannee-unanime\/\" class=\"trk-cta-link\" data-cta-trk='{\"ctaType\":\"Link\",\"ctaSubType\":\"main\"}'>derri&egrave;re Mike Brown<\/a>.<\/span><\/p><p><span style=\"font-weight: 400;\">Sam Presti et la direction du Thunder ont donc pris la <\/span><a href=\"https:\/\/www.nba.com\/thunder\/news\/release-daigneault-230719\" class=\"trk-cta-link\" data-cta-trk='{\"ctaType\":\"Link\",\"ctaSubType\":\"main\"}'><span style=\"font-weight: 400;\">d&eacute;cision de prolonge<\/span><\/a><span style=\"font-weight: 400;\">r leur entra&icirc;neur, en lui offrant une prolongation de contrat sur plusieurs saisons. Le nombre d&rsquo;ann&eacute;es n&rsquo;a pas &eacute;t&eacute; pr&eacute;cis&eacute;.<\/span><\/p>\n","protected":false},"excerpt":{"rendered":"","protected":false},"author":180310182,"featured_media":717871,"comment_status":"open","ping_status":"closed","sticky":false,"template":"","format":"standard","meta":{"inline_featured_image":false,"kia_subtitle":"","_mux_skip_reasons":[],"proofreadBy":0,"footnotes":""},"categories":[110,10],"tags":[1326,648],"sport":[],"saison":[],"class_list":["post-717863","post","type-post","status-publish","format-standard","has-post-thumbnail","hentry","category-actualite-nba","category-nba","tag-mark-daigneault","tag-oklahoma-city-thunder"],"acf":[],"yoast_head":"<!-- This site is optimized with the Yoast SEO plugin v24.2 - https:\/\/yoast.com\/wordpress\/plugins\/seo\/ -->\n<title>Mark Daigneault prolonge avec le Thunder - The Playoffs FR<\/title>\n<meta name=\"robots\" content=\"index, follow, max-snippet:-1, max-image-preview:large, max-video-preview:-1\" \/>\n<link rel=\"canonical\" href=\"https:\/\/theplayoffs.news\/fr\/actualite-nba\/mark-daigneault-prolonge-thunder\/\" \/>\n<meta property=\"og:locale\" content=\"fr_FR\" \/>\n<meta property=\"og:type\" content=\"article\" \/>\n<meta property=\"og:title\" content=\"Mark Daigneault prolonge avec le Thunder - The Playoffs FR\" \/>\n<meta property=\"og:url\" content=\"https:\/\/theplayoffs.news\/fr\/actualite-nba\/mark-daigneault-prolonge-thunder\/\" \/>\n<meta property=\"og:site_name\" content=\"The Playoffs FR\" \/>\n<meta property=\"article:publisher\" content=\"https:\/\/www.facebook.com\/TheFreeAgentFR\/\" \/>\n<meta property=\"article:modified_time\" content=\"2023-07-20T09:01:58+02:00\" \/>\n<meta property=\"og:image\" content=\"https:\/\/theplayoffs.news\/fr\/wp-content\/uploads\/2023\/07\/Mark-Daigneault.jpg\" \/>\n\t<meta property=\"og:image:width\" content=\"1920\" \/>\n\t<meta property=\"og:image:height\" content=\"1280\" \/>\n\t<meta property=\"og:image:type\" content=\"image\/jpeg\" \/>\n<meta name=\"author\" content=\"Enzo Brule\" \/>\n<meta name=\"twitter:card\" content=\"summary_large_image\" \/>\n<meta name=\"twitter:creator\" content=\"@TheFreeAgentFR\" \/>\n<meta name=\"twitter:site\" content=\"@TheFreeAgentFR\" \/>\n<meta name=\"twitter:label1\" content=\"\u00c9crit par\" \/>\n\t<meta name=\"twitter:data1\" content=\"Enzo Brule\" \/>\n\t<meta name=\"twitter:label2\" content=\"Dur\u00e9e de lecture estim\u00e9e\" \/>\n\t<meta name=\"twitter:data2\" content=\"1 minute\" \/>\n<script type=\"application\/ld+json\" class=\"yoast-schema-graph\">{\"@context\":\"https:\/\/schema.org\",\"@graph\":[{\"@type\":\"WebPage\",\"@id\":\"https:\/\/theplayoffs.news\/fr\/actualite-nba\/mark-daigneault-prolonge-thunder\/\",\"url\":\"https:\/\/theplayoffs.news\/fr\/actualite-nba\/mark-daigneault-prolonge-thunder\/\",\"name\":\"Mark Daigneault prolonge avec le Thunder - The Playoffs FR\",\"isPartOf\":{\"@id\":\"https:\/\/theplayoffs.news\/fr\/#website\"},\"primaryImageOfPage\":{\"@id\":\"https:\/\/theplayoffs.news\/fr\/actualite-nba\/mark-daigneault-prolonge-thunder\/#primaryimage\"},\"image\":{\"@id\":\"https:\/\/theplayoffs.news\/fr\/actualite-nba\/mark-daigneault-prolonge-thunder\/#primaryimage\"},\"thumbnailUrl\":\"https:\/\/theplayoffs.news\/fr\/wp-content\/uploads\/2023\/07\/Mark-Daigneault.jpg\",\"datePublished\":\"2023-07-20T07:01:57+00:00\",\"dateModified\":\"2023-07-20T07:01:58+00:00\",\"author\":{\"@id\":\"https:\/\/theplayoffs.news\/fr\/#\/schema\/person\/4d1ed116f5f759b78f5f83e2dc3a71b2\"},\"breadcrumb\":{\"@id\":\"https:\/\/theplayoffs.news\/fr\/actualite-nba\/mark-daigneault-prolonge-thunder\/#breadcrumb\"},\"inLanguage\":\"fr-FR\",\"potentialAction\":[{\"@type\":\"ReadAction\",\"target\":[\"https:\/\/theplayoffs.news\/fr\/actualite-nba\/mark-daigneault-prolonge-thunder\/\"]}]},{\"@type\":\"ImageObject\",\"inLanguage\":\"fr-FR\",\"@id\":\"https:\/\/theplayoffs.news\/fr\/actualite-nba\/mark-daigneault-prolonge-thunder\/#primaryimage\",\"url\":\"https:\/\/theplayoffs.news\/fr\/wp-content\/uploads\/2023\/07\/Mark-Daigneault.jpg\",\"contentUrl\":\"https:\/\/theplayoffs.news\/fr\/wp-content\/uploads\/2023\/07\/Mark-Daigneault.jpg\",\"width\":1920,\"height\":1280,\"caption\":\"Mark Daigneault\"},{\"@type\":\"BreadcrumbList\",\"@id\":\"https:\/\/theplayoffs.news\/fr\/actualite-nba\/mark-daigneault-prolonge-thunder\/#breadcrumb\",\"itemListElement\":[{\"@type\":\"ListItem\",\"position\":1,\"name\":\"Accueil\",\"item\":\"https:\/\/theplayoffs.news\/fr\/\"},{\"@type\":\"ListItem\",\"position\":2,\"name\":\"Mark Daigneault prolonge avec le Thunder\"}]},{\"@type\":\"WebSite\",\"@id\":\"https:\/\/theplayoffs.news\/fr\/#website\",\"url\":\"https:\/\/theplayoffs.news\/fr\/\",\"name\":\"The Playoffs FR\",\"description\":\"NBA-NFL-NHL-MLB\",\"potentialAction\":[{\"@type\":\"SearchAction\",\"target\":{\"@type\":\"EntryPoint\",\"urlTemplate\":\"https:\/\/theplayoffs.news\/fr\/?s={search_term_string}\"},\"query-input\":{\"@type\":\"PropertyValueSpecification\",\"valueRequired\":true,\"valueName\":\"search_term_string\"}}],\"inLanguage\":\"fr-FR\"},{\"@type\":\"Person\",\"@id\":\"https:\/\/theplayoffs.news\/fr\/#\/schema\/person\/4d1ed116f5f759b78f5f83e2dc3a71b2\",\"name\":\"Enzo Brule\",\"image\":{\"@type\":\"ImageObject\",\"inLanguage\":\"fr-FR\",\"@id\":\"https:\/\/theplayoffs.news\/fr\/#\/schema\/person\/image\/\",\"url\":\"https:\/\/secure.gravatar.com\/avatar\/80c21924e4d202bc7f0263091f76fe744a25fe3b7ba34db706abb65ea32dc7cd?s=96&d=mm&r=g\",\"contentUrl\":\"https:\/\/secure.gravatar.com\/avatar\/80c21924e4d202bc7f0263091f76fe744a25fe3b7ba34db706abb65ea32dc7cd?s=96&d=mm&r=g\",\"caption\":\"Enzo Brule\"},\"url\":\"https:\/\/theplayoffs.news\/fr\/author\/nzo-brulegmail-com\/\"}]}<\/script>\n<!-- \/ Yoast SEO plugin. -->","yoast_head_json":{"title":"Mark Daigneault prolonge avec le Thunder - The Playoffs FR","robots":{"index":"index","follow":"follow","max-snippet":"max-snippet:-1","max-image-preview":"max-image-preview:large","max-video-preview":"max-video-preview:-1"},"canonical":"https:\/\/theplayoffs.news\/fr\/actualite-nba\/mark-daigneault-prolonge-thunder\/","og_locale":"fr_FR","og_type":"article","og_title":"Mark Daigneault prolonge avec le Thunder - The Playoffs FR","og_url":"https:\/\/theplayoffs.news\/fr\/actualite-nba\/mark-daigneault-prolonge-thunder\/","og_site_name":"The Playoffs FR","article_publisher":"https:\/\/www.facebook.com\/TheFreeAgentFR\/","article_modified_time":"2023-07-20T07:01:58+00:00","og_image":[{"width":1920,"height":1280,"url":"https:\/\/theplayoffs.news\/fr\/wp-content\/uploads\/2023\/07\/Mark-Daigneault.jpg","type":"image\/jpeg"}],"author":"Enzo Brule","twitter_card":"summary_large_image","twitter_creator":"@TheFreeAgentFR","twitter_site":"@TheFreeAgentFR","twitter_misc":{"\u00c9crit par":"Enzo Brule","Dur\u00e9e de lecture estim\u00e9e":"1 minute"},"schema":{"@context":"https:\/\/schema.org","@graph":[{"@type":"WebPage","@id":"https:\/\/theplayoffs.news\/fr\/actualite-nba\/mark-daigneault-prolonge-thunder\/","url":"https:\/\/theplayoffs.news\/fr\/actualite-nba\/mark-daigneault-prolonge-thunder\/","name":"Mark Daigneault prolonge avec le Thunder - The Playoffs FR","isPartOf":{"@id":"https:\/\/theplayoffs.news\/fr\/#website"},"primaryImageOfPage":{"@id":"https:\/\/theplayoffs.news\/fr\/actualite-nba\/mark-daigneault-prolonge-thunder\/#primaryimage"},"image":{"@id":"https:\/\/theplayoffs.news\/fr\/actualite-nba\/mark-daigneault-prolonge-thunder\/#primaryimage"},"thumbnailUrl":"https:\/\/theplayoffs.news\/fr\/wp-content\/uploads\/2023\/07\/Mark-Daigneault.jpg","datePublished":"2023-07-20T07:01:57+00:00","dateModified":"2023-07-20T07:01:58+00:00","author":{"@id":"https:\/\/theplayoffs.news\/fr\/#\/schema\/person\/4d1ed116f5f759b78f5f83e2dc3a71b2"},"breadcrumb":{"@id":"https:\/\/theplayoffs.news\/fr\/actualite-nba\/mark-daigneault-prolonge-thunder\/#breadcrumb"},"inLanguage":"fr-FR","potentialAction":[{"@type":"ReadAction","target":["https:\/\/theplayoffs.news\/fr\/actualite-nba\/mark-daigneault-prolonge-thunder\/"]}]},{"@type":"ImageObject","inLanguage":"fr-FR","@id":"https:\/\/theplayoffs.news\/fr\/actualite-nba\/mark-daigneault-prolonge-thunder\/#primaryimage","url":"https:\/\/theplayoffs.news\/fr\/wp-content\/uploads\/2023\/07\/Mark-Daigneault.jpg","contentUrl":"https:\/\/theplayoffs.news\/fr\/wp-content\/uploads\/2023\/07\/Mark-Daigneault.jpg","width":1920,"height":1280,"caption":"Mark Daigneault"},{"@type":"BreadcrumbList","@id":"https:\/\/theplayoffs.news\/fr\/actualite-nba\/mark-daigneault-prolonge-thunder\/#breadcrumb","itemListElement":[{"@type":"ListItem","position":1,"name":"Accueil","item":"https:\/\/theplayoffs.news\/fr\/"},{"@type":"ListItem","position":2,"name":"Mark Daigneault prolonge avec le Thunder"}]},{"@type":"WebSite","@id":"https:\/\/theplayoffs.news\/fr\/#website","url":"https:\/\/theplayoffs.news\/fr\/","name":"The Playoffs FR","description":"NBA-NFL-NHL-MLB","potentialAction":[{"@type":"SearchAction","target":{"@type":"EntryPoint","urlTemplate":"https:\/\/theplayoffs.news\/fr\/?s={search_term_string}"},"query-input":{"@type":"PropertyValueSpecification","valueRequired":true,"valueName":"search_term_string"}}],"inLanguage":"fr-FR"},{"@type":"Person","@id":"https:\/\/theplayoffs.news\/fr\/#\/schema\/person\/4d1ed116f5f759b78f5f83e2dc3a71b2","name":"Enzo Brule","image":{"@type":"ImageObject","inLanguage":"fr-FR","@id":"https:\/\/theplayoffs.news\/fr\/#\/schema\/person\/image\/","url":"https:\/\/secure.gravatar.com\/avatar\/80c21924e4d202bc7f0263091f76fe744a25fe3b7ba34db706abb65ea32dc7cd?s=96&d=mm&r=g","contentUrl":"https:\/\/secure.gravatar.com\/avatar\/80c21924e4d202bc7f0263091f76fe744a25fe3b7ba34db706abb65ea32dc7cd?s=96&d=mm&r=g","caption":"Enzo Brule"},"url":"https:\/\/theplayoffs.news\/fr\/author\/nzo-brulegmail-com\/"}]}},"_links":{"self":[{"href":"https:\/\/theplayoffs.news\/fr\/wp-json\/wp\/v2\/posts\/717863","targetHints":{"allow":["GET"]}}],"collection":[{"href":"https:\/\/theplayoffs.news\/fr\/wp-json\/wp\/v2\/posts"}],"about":[{"href":"https:\/\/theplayoffs.news\/fr\/wp-json\/wp\/v2\/types\/post"}],"author":[{"embeddable":true,"href":"https:\/\/theplayoffs.news\/fr\/wp-json\/wp\/v2\/users\/180310182"}],"replies":[{"embeddable":true,"href":"https:\/\/theplayoffs.news\/fr\/wp-json\/wp\/v2\/comments?post=717863"}],"version-history":[{"count":3,"href":"https:\/\/theplayoffs.news\/fr\/wp-json\/wp\/v2\/posts\/717863\/revisions"}],"predecessor-version":[{"id":717884,"href":"https:\/\/theplayoffs.news\/fr\/wp-json\/wp\/v2\/posts\/717863\/revisions\/717884"}],"wp:featuredmedia":[{"embeddable":true,"href":"https:\/\/theplayoffs.news\/fr\/wp-json\/wp\/v2\/media\/717871"}],"wp:attachment":[{"href":"https:\/\/theplayoffs.news\/fr\/wp-json\/wp\/v2\/media?parent=717863"}],"wp:term":[{"taxonomy":"category","embeddable":true,"href":"https:\/\/theplayoffs.news\/fr\/wp-json\/wp\/v2\/categories?post=717863"},{"taxonomy":"post_tag","embeddable":true,"href":"https:\/\/theplayoffs.news\/fr\/wp-json\/wp\/v2\/tags?post=717863"},{"taxonomy":"sport","embeddable":true,"href":"https:\/\/theplayoffs.news\/fr\/wp-json\/wp\/v2\/sport?post=717863"},{"taxonomy":"saison","embeddable":true,"href":"https:\/\/theplayoffs.news\/fr\/wp-json\/wp\/v2\/saison?post=717863"}],"curies":[{"name":"wp","href":"https:\/\/api.w.org\/{rel}","templated":true}]}}