{"id":711838,"date":"2023-07-17T16:17:36","date_gmt":"2023-07-17T14:17:36","guid":{"rendered":"https:\/\/theplayoffs.news\/fr\/?p=711838"},"modified":"2023-07-17T16:17:37","modified_gmt":"2023-07-17T14:17:37","slug":"connor-bedard-contrat-blackhawks","status":"publish","type":"post","link":"https:\/\/theplayoffs.news\/fr\/actualite-nhl\/connor-bedard-contrat-blackhawks\/","title":{"rendered":"Connor Bedard marque son 18e anniversaire avec un contrat avec les Blackhawks de Chicago"},"content":{"rendered":"<h2>Les Blackhawks de Chicago ont c&eacute;l&eacute;br&eacute; le 18e anniversaire de Connor Bedard, le premier choix du rep&ecirc;chage 2023 de la LNH, avec un accord sur les conditions d&rsquo;un premier contrat de trois ans.<\/h2><p>Les Blackhawks ont pris cette d&eacute;cision importante pour c&eacute;l&eacute;brer l&rsquo;anniversaire de Connor Bedard..<\/p><p>Bedard, pr&eacute;sent&eacute; comme un talent g&eacute;n&eacute;rationnel potentiel, est sur le radar des Blackhawks depuis sa performance exceptionnelle dans la Ligue canadienne de hockey. Apr&egrave;s avoir obtenu la premi&egrave;re place du rep&ecirc;chage 2023 de la LNH le 28 juin, on s&rsquo;attend &agrave; ce que Bedard ait un impact profond sur la trajectoire future de l&rsquo;&eacute;quipe.<\/p><p>Ni les Blackhawks ni Connor Bedard n&rsquo;&eacute;taient press&eacute;s de finaliser le contrat, choisissant d&rsquo;attendre le 18e anniversaire de la jeune star pour officialiser les choses. Entre-temps, Bedard a eu la chance de d&eacute;couvrir l&rsquo;organisation et la ville au camp de d&eacute;veloppement des Blackhawks.<\/p><p>S&rsquo;exprimant &agrave; Chicago le 6 juillet, Bedard a d&eacute;clar&eacute;:<\/p><blockquote><p>&laquo;&nbsp;En venant ici, j&rsquo;&eacute;tais heureux que ce soit un peu tout de suite (apr&egrave;s le rep&ecirc;chage), aller en ville, tout voir et &eacute;videmment rencontrer tout le personnel, tous les joueurs et &ecirc;tre ici et voir les installations et tout. J&rsquo;ai ador&eacute; et je me suis beaucoup amus&eacute;.&nbsp;&raquo;<\/p><\/blockquote><p>Depuis que les Blackhawks ont obtenu la loterie en avril, ils profitent de &laquo; l&rsquo;effet B&eacute;dard &raquo;, avec des ventes d&rsquo;abonnements en hausse et des milliers de chandails B&eacute;dard vendus. L&rsquo;organisation esp&egrave;re que l&rsquo;influence de Bedard s&rsquo;&eacute;tendra aux performances sur glace lors de la prochaine saison 2023-24.<\/p><p>En tant que centre no 1 des Blackhawks, <a href=\"https:\/\/theplayoffs.news\/fr\/joueur\/connor-bedard-nhl-10298250\/\" class=\"trk-cta-link\" data-cta-trk='{\"ctaType\":\"Link\",\"ctaSubType\":\"main\"}'><strong>Connor Bedard<\/strong><\/a> devrait prendre un bon d&eacute;part d&egrave;s son premier match.<\/p><p>Le directeur g&eacute;n&eacute;ral Kyle Davidson reconna&icirc;t que le rep&ecirc;chage de Bedard est un pas en avant substantiel pour la reconstruction sur glace de l&rsquo;&eacute;quipe.<\/p><blockquote><p>&laquo;&nbsp;Ces joueurs qui peuvent atteindre le potentiel de star sont les cases les plus difficiles et les postes les plus difficiles &agrave; pourvoir lorsque vous construisez une &eacute;quipe&nbsp;&raquo;, a d&eacute;clar&eacute; Davidson lors du rep&ecirc;chage. &laquo;&nbsp;Et j&rsquo;ai l&rsquo;impression que nous avons un joueur &agrave; Connor qui a toutes les chances d&rsquo;&ecirc;tre ce type de joueur pour nous.&nbsp;&raquo;<\/p><\/blockquote><p>Malgr&eacute; les attentes croissantes et les projecteurs, Connor Bedard a r&eacute;ussi &agrave; garder une perspective &eacute;quilibr&eacute;e. Il attribue sa concentration sur le plaisir du jeu et la normalit&eacute; de sa vie d&rsquo;adolescent comme la cl&eacute; pour rester ancr&eacute; au milieu du buzz.<\/p><p>Selon ses propres mots :<\/p><blockquote><p>&laquo;&nbsp;je suis une personne normale au final. C&rsquo;est quelque chose, tu as un peu plus de bruit autour de toi ou quoi que ce soit, les gens peuvent oublier un peu &ccedil;a. Je suis un &ecirc;tre humain, je suis toujours un gamin de 17 ans Il y a des responsabilit&eacute;s qui viennent avec le bruit et l&rsquo;attention et tout &ccedil;a, et j&rsquo;en suis conscient, mais dans la pi&egrave;ce, je ne suis qu&rsquo;un des gars et dans la vie et avec ma famille. Je suis une personne normale.&nbsp;&raquo;<\/p><\/blockquote>\n","protected":false},"excerpt":{"rendered":"","protected":false},"author":13,"featured_media":588541,"comment_status":"open","ping_status":"closed","sticky":false,"template":"","format":"standard","meta":{"inline_featured_image":false,"kia_subtitle":"","_mux_skip_reasons":[],"proofreadBy":0,"footnotes":""},"categories":[187,26],"tags":[360,5189],"sport":[],"saison":[],"class_list":["post-711838","post","type-post","status-publish","format-standard","has-post-thumbnail","hentry","category-actualite-nhl","category-nhl","tag-chicago-blackhawks","tag-connor-bedard"],"acf":[],"yoast_head":"<!-- This site is optimized with the Yoast SEO plugin v24.2 - https:\/\/yoast.com\/wordpress\/plugins\/seo\/ -->\n<title>Connor Bedard marque son 18e anniversaire avec un contrat avec les Blackhawks de Chicago - The Playoffs FR<\/title>\n<meta name=\"robots\" content=\"index, follow, max-snippet:-1, max-image-preview:large, max-video-preview:-1\" \/>\n<link rel=\"canonical\" href=\"https:\/\/theplayoffs.news\/fr\/actualite-nhl\/connor-bedard-contrat-blackhawks\/\" \/>\n<meta property=\"og:locale\" content=\"fr_FR\" \/>\n<meta property=\"og:type\" content=\"article\" \/>\n<meta property=\"og:title\" content=\"Connor Bedard marque son 18e anniversaire avec un contrat avec les Blackhawks de Chicago - The Playoffs FR\" \/>\n<meta property=\"og:url\" content=\"https:\/\/theplayoffs.news\/fr\/actualite-nhl\/connor-bedard-contrat-blackhawks\/\" \/>\n<meta property=\"og:site_name\" content=\"The Playoffs FR\" \/>\n<meta property=\"article:publisher\" content=\"https:\/\/www.facebook.com\/TheFreeAgentFR\/\" \/>\n<meta property=\"article:modified_time\" content=\"2023-07-17T16:17:37+02:00\" \/>\n<meta property=\"og:image\" content=\"https:\/\/theplayoffs.news\/fr\/wp-content\/uploads\/2023\/05\/connor-bedards-incredible-skill-.jpg\" \/>\n\t<meta property=\"og:image:width\" content=\"1280\" \/>\n\t<meta property=\"og:image:height\" content=\"720\" \/>\n\t<meta property=\"og:image:type\" content=\"image\/jpeg\" \/>\n<meta name=\"author\" content=\"Charles Taudin\" \/>\n<meta name=\"twitter:card\" content=\"summary_large_image\" \/>\n<meta name=\"twitter:creator\" content=\"@TheFreeAgentFR\" \/>\n<meta name=\"twitter:site\" content=\"@TheFreeAgentFR\" \/>\n<meta name=\"twitter:label1\" content=\"\u00c9crit par\" \/>\n\t<meta name=\"twitter:data1\" content=\"Charles Taudin\" \/>\n\t<meta name=\"twitter:label2\" content=\"Dur\u00e9e de lecture estim\u00e9e\" \/>\n\t<meta name=\"twitter:data2\" content=\"3 minutes\" \/>\n<script type=\"application\/ld+json\" class=\"yoast-schema-graph\">{\"@context\":\"https:\/\/schema.org\",\"@graph\":[{\"@type\":\"WebPage\",\"@id\":\"https:\/\/theplayoffs.news\/fr\/actualite-nhl\/connor-bedard-contrat-blackhawks\/\",\"url\":\"https:\/\/theplayoffs.news\/fr\/actualite-nhl\/connor-bedard-contrat-blackhawks\/\",\"name\":\"Connor Bedard marque son 18e anniversaire avec un contrat avec les Blackhawks de Chicago - The Playoffs FR\",\"isPartOf\":{\"@id\":\"https:\/\/theplayoffs.news\/fr\/#website\"},\"primaryImageOfPage\":{\"@id\":\"https:\/\/theplayoffs.news\/fr\/actualite-nhl\/connor-bedard-contrat-blackhawks\/#primaryimage\"},\"image\":{\"@id\":\"https:\/\/theplayoffs.news\/fr\/actualite-nhl\/connor-bedard-contrat-blackhawks\/#primaryimage\"},\"thumbnailUrl\":\"https:\/\/theplayoffs.news\/fr\/wp-content\/uploads\/2023\/05\/connor-bedards-incredible-skill-.jpg\",\"datePublished\":\"2023-07-17T14:17:36+00:00\",\"dateModified\":\"2023-07-17T14:17:37+00:00\",\"author\":{\"@id\":\"https:\/\/theplayoffs.news\/fr\/#\/schema\/person\/eee5b69ad5d3c51cabe881c839dbe133\"},\"breadcrumb\":{\"@id\":\"https:\/\/theplayoffs.news\/fr\/actualite-nhl\/connor-bedard-contrat-blackhawks\/#breadcrumb\"},\"inLanguage\":\"fr-FR\",\"potentialAction\":[{\"@type\":\"ReadAction\",\"target\":[\"https:\/\/theplayoffs.news\/fr\/actualite-nhl\/connor-bedard-contrat-blackhawks\/\"]}]},{\"@type\":\"ImageObject\",\"inLanguage\":\"fr-FR\",\"@id\":\"https:\/\/theplayoffs.news\/fr\/actualite-nhl\/connor-bedard-contrat-blackhawks\/#primaryimage\",\"url\":\"https:\/\/theplayoffs.news\/fr\/wp-content\/uploads\/2023\/05\/connor-bedards-incredible-skill-.jpg\",\"contentUrl\":\"https:\/\/theplayoffs.news\/fr\/wp-content\/uploads\/2023\/05\/connor-bedards-incredible-skill-.jpg\",\"width\":1280,\"height\":720,\"caption\":\"connor bedard\"},{\"@type\":\"BreadcrumbList\",\"@id\":\"https:\/\/theplayoffs.news\/fr\/actualite-nhl\/connor-bedard-contrat-blackhawks\/#breadcrumb\",\"itemListElement\":[{\"@type\":\"ListItem\",\"position\":1,\"name\":\"Accueil\",\"item\":\"https:\/\/theplayoffs.news\/fr\/\"},{\"@type\":\"ListItem\",\"position\":2,\"name\":\"Connor Bedard marque son 18e anniversaire avec un contrat avec les Blackhawks de Chicago\"}]},{\"@type\":\"WebSite\",\"@id\":\"https:\/\/theplayoffs.news\/fr\/#website\",\"url\":\"https:\/\/theplayoffs.news\/fr\/\",\"name\":\"The Playoffs FR\",\"description\":\"NBA-NFL-NHL-MLB\",\"potentialAction\":[{\"@type\":\"SearchAction\",\"target\":{\"@type\":\"EntryPoint\",\"urlTemplate\":\"https:\/\/theplayoffs.news\/fr\/?s={search_term_string}\"},\"query-input\":{\"@type\":\"PropertyValueSpecification\",\"valueRequired\":true,\"valueName\":\"search_term_string\"}}],\"inLanguage\":\"fr-FR\"},{\"@type\":\"Person\",\"@id\":\"https:\/\/theplayoffs.news\/fr\/#\/schema\/person\/eee5b69ad5d3c51cabe881c839dbe133\",\"name\":\"Charles Taudin\",\"image\":{\"@type\":\"ImageObject\",\"inLanguage\":\"fr-FR\",\"@id\":\"https:\/\/theplayoffs.news\/fr\/#\/schema\/person\/image\/\",\"url\":\"https:\/\/secure.gravatar.com\/avatar\/59a1e772205ce9fd255edfcafc93013736822e20261f294c5753b20c41ede9f2?s=96&d=mm&r=g\",\"contentUrl\":\"https:\/\/secure.gravatar.com\/avatar\/59a1e772205ce9fd255edfcafc93013736822e20261f294c5753b20c41ede9f2?s=96&d=mm&r=g\",\"caption\":\"Charles Taudin\"},\"description\":\"R\u00e9dacteur en chef global de The Playoffs, j\u2019ai cr\u00e9\u00e9 The Free Agent, devenu The Playoffs FR, en 2020 durant la pand\u00e9mie. Amoureux depuis des ann\u00e9es des 4 sports majeurs am\u00e9ricains, j\u2019organise maintenant la strat\u00e9gie \u00e9ditoriale et les r\u00e9seaux sociaux de l\u2019ensemble des versions de The Playoffs. Il m\u2019arrive encore d\u2019\u00e9crire sur certains sports que j\u2019affectionne particuli\u00e8rement comme la NFL ou la MLB. Si vous devez retenir qu\u2019une chose : Eli Manning est le vrai GOAT pour avoir battu deux fois Tom Brady.\",\"sameAs\":[\"https:\/\/www.instagram.com\/ctaudin_\/\"],\"url\":\"https:\/\/theplayoffs.news\/fr\/author\/charles-taudin\/\"}]}<\/script>\n<!-- \/ Yoast SEO plugin. -->","yoast_head_json":{"title":"Connor Bedard marque son 18e anniversaire avec un contrat avec les Blackhawks de Chicago - The Playoffs FR","robots":{"index":"index","follow":"follow","max-snippet":"max-snippet:-1","max-image-preview":"max-image-preview:large","max-video-preview":"max-video-preview:-1"},"canonical":"https:\/\/theplayoffs.news\/fr\/actualite-nhl\/connor-bedard-contrat-blackhawks\/","og_locale":"fr_FR","og_type":"article","og_title":"Connor Bedard marque son 18e anniversaire avec un contrat avec les Blackhawks de Chicago - The Playoffs FR","og_url":"https:\/\/theplayoffs.news\/fr\/actualite-nhl\/connor-bedard-contrat-blackhawks\/","og_site_name":"The Playoffs FR","article_publisher":"https:\/\/www.facebook.com\/TheFreeAgentFR\/","article_modified_time":"2023-07-17T14:17:37+00:00","og_image":[{"width":1280,"height":720,"url":"https:\/\/theplayoffs.news\/fr\/wp-content\/uploads\/2023\/05\/connor-bedards-incredible-skill-.jpg","type":"image\/jpeg"}],"author":"Charles Taudin","twitter_card":"summary_large_image","twitter_creator":"@TheFreeAgentFR","twitter_site":"@TheFreeAgentFR","twitter_misc":{"\u00c9crit par":"Charles Taudin","Dur\u00e9e de lecture estim\u00e9e":"3 minutes"},"schema":{"@context":"https:\/\/schema.org","@graph":[{"@type":"WebPage","@id":"https:\/\/theplayoffs.news\/fr\/actualite-nhl\/connor-bedard-contrat-blackhawks\/","url":"https:\/\/theplayoffs.news\/fr\/actualite-nhl\/connor-bedard-contrat-blackhawks\/","name":"Connor Bedard marque son 18e anniversaire avec un contrat avec les Blackhawks de Chicago - The Playoffs FR","isPartOf":{"@id":"https:\/\/theplayoffs.news\/fr\/#website"},"primaryImageOfPage":{"@id":"https:\/\/theplayoffs.news\/fr\/actualite-nhl\/connor-bedard-contrat-blackhawks\/#primaryimage"},"image":{"@id":"https:\/\/theplayoffs.news\/fr\/actualite-nhl\/connor-bedard-contrat-blackhawks\/#primaryimage"},"thumbnailUrl":"https:\/\/theplayoffs.news\/fr\/wp-content\/uploads\/2023\/05\/connor-bedards-incredible-skill-.jpg","datePublished":"2023-07-17T14:17:36+00:00","dateModified":"2023-07-17T14:17:37+00:00","author":{"@id":"https:\/\/theplayoffs.news\/fr\/#\/schema\/person\/eee5b69ad5d3c51cabe881c839dbe133"},"breadcrumb":{"@id":"https:\/\/theplayoffs.news\/fr\/actualite-nhl\/connor-bedard-contrat-blackhawks\/#breadcrumb"},"inLanguage":"fr-FR","potentialAction":[{"@type":"ReadAction","target":["https:\/\/theplayoffs.news\/fr\/actualite-nhl\/connor-bedard-contrat-blackhawks\/"]}]},{"@type":"ImageObject","inLanguage":"fr-FR","@id":"https:\/\/theplayoffs.news\/fr\/actualite-nhl\/connor-bedard-contrat-blackhawks\/#primaryimage","url":"https:\/\/theplayoffs.news\/fr\/wp-content\/uploads\/2023\/05\/connor-bedards-incredible-skill-.jpg","contentUrl":"https:\/\/theplayoffs.news\/fr\/wp-content\/uploads\/2023\/05\/connor-bedards-incredible-skill-.jpg","width":1280,"height":720,"caption":"connor bedard"},{"@type":"BreadcrumbList","@id":"https:\/\/theplayoffs.news\/fr\/actualite-nhl\/connor-bedard-contrat-blackhawks\/#breadcrumb","itemListElement":[{"@type":"ListItem","position":1,"name":"Accueil","item":"https:\/\/theplayoffs.news\/fr\/"},{"@type":"ListItem","position":2,"name":"Connor Bedard marque son 18e anniversaire avec un contrat avec les Blackhawks de Chicago"}]},{"@type":"WebSite","@id":"https:\/\/theplayoffs.news\/fr\/#website","url":"https:\/\/theplayoffs.news\/fr\/","name":"The Playoffs FR","description":"NBA-NFL-NHL-MLB","potentialAction":[{"@type":"SearchAction","target":{"@type":"EntryPoint","urlTemplate":"https:\/\/theplayoffs.news\/fr\/?s={search_term_string}"},"query-input":{"@type":"PropertyValueSpecification","valueRequired":true,"valueName":"search_term_string"}}],"inLanguage":"fr-FR"},{"@type":"Person","@id":"https:\/\/theplayoffs.news\/fr\/#\/schema\/person\/eee5b69ad5d3c51cabe881c839dbe133","name":"Charles Taudin","image":{"@type":"ImageObject","inLanguage":"fr-FR","@id":"https:\/\/theplayoffs.news\/fr\/#\/schema\/person\/image\/","url":"https:\/\/secure.gravatar.com\/avatar\/59a1e772205ce9fd255edfcafc93013736822e20261f294c5753b20c41ede9f2?s=96&d=mm&r=g","contentUrl":"https:\/\/secure.gravatar.com\/avatar\/59a1e772205ce9fd255edfcafc93013736822e20261f294c5753b20c41ede9f2?s=96&d=mm&r=g","caption":"Charles Taudin"},"description":"R\u00e9dacteur en chef global de The Playoffs, j\u2019ai cr\u00e9\u00e9 The Free Agent, devenu The Playoffs FR, en 2020 durant la pand\u00e9mie. Amoureux depuis des ann\u00e9es des 4 sports majeurs am\u00e9ricains, j\u2019organise maintenant la strat\u00e9gie \u00e9ditoriale et les r\u00e9seaux sociaux de l\u2019ensemble des versions de The Playoffs. Il m\u2019arrive encore d\u2019\u00e9crire sur certains sports que j\u2019affectionne particuli\u00e8rement comme la NFL ou la MLB. Si vous devez retenir qu\u2019une chose : Eli Manning est le vrai GOAT pour avoir battu deux fois Tom Brady.","sameAs":["https:\/\/www.instagram.com\/ctaudin_\/"],"url":"https:\/\/theplayoffs.news\/fr\/author\/charles-taudin\/"}]}},"_links":{"self":[{"href":"https:\/\/theplayoffs.news\/fr\/wp-json\/wp\/v2\/posts\/711838","targetHints":{"allow":["GET"]}}],"collection":[{"href":"https:\/\/theplayoffs.news\/fr\/wp-json\/wp\/v2\/posts"}],"about":[{"href":"https:\/\/theplayoffs.news\/fr\/wp-json\/wp\/v2\/types\/post"}],"author":[{"embeddable":true,"href":"https:\/\/theplayoffs.news\/fr\/wp-json\/wp\/v2\/users\/13"}],"replies":[{"embeddable":true,"href":"https:\/\/theplayoffs.news\/fr\/wp-json\/wp\/v2\/comments?post=711838"}],"version-history":[{"count":2,"href":"https:\/\/theplayoffs.news\/fr\/wp-json\/wp\/v2\/posts\/711838\/revisions"}],"predecessor-version":[{"id":711840,"href":"https:\/\/theplayoffs.news\/fr\/wp-json\/wp\/v2\/posts\/711838\/revisions\/711840"}],"wp:featuredmedia":[{"embeddable":true,"href":"https:\/\/theplayoffs.news\/fr\/wp-json\/wp\/v2\/media\/588541"}],"wp:attachment":[{"href":"https:\/\/theplayoffs.news\/fr\/wp-json\/wp\/v2\/media?parent=711838"}],"wp:term":[{"taxonomy":"category","embeddable":true,"href":"https:\/\/theplayoffs.news\/fr\/wp-json\/wp\/v2\/categories?post=711838"},{"taxonomy":"post_tag","embeddable":true,"href":"https:\/\/theplayoffs.news\/fr\/wp-json\/wp\/v2\/tags?post=711838"},{"taxonomy":"sport","embeddable":true,"href":"https:\/\/theplayoffs.news\/fr\/wp-json\/wp\/v2\/sport?post=711838"},{"taxonomy":"saison","embeddable":true,"href":"https:\/\/theplayoffs.news\/fr\/wp-json\/wp\/v2\/saison?post=711838"}],"curies":[{"name":"wp","href":"https:\/\/api.w.org\/{rel}","templated":true}]}}