{"id":708377,"date":"2023-07-16T11:13:39","date_gmt":"2023-07-16T09:13:39","guid":{"rendered":"https:\/\/theplayoffs.news\/fr\/?p=708377"},"modified":"2023-07-16T11:03:47","modified_gmt":"2023-07-16T09:03:47","slug":"fernandotatis-jr-blessure-cheville","status":"publish","type":"post","link":"https:\/\/theplayoffs.news\/fr\/actualite-mlb\/fernandotatis-jr-blessure-cheville\/","title":{"rendered":"Fernando Tatis Jr. souffre d&rsquo;une blessure \u00e0 la cheville"},"content":{"rendered":"<h2>Fernando Tatis Jr., le voltigeur droit des Padres de San Diego, a d&ucirc; se retirer du deuxi&egrave;me match du programme double de samedi contre les Phillies de Philadelphie en raison d&rsquo;une entorse &agrave; la cheville.<\/h2><p>Cet incident malheureux s&rsquo;est produit au cours de la sixi&egrave;me manche, ajoutant aux malheurs des Padres alors qu&rsquo;ils subissaient une double d&eacute;faite, tombant encore plus loin dans la course aux s&eacute;ries &eacute;liminatoires.<\/p><p>L&rsquo;&eacute;tendue de la blessure n&rsquo;&eacute;tait pas imm&eacute;diatement claire. Cependant, le manager de Padres, Bob Melvin, a r&eacute;v&eacute;l&eacute; que <a href=\"https:\/\/theplayoffs.news\/fr\/joueur\/fernando-tatis-jr-mlb-71966\/\" class=\"trk-cta-link\" data-cta-trk='{\"ctaType\":\"Link\",\"ctaSubType\":\"main\"}'><strong>Fernando Tatis Jr<\/strong><\/a> s&rsquo;&eacute;tait initialement bless&eacute; &agrave; la cheville au cours des premi&egrave;res manches alors qu&rsquo;il jouait en d&eacute;fense. Le gonflement qui s&rsquo;est d&eacute;velopp&eacute; par la suite a conduit &agrave; son retrait du jeu. Tatis est actuellement consid&eacute;r&eacute; au jour le jour, avec une &eacute;valuation plus approfondie attendue dans les prochains jours.<\/p><p>Brandon Dixon a remplac&eacute; Fernando Tatis Jr dans le champ droit en fin de sixi&egrave;me, imm&eacute;diatement apr&egrave;s la sortie du match du joueur vedette. Tatis est parti apr&egrave;s avoir &eacute;t&eacute; sorti au premier but lors de la d&eacute;faite 9-4 des Padres.<\/p><p>Plus t&ocirc;t, ils avaient &eacute;galement perdu le match d&rsquo;ouverture 6-4 contre les Phillies.<\/p><p>Les sp&eacute;culations pointent vers la blessure survenant peut-&ecirc;tre lors de la linedrive de Kyle Schwarber vers la droite lors de la troisi&egrave;me manche du deuxi&egrave;me match. Peu importe le moment o&ugrave; la blessure s&rsquo;est produite, ce sera s&ucirc;rement un coup dur pour les Padres, compte tenu de la contribution importante de Fernando Tatis Jr. &agrave; l&rsquo;&eacute;quipe.<\/p><p>La performance de Tatis dans le programme double, malgr&eacute; la blessure, &eacute;tait louable mais loin de ses normes habituellement &eacute;lev&eacute;es. Il a termin&eacute; la journ&eacute;e avec un score de 1 sur 7 avec trois retraits au b&acirc;ton.<\/p>\n","protected":false},"excerpt":{"rendered":"","protected":false},"author":13,"featured_media":708413,"comment_status":"open","ping_status":"closed","sticky":false,"template":"","format":"standard","meta":{"inline_featured_image":false,"kia_subtitle":"","_mux_skip_reasons":[],"proofreadBy":0,"footnotes":""},"categories":[188,9],"tags":[853,465],"sport":[],"saison":[],"class_list":["post-708377","post","type-post","status-publish","format-standard","has-post-thumbnail","hentry","category-actualite-mlb","category-mlb","tag-fernando-tatis-jr","tag-san-diego-padres"],"acf":[],"yoast_head":"<!-- This site is optimized with the Yoast SEO plugin v24.2 - https:\/\/yoast.com\/wordpress\/plugins\/seo\/ -->\n<title>Fernando Tatis Jr. souffre d&#039;une blessure &agrave; la cheville - The Playoffs FR<\/title>\n<meta name=\"robots\" content=\"index, follow, max-snippet:-1, max-image-preview:large, max-video-preview:-1\" \/>\n<link rel=\"canonical\" href=\"https:\/\/theplayoffs.news\/fr\/actualite-mlb\/fernandotatis-jr-blessure-cheville\/\" \/>\n<meta property=\"og:locale\" content=\"fr_FR\" \/>\n<meta property=\"og:type\" content=\"article\" \/>\n<meta property=\"og:title\" content=\"Fernando Tatis Jr. souffre d&#039;une blessure &agrave; la cheville - The Playoffs FR\" \/>\n<meta property=\"og:url\" content=\"https:\/\/theplayoffs.news\/fr\/actualite-mlb\/fernandotatis-jr-blessure-cheville\/\" \/>\n<meta property=\"og:site_name\" content=\"The Playoffs FR\" \/>\n<meta property=\"article:publisher\" content=\"https:\/\/www.facebook.com\/TheFreeAgentFR\/\" \/>\n<meta property=\"article:modified_time\" content=\"2023-07-16T11:13:39+02:00\" \/>\n<meta property=\"og:image\" content=\"https:\/\/theplayoffs.news\/fr\/wp-content\/uploads\/2023\/07\/kptmj8ug2etv7q9ivknz.jpeg\" \/>\n\t<meta property=\"og:image:width\" content=\"1024\" \/>\n\t<meta property=\"og:image:height\" content=\"576\" \/>\n\t<meta property=\"og:image:type\" content=\"image\/jpeg\" \/>\n<meta name=\"author\" content=\"Charles Taudin\" \/>\n<meta name=\"twitter:card\" content=\"summary_large_image\" \/>\n<meta name=\"twitter:creator\" content=\"@TheFreeAgentFR\" \/>\n<meta name=\"twitter:site\" content=\"@TheFreeAgentFR\" \/>\n<meta name=\"twitter:label1\" content=\"\u00c9crit par\" \/>\n\t<meta name=\"twitter:data1\" content=\"Charles Taudin\" \/>\n\t<meta name=\"twitter:label2\" content=\"Dur\u00e9e de lecture estim\u00e9e\" \/>\n\t<meta name=\"twitter:data2\" content=\"2 minutes\" \/>\n<script type=\"application\/ld+json\" class=\"yoast-schema-graph\">{\"@context\":\"https:\/\/schema.org\",\"@graph\":[{\"@type\":\"WebPage\",\"@id\":\"https:\/\/theplayoffs.news\/fr\/actualite-mlb\/fernandotatis-jr-blessure-cheville\/\",\"url\":\"https:\/\/theplayoffs.news\/fr\/actualite-mlb\/fernandotatis-jr-blessure-cheville\/\",\"name\":\"Fernando Tatis Jr. souffre d\\\\'une blessure \u00e0 la cheville - The Playoffs FR\",\"isPartOf\":{\"@id\":\"https:\/\/theplayoffs.news\/fr\/#website\"},\"primaryImageOfPage\":{\"@id\":\"https:\/\/theplayoffs.news\/fr\/actualite-mlb\/fernandotatis-jr-blessure-cheville\/#primaryimage\"},\"image\":{\"@id\":\"https:\/\/theplayoffs.news\/fr\/actualite-mlb\/fernandotatis-jr-blessure-cheville\/#primaryimage\"},\"thumbnailUrl\":\"https:\/\/theplayoffs.news\/fr\/wp-content\/uploads\/2023\/07\/kptmj8ug2etv7q9ivknz.jpeg\",\"datePublished\":\"2023-07-16T09:13:39+00:00\",\"dateModified\":\"2023-07-16T11:13:39+02:00\",\"author\":{\"@id\":\"https:\/\/theplayoffs.news\/fr\/#\/schema\/person\/eee5b69ad5d3c51cabe881c839dbe133\"},\"breadcrumb\":{\"@id\":\"https:\/\/theplayoffs.news\/fr\/actualite-mlb\/fernandotatis-jr-blessure-cheville\/#breadcrumb\"},\"inLanguage\":\"fr-FR\",\"potentialAction\":[{\"@type\":\"ReadAction\",\"target\":[\"https:\/\/theplayoffs.news\/fr\/actualite-mlb\/fernandotatis-jr-blessure-cheville\/\"]}]},{\"@type\":\"ImageObject\",\"inLanguage\":\"fr-FR\",\"@id\":\"https:\/\/theplayoffs.news\/fr\/actualite-mlb\/fernandotatis-jr-blessure-cheville\/#primaryimage\",\"url\":\"https:\/\/theplayoffs.news\/fr\/wp-content\/uploads\/2023\/07\/kptmj8ug2etv7q9ivknz.jpeg\",\"contentUrl\":\"https:\/\/theplayoffs.news\/fr\/wp-content\/uploads\/2023\/07\/kptmj8ug2etv7q9ivknz.jpeg\",\"width\":1024,\"height\":576,\"caption\":\"fernando Tatis Jr\"},{\"@type\":\"BreadcrumbList\",\"@id\":\"https:\/\/theplayoffs.news\/fr\/actualite-mlb\/fernandotatis-jr-blessure-cheville\/#breadcrumb\",\"itemListElement\":[{\"@type\":\"ListItem\",\"position\":1,\"name\":\"Accueil\",\"item\":\"https:\/\/theplayoffs.news\/fr\/\"},{\"@type\":\"ListItem\",\"position\":2,\"name\":\"Fernando Tatis Jr. souffre d&rsquo;une blessure \u00e0 la cheville\"}]},{\"@type\":\"WebSite\",\"@id\":\"https:\/\/theplayoffs.news\/fr\/#website\",\"url\":\"https:\/\/theplayoffs.news\/fr\/\",\"name\":\"The Playoffs FR\",\"description\":\"NBA-NFL-NHL-MLB\",\"potentialAction\":[{\"@type\":\"SearchAction\",\"target\":{\"@type\":\"EntryPoint\",\"urlTemplate\":\"https:\/\/theplayoffs.news\/fr\/?s={search_term_string}\"},\"query-input\":{\"@type\":\"PropertyValueSpecification\",\"valueRequired\":true,\"valueName\":\"search_term_string\"}}],\"inLanguage\":\"fr-FR\"},{\"@type\":\"Person\",\"@id\":\"https:\/\/theplayoffs.news\/fr\/#\/schema\/person\/eee5b69ad5d3c51cabe881c839dbe133\",\"name\":\"Charles Taudin\",\"image\":{\"@type\":\"ImageObject\",\"inLanguage\":\"fr-FR\",\"@id\":\"https:\/\/theplayoffs.news\/fr\/#\/schema\/person\/image\/\",\"url\":\"https:\/\/secure.gravatar.com\/avatar\/59a1e772205ce9fd255edfcafc93013736822e20261f294c5753b20c41ede9f2?s=96&d=mm&r=g\",\"contentUrl\":\"https:\/\/secure.gravatar.com\/avatar\/59a1e772205ce9fd255edfcafc93013736822e20261f294c5753b20c41ede9f2?s=96&d=mm&r=g\",\"caption\":\"Charles Taudin\"},\"description\":\"R\u00e9dacteur en chef global de The Playoffs, j\u2019ai cr\u00e9\u00e9 The Free Agent, devenu The Playoffs FR, en 2020 durant la pand\u00e9mie. Amoureux depuis des ann\u00e9es des 4 sports majeurs am\u00e9ricains, j\u2019organise maintenant la strat\u00e9gie \u00e9ditoriale et les r\u00e9seaux sociaux de l\u2019ensemble des versions de The Playoffs. Il m\u2019arrive encore d\u2019\u00e9crire sur certains sports que j\u2019affectionne particuli\u00e8rement comme la NFL ou la MLB. Si vous devez retenir qu\u2019une chose : Eli Manning est le vrai GOAT pour avoir battu deux fois Tom Brady.\",\"sameAs\":[\"https:\/\/www.instagram.com\/ctaudin_\/\"],\"url\":\"https:\/\/theplayoffs.news\/fr\/author\/charles-taudin\/\"}]}<\/script>\n<!-- \/ Yoast SEO plugin. -->","yoast_head_json":{"title":"Fernando Tatis Jr. souffre d&#039;une blessure &agrave; la cheville - The Playoffs FR","robots":{"index":"index","follow":"follow","max-snippet":"max-snippet:-1","max-image-preview":"max-image-preview:large","max-video-preview":"max-video-preview:-1"},"canonical":"https:\/\/theplayoffs.news\/fr\/actualite-mlb\/fernandotatis-jr-blessure-cheville\/","og_locale":"fr_FR","og_type":"article","og_title":"Fernando Tatis Jr. souffre d&#039;une blessure &agrave; la cheville - The Playoffs FR","og_url":"https:\/\/theplayoffs.news\/fr\/actualite-mlb\/fernandotatis-jr-blessure-cheville\/","og_site_name":"The Playoffs FR","article_publisher":"https:\/\/www.facebook.com\/TheFreeAgentFR\/","article_modified_time":"2023-07-16T09:03:47+00:00","og_image":[{"width":1024,"height":576,"url":"https:\/\/theplayoffs.news\/fr\/wp-content\/uploads\/2023\/07\/kptmj8ug2etv7q9ivknz.jpeg","type":"image\/jpeg"}],"author":"Charles Taudin","twitter_card":"summary_large_image","twitter_creator":"@TheFreeAgentFR","twitter_site":"@TheFreeAgentFR","twitter_misc":{"\u00c9crit par":"Charles Taudin","Dur\u00e9e de lecture estim\u00e9e":"2 minutes"},"schema":{"@context":"https:\/\/schema.org","@graph":[{"@type":"WebPage","@id":"https:\/\/theplayoffs.news\/fr\/actualite-mlb\/fernandotatis-jr-blessure-cheville\/","url":"https:\/\/theplayoffs.news\/fr\/actualite-mlb\/fernandotatis-jr-blessure-cheville\/","name":"Fernando Tatis Jr. souffre d\\'une blessure \u00e0 la cheville - The Playoffs FR","isPartOf":{"@id":"https:\/\/theplayoffs.news\/fr\/#website"},"primaryImageOfPage":{"@id":"https:\/\/theplayoffs.news\/fr\/actualite-mlb\/fernandotatis-jr-blessure-cheville\/#primaryimage"},"image":{"@id":"https:\/\/theplayoffs.news\/fr\/actualite-mlb\/fernandotatis-jr-blessure-cheville\/#primaryimage"},"thumbnailUrl":"https:\/\/theplayoffs.news\/fr\/wp-content\/uploads\/2023\/07\/kptmj8ug2etv7q9ivknz.jpeg","datePublished":"2023-07-16T09:13:39+00:00","dateModified":"2023-07-16T11:13:39+02:00","author":{"@id":"https:\/\/theplayoffs.news\/fr\/#\/schema\/person\/eee5b69ad5d3c51cabe881c839dbe133"},"breadcrumb":{"@id":"https:\/\/theplayoffs.news\/fr\/actualite-mlb\/fernandotatis-jr-blessure-cheville\/#breadcrumb"},"inLanguage":"fr-FR","potentialAction":[{"@type":"ReadAction","target":["https:\/\/theplayoffs.news\/fr\/actualite-mlb\/fernandotatis-jr-blessure-cheville\/"]}]},{"@type":"ImageObject","inLanguage":"fr-FR","@id":"https:\/\/theplayoffs.news\/fr\/actualite-mlb\/fernandotatis-jr-blessure-cheville\/#primaryimage","url":"https:\/\/theplayoffs.news\/fr\/wp-content\/uploads\/2023\/07\/kptmj8ug2etv7q9ivknz.jpeg","contentUrl":"https:\/\/theplayoffs.news\/fr\/wp-content\/uploads\/2023\/07\/kptmj8ug2etv7q9ivknz.jpeg","width":1024,"height":576,"caption":"fernando Tatis Jr"},{"@type":"BreadcrumbList","@id":"https:\/\/theplayoffs.news\/fr\/actualite-mlb\/fernandotatis-jr-blessure-cheville\/#breadcrumb","itemListElement":[{"@type":"ListItem","position":1,"name":"Accueil","item":"https:\/\/theplayoffs.news\/fr\/"},{"@type":"ListItem","position":2,"name":"Fernando Tatis Jr. souffre d&rsquo;une blessure \u00e0 la cheville"}]},{"@type":"WebSite","@id":"https:\/\/theplayoffs.news\/fr\/#website","url":"https:\/\/theplayoffs.news\/fr\/","name":"The Playoffs FR","description":"NBA-NFL-NHL-MLB","potentialAction":[{"@type":"SearchAction","target":{"@type":"EntryPoint","urlTemplate":"https:\/\/theplayoffs.news\/fr\/?s={search_term_string}"},"query-input":{"@type":"PropertyValueSpecification","valueRequired":true,"valueName":"search_term_string"}}],"inLanguage":"fr-FR"},{"@type":"Person","@id":"https:\/\/theplayoffs.news\/fr\/#\/schema\/person\/eee5b69ad5d3c51cabe881c839dbe133","name":"Charles Taudin","image":{"@type":"ImageObject","inLanguage":"fr-FR","@id":"https:\/\/theplayoffs.news\/fr\/#\/schema\/person\/image\/","url":"https:\/\/secure.gravatar.com\/avatar\/59a1e772205ce9fd255edfcafc93013736822e20261f294c5753b20c41ede9f2?s=96&d=mm&r=g","contentUrl":"https:\/\/secure.gravatar.com\/avatar\/59a1e772205ce9fd255edfcafc93013736822e20261f294c5753b20c41ede9f2?s=96&d=mm&r=g","caption":"Charles Taudin"},"description":"R\u00e9dacteur en chef global de The Playoffs, j\u2019ai cr\u00e9\u00e9 The Free Agent, devenu The Playoffs FR, en 2020 durant la pand\u00e9mie. Amoureux depuis des ann\u00e9es des 4 sports majeurs am\u00e9ricains, j\u2019organise maintenant la strat\u00e9gie \u00e9ditoriale et les r\u00e9seaux sociaux de l\u2019ensemble des versions de The Playoffs. Il m\u2019arrive encore d\u2019\u00e9crire sur certains sports que j\u2019affectionne particuli\u00e8rement comme la NFL ou la MLB. Si vous devez retenir qu\u2019une chose : Eli Manning est le vrai GOAT pour avoir battu deux fois Tom Brady.","sameAs":["https:\/\/www.instagram.com\/ctaudin_\/"],"url":"https:\/\/theplayoffs.news\/fr\/author\/charles-taudin\/"}]}},"_links":{"self":[{"href":"https:\/\/theplayoffs.news\/fr\/wp-json\/wp\/v2\/posts\/708377","targetHints":{"allow":["GET"]}}],"collection":[{"href":"https:\/\/theplayoffs.news\/fr\/wp-json\/wp\/v2\/posts"}],"about":[{"href":"https:\/\/theplayoffs.news\/fr\/wp-json\/wp\/v2\/types\/post"}],"author":[{"embeddable":true,"href":"https:\/\/theplayoffs.news\/fr\/wp-json\/wp\/v2\/users\/13"}],"replies":[{"embeddable":true,"href":"https:\/\/theplayoffs.news\/fr\/wp-json\/wp\/v2\/comments?post=708377"}],"version-history":[{"count":2,"href":"https:\/\/theplayoffs.news\/fr\/wp-json\/wp\/v2\/posts\/708377\/revisions"}],"predecessor-version":[{"id":708422,"href":"https:\/\/theplayoffs.news\/fr\/wp-json\/wp\/v2\/posts\/708377\/revisions\/708422"}],"wp:featuredmedia":[{"embeddable":true,"href":"https:\/\/theplayoffs.news\/fr\/wp-json\/wp\/v2\/media\/708413"}],"wp:attachment":[{"href":"https:\/\/theplayoffs.news\/fr\/wp-json\/wp\/v2\/media?parent=708377"}],"wp:term":[{"taxonomy":"category","embeddable":true,"href":"https:\/\/theplayoffs.news\/fr\/wp-json\/wp\/v2\/categories?post=708377"},{"taxonomy":"post_tag","embeddable":true,"href":"https:\/\/theplayoffs.news\/fr\/wp-json\/wp\/v2\/tags?post=708377"},{"taxonomy":"sport","embeddable":true,"href":"https:\/\/theplayoffs.news\/fr\/wp-json\/wp\/v2\/sport?post=708377"},{"taxonomy":"saison","embeddable":true,"href":"https:\/\/theplayoffs.news\/fr\/wp-json\/wp\/v2\/saison?post=708377"}],"curies":[{"name":"wp","href":"https:\/\/api.w.org\/{rel}","templated":true}]}}