{"id":706420,"date":"2023-07-15T18:21:50","date_gmt":"2023-07-15T16:21:50","guid":{"rendered":"https:\/\/theplayoffs.news\/fr\/?p=706420"},"modified":"2023-07-15T18:21:51","modified_gmt":"2023-07-15T16:21:51","slug":"mitch-marner-salue-les-acquisitions-recentes-des-maple-leafs-malgre-un-ete-tumultueux","status":"publish","type":"post","link":"https:\/\/theplayoffs.news\/fr\/actualite-nhl\/mitch-marner-salue-les-acquisitions-recentes-des-maple-leafs-malgre-un-ete-tumultueux\/","title":{"rendered":"Mitch Marner salue les acquisitions r\u00e9centes des Maple Leafs malgr\u00e9 un \u00e9t\u00e9 tumultueux"},"content":{"rendered":"<h2>Apr&egrave;s une saison marqu&eacute;e par une performance en s&eacute;rie &eacute;liminatoire d&eacute;cevante, les Maple Leafs de Toronto ont fait face &agrave; de nombreux changements et controverses pendant l&rsquo;intersaison.<\/h2><p>Malgr&eacute; tout, la star de l&rsquo;&eacute;quipe, Mitch Marner, a exprim&eacute; son enthousiasme pour l&rsquo;avenir et les r&eacute;cents ajouts &agrave; l&rsquo;&eacute;quipe.<\/p><blockquote><p>&laquo;&nbsp;Les gens qu&rsquo;on est all&eacute; chercher ont du caract&egrave;re, ils peuvent d&eacute;ranger l&rsquo;adversaire. Ils sont capables de mettre des rondelles au filet et de se placer devant celui-ci. Dans les cas de Bertuzzi et Domi en particulier, ils peuvent jouer &agrave; plusieurs endroits dans la formation. On conna&icirc;t aussi ce que peut apporter Reaves avec son intensit&eacute; et sa robustesse,&nbsp;&raquo; a d&eacute;clar&eacute; Marner lors d&rsquo;une entrevue avec <a href=\"https:\/\/www.youtube.com\/watch?v=b8qzYPhpK4o&amp;pp=ygUMbWl0Y2ggbWFybmVy\" class=\"trk-cta-link\" data-cta-trk='{\"ctaType\":\"Link\",\"ctaSubType\":\"main\"}'>TSN1050 jeudi<\/a>.<\/p><\/blockquote><p>La saison derni&egrave;re, les Leafs ont fait tomber une mal&eacute;diction qui durait depuis 2004 en remportant une s&eacute;rie de premier tour, avant de s&rsquo;effondrer face aux Panthers de la Floride, qui ont gagn&eacute; la s&eacute;rie en cinq matchs.<\/p><p>Suite &agrave; cette d&eacute;ception, plusieurs membres cl&eacute;s de l&rsquo;&eacute;quipe et de la direction ont quitt&eacute; les Maple Leafs. <a href=\"https:\/\/theplayoffs.news\/fr\/nhl\/kyle-dubas-depart-maple-leafs\/\" class=\"trk-cta-link\" data-cta-trk='{\"ctaType\":\"Link\",\"ctaSubType\":\"main\"}'>Kyle Dubas a &eacute;t&eacute; remerci&eacute;<\/a> de ses services en tant que directeur g&eacute;n&eacute;ral, remplac&eacute; par l&rsquo;ancien DG des Flames de Calgary, Brad Treliving. En outre, une panoplie de joueurs a quitt&eacute; l&rsquo;&eacute;quipe lors de l&rsquo;ouverture du march&eacute; des joueurs autonomes.<\/p><p>Mais les Maple Leafs n&rsquo;ont pas tard&eacute; &agrave; combler ces vides. Ils ont acquis les attaquants <a href=\"https:\/\/theplayoffs.news\/fr\/joueur\/tyler-bertuzzi-nhl-6084112\/\" class=\"trk-cta-link\" data-cta-trk='{\"ctaType\":\"Link\",\"ctaSubType\":\"main\"}'><strong>Tyler Bertuzzi<\/strong><\/a>, <a href=\"https:\/\/theplayoffs.news\/fr\/joueur\/max-domi-nhl-6084028\/\" class=\"trk-cta-link\" data-cta-trk='{\"ctaType\":\"Link\",\"ctaSubType\":\"main\"}'><strong>Max Domi<\/strong><\/a>, <a href=\"https:\/\/theplayoffs.news\/fr\/joueur\/ryan-reaves-nhl-7366\/\" class=\"trk-cta-link\" data-cta-trk='{\"ctaType\":\"Link\",\"ctaSubType\":\"main\"}'><strong>Ryan Reaves<\/strong><\/a> et le d&eacute;fenseur <a href=\"https:\/\/theplayoffs.news\/fr\/joueur\/john-klingberg-nhl-5181502\/\" class=\"trk-cta-link\" data-cta-trk='{\"ctaType\":\"Link\",\"ctaSubType\":\"main\"}'><strong>John Klingberg<\/strong><\/a>. La recrue Matthew Knies disputera &eacute;galement sa premi&egrave;re saison compl&egrave;te dans la LNH.<\/p><p>Cependant, l&rsquo;incertitude demeure quant &agrave; l&rsquo;avenir d&rsquo;Auston Matthews et William Nylander avec les Leafs, alors qu&rsquo;ils entament la derni&egrave;re ann&eacute;e de leur contrat respectif. Marner, bien qu&rsquo;il ne soit pas au courant des d&eacute;veloppements, a affirm&eacute; qu&rsquo;il sera l&agrave; pour eux en tant qu&rsquo;ami.<\/p><blockquote><p>&laquo;&nbsp;Pr&eacute;sentement, j&rsquo;essaie de ne pas m&rsquo;en m&ecirc;ler et de leur parler simplement comme ami. Ils aiment cette &eacute;quipe, ils sont passionn&eacute;s et ils ont envie d&rsquo;&ecirc;tre ici. Je ne suis pas trop inquiet,&nbsp;&raquo; a d&eacute;clar&eacute; Marner.<\/p><\/blockquote><p>Avec ces nouveaux ajouts et une nouvelle direction, les Leafs se pr&eacute;parent pour une nouvelle saison remplie d&rsquo;espoir et de possibilit&eacute;s. Malgr&eacute; les d&eacute;fis et les d&eacute;ceptions de l&rsquo;ann&eacute;e pass&eacute;e, Mitch Marner et ses co&eacute;quipiers semblent d&eacute;termin&eacute;s &agrave; se remettre sur la bonne voie et &agrave; remettre les Maple Leafs de Toronto au sommet de la NHL.<\/p>\n","protected":false},"excerpt":{"rendered":"","protected":false},"author":13,"featured_media":706421,"comment_status":"open","ping_status":"closed","sticky":false,"template":"","format":"standard","meta":{"inline_featured_image":false,"kia_subtitle":"","_mux_skip_reasons":[],"proofreadBy":0,"footnotes":""},"categories":[187,26],"tags":[2051,784],"sport":[],"saison":[],"class_list":["post-706420","post","type-post","status-publish","format-standard","has-post-thumbnail","hentry","category-actualite-nhl","category-nhl","tag-mitch-marner","tag-toronto-maple-leafs"],"acf":[],"yoast_head":"<!-- This site is optimized with the Yoast SEO plugin v24.2 - https:\/\/yoast.com\/wordpress\/plugins\/seo\/ -->\n<title>Mitch Marner salue les acquisitions r&eacute;centes des Maple Leafs malgr&eacute; un &eacute;t&eacute; tumultueux - The Playoffs FR<\/title>\n<meta name=\"robots\" content=\"index, follow, max-snippet:-1, max-image-preview:large, max-video-preview:-1\" \/>\n<link rel=\"canonical\" href=\"https:\/\/theplayoffs.news\/fr\/actualite-nhl\/mitch-marner-salue-les-acquisitions-recentes-des-maple-leafs-malgre-un-ete-tumultueux\/\" \/>\n<meta property=\"og:locale\" content=\"fr_FR\" \/>\n<meta property=\"og:type\" content=\"article\" \/>\n<meta property=\"og:title\" content=\"Mitch Marner salue les acquisitions r&eacute;centes des Maple Leafs malgr&eacute; un &eacute;t&eacute; tumultueux - The Playoffs FR\" \/>\n<meta property=\"og:url\" content=\"https:\/\/theplayoffs.news\/fr\/actualite-nhl\/mitch-marner-salue-les-acquisitions-recentes-des-maple-leafs-malgre-un-ete-tumultueux\/\" \/>\n<meta property=\"og:site_name\" content=\"The Playoffs FR\" \/>\n<meta property=\"article:publisher\" content=\"https:\/\/www.facebook.com\/TheFreeAgentFR\/\" \/>\n<meta property=\"article:modified_time\" content=\"2023-07-15T18:21:51+02:00\" \/>\n<meta property=\"og:image\" content=\"https:\/\/theplayoffs.news\/fr\/wp-content\/uploads\/2023\/07\/Capture-decran-2023-07-15-a-18.18.27.jpg\" \/>\n\t<meta property=\"og:image:width\" content=\"1920\" \/>\n\t<meta property=\"og:image:height\" content=\"995\" \/>\n\t<meta property=\"og:image:type\" content=\"image\/jpeg\" \/>\n<meta name=\"author\" content=\"Charles Taudin\" \/>\n<meta name=\"twitter:card\" content=\"summary_large_image\" \/>\n<meta name=\"twitter:creator\" content=\"@TheFreeAgentFR\" \/>\n<meta name=\"twitter:site\" content=\"@TheFreeAgentFR\" \/>\n<meta name=\"twitter:label1\" content=\"\u00c9crit par\" \/>\n\t<meta name=\"twitter:data1\" content=\"Charles Taudin\" \/>\n\t<meta name=\"twitter:label2\" content=\"Dur\u00e9e de lecture estim\u00e9e\" \/>\n\t<meta name=\"twitter:data2\" content=\"2 minutes\" \/>\n<script type=\"application\/ld+json\" class=\"yoast-schema-graph\">{\"@context\":\"https:\/\/schema.org\",\"@graph\":[{\"@type\":\"WebPage\",\"@id\":\"https:\/\/theplayoffs.news\/fr\/actualite-nhl\/mitch-marner-salue-les-acquisitions-recentes-des-maple-leafs-malgre-un-ete-tumultueux\/\",\"url\":\"https:\/\/theplayoffs.news\/fr\/actualite-nhl\/mitch-marner-salue-les-acquisitions-recentes-des-maple-leafs-malgre-un-ete-tumultueux\/\",\"name\":\"Mitch Marner salue les acquisitions r\u00e9centes des Maple Leafs malgr\u00e9 un \u00e9t\u00e9 tumultueux - The Playoffs FR\",\"isPartOf\":{\"@id\":\"https:\/\/theplayoffs.news\/fr\/#website\"},\"primaryImageOfPage\":{\"@id\":\"https:\/\/theplayoffs.news\/fr\/actualite-nhl\/mitch-marner-salue-les-acquisitions-recentes-des-maple-leafs-malgre-un-ete-tumultueux\/#primaryimage\"},\"image\":{\"@id\":\"https:\/\/theplayoffs.news\/fr\/actualite-nhl\/mitch-marner-salue-les-acquisitions-recentes-des-maple-leafs-malgre-un-ete-tumultueux\/#primaryimage\"},\"thumbnailUrl\":\"https:\/\/theplayoffs.news\/fr\/wp-content\/uploads\/2023\/07\/Capture-decran-2023-07-15-a-18.18.27.jpg\",\"datePublished\":\"2023-07-15T16:21:50+00:00\",\"dateModified\":\"2023-07-15T16:21:51+00:00\",\"author\":{\"@id\":\"https:\/\/theplayoffs.news\/fr\/#\/schema\/person\/eee5b69ad5d3c51cabe881c839dbe133\"},\"breadcrumb\":{\"@id\":\"https:\/\/theplayoffs.news\/fr\/actualite-nhl\/mitch-marner-salue-les-acquisitions-recentes-des-maple-leafs-malgre-un-ete-tumultueux\/#breadcrumb\"},\"inLanguage\":\"fr-FR\",\"potentialAction\":[{\"@type\":\"ReadAction\",\"target\":[\"https:\/\/theplayoffs.news\/fr\/actualite-nhl\/mitch-marner-salue-les-acquisitions-recentes-des-maple-leafs-malgre-un-ete-tumultueux\/\"]}]},{\"@type\":\"ImageObject\",\"inLanguage\":\"fr-FR\",\"@id\":\"https:\/\/theplayoffs.news\/fr\/actualite-nhl\/mitch-marner-salue-les-acquisitions-recentes-des-maple-leafs-malgre-un-ete-tumultueux\/#primaryimage\",\"url\":\"https:\/\/theplayoffs.news\/fr\/wp-content\/uploads\/2023\/07\/Capture-decran-2023-07-15-a-18.18.27.jpg\",\"contentUrl\":\"https:\/\/theplayoffs.news\/fr\/wp-content\/uploads\/2023\/07\/Capture-decran-2023-07-15-a-18.18.27.jpg\",\"width\":1920,\"height\":995,\"caption\":\"Mitch Marner\"},{\"@type\":\"BreadcrumbList\",\"@id\":\"https:\/\/theplayoffs.news\/fr\/actualite-nhl\/mitch-marner-salue-les-acquisitions-recentes-des-maple-leafs-malgre-un-ete-tumultueux\/#breadcrumb\",\"itemListElement\":[{\"@type\":\"ListItem\",\"position\":1,\"name\":\"Accueil\",\"item\":\"https:\/\/theplayoffs.news\/fr\/\"},{\"@type\":\"ListItem\",\"position\":2,\"name\":\"Mitch Marner salue les acquisitions r\u00e9centes des Maple Leafs malgr\u00e9 un \u00e9t\u00e9 tumultueux\"}]},{\"@type\":\"WebSite\",\"@id\":\"https:\/\/theplayoffs.news\/fr\/#website\",\"url\":\"https:\/\/theplayoffs.news\/fr\/\",\"name\":\"The Playoffs FR\",\"description\":\"NBA-NFL-NHL-MLB\",\"potentialAction\":[{\"@type\":\"SearchAction\",\"target\":{\"@type\":\"EntryPoint\",\"urlTemplate\":\"https:\/\/theplayoffs.news\/fr\/?s={search_term_string}\"},\"query-input\":{\"@type\":\"PropertyValueSpecification\",\"valueRequired\":true,\"valueName\":\"search_term_string\"}}],\"inLanguage\":\"fr-FR\"},{\"@type\":\"Person\",\"@id\":\"https:\/\/theplayoffs.news\/fr\/#\/schema\/person\/eee5b69ad5d3c51cabe881c839dbe133\",\"name\":\"Charles Taudin\",\"image\":{\"@type\":\"ImageObject\",\"inLanguage\":\"fr-FR\",\"@id\":\"https:\/\/theplayoffs.news\/fr\/#\/schema\/person\/image\/\",\"url\":\"https:\/\/secure.gravatar.com\/avatar\/59a1e772205ce9fd255edfcafc93013736822e20261f294c5753b20c41ede9f2?s=96&d=mm&r=g\",\"contentUrl\":\"https:\/\/secure.gravatar.com\/avatar\/59a1e772205ce9fd255edfcafc93013736822e20261f294c5753b20c41ede9f2?s=96&d=mm&r=g\",\"caption\":\"Charles Taudin\"},\"description\":\"R\u00e9dacteur en chef global de The Playoffs, j\u2019ai cr\u00e9\u00e9 The Free Agent, devenu The Playoffs FR, en 2020 durant la pand\u00e9mie. Amoureux depuis des ann\u00e9es des 4 sports majeurs am\u00e9ricains, j\u2019organise maintenant la strat\u00e9gie \u00e9ditoriale et les r\u00e9seaux sociaux de l\u2019ensemble des versions de The Playoffs. Il m\u2019arrive encore d\u2019\u00e9crire sur certains sports que j\u2019affectionne particuli\u00e8rement comme la NFL ou la MLB. Si vous devez retenir qu\u2019une chose : Eli Manning est le vrai GOAT pour avoir battu deux fois Tom Brady.\",\"sameAs\":[\"https:\/\/www.instagram.com\/ctaudin_\/\"],\"url\":\"https:\/\/theplayoffs.news\/fr\/author\/charles-taudin\/\"}]}<\/script>\n<!-- \/ Yoast SEO plugin. -->","yoast_head_json":{"title":"Mitch Marner salue les acquisitions r&eacute;centes des Maple Leafs malgr&eacute; un &eacute;t&eacute; tumultueux - The Playoffs FR","robots":{"index":"index","follow":"follow","max-snippet":"max-snippet:-1","max-image-preview":"max-image-preview:large","max-video-preview":"max-video-preview:-1"},"canonical":"https:\/\/theplayoffs.news\/fr\/actualite-nhl\/mitch-marner-salue-les-acquisitions-recentes-des-maple-leafs-malgre-un-ete-tumultueux\/","og_locale":"fr_FR","og_type":"article","og_title":"Mitch Marner salue les acquisitions r&eacute;centes des Maple Leafs malgr&eacute; un &eacute;t&eacute; tumultueux - The Playoffs FR","og_url":"https:\/\/theplayoffs.news\/fr\/actualite-nhl\/mitch-marner-salue-les-acquisitions-recentes-des-maple-leafs-malgre-un-ete-tumultueux\/","og_site_name":"The Playoffs FR","article_publisher":"https:\/\/www.facebook.com\/TheFreeAgentFR\/","article_modified_time":"2023-07-15T16:21:51+00:00","og_image":[{"width":1920,"height":995,"url":"https:\/\/theplayoffs.news\/fr\/wp-content\/uploads\/2023\/07\/Capture-decran-2023-07-15-a-18.18.27.jpg","type":"image\/jpeg"}],"author":"Charles Taudin","twitter_card":"summary_large_image","twitter_creator":"@TheFreeAgentFR","twitter_site":"@TheFreeAgentFR","twitter_misc":{"\u00c9crit par":"Charles Taudin","Dur\u00e9e de lecture estim\u00e9e":"2 minutes"},"schema":{"@context":"https:\/\/schema.org","@graph":[{"@type":"WebPage","@id":"https:\/\/theplayoffs.news\/fr\/actualite-nhl\/mitch-marner-salue-les-acquisitions-recentes-des-maple-leafs-malgre-un-ete-tumultueux\/","url":"https:\/\/theplayoffs.news\/fr\/actualite-nhl\/mitch-marner-salue-les-acquisitions-recentes-des-maple-leafs-malgre-un-ete-tumultueux\/","name":"Mitch Marner salue les acquisitions r\u00e9centes des Maple Leafs malgr\u00e9 un \u00e9t\u00e9 tumultueux - The Playoffs FR","isPartOf":{"@id":"https:\/\/theplayoffs.news\/fr\/#website"},"primaryImageOfPage":{"@id":"https:\/\/theplayoffs.news\/fr\/actualite-nhl\/mitch-marner-salue-les-acquisitions-recentes-des-maple-leafs-malgre-un-ete-tumultueux\/#primaryimage"},"image":{"@id":"https:\/\/theplayoffs.news\/fr\/actualite-nhl\/mitch-marner-salue-les-acquisitions-recentes-des-maple-leafs-malgre-un-ete-tumultueux\/#primaryimage"},"thumbnailUrl":"https:\/\/theplayoffs.news\/fr\/wp-content\/uploads\/2023\/07\/Capture-decran-2023-07-15-a-18.18.27.jpg","datePublished":"2023-07-15T16:21:50+00:00","dateModified":"2023-07-15T16:21:51+00:00","author":{"@id":"https:\/\/theplayoffs.news\/fr\/#\/schema\/person\/eee5b69ad5d3c51cabe881c839dbe133"},"breadcrumb":{"@id":"https:\/\/theplayoffs.news\/fr\/actualite-nhl\/mitch-marner-salue-les-acquisitions-recentes-des-maple-leafs-malgre-un-ete-tumultueux\/#breadcrumb"},"inLanguage":"fr-FR","potentialAction":[{"@type":"ReadAction","target":["https:\/\/theplayoffs.news\/fr\/actualite-nhl\/mitch-marner-salue-les-acquisitions-recentes-des-maple-leafs-malgre-un-ete-tumultueux\/"]}]},{"@type":"ImageObject","inLanguage":"fr-FR","@id":"https:\/\/theplayoffs.news\/fr\/actualite-nhl\/mitch-marner-salue-les-acquisitions-recentes-des-maple-leafs-malgre-un-ete-tumultueux\/#primaryimage","url":"https:\/\/theplayoffs.news\/fr\/wp-content\/uploads\/2023\/07\/Capture-decran-2023-07-15-a-18.18.27.jpg","contentUrl":"https:\/\/theplayoffs.news\/fr\/wp-content\/uploads\/2023\/07\/Capture-decran-2023-07-15-a-18.18.27.jpg","width":1920,"height":995,"caption":"Mitch Marner"},{"@type":"BreadcrumbList","@id":"https:\/\/theplayoffs.news\/fr\/actualite-nhl\/mitch-marner-salue-les-acquisitions-recentes-des-maple-leafs-malgre-un-ete-tumultueux\/#breadcrumb","itemListElement":[{"@type":"ListItem","position":1,"name":"Accueil","item":"https:\/\/theplayoffs.news\/fr\/"},{"@type":"ListItem","position":2,"name":"Mitch Marner salue les acquisitions r\u00e9centes des Maple Leafs malgr\u00e9 un \u00e9t\u00e9 tumultueux"}]},{"@type":"WebSite","@id":"https:\/\/theplayoffs.news\/fr\/#website","url":"https:\/\/theplayoffs.news\/fr\/","name":"The Playoffs FR","description":"NBA-NFL-NHL-MLB","potentialAction":[{"@type":"SearchAction","target":{"@type":"EntryPoint","urlTemplate":"https:\/\/theplayoffs.news\/fr\/?s={search_term_string}"},"query-input":{"@type":"PropertyValueSpecification","valueRequired":true,"valueName":"search_term_string"}}],"inLanguage":"fr-FR"},{"@type":"Person","@id":"https:\/\/theplayoffs.news\/fr\/#\/schema\/person\/eee5b69ad5d3c51cabe881c839dbe133","name":"Charles Taudin","image":{"@type":"ImageObject","inLanguage":"fr-FR","@id":"https:\/\/theplayoffs.news\/fr\/#\/schema\/person\/image\/","url":"https:\/\/secure.gravatar.com\/avatar\/59a1e772205ce9fd255edfcafc93013736822e20261f294c5753b20c41ede9f2?s=96&d=mm&r=g","contentUrl":"https:\/\/secure.gravatar.com\/avatar\/59a1e772205ce9fd255edfcafc93013736822e20261f294c5753b20c41ede9f2?s=96&d=mm&r=g","caption":"Charles Taudin"},"description":"R\u00e9dacteur en chef global de The Playoffs, j\u2019ai cr\u00e9\u00e9 The Free Agent, devenu The Playoffs FR, en 2020 durant la pand\u00e9mie. Amoureux depuis des ann\u00e9es des 4 sports majeurs am\u00e9ricains, j\u2019organise maintenant la strat\u00e9gie \u00e9ditoriale et les r\u00e9seaux sociaux de l\u2019ensemble des versions de The Playoffs. Il m\u2019arrive encore d\u2019\u00e9crire sur certains sports que j\u2019affectionne particuli\u00e8rement comme la NFL ou la MLB. Si vous devez retenir qu\u2019une chose : Eli Manning est le vrai GOAT pour avoir battu deux fois Tom Brady.","sameAs":["https:\/\/www.instagram.com\/ctaudin_\/"],"url":"https:\/\/theplayoffs.news\/fr\/author\/charles-taudin\/"}]}},"_links":{"self":[{"href":"https:\/\/theplayoffs.news\/fr\/wp-json\/wp\/v2\/posts\/706420","targetHints":{"allow":["GET"]}}],"collection":[{"href":"https:\/\/theplayoffs.news\/fr\/wp-json\/wp\/v2\/posts"}],"about":[{"href":"https:\/\/theplayoffs.news\/fr\/wp-json\/wp\/v2\/types\/post"}],"author":[{"embeddable":true,"href":"https:\/\/theplayoffs.news\/fr\/wp-json\/wp\/v2\/users\/13"}],"replies":[{"embeddable":true,"href":"https:\/\/theplayoffs.news\/fr\/wp-json\/wp\/v2\/comments?post=706420"}],"version-history":[{"count":2,"href":"https:\/\/theplayoffs.news\/fr\/wp-json\/wp\/v2\/posts\/706420\/revisions"}],"predecessor-version":[{"id":706424,"href":"https:\/\/theplayoffs.news\/fr\/wp-json\/wp\/v2\/posts\/706420\/revisions\/706424"}],"wp:featuredmedia":[{"embeddable":true,"href":"https:\/\/theplayoffs.news\/fr\/wp-json\/wp\/v2\/media\/706421"}],"wp:attachment":[{"href":"https:\/\/theplayoffs.news\/fr\/wp-json\/wp\/v2\/media?parent=706420"}],"wp:term":[{"taxonomy":"category","embeddable":true,"href":"https:\/\/theplayoffs.news\/fr\/wp-json\/wp\/v2\/categories?post=706420"},{"taxonomy":"post_tag","embeddable":true,"href":"https:\/\/theplayoffs.news\/fr\/wp-json\/wp\/v2\/tags?post=706420"},{"taxonomy":"sport","embeddable":true,"href":"https:\/\/theplayoffs.news\/fr\/wp-json\/wp\/v2\/sport?post=706420"},{"taxonomy":"saison","embeddable":true,"href":"https:\/\/theplayoffs.news\/fr\/wp-json\/wp\/v2\/saison?post=706420"}],"curies":[{"name":"wp","href":"https:\/\/api.w.org\/{rel}","templated":true}]}}