{"id":691650,"date":"2023-07-09T19:01:13","date_gmt":"2023-07-09T17:01:13","guid":{"rendered":"https:\/\/theplayoffs.news\/fr\/?p=691650"},"modified":"2023-07-09T19:01:15","modified_gmt":"2023-07-09T17:01:15","slug":"elf-week-6-mousquetaires-de-paris-stuttgart","status":"publish","type":"post","link":"https:\/\/theplayoffs.news\/fr\/elf\/elf-week-6-mousquetaires-de-paris-stuttgart\/","title":{"rendered":"ELF &#8211; Week 6: D\u00e9faite rageante pour les Mousquetaires de Paris \u00e0 Stuttgart"},"content":{"rendered":"<h2>Les Mousquetaires de Paris se sont inclin&eacute;s pour la deuxi&egrave;me fois de la saison contre le Stuttgart Surge (14-6).<\/h2><p>Pour la sixi&egrave;me journ&eacute;e de comp&eacute;tition en <a href=\"https:\/\/europeanleague.football\/game-center\/schedule\/paris-musketeers-at-stuttgart-surge-640bcad106c9126799b780f6\" class=\"trk-cta-link\" data-cta-trk='{\"ctaType\":\"Link\",\"ctaSubType\":\"main\"}'>ELF<\/a>, les Mousquetaires de Paris se rendaient en Allemagne pour d&eacute;fier le Stuttgart Surge, toujours invaincus en ce d&eacute;but de saison. Une mission difficile pour les Mousquetaires qui avaient perdu le <a href=\"https:\/\/theplayoffs.news\/fr\/elf\/mousquetaires-de-paris-une-premiere-ratee-a-jean-bouin\/\" class=\"trk-cta-link\" data-cta-trk='{\"ctaType\":\"Link\",\"ctaSubType\":\"main\"}'>&laquo;&nbsp;match aller&nbsp;&raquo;<\/a> &agrave; Jean Bouin sur le score de 20-29. Malheureusement, les parisiens ne pourront pas faire mieux au match retour et devront conc&eacute;der leur quatri&egrave;me d&eacute;faite de la saison (14-6)<\/p><h3>Paris domine mais g&acirc;che des occasions<\/h3><p>Au contraire des derni&egrave;res semaines qui avaient &eacute;t&eacute; marqu&eacute;es par un d&eacute;marrage plut&ocirc;t lent des Mousquetaires de Paris, les co&eacute;quipiers de Zach Edwards vont cette fois-ci se mettre rapidement en marche des deux c&ocirc;t&eacute;s du ballon. Offensivement, les parisiens avancent plut&ocirc;t bien dans le camp allemand malgr&eacute; une pression quasi constante sur le quarterback parisien. Mais c&rsquo;est surtout d&eacute;fensivement que les parisiens sont impressionnants puisque les allemands sont asphyxi&eacute;s et doivent rendre parfois m&ecirc;me le ballon dans leur propre camp ou conc&eacute;der une interception.<\/p><p>Le probl&egrave;me c&rsquo;est que cette domination territoriale et chronom&eacute;trique des Mousquetaires de Paris met &eacute;norm&eacute;ment de temps &agrave; se concr&eacute;tiser au tableau d&rsquo;affichage. En cause, un manque de justesse dans le dernier geste et la pression d&eacute;fensive des allemands. Et m&ecirc;me quand Larose croit enfin avoir pu d&eacute;bloquer le compteur, la passe est appel&eacute;e incompl&egrave;te car Florian Larose n&rsquo;a pas pu poser ses deux pieds dans l&rsquo;en but de Stuttgart.<\/p><p>Il faudra attendre la toute fin de la premi&egrave;re mi-temps pour voir Larose ouvrir le score m&ecirc;me si la conversion sera ensuite bloqu&eacute;e (0-6). Le soucis c&rsquo;est que quand l&rsquo;attaque parisienne parvient enfin &agrave; scorer, la d&eacute;fense baisse imm&eacute;diatement de niveau. Il faudra ainsi seulement trois jeux &agrave; Stuttgart pour enfin trouver la faille dans la d&eacute;fense de Paris et reprendre les commandes du match (7-6).<\/p><blockquote class=\"twitter-tweet\" data-width=\"500\" data-dnt=\"true\">\n<p lang=\"en\" dir=\"ltr\">Touchdown by Florian Larose who shows us a nice celebration afterwards. PAT is blocked. <a href=\"https:\/\/twitter.com\/parismusketeers?ref_src=twsrc%5Etfw\" class=\"trk-cta-link\" data-cta-trk='{\"ctaType\":\"Link\",\"ctaSubType\":\"main\"}'>@parismusketeers<\/a> <a href=\"https:\/\/twitter.com\/hashtag\/PARatSRG?src=hash&amp;ref_src=twsrc%5Etfw\" class=\"trk-cta-link\" data-cta-trk='{\"ctaType\":\"Link\",\"ctaSubType\":\"main\"}'>#PARatSRG<\/a> 6:0 <a href=\"https:\/\/t.co\/Y0BnWOkNh5\" class=\"trk-cta-link\" data-cta-trk='{\"ctaType\":\"Link\",\"ctaSubType\":\"main\"}'>pic.twitter.com\/Y0BnWOkNh5<\/a><\/p>\n<p>&mdash; Around the ELF (@aroundtheelf) <a href=\"https:\/\/twitter.com\/aroundtheelf\/status\/1678061074048843782?ref_src=twsrc%5Etfw\" class=\"trk-cta-link\" data-cta-trk='{\"ctaType\":\"Link\",\"ctaSubType\":\"main\"}'>July 9, 2023<\/a><\/p><\/blockquote><p><script async src=\"https:\/\/platform.twitter.com\/widgets.js\" charset=\"utf-8\"><\/script><\/p><p>A la mi-temps, l&rsquo;impression d&rsquo;un grand g&acirc;chis domine chez les Mousquetaires de Paris. Les parisiens ont conserv&eacute; le ballon les 2\/3 du temps, ils n&rsquo;ont &eacute;t&eacute; mis en danger qu&rsquo;une fois et n&rsquo;ont conc&eacute;d&eacute; que 115 yards au total contre presque 200 pour les allemands. Et pourtant ce sont bien les joueurs du Surge qui m&egrave;nent &agrave; la pause contre le cours du jeu.<\/p><h3>Une deuxi&egrave;me mi-temps tr&egrave;s ferm&eacute;e<\/h3><p>S&rsquo;appuyant a merveille sur le changement de momentum de la fin de premi&egrave;re mi-temps, les joueurs de Stuttgart reprennent s&eacute;rieusement les choses en main en d&eacute;but de troisi&egrave;me quart-temps. Au terme d&rsquo;un drive de presque 10 minutes et d&rsquo;une alternance parfaite jeu de passe &ndash; jeu de course au sein d&rsquo;une d&eacute;fense parisienne plus perm&eacute;able, Pasqualini trouve l&rsquo;en but &agrave; la course et permet &agrave; Stuttgart de faire un premier break dans cette rencontre (14-6). Les parisiens tentent de r&eacute;pondre de la m&ecirc;me fa&ccedil;on mais Edwards doit forcer une longue passe et se fait intercepter pour la troisi&egrave;me fois de l&rsquo;apr&egrave;s-midi.<\/p><p>La d&eacute;fense parisienne force les allemands &agrave; rendre le ballon rapidement en d&eacute;but de quatri&egrave;me quart mais l&rsquo;attaque manque &agrave; nouveau une occasion de revenir avec un fumble perdu par Bofunda. Quelques minutes plus tard, suite &agrave; un gros gain de Bertellin qui r&eacute;ceptionne miraculeusement le ballon apr&egrave;s que Kyle Sweet l&rsquo;ai cafouill&eacute;, les Mousquetaires restent bloqu&eacute; &agrave; 10 yards de l&rsquo;en but allemand et Botella Moreno rel&acirc;che le ballon dans l&rsquo;en but de Stuttgart.<\/p><blockquote class=\"twitter-tweet\" data-width=\"500\" data-dnt=\"true\">\n<p lang=\"fr\" dir=\"ltr\">&#128064; La poche s'effondre mais Edwards s'&eacute;carte et passe &agrave; R&eacute;mi Bertellin qui s&rsquo;envole pour 57 yds vers la red zone de Stuttgart <a href=\"https:\/\/twitter.com\/parismusketeers?ref_src=twsrc%5Etfw\" class=\"trk-cta-link\" data-cta-trk='{\"ctaType\":\"Link\",\"ctaSubType\":\"main\"}'>@parismusketeers<\/a> <a href=\"https:\/\/twitter.com\/hashtag\/PARatSRG?src=hash&amp;ref_src=twsrc%5Etfw\" class=\"trk-cta-link\" data-cta-trk='{\"ctaType\":\"Link\",\"ctaSubType\":\"main\"}'>#PARatSRG<\/a> <a href=\"https:\/\/t.co\/GMcTAQUXxg\" class=\"trk-cta-link\" data-cta-trk='{\"ctaType\":\"Link\",\"ctaSubType\":\"main\"}'>pic.twitter.com\/GMcTAQUXxg<\/a><\/p>\n<p>&mdash; Spring Football News (@SpringFBnews) <a href=\"https:\/\/twitter.com\/SpringFBnews\/status\/1678079690248970241?ref_src=twsrc%5Etfw\" class=\"trk-cta-link\" data-cta-trk='{\"ctaType\":\"Link\",\"ctaSubType\":\"main\"}'>July 9, 2023<\/a><\/p><\/blockquote><p><script async src=\"https:\/\/platform.twitter.com\/widgets.js\" charset=\"utf-8\"><\/script><\/p><p>Stuttgart fait alors tourner le chronom&egrave;tre en s&rsquo;appuyant sur le jeu de course de Pasqualini. Mais la d&eacute;fense parisienne tient bon et r&eacute;cup&egrave;re une derni&egrave;re opportunit&eacute; avec une minute restante au chronom&egrave;tre. Les Mousquetaires de Paris parviennent &agrave; progresser jusqu&rsquo;&agrave; 2 yards de l&rsquo;en but avec une dizaine de secondes &agrave; jouer. Sans temps mort, Zach Edwards tente de surprendre la d&eacute;fense en partant vers l&rsquo;en but au lieu de spiker la balle. Il sera stopp&eacute; &agrave; quelques centim&egrave;tres de la terre promise! Une d&eacute;faite rageante pour les parisiens.<\/p><p>https:\/\/twitter.com\/SpringFBnews\/status\/1678086544593244166?s=20<\/p><p>Prochain rendez-vous pour les Mousquetaires de Paris le 16 juillet &agrave; Jean Bouin avec la r&eacute;ception de l&rsquo;un des ogres de cette ELF 2023: le Rhein Fire.<\/p>\n","protected":false},"excerpt":{"rendered":"","protected":false},"author":180309964,"featured_media":691651,"comment_status":"open","ping_status":"closed","sticky":false,"template":"","format":"standard","meta":{"inline_featured_image":false,"kia_subtitle":"","_mux_skip_reasons":[],"proofreadBy":0,"footnotes":""},"categories":[5964],"tags":[4569,4833,4554],"sport":[2785],"saison":[3453],"class_list":["post-691650","post","type-post","status-publish","format-standard","has-post-thumbnail","hentry","category-elf","tag-elf","tag-mousquetaires-de-paris","tag-stuttgart-surge","sport-nfl","saison-3453"],"acf":[],"yoast_head":"<!-- This site is optimized with the Yoast SEO plugin v24.2 - https:\/\/yoast.com\/wordpress\/plugins\/seo\/ -->\n<title>ELF - Week 6: D&eacute;faite rageante pour les Mousquetaires de Paris &agrave; Stuttgart - The Playoffs FR<\/title>\n<meta name=\"robots\" content=\"index, follow, max-snippet:-1, max-image-preview:large, max-video-preview:-1\" \/>\n<link rel=\"canonical\" href=\"https:\/\/theplayoffs.news\/fr\/elf\/elf-week-6-mousquetaires-de-paris-stuttgart\/\" \/>\n<meta property=\"og:locale\" content=\"fr_FR\" \/>\n<meta property=\"og:type\" content=\"article\" \/>\n<meta property=\"og:title\" content=\"ELF - Week 6: D&eacute;faite rageante pour les Mousquetaires de Paris &agrave; Stuttgart - The Playoffs FR\" \/>\n<meta property=\"og:url\" content=\"https:\/\/theplayoffs.news\/fr\/elf\/elf-week-6-mousquetaires-de-paris-stuttgart\/\" \/>\n<meta property=\"og:site_name\" content=\"The Playoffs FR\" \/>\n<meta property=\"article:publisher\" content=\"https:\/\/www.facebook.com\/TheFreeAgentFR\/\" \/>\n<meta property=\"article:modified_time\" content=\"2023-07-09T19:01:15+02:00\" \/>\n<meta property=\"og:image\" content=\"https:\/\/theplayoffs.news\/fr\/wp-content\/uploads\/2023\/07\/Paris-Stuttgart-week-6.jpg\" \/>\n\t<meta property=\"og:image:width\" content=\"752\" \/>\n\t<meta property=\"og:image:height\" content=\"536\" \/>\n\t<meta property=\"og:image:type\" content=\"image\/jpeg\" \/>\n<meta name=\"author\" content=\"Flavien Jumeau\" \/>\n<meta name=\"twitter:card\" content=\"summary_large_image\" \/>\n<meta name=\"twitter:creator\" content=\"@TheFreeAgentFR\" \/>\n<meta name=\"twitter:site\" content=\"@TheFreeAgentFR\" \/>\n<meta name=\"twitter:label1\" content=\"\u00c9crit par\" \/>\n\t<meta name=\"twitter:data1\" content=\"Flavien Jumeau\" \/>\n\t<meta name=\"twitter:label2\" content=\"Dur\u00e9e de lecture estim\u00e9e\" \/>\n\t<meta name=\"twitter:data2\" content=\"4 minutes\" \/>\n<script type=\"application\/ld+json\" class=\"yoast-schema-graph\">{\"@context\":\"https:\/\/schema.org\",\"@graph\":[{\"@type\":\"WebPage\",\"@id\":\"https:\/\/theplayoffs.news\/fr\/elf\/elf-week-6-mousquetaires-de-paris-stuttgart\/\",\"url\":\"https:\/\/theplayoffs.news\/fr\/elf\/elf-week-6-mousquetaires-de-paris-stuttgart\/\",\"name\":\"ELF - Week 6: D\u00e9faite rageante pour les Mousquetaires de Paris \u00e0 Stuttgart - The Playoffs FR\",\"isPartOf\":{\"@id\":\"https:\/\/theplayoffs.news\/fr\/#website\"},\"primaryImageOfPage\":{\"@id\":\"https:\/\/theplayoffs.news\/fr\/elf\/elf-week-6-mousquetaires-de-paris-stuttgart\/#primaryimage\"},\"image\":{\"@id\":\"https:\/\/theplayoffs.news\/fr\/elf\/elf-week-6-mousquetaires-de-paris-stuttgart\/#primaryimage\"},\"thumbnailUrl\":\"https:\/\/theplayoffs.news\/fr\/wp-content\/uploads\/2023\/07\/Paris-Stuttgart-week-6.jpg\",\"datePublished\":\"2023-07-09T17:01:13+00:00\",\"dateModified\":\"2023-07-09T17:01:15+00:00\",\"author\":{\"@id\":\"https:\/\/theplayoffs.news\/fr\/#\/schema\/person\/def63bc6746dc5957469b75feb99e66d\"},\"breadcrumb\":{\"@id\":\"https:\/\/theplayoffs.news\/fr\/elf\/elf-week-6-mousquetaires-de-paris-stuttgart\/#breadcrumb\"},\"inLanguage\":\"fr-FR\",\"potentialAction\":[{\"@type\":\"ReadAction\",\"target\":[\"https:\/\/theplayoffs.news\/fr\/elf\/elf-week-6-mousquetaires-de-paris-stuttgart\/\"]}]},{\"@type\":\"ImageObject\",\"inLanguage\":\"fr-FR\",\"@id\":\"https:\/\/theplayoffs.news\/fr\/elf\/elf-week-6-mousquetaires-de-paris-stuttgart\/#primaryimage\",\"url\":\"https:\/\/theplayoffs.news\/fr\/wp-content\/uploads\/2023\/07\/Paris-Stuttgart-week-6.jpg\",\"contentUrl\":\"https:\/\/theplayoffs.news\/fr\/wp-content\/uploads\/2023\/07\/Paris-Stuttgart-week-6.jpg\",\"width\":752,\"height\":536,\"caption\":\"Mousquetaires de Paris Stuttgart Surge week 6\"},{\"@type\":\"BreadcrumbList\",\"@id\":\"https:\/\/theplayoffs.news\/fr\/elf\/elf-week-6-mousquetaires-de-paris-stuttgart\/#breadcrumb\",\"itemListElement\":[{\"@type\":\"ListItem\",\"position\":1,\"name\":\"Accueil\",\"item\":\"https:\/\/theplayoffs.news\/fr\/\"},{\"@type\":\"ListItem\",\"position\":2,\"name\":\"ELF &#8211; Week 6: D\u00e9faite rageante pour les Mousquetaires de Paris \u00e0 Stuttgart\"}]},{\"@type\":\"WebSite\",\"@id\":\"https:\/\/theplayoffs.news\/fr\/#website\",\"url\":\"https:\/\/theplayoffs.news\/fr\/\",\"name\":\"The Playoffs FR\",\"description\":\"NBA-NFL-NHL-MLB\",\"potentialAction\":[{\"@type\":\"SearchAction\",\"target\":{\"@type\":\"EntryPoint\",\"urlTemplate\":\"https:\/\/theplayoffs.news\/fr\/?s={search_term_string}\"},\"query-input\":{\"@type\":\"PropertyValueSpecification\",\"valueRequired\":true,\"valueName\":\"search_term_string\"}}],\"inLanguage\":\"fr-FR\"},{\"@type\":\"Person\",\"@id\":\"https:\/\/theplayoffs.news\/fr\/#\/schema\/person\/def63bc6746dc5957469b75feb99e66d\",\"name\":\"Flavien Jumeau\",\"image\":{\"@type\":\"ImageObject\",\"inLanguage\":\"fr-FR\",\"@id\":\"https:\/\/theplayoffs.news\/fr\/#\/schema\/person\/image\/\",\"url\":\"https:\/\/secure.gravatar.com\/avatar\/e7fa8ba5a4b7e4ce35fe152f083f352db28ad0acce692004ed88a7a7d78893f7?s=96&d=mm&r=g\",\"contentUrl\":\"https:\/\/secure.gravatar.com\/avatar\/e7fa8ba5a4b7e4ce35fe152f083f352db28ad0acce692004ed88a7a7d78893f7?s=96&d=mm&r=g\",\"caption\":\"Flavien Jumeau\"},\"description\":\"Amoureux du sport (et de vraiment tous les sports) depuis mon plus jeune \u00e2ge, j\u2019ai longtemps h\u00e9site entre le snooker et le curling. Finalement c\u2019est le foot US que j\u2019ai d\u00e9cid\u00e9 de choisir! Responsable foot US sur TPO et animateur du podcast Tailgate j\u2019ai pour mission de vous faire d\u00e9couvrir ce sport passionnant si ce n\u2019est pas encore fait et de vous donner les derni\u00e8res actus. Le tout dans la bonne humeur et avec toujours un jeu de mots ou deux savamment distill\u00e9s! Fan des Saints, pour moi Drew Brees est le vrai GOAT!\",\"url\":\"https:\/\/theplayoffs.news\/fr\/author\/flavien-jumeaugmail-com\/\"}]}<\/script>\n<!-- \/ Yoast SEO plugin. -->","yoast_head_json":{"title":"ELF - Week 6: D&eacute;faite rageante pour les Mousquetaires de Paris &agrave; Stuttgart - The Playoffs FR","robots":{"index":"index","follow":"follow","max-snippet":"max-snippet:-1","max-image-preview":"max-image-preview:large","max-video-preview":"max-video-preview:-1"},"canonical":"https:\/\/theplayoffs.news\/fr\/elf\/elf-week-6-mousquetaires-de-paris-stuttgart\/","og_locale":"fr_FR","og_type":"article","og_title":"ELF - Week 6: D&eacute;faite rageante pour les Mousquetaires de Paris &agrave; Stuttgart - The Playoffs FR","og_url":"https:\/\/theplayoffs.news\/fr\/elf\/elf-week-6-mousquetaires-de-paris-stuttgart\/","og_site_name":"The Playoffs FR","article_publisher":"https:\/\/www.facebook.com\/TheFreeAgentFR\/","article_modified_time":"2023-07-09T17:01:15+00:00","og_image":[{"width":752,"height":536,"url":"https:\/\/theplayoffs.news\/fr\/wp-content\/uploads\/2023\/07\/Paris-Stuttgart-week-6.jpg","type":"image\/jpeg"}],"author":"Flavien Jumeau","twitter_card":"summary_large_image","twitter_creator":"@TheFreeAgentFR","twitter_site":"@TheFreeAgentFR","twitter_misc":{"\u00c9crit par":"Flavien Jumeau","Dur\u00e9e de lecture estim\u00e9e":"4 minutes"},"schema":{"@context":"https:\/\/schema.org","@graph":[{"@type":"WebPage","@id":"https:\/\/theplayoffs.news\/fr\/elf\/elf-week-6-mousquetaires-de-paris-stuttgart\/","url":"https:\/\/theplayoffs.news\/fr\/elf\/elf-week-6-mousquetaires-de-paris-stuttgart\/","name":"ELF - Week 6: D\u00e9faite rageante pour les Mousquetaires de Paris \u00e0 Stuttgart - The Playoffs FR","isPartOf":{"@id":"https:\/\/theplayoffs.news\/fr\/#website"},"primaryImageOfPage":{"@id":"https:\/\/theplayoffs.news\/fr\/elf\/elf-week-6-mousquetaires-de-paris-stuttgart\/#primaryimage"},"image":{"@id":"https:\/\/theplayoffs.news\/fr\/elf\/elf-week-6-mousquetaires-de-paris-stuttgart\/#primaryimage"},"thumbnailUrl":"https:\/\/theplayoffs.news\/fr\/wp-content\/uploads\/2023\/07\/Paris-Stuttgart-week-6.jpg","datePublished":"2023-07-09T17:01:13+00:00","dateModified":"2023-07-09T17:01:15+00:00","author":{"@id":"https:\/\/theplayoffs.news\/fr\/#\/schema\/person\/def63bc6746dc5957469b75feb99e66d"},"breadcrumb":{"@id":"https:\/\/theplayoffs.news\/fr\/elf\/elf-week-6-mousquetaires-de-paris-stuttgart\/#breadcrumb"},"inLanguage":"fr-FR","potentialAction":[{"@type":"ReadAction","target":["https:\/\/theplayoffs.news\/fr\/elf\/elf-week-6-mousquetaires-de-paris-stuttgart\/"]}]},{"@type":"ImageObject","inLanguage":"fr-FR","@id":"https:\/\/theplayoffs.news\/fr\/elf\/elf-week-6-mousquetaires-de-paris-stuttgart\/#primaryimage","url":"https:\/\/theplayoffs.news\/fr\/wp-content\/uploads\/2023\/07\/Paris-Stuttgart-week-6.jpg","contentUrl":"https:\/\/theplayoffs.news\/fr\/wp-content\/uploads\/2023\/07\/Paris-Stuttgart-week-6.jpg","width":752,"height":536,"caption":"Mousquetaires de Paris Stuttgart Surge week 6"},{"@type":"BreadcrumbList","@id":"https:\/\/theplayoffs.news\/fr\/elf\/elf-week-6-mousquetaires-de-paris-stuttgart\/#breadcrumb","itemListElement":[{"@type":"ListItem","position":1,"name":"Accueil","item":"https:\/\/theplayoffs.news\/fr\/"},{"@type":"ListItem","position":2,"name":"ELF &#8211; Week 6: D\u00e9faite rageante pour les Mousquetaires de Paris \u00e0 Stuttgart"}]},{"@type":"WebSite","@id":"https:\/\/theplayoffs.news\/fr\/#website","url":"https:\/\/theplayoffs.news\/fr\/","name":"The Playoffs FR","description":"NBA-NFL-NHL-MLB","potentialAction":[{"@type":"SearchAction","target":{"@type":"EntryPoint","urlTemplate":"https:\/\/theplayoffs.news\/fr\/?s={search_term_string}"},"query-input":{"@type":"PropertyValueSpecification","valueRequired":true,"valueName":"search_term_string"}}],"inLanguage":"fr-FR"},{"@type":"Person","@id":"https:\/\/theplayoffs.news\/fr\/#\/schema\/person\/def63bc6746dc5957469b75feb99e66d","name":"Flavien Jumeau","image":{"@type":"ImageObject","inLanguage":"fr-FR","@id":"https:\/\/theplayoffs.news\/fr\/#\/schema\/person\/image\/","url":"https:\/\/secure.gravatar.com\/avatar\/e7fa8ba5a4b7e4ce35fe152f083f352db28ad0acce692004ed88a7a7d78893f7?s=96&d=mm&r=g","contentUrl":"https:\/\/secure.gravatar.com\/avatar\/e7fa8ba5a4b7e4ce35fe152f083f352db28ad0acce692004ed88a7a7d78893f7?s=96&d=mm&r=g","caption":"Flavien Jumeau"},"description":"Amoureux du sport (et de vraiment tous les sports) depuis mon plus jeune \u00e2ge, j\u2019ai longtemps h\u00e9site entre le snooker et le curling. Finalement c\u2019est le foot US que j\u2019ai d\u00e9cid\u00e9 de choisir! Responsable foot US sur TPO et animateur du podcast Tailgate j\u2019ai pour mission de vous faire d\u00e9couvrir ce sport passionnant si ce n\u2019est pas encore fait et de vous donner les derni\u00e8res actus. Le tout dans la bonne humeur et avec toujours un jeu de mots ou deux savamment distill\u00e9s! Fan des Saints, pour moi Drew Brees est le vrai GOAT!","url":"https:\/\/theplayoffs.news\/fr\/author\/flavien-jumeaugmail-com\/"}]}},"_links":{"self":[{"href":"https:\/\/theplayoffs.news\/fr\/wp-json\/wp\/v2\/posts\/691650","targetHints":{"allow":["GET"]}}],"collection":[{"href":"https:\/\/theplayoffs.news\/fr\/wp-json\/wp\/v2\/posts"}],"about":[{"href":"https:\/\/theplayoffs.news\/fr\/wp-json\/wp\/v2\/types\/post"}],"author":[{"embeddable":true,"href":"https:\/\/theplayoffs.news\/fr\/wp-json\/wp\/v2\/users\/180309964"}],"replies":[{"embeddable":true,"href":"https:\/\/theplayoffs.news\/fr\/wp-json\/wp\/v2\/comments?post=691650"}],"version-history":[{"count":2,"href":"https:\/\/theplayoffs.news\/fr\/wp-json\/wp\/v2\/posts\/691650\/revisions"}],"predecessor-version":[{"id":691656,"href":"https:\/\/theplayoffs.news\/fr\/wp-json\/wp\/v2\/posts\/691650\/revisions\/691656"}],"wp:featuredmedia":[{"embeddable":true,"href":"https:\/\/theplayoffs.news\/fr\/wp-json\/wp\/v2\/media\/691651"}],"wp:attachment":[{"href":"https:\/\/theplayoffs.news\/fr\/wp-json\/wp\/v2\/media?parent=691650"}],"wp:term":[{"taxonomy":"category","embeddable":true,"href":"https:\/\/theplayoffs.news\/fr\/wp-json\/wp\/v2\/categories?post=691650"},{"taxonomy":"post_tag","embeddable":true,"href":"https:\/\/theplayoffs.news\/fr\/wp-json\/wp\/v2\/tags?post=691650"},{"taxonomy":"sport","embeddable":true,"href":"https:\/\/theplayoffs.news\/fr\/wp-json\/wp\/v2\/sport?post=691650"},{"taxonomy":"saison","embeddable":true,"href":"https:\/\/theplayoffs.news\/fr\/wp-json\/wp\/v2\/saison?post=691650"}],"curies":[{"name":"wp","href":"https:\/\/api.w.org\/{rel}","templated":true}]}}