{"id":689026,"date":"2023-07-08T14:42:57","date_gmt":"2023-07-08T12:42:57","guid":{"rendered":"https:\/\/theplayoffs.news\/fr\/?p=689026"},"modified":"2023-07-08T14:42:58","modified_gmt":"2023-07-08T12:42:58","slug":"fred-willis-decede-a-lage-de-75-ans","status":"publish","type":"post","link":"https:\/\/theplayoffs.news\/fr\/actualite-nfl\/fred-willis-decede-a-lage-de-75-ans\/","title":{"rendered":"Fred Willis d\u00e9c\u00e8de \u00e0 l&rsquo;\u00e2ge de 75 ans"},"content":{"rendered":"<h2>Fred Willis, qui a &eacute;volu&eacute; avec les Bengals de Cincinnati et des Oilers de Houston, est d&eacute;c&eacute;d&eacute; &agrave; l&rsquo;&acirc;ge de 75 ans.<\/h2><p>N&eacute; et &eacute;lev&eacute; dans le Massachusetts, les prouesses athl&eacute;tiques de Willis &eacute;taient &eacute;videntes d&egrave;s son plus jeune &acirc;ge. Il a &eacute;tabli des records au lyc&eacute;e de la Nouvelle-Angleterre pour les touchdowns marqu&eacute;s, attirant d&eacute;j&agrave; l&rsquo;attention en tant que running back rapide.<\/p><p>Son talent l&rsquo;a propuls&eacute; &agrave; Boston College, o&ugrave; il est devenu le premier joueur de l&rsquo;histoire de l&rsquo;&eacute;cole &agrave; courir 1 000 yards en une seule saison. Athl&egrave;te extraordinaire, Fred Willis a &eacute;galement saut&eacute; sur la glace au sein de l&rsquo;&eacute;quipe de hockey du coll&egrave;ge, illustrant davantage son athl&eacute;tisme polyvalent.<\/p><p>Ses performances impressionnantes &agrave; l&rsquo;universit&eacute; l&rsquo;ont amen&eacute; &agrave; &ecirc;tre un choix de quatri&egrave;me ronde par les Bengals lors du rep&ecirc;chage de la NFL en 1971. Bien qu&rsquo;il ait &eacute;t&eacute; &eacute;chang&eacute; aux Oilers au cours de la saison suivante, Willis a accept&eacute; le changement et a prosp&eacute;r&eacute; dans son nouvel environnement.<\/p><p>Lors de sa premi&egrave;re saison compl&egrave;te en tant que Oiler en 1973, Willis a pr&eacute;sent&eacute; une performance remarquable. Il a commenc&eacute; les 14 matchs, a couru pour 579 yards et a capt&eacute; 57 passes pour 371 yards, ses 57 r&eacute;ceptions se classant au troisi&egrave;me rang de la NFL cette ann&eacute;e-l&agrave;.<\/p><p>Pourtant, l&rsquo;impact de Fred Willis s&rsquo;est &eacute;tendu au-del&agrave; du terrain de football.<\/p><p>Apr&egrave;s avoir raccroch&eacute; ses crampons en 1977, Fred Willis est devenu un ardent d&eacute;fenseur des joueurs &agrave; la retraite, se concentrant sp&eacute;cifiquement sur ceux qui avaient subi des l&eacute;sions c&eacute;r&eacute;brales pendant leurs carri&egrave;re. Son d&eacute;vouement inlassable &agrave; am&eacute;liorer la vie de ses coll&egrave;gues athl&egrave;tes a mis en &eacute;vidence la compassion et l&rsquo;empathie qui &eacute;taient les caract&eacute;ristiques de sa personnalit&eacute; hors terrain. Le travail de plaidoyer de Willis a cr&eacute;&eacute; un pr&eacute;c&eacute;dent pour les politiques actuelles centr&eacute;es sur les joueurs et a montr&eacute; l&rsquo;importance de soutenir les athl&egrave;tes au-del&agrave; de leur temps sous les projecteurs.<\/p><p><a href=\"https:\/\/ccbfuneral.com\/obituaries\/frederick-f-willis-iii\/\" class=\"trk-cta-link\" data-cta-trk='{\"ctaType\":\"Link\",\"ctaSubType\":\"main\"}'>La n&eacute;crologie de Willis<\/a>, publi&eacute;e par sa famille, indique qu&rsquo;il laisse dans le deuil sa femme, cinq enfants, deux beaux-enfants et neuf petits-enfants.<\/p>\n","protected":false},"excerpt":{"rendered":"","protected":false},"author":13,"featured_media":689052,"comment_status":"open","ping_status":"closed","sticky":false,"template":"","format":"standard","meta":{"inline_featured_image":false,"kia_subtitle":"","_mux_skip_reasons":[],"proofreadBy":0,"footnotes":""},"categories":[118,40],"tags":[802,6172,4375],"sport":[],"saison":[],"class_list":["post-689026","post","type-post","status-publish","format-standard","has-post-thumbnail","hentry","category-actualite-nfl","category-nfl","tag-cincinnati-bengals","tag-fred-willis","tag-houston-oilers"],"acf":[],"yoast_head":"<!-- This site is optimized with the Yoast SEO plugin v24.2 - https:\/\/yoast.com\/wordpress\/plugins\/seo\/ -->\n<title>Fred Willis d&eacute;c&egrave;de &agrave; l&#039;&acirc;ge de 75 ans - The Playoffs FR<\/title>\n<meta name=\"robots\" content=\"index, follow, max-snippet:-1, max-image-preview:large, max-video-preview:-1\" \/>\n<link rel=\"canonical\" href=\"https:\/\/theplayoffs.news\/fr\/actualite-nfl\/fred-willis-decede-a-lage-de-75-ans\/\" \/>\n<meta property=\"og:locale\" content=\"fr_FR\" \/>\n<meta property=\"og:type\" content=\"article\" \/>\n<meta property=\"og:title\" content=\"Fred Willis d&eacute;c&egrave;de &agrave; l&#039;&acirc;ge de 75 ans - The Playoffs FR\" \/>\n<meta property=\"og:url\" content=\"https:\/\/theplayoffs.news\/fr\/actualite-nfl\/fred-willis-decede-a-lage-de-75-ans\/\" \/>\n<meta property=\"og:site_name\" content=\"The Playoffs FR\" \/>\n<meta property=\"article:publisher\" content=\"https:\/\/www.facebook.com\/TheFreeAgentFR\/\" \/>\n<meta property=\"article:modified_time\" content=\"2023-07-08T14:42:58+02:00\" \/>\n<meta property=\"og:image\" content=\"https:\/\/theplayoffs.news\/fr\/wp-content\/uploads\/2023\/07\/telechargement-9.jpeg\" \/>\n\t<meta property=\"og:image:width\" content=\"1440\" \/>\n\t<meta property=\"og:image:height\" content=\"810\" \/>\n\t<meta property=\"og:image:type\" content=\"image\/jpeg\" \/>\n<meta name=\"author\" content=\"Charles Taudin\" \/>\n<meta name=\"twitter:card\" content=\"summary_large_image\" \/>\n<meta name=\"twitter:creator\" content=\"@TheFreeAgentFR\" \/>\n<meta name=\"twitter:site\" content=\"@TheFreeAgentFR\" \/>\n<meta name=\"twitter:label1\" content=\"\u00c9crit par\" \/>\n\t<meta name=\"twitter:data1\" content=\"Charles Taudin\" \/>\n\t<meta name=\"twitter:label2\" content=\"Dur\u00e9e de lecture estim\u00e9e\" \/>\n\t<meta name=\"twitter:data2\" content=\"2 minutes\" \/>\n<script type=\"application\/ld+json\" class=\"yoast-schema-graph\">{\"@context\":\"https:\/\/schema.org\",\"@graph\":[{\"@type\":\"WebPage\",\"@id\":\"https:\/\/theplayoffs.news\/fr\/actualite-nfl\/fred-willis-decede-a-lage-de-75-ans\/\",\"url\":\"https:\/\/theplayoffs.news\/fr\/actualite-nfl\/fred-willis-decede-a-lage-de-75-ans\/\",\"name\":\"Fred Willis d\u00e9c\u00e8de \u00e0 l\\\\'\u00e2ge de 75 ans - The Playoffs FR\",\"isPartOf\":{\"@id\":\"https:\/\/theplayoffs.news\/fr\/#website\"},\"primaryImageOfPage\":{\"@id\":\"https:\/\/theplayoffs.news\/fr\/actualite-nfl\/fred-willis-decede-a-lage-de-75-ans\/#primaryimage\"},\"image\":{\"@id\":\"https:\/\/theplayoffs.news\/fr\/actualite-nfl\/fred-willis-decede-a-lage-de-75-ans\/#primaryimage\"},\"thumbnailUrl\":\"https:\/\/theplayoffs.news\/fr\/wp-content\/uploads\/2023\/07\/telechargement-9.jpeg\",\"datePublished\":\"2023-07-08T12:42:57+00:00\",\"dateModified\":\"2023-07-08T12:42:58+00:00\",\"author\":{\"@id\":\"https:\/\/theplayoffs.news\/fr\/#\/schema\/person\/eee5b69ad5d3c51cabe881c839dbe133\"},\"breadcrumb\":{\"@id\":\"https:\/\/theplayoffs.news\/fr\/actualite-nfl\/fred-willis-decede-a-lage-de-75-ans\/#breadcrumb\"},\"inLanguage\":\"fr-FR\",\"potentialAction\":[{\"@type\":\"ReadAction\",\"target\":[\"https:\/\/theplayoffs.news\/fr\/actualite-nfl\/fred-willis-decede-a-lage-de-75-ans\/\"]}]},{\"@type\":\"ImageObject\",\"inLanguage\":\"fr-FR\",\"@id\":\"https:\/\/theplayoffs.news\/fr\/actualite-nfl\/fred-willis-decede-a-lage-de-75-ans\/#primaryimage\",\"url\":\"https:\/\/theplayoffs.news\/fr\/wp-content\/uploads\/2023\/07\/telechargement-9.jpeg\",\"contentUrl\":\"https:\/\/theplayoffs.news\/fr\/wp-content\/uploads\/2023\/07\/telechargement-9.jpeg\",\"width\":1440,\"height\":810,\"caption\":\"Fred Willis oilers\"},{\"@type\":\"BreadcrumbList\",\"@id\":\"https:\/\/theplayoffs.news\/fr\/actualite-nfl\/fred-willis-decede-a-lage-de-75-ans\/#breadcrumb\",\"itemListElement\":[{\"@type\":\"ListItem\",\"position\":1,\"name\":\"Accueil\",\"item\":\"https:\/\/theplayoffs.news\/fr\/\"},{\"@type\":\"ListItem\",\"position\":2,\"name\":\"Fred Willis d\u00e9c\u00e8de \u00e0 l&rsquo;\u00e2ge de 75 ans\"}]},{\"@type\":\"WebSite\",\"@id\":\"https:\/\/theplayoffs.news\/fr\/#website\",\"url\":\"https:\/\/theplayoffs.news\/fr\/\",\"name\":\"The Playoffs FR\",\"description\":\"NBA-NFL-NHL-MLB\",\"potentialAction\":[{\"@type\":\"SearchAction\",\"target\":{\"@type\":\"EntryPoint\",\"urlTemplate\":\"https:\/\/theplayoffs.news\/fr\/?s={search_term_string}\"},\"query-input\":{\"@type\":\"PropertyValueSpecification\",\"valueRequired\":true,\"valueName\":\"search_term_string\"}}],\"inLanguage\":\"fr-FR\"},{\"@type\":\"Person\",\"@id\":\"https:\/\/theplayoffs.news\/fr\/#\/schema\/person\/eee5b69ad5d3c51cabe881c839dbe133\",\"name\":\"Charles Taudin\",\"image\":{\"@type\":\"ImageObject\",\"inLanguage\":\"fr-FR\",\"@id\":\"https:\/\/theplayoffs.news\/fr\/#\/schema\/person\/image\/\",\"url\":\"https:\/\/secure.gravatar.com\/avatar\/59a1e772205ce9fd255edfcafc93013736822e20261f294c5753b20c41ede9f2?s=96&d=mm&r=g\",\"contentUrl\":\"https:\/\/secure.gravatar.com\/avatar\/59a1e772205ce9fd255edfcafc93013736822e20261f294c5753b20c41ede9f2?s=96&d=mm&r=g\",\"caption\":\"Charles Taudin\"},\"description\":\"R\u00e9dacteur en chef global de The Playoffs, j\u2019ai cr\u00e9\u00e9 The Free Agent, devenu The Playoffs FR, en 2020 durant la pand\u00e9mie. Amoureux depuis des ann\u00e9es des 4 sports majeurs am\u00e9ricains, j\u2019organise maintenant la strat\u00e9gie \u00e9ditoriale et les r\u00e9seaux sociaux de l\u2019ensemble des versions de The Playoffs. Il m\u2019arrive encore d\u2019\u00e9crire sur certains sports que j\u2019affectionne particuli\u00e8rement comme la NFL ou la MLB. Si vous devez retenir qu\u2019une chose : Eli Manning est le vrai GOAT pour avoir battu deux fois Tom Brady.\",\"sameAs\":[\"https:\/\/www.instagram.com\/ctaudin_\/\"],\"url\":\"https:\/\/theplayoffs.news\/fr\/author\/charles-taudin\/\"}]}<\/script>\n<!-- \/ Yoast SEO plugin. -->","yoast_head_json":{"title":"Fred Willis d&eacute;c&egrave;de &agrave; l&#039;&acirc;ge de 75 ans - The Playoffs FR","robots":{"index":"index","follow":"follow","max-snippet":"max-snippet:-1","max-image-preview":"max-image-preview:large","max-video-preview":"max-video-preview:-1"},"canonical":"https:\/\/theplayoffs.news\/fr\/actualite-nfl\/fred-willis-decede-a-lage-de-75-ans\/","og_locale":"fr_FR","og_type":"article","og_title":"Fred Willis d&eacute;c&egrave;de &agrave; l&#039;&acirc;ge de 75 ans - The Playoffs FR","og_url":"https:\/\/theplayoffs.news\/fr\/actualite-nfl\/fred-willis-decede-a-lage-de-75-ans\/","og_site_name":"The Playoffs FR","article_publisher":"https:\/\/www.facebook.com\/TheFreeAgentFR\/","article_modified_time":"2023-07-08T12:42:58+00:00","og_image":[{"width":1440,"height":810,"url":"https:\/\/theplayoffs.news\/fr\/wp-content\/uploads\/2023\/07\/telechargement-9.jpeg","type":"image\/jpeg"}],"author":"Charles Taudin","twitter_card":"summary_large_image","twitter_creator":"@TheFreeAgentFR","twitter_site":"@TheFreeAgentFR","twitter_misc":{"\u00c9crit par":"Charles Taudin","Dur\u00e9e de lecture estim\u00e9e":"2 minutes"},"schema":{"@context":"https:\/\/schema.org","@graph":[{"@type":"WebPage","@id":"https:\/\/theplayoffs.news\/fr\/actualite-nfl\/fred-willis-decede-a-lage-de-75-ans\/","url":"https:\/\/theplayoffs.news\/fr\/actualite-nfl\/fred-willis-decede-a-lage-de-75-ans\/","name":"Fred Willis d\u00e9c\u00e8de \u00e0 l\\'\u00e2ge de 75 ans - The Playoffs FR","isPartOf":{"@id":"https:\/\/theplayoffs.news\/fr\/#website"},"primaryImageOfPage":{"@id":"https:\/\/theplayoffs.news\/fr\/actualite-nfl\/fred-willis-decede-a-lage-de-75-ans\/#primaryimage"},"image":{"@id":"https:\/\/theplayoffs.news\/fr\/actualite-nfl\/fred-willis-decede-a-lage-de-75-ans\/#primaryimage"},"thumbnailUrl":"https:\/\/theplayoffs.news\/fr\/wp-content\/uploads\/2023\/07\/telechargement-9.jpeg","datePublished":"2023-07-08T12:42:57+00:00","dateModified":"2023-07-08T12:42:58+00:00","author":{"@id":"https:\/\/theplayoffs.news\/fr\/#\/schema\/person\/eee5b69ad5d3c51cabe881c839dbe133"},"breadcrumb":{"@id":"https:\/\/theplayoffs.news\/fr\/actualite-nfl\/fred-willis-decede-a-lage-de-75-ans\/#breadcrumb"},"inLanguage":"fr-FR","potentialAction":[{"@type":"ReadAction","target":["https:\/\/theplayoffs.news\/fr\/actualite-nfl\/fred-willis-decede-a-lage-de-75-ans\/"]}]},{"@type":"ImageObject","inLanguage":"fr-FR","@id":"https:\/\/theplayoffs.news\/fr\/actualite-nfl\/fred-willis-decede-a-lage-de-75-ans\/#primaryimage","url":"https:\/\/theplayoffs.news\/fr\/wp-content\/uploads\/2023\/07\/telechargement-9.jpeg","contentUrl":"https:\/\/theplayoffs.news\/fr\/wp-content\/uploads\/2023\/07\/telechargement-9.jpeg","width":1440,"height":810,"caption":"Fred Willis oilers"},{"@type":"BreadcrumbList","@id":"https:\/\/theplayoffs.news\/fr\/actualite-nfl\/fred-willis-decede-a-lage-de-75-ans\/#breadcrumb","itemListElement":[{"@type":"ListItem","position":1,"name":"Accueil","item":"https:\/\/theplayoffs.news\/fr\/"},{"@type":"ListItem","position":2,"name":"Fred Willis d\u00e9c\u00e8de \u00e0 l&rsquo;\u00e2ge de 75 ans"}]},{"@type":"WebSite","@id":"https:\/\/theplayoffs.news\/fr\/#website","url":"https:\/\/theplayoffs.news\/fr\/","name":"The Playoffs FR","description":"NBA-NFL-NHL-MLB","potentialAction":[{"@type":"SearchAction","target":{"@type":"EntryPoint","urlTemplate":"https:\/\/theplayoffs.news\/fr\/?s={search_term_string}"},"query-input":{"@type":"PropertyValueSpecification","valueRequired":true,"valueName":"search_term_string"}}],"inLanguage":"fr-FR"},{"@type":"Person","@id":"https:\/\/theplayoffs.news\/fr\/#\/schema\/person\/eee5b69ad5d3c51cabe881c839dbe133","name":"Charles Taudin","image":{"@type":"ImageObject","inLanguage":"fr-FR","@id":"https:\/\/theplayoffs.news\/fr\/#\/schema\/person\/image\/","url":"https:\/\/secure.gravatar.com\/avatar\/59a1e772205ce9fd255edfcafc93013736822e20261f294c5753b20c41ede9f2?s=96&d=mm&r=g","contentUrl":"https:\/\/secure.gravatar.com\/avatar\/59a1e772205ce9fd255edfcafc93013736822e20261f294c5753b20c41ede9f2?s=96&d=mm&r=g","caption":"Charles Taudin"},"description":"R\u00e9dacteur en chef global de The Playoffs, j\u2019ai cr\u00e9\u00e9 The Free Agent, devenu The Playoffs FR, en 2020 durant la pand\u00e9mie. Amoureux depuis des ann\u00e9es des 4 sports majeurs am\u00e9ricains, j\u2019organise maintenant la strat\u00e9gie \u00e9ditoriale et les r\u00e9seaux sociaux de l\u2019ensemble des versions de The Playoffs. Il m\u2019arrive encore d\u2019\u00e9crire sur certains sports que j\u2019affectionne particuli\u00e8rement comme la NFL ou la MLB. Si vous devez retenir qu\u2019une chose : Eli Manning est le vrai GOAT pour avoir battu deux fois Tom Brady.","sameAs":["https:\/\/www.instagram.com\/ctaudin_\/"],"url":"https:\/\/theplayoffs.news\/fr\/author\/charles-taudin\/"}]}},"_links":{"self":[{"href":"https:\/\/theplayoffs.news\/fr\/wp-json\/wp\/v2\/posts\/689026","targetHints":{"allow":["GET"]}}],"collection":[{"href":"https:\/\/theplayoffs.news\/fr\/wp-json\/wp\/v2\/posts"}],"about":[{"href":"https:\/\/theplayoffs.news\/fr\/wp-json\/wp\/v2\/types\/post"}],"author":[{"embeddable":true,"href":"https:\/\/theplayoffs.news\/fr\/wp-json\/wp\/v2\/users\/13"}],"replies":[{"embeddable":true,"href":"https:\/\/theplayoffs.news\/fr\/wp-json\/wp\/v2\/comments?post=689026"}],"version-history":[{"count":2,"href":"https:\/\/theplayoffs.news\/fr\/wp-json\/wp\/v2\/posts\/689026\/revisions"}],"predecessor-version":[{"id":689060,"href":"https:\/\/theplayoffs.news\/fr\/wp-json\/wp\/v2\/posts\/689026\/revisions\/689060"}],"wp:featuredmedia":[{"embeddable":true,"href":"https:\/\/theplayoffs.news\/fr\/wp-json\/wp\/v2\/media\/689052"}],"wp:attachment":[{"href":"https:\/\/theplayoffs.news\/fr\/wp-json\/wp\/v2\/media?parent=689026"}],"wp:term":[{"taxonomy":"category","embeddable":true,"href":"https:\/\/theplayoffs.news\/fr\/wp-json\/wp\/v2\/categories?post=689026"},{"taxonomy":"post_tag","embeddable":true,"href":"https:\/\/theplayoffs.news\/fr\/wp-json\/wp\/v2\/tags?post=689026"},{"taxonomy":"sport","embeddable":true,"href":"https:\/\/theplayoffs.news\/fr\/wp-json\/wp\/v2\/sport?post=689026"},{"taxonomy":"saison","embeddable":true,"href":"https:\/\/theplayoffs.news\/fr\/wp-json\/wp\/v2\/saison?post=689026"}],"curies":[{"name":"wp","href":"https:\/\/api.w.org\/{rel}","templated":true}]}}