{"id":684197,"date":"2023-07-06T16:24:50","date_gmt":"2023-07-06T14:24:50","guid":{"rendered":"https:\/\/theplayoffs.news\/fr\/?p=684197"},"modified":"2023-07-06T16:24:51","modified_gmt":"2023-07-06T14:24:51","slug":"portland-temps-damian-lillard","status":"publish","type":"post","link":"https:\/\/theplayoffs.news\/fr\/actualite-nba\/portland-temps-damian-lillard\/","title":{"rendered":"Portland compte prendre son temps pour transf\u00e9rer Damian Lillard"},"content":{"rendered":"<h2><b>Damian Lillard a demand&eacute; &agrave; quitter Portland il y a quelques jours, depuis c&rsquo;est le calme plat. Joe Cronin, le general manager des Trail Blazers, ne compte pas prendre une d&eacute;cision trop h&acirc;tive.<\/b><\/h2><p>&nbsp;<\/p><p><span style=\"font-weight: 400;\">Si <a href=\"https:\/\/theplayoffs.news\/fr\/joueur\/damian-lillard-nba-13212\/\" class=\"trk-cta-link\" data-cta-trk='{\"ctaType\":\"Link\",\"ctaSubType\":\"main\"}'>Damian Lillard<\/a> ne veut que Miami, Joe Cronin voit plus large. Le GM de Portland a envoy&eacute; un message clair aux 29 autres franchises : envoyez nous vos meilleures offres et faites de votre franchise notre destination pr&eacute;f&eacute;r&eacute;e.<\/span><\/p><p><span style=\"font-weight: 400;\">Les Trail Blazers comptent bien honorer la demande de transfert de Damian Lillard, mais ils comptent bien choisir la meilleure contrepartie. La franchise de l&rsquo;Oregon rechercherait, selon <a href=\"https:\/\/www.espn.com\/nba\/insider\/insider\/story\/_\/id\/37964651\/inside-trail-blazers-damian-lillard-trade-talks\" class=\"trk-cta-link\" data-cta-trk='{\"ctaType\":\"Link\",\"ctaSubType\":\"main\"}'>Adrian Wojnarowski<\/a>, plusieurs choix de Draft et des jeunes joueurs &agrave; forts potentiels.<\/span><\/p><p><span style=\"font-weight: 400;\">D&rsquo;apr&egrave;s certains membres de la ligue qui ont pu parler &agrave; Joe Cronin, ils le consid&egrave;rent comme un homme &laquo; sans sentiments &raquo; avec comme mantra : &laquo; Business pour Lillard, business pour les Blazers &raquo;.<\/span><\/p><p><span style=\"font-weight: 400;\">Il y a un an, Damian Lillard a sign&eacute; un contrat &laquo; supermax &raquo; pour quatre ans et 176 millions de dollars. Ce contrat inclut deux ans avec une moyenne &agrave; 60 millions de dollars lorsqu&rsquo;il aura 35 et 36 ans. Cette signature rend un &eacute;change encore plus complexe pour Portland, car certaines franchises voient ce contrat comme un blocage pour leur finances.<\/span><\/p><p>&nbsp;<\/p><p><span style=\"font-weight: 400;\">Le Miami Heat peut offrir un maximum de deux premiers tours de Draft (2028 et 2030), cinq ans de premiers tours de Draft &agrave; &eacute;changer (avec Portland). <a href=\"https:\/\/theplayoffs.news\/fr\/joueur\/nikola-jovic-nba-9995056\/\" class=\"trk-cta-link\" data-cta-trk='{\"ctaType\":\"Link\",\"ctaSubType\":\"main\"}'>Nikola Jovic<\/a> et <a href=\"https:\/\/theplayoffs.news\/fr\/joueur\/jaime-jaquez-jr-nba-8865696\/\" class=\"trk-cta-link\" data-cta-trk='{\"ctaType\":\"Link\",\"ctaSubType\":\"main\"}'>Jaime Jaquez Jr.<\/a> peuvent aussi &ecirc;tre inclus dans un transfert potentiel. Cependant, Jaquez Jr. ne peut pas &ecirc;tre transf&eacute;r&eacute; avant le 31 juillet d&ucirc; &agrave; son contrat rookie.<\/span><\/p><p><span style=\"font-weight: 400;\">Portland ne veut pas accueillir <a href=\"https:\/\/theplayoffs.news\/fr\/joueur\/tyler-herro-nba-8791450\/\" class=\"trk-cta-link\" data-cta-trk='{\"ctaType\":\"Link\",\"ctaSubType\":\"main\"}'>Tyler Herro<\/a> et son contrat de 120 millions de dollars sur quatre ans. Plusieurs franchises sont pr&ecirc;tent &agrave; prendre Herro en &eacute;change d&rsquo;un premier tour de Draft que Portland jugerait int&eacute;ressant pour eux. Un tel accord faciliterait le d&eacute;part de Lillard.<\/span><\/p><p><span style=\"font-weight: 400;\">&Eacute;tant donn&eacute; que les choix de Draft de Miami sont plus proches de la fin du premier tour, Portland devrait demander plusieurs choix et plusieurs jeunes joueurs. Le transfert de Damian Lillard devrait ressembler aux transferts de <a href=\"https:\/\/theplayoffs.news\/fr\/joueur\/kevin-durant-nba-6404\/\" class=\"trk-cta-link\" data-cta-trk='{\"ctaType\":\"Link\",\"ctaSubType\":\"main\"}'>Kevin Durant<\/a> &agrave; Phoenix ou <a href=\"https:\/\/theplayoffs.news\/fr\/joueur\/anthony-davis-nba-13166\/\" class=\"trk-cta-link\" data-cta-trk='{\"ctaType\":\"Link\",\"ctaSubType\":\"main\"}'>Anthony Davis<\/a> &agrave; Los Angeles.<\/span><\/p><p>&nbsp;<\/p><p><span style=\"font-weight: 400;\">Des franchises comme le Utah Jazz pourraient donc avoir Damian Lillard, alors que ces franchises de &laquo; petits march&eacute;s &raquo; ne pourraient pas l&rsquo;avoir &agrave; la Free Agency. Le Jazz se serait d&rsquo;ailleurs renseign&eacute; sur le meneur. Les agents de Damian Lillard ont d&rsquo;ailleurs appel&eacute;s les franchises &ndash; hors Miami &ndash; de ne pas faire d&rsquo;offre pour leur client, car Lillard ne sera pas heureux chez eux.<\/span><\/p><p><span style=\"font-weight: 400;\">Joe Cronin doit obtenir la meilleure contrepartie pour Damian Lillard, peu importe les souhaits de sa star.<\/span><\/p>\n","protected":false},"excerpt":{"rendered":"","protected":false},"author":180310182,"featured_media":684198,"comment_status":"open","ping_status":"closed","sticky":false,"template":"","format":"standard","meta":{"inline_featured_image":false,"kia_subtitle":"","_mux_skip_reasons":[],"proofreadBy":0,"footnotes":""},"categories":[110,10],"tags":[508,1382],"sport":[],"saison":[],"class_list":["post-684197","post","type-post","status-publish","format-standard","has-post-thumbnail","hentry","category-actualite-nba","category-nba","tag-damian-lillard","tag-portland-trail-blazers"],"acf":[],"yoast_head":"<!-- This site is optimized with the Yoast SEO plugin v24.2 - https:\/\/yoast.com\/wordpress\/plugins\/seo\/ -->\n<title>Portland compte prendre son temps pour transf&eacute;rer Damian Lillard - The Playoffs FR<\/title>\n<meta name=\"robots\" content=\"index, follow, max-snippet:-1, max-image-preview:large, max-video-preview:-1\" \/>\n<link rel=\"canonical\" href=\"https:\/\/theplayoffs.news\/fr\/actualite-nba\/portland-temps-damian-lillard\/\" \/>\n<meta property=\"og:locale\" content=\"fr_FR\" \/>\n<meta property=\"og:type\" content=\"article\" \/>\n<meta property=\"og:title\" content=\"Portland compte prendre son temps pour transf&eacute;rer Damian Lillard - The Playoffs FR\" \/>\n<meta property=\"og:url\" content=\"https:\/\/theplayoffs.news\/fr\/actualite-nba\/portland-temps-damian-lillard\/\" \/>\n<meta property=\"og:site_name\" content=\"The Playoffs FR\" \/>\n<meta property=\"article:publisher\" content=\"https:\/\/www.facebook.com\/TheFreeAgentFR\/\" \/>\n<meta property=\"article:modified_time\" content=\"2023-07-06T16:24:51+02:00\" \/>\n<meta property=\"og:image\" content=\"https:\/\/theplayoffs.news\/fr\/wp-content\/uploads\/2023\/07\/Damian-Lillard.jpg\" \/>\n\t<meta property=\"og:image:width\" content=\"1920\" \/>\n\t<meta property=\"og:image:height\" content=\"1440\" \/>\n\t<meta property=\"og:image:type\" content=\"image\/jpeg\" \/>\n<meta name=\"author\" content=\"Enzo Brule\" \/>\n<meta name=\"twitter:card\" content=\"summary_large_image\" \/>\n<meta name=\"twitter:creator\" content=\"@TheFreeAgentFR\" \/>\n<meta name=\"twitter:site\" content=\"@TheFreeAgentFR\" \/>\n<meta name=\"twitter:label1\" content=\"\u00c9crit par\" \/>\n\t<meta name=\"twitter:data1\" content=\"Enzo Brule\" \/>\n\t<meta name=\"twitter:label2\" content=\"Dur\u00e9e de lecture estim\u00e9e\" \/>\n\t<meta name=\"twitter:data2\" content=\"2 minutes\" \/>\n<script type=\"application\/ld+json\" class=\"yoast-schema-graph\">{\"@context\":\"https:\/\/schema.org\",\"@graph\":[{\"@type\":\"WebPage\",\"@id\":\"https:\/\/theplayoffs.news\/fr\/actualite-nba\/portland-temps-damian-lillard\/\",\"url\":\"https:\/\/theplayoffs.news\/fr\/actualite-nba\/portland-temps-damian-lillard\/\",\"name\":\"Portland compte prendre son temps pour transf\u00e9rer Damian Lillard - The Playoffs FR\",\"isPartOf\":{\"@id\":\"https:\/\/theplayoffs.news\/fr\/#website\"},\"primaryImageOfPage\":{\"@id\":\"https:\/\/theplayoffs.news\/fr\/actualite-nba\/portland-temps-damian-lillard\/#primaryimage\"},\"image\":{\"@id\":\"https:\/\/theplayoffs.news\/fr\/actualite-nba\/portland-temps-damian-lillard\/#primaryimage\"},\"thumbnailUrl\":\"https:\/\/theplayoffs.news\/fr\/wp-content\/uploads\/2023\/07\/Damian-Lillard.jpg\",\"datePublished\":\"2023-07-06T14:24:50+00:00\",\"dateModified\":\"2023-07-06T14:24:51+00:00\",\"author\":{\"@id\":\"https:\/\/theplayoffs.news\/fr\/#\/schema\/person\/4d1ed116f5f759b78f5f83e2dc3a71b2\"},\"breadcrumb\":{\"@id\":\"https:\/\/theplayoffs.news\/fr\/actualite-nba\/portland-temps-damian-lillard\/#breadcrumb\"},\"inLanguage\":\"fr-FR\",\"potentialAction\":[{\"@type\":\"ReadAction\",\"target\":[\"https:\/\/theplayoffs.news\/fr\/actualite-nba\/portland-temps-damian-lillard\/\"]}]},{\"@type\":\"ImageObject\",\"inLanguage\":\"fr-FR\",\"@id\":\"https:\/\/theplayoffs.news\/fr\/actualite-nba\/portland-temps-damian-lillard\/#primaryimage\",\"url\":\"https:\/\/theplayoffs.news\/fr\/wp-content\/uploads\/2023\/07\/Damian-Lillard.jpg\",\"contentUrl\":\"https:\/\/theplayoffs.news\/fr\/wp-content\/uploads\/2023\/07\/Damian-Lillard.jpg\",\"width\":1920,\"height\":1440,\"caption\":\"Damian Lillard\"},{\"@type\":\"BreadcrumbList\",\"@id\":\"https:\/\/theplayoffs.news\/fr\/actualite-nba\/portland-temps-damian-lillard\/#breadcrumb\",\"itemListElement\":[{\"@type\":\"ListItem\",\"position\":1,\"name\":\"Accueil\",\"item\":\"https:\/\/theplayoffs.news\/fr\/\"},{\"@type\":\"ListItem\",\"position\":2,\"name\":\"Portland compte prendre son temps pour transf\u00e9rer Damian Lillard\"}]},{\"@type\":\"WebSite\",\"@id\":\"https:\/\/theplayoffs.news\/fr\/#website\",\"url\":\"https:\/\/theplayoffs.news\/fr\/\",\"name\":\"The Playoffs FR\",\"description\":\"NBA-NFL-NHL-MLB\",\"potentialAction\":[{\"@type\":\"SearchAction\",\"target\":{\"@type\":\"EntryPoint\",\"urlTemplate\":\"https:\/\/theplayoffs.news\/fr\/?s={search_term_string}\"},\"query-input\":{\"@type\":\"PropertyValueSpecification\",\"valueRequired\":true,\"valueName\":\"search_term_string\"}}],\"inLanguage\":\"fr-FR\"},{\"@type\":\"Person\",\"@id\":\"https:\/\/theplayoffs.news\/fr\/#\/schema\/person\/4d1ed116f5f759b78f5f83e2dc3a71b2\",\"name\":\"Enzo Brule\",\"image\":{\"@type\":\"ImageObject\",\"inLanguage\":\"fr-FR\",\"@id\":\"https:\/\/theplayoffs.news\/fr\/#\/schema\/person\/image\/\",\"url\":\"https:\/\/secure.gravatar.com\/avatar\/80c21924e4d202bc7f0263091f76fe744a25fe3b7ba34db706abb65ea32dc7cd?s=96&d=mm&r=g\",\"contentUrl\":\"https:\/\/secure.gravatar.com\/avatar\/80c21924e4d202bc7f0263091f76fe744a25fe3b7ba34db706abb65ea32dc7cd?s=96&d=mm&r=g\",\"caption\":\"Enzo Brule\"},\"url\":\"https:\/\/theplayoffs.news\/fr\/author\/nzo-brulegmail-com\/\"}]}<\/script>\n<!-- \/ Yoast SEO plugin. -->","yoast_head_json":{"title":"Portland compte prendre son temps pour transf&eacute;rer Damian Lillard - The Playoffs FR","robots":{"index":"index","follow":"follow","max-snippet":"max-snippet:-1","max-image-preview":"max-image-preview:large","max-video-preview":"max-video-preview:-1"},"canonical":"https:\/\/theplayoffs.news\/fr\/actualite-nba\/portland-temps-damian-lillard\/","og_locale":"fr_FR","og_type":"article","og_title":"Portland compte prendre son temps pour transf&eacute;rer Damian Lillard - The Playoffs FR","og_url":"https:\/\/theplayoffs.news\/fr\/actualite-nba\/portland-temps-damian-lillard\/","og_site_name":"The Playoffs FR","article_publisher":"https:\/\/www.facebook.com\/TheFreeAgentFR\/","article_modified_time":"2023-07-06T14:24:51+00:00","og_image":[{"width":1920,"height":1440,"url":"https:\/\/theplayoffs.news\/fr\/wp-content\/uploads\/2023\/07\/Damian-Lillard.jpg","type":"image\/jpeg"}],"author":"Enzo Brule","twitter_card":"summary_large_image","twitter_creator":"@TheFreeAgentFR","twitter_site":"@TheFreeAgentFR","twitter_misc":{"\u00c9crit par":"Enzo Brule","Dur\u00e9e de lecture estim\u00e9e":"2 minutes"},"schema":{"@context":"https:\/\/schema.org","@graph":[{"@type":"WebPage","@id":"https:\/\/theplayoffs.news\/fr\/actualite-nba\/portland-temps-damian-lillard\/","url":"https:\/\/theplayoffs.news\/fr\/actualite-nba\/portland-temps-damian-lillard\/","name":"Portland compte prendre son temps pour transf\u00e9rer Damian Lillard - The Playoffs FR","isPartOf":{"@id":"https:\/\/theplayoffs.news\/fr\/#website"},"primaryImageOfPage":{"@id":"https:\/\/theplayoffs.news\/fr\/actualite-nba\/portland-temps-damian-lillard\/#primaryimage"},"image":{"@id":"https:\/\/theplayoffs.news\/fr\/actualite-nba\/portland-temps-damian-lillard\/#primaryimage"},"thumbnailUrl":"https:\/\/theplayoffs.news\/fr\/wp-content\/uploads\/2023\/07\/Damian-Lillard.jpg","datePublished":"2023-07-06T14:24:50+00:00","dateModified":"2023-07-06T14:24:51+00:00","author":{"@id":"https:\/\/theplayoffs.news\/fr\/#\/schema\/person\/4d1ed116f5f759b78f5f83e2dc3a71b2"},"breadcrumb":{"@id":"https:\/\/theplayoffs.news\/fr\/actualite-nba\/portland-temps-damian-lillard\/#breadcrumb"},"inLanguage":"fr-FR","potentialAction":[{"@type":"ReadAction","target":["https:\/\/theplayoffs.news\/fr\/actualite-nba\/portland-temps-damian-lillard\/"]}]},{"@type":"ImageObject","inLanguage":"fr-FR","@id":"https:\/\/theplayoffs.news\/fr\/actualite-nba\/portland-temps-damian-lillard\/#primaryimage","url":"https:\/\/theplayoffs.news\/fr\/wp-content\/uploads\/2023\/07\/Damian-Lillard.jpg","contentUrl":"https:\/\/theplayoffs.news\/fr\/wp-content\/uploads\/2023\/07\/Damian-Lillard.jpg","width":1920,"height":1440,"caption":"Damian Lillard"},{"@type":"BreadcrumbList","@id":"https:\/\/theplayoffs.news\/fr\/actualite-nba\/portland-temps-damian-lillard\/#breadcrumb","itemListElement":[{"@type":"ListItem","position":1,"name":"Accueil","item":"https:\/\/theplayoffs.news\/fr\/"},{"@type":"ListItem","position":2,"name":"Portland compte prendre son temps pour transf\u00e9rer Damian Lillard"}]},{"@type":"WebSite","@id":"https:\/\/theplayoffs.news\/fr\/#website","url":"https:\/\/theplayoffs.news\/fr\/","name":"The Playoffs FR","description":"NBA-NFL-NHL-MLB","potentialAction":[{"@type":"SearchAction","target":{"@type":"EntryPoint","urlTemplate":"https:\/\/theplayoffs.news\/fr\/?s={search_term_string}"},"query-input":{"@type":"PropertyValueSpecification","valueRequired":true,"valueName":"search_term_string"}}],"inLanguage":"fr-FR"},{"@type":"Person","@id":"https:\/\/theplayoffs.news\/fr\/#\/schema\/person\/4d1ed116f5f759b78f5f83e2dc3a71b2","name":"Enzo Brule","image":{"@type":"ImageObject","inLanguage":"fr-FR","@id":"https:\/\/theplayoffs.news\/fr\/#\/schema\/person\/image\/","url":"https:\/\/secure.gravatar.com\/avatar\/80c21924e4d202bc7f0263091f76fe744a25fe3b7ba34db706abb65ea32dc7cd?s=96&d=mm&r=g","contentUrl":"https:\/\/secure.gravatar.com\/avatar\/80c21924e4d202bc7f0263091f76fe744a25fe3b7ba34db706abb65ea32dc7cd?s=96&d=mm&r=g","caption":"Enzo Brule"},"url":"https:\/\/theplayoffs.news\/fr\/author\/nzo-brulegmail-com\/"}]}},"_links":{"self":[{"href":"https:\/\/theplayoffs.news\/fr\/wp-json\/wp\/v2\/posts\/684197","targetHints":{"allow":["GET"]}}],"collection":[{"href":"https:\/\/theplayoffs.news\/fr\/wp-json\/wp\/v2\/posts"}],"about":[{"href":"https:\/\/theplayoffs.news\/fr\/wp-json\/wp\/v2\/types\/post"}],"author":[{"embeddable":true,"href":"https:\/\/theplayoffs.news\/fr\/wp-json\/wp\/v2\/users\/180310182"}],"replies":[{"embeddable":true,"href":"https:\/\/theplayoffs.news\/fr\/wp-json\/wp\/v2\/comments?post=684197"}],"version-history":[{"count":3,"href":"https:\/\/theplayoffs.news\/fr\/wp-json\/wp\/v2\/posts\/684197\/revisions"}],"predecessor-version":[{"id":684201,"href":"https:\/\/theplayoffs.news\/fr\/wp-json\/wp\/v2\/posts\/684197\/revisions\/684201"}],"wp:featuredmedia":[{"embeddable":true,"href":"https:\/\/theplayoffs.news\/fr\/wp-json\/wp\/v2\/media\/684198"}],"wp:attachment":[{"href":"https:\/\/theplayoffs.news\/fr\/wp-json\/wp\/v2\/media?parent=684197"}],"wp:term":[{"taxonomy":"category","embeddable":true,"href":"https:\/\/theplayoffs.news\/fr\/wp-json\/wp\/v2\/categories?post=684197"},{"taxonomy":"post_tag","embeddable":true,"href":"https:\/\/theplayoffs.news\/fr\/wp-json\/wp\/v2\/tags?post=684197"},{"taxonomy":"sport","embeddable":true,"href":"https:\/\/theplayoffs.news\/fr\/wp-json\/wp\/v2\/sport?post=684197"},{"taxonomy":"saison","embeddable":true,"href":"https:\/\/theplayoffs.news\/fr\/wp-json\/wp\/v2\/saison?post=684197"}],"curies":[{"name":"wp","href":"https:\/\/api.w.org\/{rel}","templated":true}]}}