{"id":681703,"date":"2023-07-05T19:46:46","date_gmt":"2023-07-05T17:46:46","guid":{"rendered":"https:\/\/theplayoffs.news\/fr\/?p=681703"},"modified":"2023-07-05T19:46:47","modified_gmt":"2023-07-05T17:46:47","slug":"jimmy-cordero-suspendu-saison-2023","status":"publish","type":"post","link":"https:\/\/theplayoffs.news\/fr\/actualite-mlb\/jimmy-cordero-suspendu-saison-2023\/","title":{"rendered":"Jimmy Cordero, releveur des Yankees de New York suspendu pour le reste de la saison 2023"},"content":{"rendered":"<h2>Le commissaire <a href=\"https:\/\/twitter.com\/ChrisKirschner\/status\/1676638894144585738?s=20\" class=\"trk-cta-link\" data-cta-trk='{\"ctaType\":\"Link\",\"ctaSubType\":\"main\"}'>Robert D. Manfred Jr.<\/a> a d&eacute;clar&eacute; que le lanceur de rel&egrave;ve des Yankees de New York, Jimmy Cordero, sera suspendu pour le reste de la saison 2023 et des s&eacute;ries &eacute;liminatoires.<\/h2><p><a href=\"https:\/\/theplayoffs.news\/fr\/joueur\/jimmy-cordero-mlb-69700\/\" class=\"trk-cta-link\" data-cta-trk='{\"ctaType\":\"Link\",\"ctaSubType\":\"main\"}'><strong>Jimmy Cordero<\/strong><\/a> a accept&eacute; la suspension apr&egrave;s qu&rsquo;une enqu&ecirc;te a r&eacute;v&eacute;l&eacute; une violation de la politique conjointe de la Major League Baseball (MLB) sur la violence domestique, les agressions sexuelles et la maltraitance des enfants.<\/p><p>&Agrave; compter d&rsquo;aujourd&rsquo;hui, il est plac&eacute; sur la liste restreinte.<\/p><p>Cette d&eacute;claration du commissaire envoie un message clair que la MLB reste ferme dans son engagement &agrave; s&rsquo;attaquer &agrave; des probl&egrave;mes aussi sensibles et graves dans le sport. Cette position s&rsquo;aligne sur les efforts de la ligue pour am&eacute;liorer les normes de comportement des joueurs, visant &agrave; &eacute;tablir un pr&eacute;c&eacute;dent de tol&eacute;rance z&eacute;ro envers la violence domestique, les agressions sexuelles et la maltraitance des enfants.<\/p><p>Au fur et &agrave; mesure que l&rsquo;enqu&ecirc;te se d&eacute;roulait et entra&icirc;nait la suspension de Cordero, la MLB a exig&eacute; qu&rsquo;il participe &agrave; un programme d&rsquo;&eacute;valuation et de traitement confidentiel et complet. Ce processus, supervis&eacute; par le Joint Policy Board, servira un double objectif &ndash; aider Cordero &agrave; une r&eacute;habilitation potentielle et assurer la s&eacute;curit&eacute; et l&rsquo;int&eacute;grit&eacute; de la ligue, de ses joueurs et de ses fans.<\/p><p>En r&eacute;ponse &agrave; la suspension, les Yankees de New York ont rapidement publi&eacute; une d&eacute;claration exprimant leur soutien total au processus d&rsquo;enqu&ecirc;te de la MLB et aux mesures disciplinaires qui en d&eacute;coulent appliqu&eacute;es &agrave; Jimmy Cordero. Le club, faisant &eacute;cho aux sentiments de la MLB, a renforc&eacute; sa position contre la violence domestique.<\/p><p>Les Yankees ont affirm&eacute;:<\/p><blockquote><p>&laquo;&nbsp;Il n&rsquo;y a aucune justification &agrave; la violence domestique, et nous respectons les objectifs, les normes et l&rsquo;application de la politique conjointe de la MLB sur la violence domestique, les agressions sexuelles et la maltraitance des enfants.&nbsp;&raquo;<\/p><\/blockquote><p>Face &agrave; une suspension aussi s&eacute;v&egrave;re, les Yankees devront r&eacute;&eacute;valuer leur strat&eacute;gie d&rsquo;enclos de releveur. L&rsquo;absence de Jimmy Cordero pour le reste de la saison et les s&eacute;ries &eacute;liminatoires cr&eacute;era in&eacute;vitablement un vide dans l&rsquo;alignement de l&rsquo;&eacute;quipe qui devra &ecirc;tre combl&eacute; rapidement et efficacement.<\/p><p>La suspension de Jimmy Cordero marque un moment important dans les efforts en cours pour r&eacute;soudre les probl&egrave;mes de soci&eacute;t&eacute; dans le domaine du sport professionnel. Cela rappelle durement que les athl&egrave;tes, comme tous les individus, sont tenus responsables de leurs actions autant hors du terrain que sur celui-ci. Alors que la MLB continue de donner la priorit&eacute; &agrave; l&rsquo;int&eacute;grit&eacute; du jeu, l&rsquo;application de sa politique sur la violence domestique, les agressions sexuelles et la maltraitance des enfants envoie un message puissant sur l&rsquo;engagement de la ligue &agrave; maintenir un environnement s&ucirc;r et respectueux.<\/p>\n","protected":false},"excerpt":{"rendered":"","protected":false},"author":13,"featured_media":681704,"comment_status":"open","ping_status":"closed","sticky":false,"template":"","format":"standard","meta":{"inline_featured_image":false,"kia_subtitle":"","_mux_skip_reasons":[],"proofreadBy":0,"footnotes":""},"categories":[188,9],"tags":[6158,717],"sport":[],"saison":[],"class_list":["post-681703","post","type-post","status-publish","format-standard","has-post-thumbnail","hentry","category-actualite-mlb","category-mlb","tag-jimmy-cordero","tag-new-york-yankees"],"acf":[],"yoast_head":"<!-- This site is optimized with the Yoast SEO plugin v24.2 - https:\/\/yoast.com\/wordpress\/plugins\/seo\/ -->\n<title>Jimmy Cordero, releveur des Yankees de New York suspendu pour le reste de la saison 2023 - The Playoffs FR<\/title>\n<meta name=\"robots\" content=\"index, follow, max-snippet:-1, max-image-preview:large, max-video-preview:-1\" \/>\n<link rel=\"canonical\" href=\"https:\/\/theplayoffs.news\/fr\/actualite-mlb\/jimmy-cordero-suspendu-saison-2023\/\" \/>\n<meta property=\"og:locale\" content=\"fr_FR\" \/>\n<meta property=\"og:type\" content=\"article\" \/>\n<meta property=\"og:title\" content=\"Jimmy Cordero, releveur des Yankees de New York suspendu pour le reste de la saison 2023 - The Playoffs FR\" \/>\n<meta property=\"og:url\" content=\"https:\/\/theplayoffs.news\/fr\/actualite-mlb\/jimmy-cordero-suspendu-saison-2023\/\" \/>\n<meta property=\"og:site_name\" content=\"The Playoffs FR\" \/>\n<meta property=\"article:publisher\" content=\"https:\/\/www.facebook.com\/TheFreeAgentFR\/\" \/>\n<meta property=\"article:modified_time\" content=\"2023-07-05T19:46:47+02:00\" \/>\n<meta property=\"og:image\" content=\"https:\/\/theplayoffs.news\/fr\/wp-content\/uploads\/2023\/07\/F0SdxBZXgAIPzsg.jpeg\" \/>\n\t<meta property=\"og:image:width\" content=\"1920\" \/>\n\t<meta property=\"og:image:height\" content=\"1280\" \/>\n\t<meta property=\"og:image:type\" content=\"image\/jpeg\" \/>\n<meta name=\"author\" content=\"Charles Taudin\" \/>\n<meta name=\"twitter:card\" content=\"summary_large_image\" \/>\n<meta name=\"twitter:creator\" content=\"@TheFreeAgentFR\" \/>\n<meta name=\"twitter:site\" content=\"@TheFreeAgentFR\" \/>\n<meta name=\"twitter:label1\" content=\"\u00c9crit par\" \/>\n\t<meta name=\"twitter:data1\" content=\"Charles Taudin\" \/>\n\t<meta name=\"twitter:label2\" content=\"Dur\u00e9e de lecture estim\u00e9e\" \/>\n\t<meta name=\"twitter:data2\" content=\"2 minutes\" \/>\n<script type=\"application\/ld+json\" class=\"yoast-schema-graph\">{\"@context\":\"https:\/\/schema.org\",\"@graph\":[{\"@type\":\"WebPage\",\"@id\":\"https:\/\/theplayoffs.news\/fr\/actualite-mlb\/jimmy-cordero-suspendu-saison-2023\/\",\"url\":\"https:\/\/theplayoffs.news\/fr\/actualite-mlb\/jimmy-cordero-suspendu-saison-2023\/\",\"name\":\"Jimmy Cordero, releveur des Yankees de New York suspendu pour le reste de la saison 2023 - The Playoffs FR\",\"isPartOf\":{\"@id\":\"https:\/\/theplayoffs.news\/fr\/#website\"},\"primaryImageOfPage\":{\"@id\":\"https:\/\/theplayoffs.news\/fr\/actualite-mlb\/jimmy-cordero-suspendu-saison-2023\/#primaryimage\"},\"image\":{\"@id\":\"https:\/\/theplayoffs.news\/fr\/actualite-mlb\/jimmy-cordero-suspendu-saison-2023\/#primaryimage\"},\"thumbnailUrl\":\"https:\/\/theplayoffs.news\/fr\/wp-content\/uploads\/2023\/07\/F0SdxBZXgAIPzsg.jpeg\",\"datePublished\":\"2023-07-05T17:46:46+00:00\",\"dateModified\":\"2023-07-05T17:46:47+00:00\",\"author\":{\"@id\":\"https:\/\/theplayoffs.news\/fr\/#\/schema\/person\/eee5b69ad5d3c51cabe881c839dbe133\"},\"breadcrumb\":{\"@id\":\"https:\/\/theplayoffs.news\/fr\/actualite-mlb\/jimmy-cordero-suspendu-saison-2023\/#breadcrumb\"},\"inLanguage\":\"fr-FR\",\"potentialAction\":[{\"@type\":\"ReadAction\",\"target\":[\"https:\/\/theplayoffs.news\/fr\/actualite-mlb\/jimmy-cordero-suspendu-saison-2023\/\"]}]},{\"@type\":\"ImageObject\",\"inLanguage\":\"fr-FR\",\"@id\":\"https:\/\/theplayoffs.news\/fr\/actualite-mlb\/jimmy-cordero-suspendu-saison-2023\/#primaryimage\",\"url\":\"https:\/\/theplayoffs.news\/fr\/wp-content\/uploads\/2023\/07\/F0SdxBZXgAIPzsg.jpeg\",\"contentUrl\":\"https:\/\/theplayoffs.news\/fr\/wp-content\/uploads\/2023\/07\/F0SdxBZXgAIPzsg.jpeg\",\"width\":1920,\"height\":1280,\"caption\":\"Jimmy Cordero\"},{\"@type\":\"BreadcrumbList\",\"@id\":\"https:\/\/theplayoffs.news\/fr\/actualite-mlb\/jimmy-cordero-suspendu-saison-2023\/#breadcrumb\",\"itemListElement\":[{\"@type\":\"ListItem\",\"position\":1,\"name\":\"Accueil\",\"item\":\"https:\/\/theplayoffs.news\/fr\/\"},{\"@type\":\"ListItem\",\"position\":2,\"name\":\"Jimmy Cordero, releveur des Yankees de New York suspendu pour le reste de la saison 2023\"}]},{\"@type\":\"WebSite\",\"@id\":\"https:\/\/theplayoffs.news\/fr\/#website\",\"url\":\"https:\/\/theplayoffs.news\/fr\/\",\"name\":\"The Playoffs FR\",\"description\":\"NBA-NFL-NHL-MLB\",\"potentialAction\":[{\"@type\":\"SearchAction\",\"target\":{\"@type\":\"EntryPoint\",\"urlTemplate\":\"https:\/\/theplayoffs.news\/fr\/?s={search_term_string}\"},\"query-input\":{\"@type\":\"PropertyValueSpecification\",\"valueRequired\":true,\"valueName\":\"search_term_string\"}}],\"inLanguage\":\"fr-FR\"},{\"@type\":\"Person\",\"@id\":\"https:\/\/theplayoffs.news\/fr\/#\/schema\/person\/eee5b69ad5d3c51cabe881c839dbe133\",\"name\":\"Charles Taudin\",\"image\":{\"@type\":\"ImageObject\",\"inLanguage\":\"fr-FR\",\"@id\":\"https:\/\/theplayoffs.news\/fr\/#\/schema\/person\/image\/\",\"url\":\"https:\/\/secure.gravatar.com\/avatar\/59a1e772205ce9fd255edfcafc93013736822e20261f294c5753b20c41ede9f2?s=96&d=mm&r=g\",\"contentUrl\":\"https:\/\/secure.gravatar.com\/avatar\/59a1e772205ce9fd255edfcafc93013736822e20261f294c5753b20c41ede9f2?s=96&d=mm&r=g\",\"caption\":\"Charles Taudin\"},\"description\":\"R\u00e9dacteur en chef global de The Playoffs, j\u2019ai cr\u00e9\u00e9 The Free Agent, devenu The Playoffs FR, en 2020 durant la pand\u00e9mie. Amoureux depuis des ann\u00e9es des 4 sports majeurs am\u00e9ricains, j\u2019organise maintenant la strat\u00e9gie \u00e9ditoriale et les r\u00e9seaux sociaux de l\u2019ensemble des versions de The Playoffs. Il m\u2019arrive encore d\u2019\u00e9crire sur certains sports que j\u2019affectionne particuli\u00e8rement comme la NFL ou la MLB. Si vous devez retenir qu\u2019une chose : Eli Manning est le vrai GOAT pour avoir battu deux fois Tom Brady.\",\"sameAs\":[\"https:\/\/www.instagram.com\/ctaudin_\/\"],\"url\":\"https:\/\/theplayoffs.news\/fr\/author\/charles-taudin\/\"}]}<\/script>\n<!-- \/ Yoast SEO plugin. -->","yoast_head_json":{"title":"Jimmy Cordero, releveur des Yankees de New York suspendu pour le reste de la saison 2023 - The Playoffs FR","robots":{"index":"index","follow":"follow","max-snippet":"max-snippet:-1","max-image-preview":"max-image-preview:large","max-video-preview":"max-video-preview:-1"},"canonical":"https:\/\/theplayoffs.news\/fr\/actualite-mlb\/jimmy-cordero-suspendu-saison-2023\/","og_locale":"fr_FR","og_type":"article","og_title":"Jimmy Cordero, releveur des Yankees de New York suspendu pour le reste de la saison 2023 - The Playoffs FR","og_url":"https:\/\/theplayoffs.news\/fr\/actualite-mlb\/jimmy-cordero-suspendu-saison-2023\/","og_site_name":"The Playoffs FR","article_publisher":"https:\/\/www.facebook.com\/TheFreeAgentFR\/","article_modified_time":"2023-07-05T17:46:47+00:00","og_image":[{"width":1920,"height":1280,"url":"https:\/\/theplayoffs.news\/fr\/wp-content\/uploads\/2023\/07\/F0SdxBZXgAIPzsg.jpeg","type":"image\/jpeg"}],"author":"Charles Taudin","twitter_card":"summary_large_image","twitter_creator":"@TheFreeAgentFR","twitter_site":"@TheFreeAgentFR","twitter_misc":{"\u00c9crit par":"Charles Taudin","Dur\u00e9e de lecture estim\u00e9e":"2 minutes"},"schema":{"@context":"https:\/\/schema.org","@graph":[{"@type":"WebPage","@id":"https:\/\/theplayoffs.news\/fr\/actualite-mlb\/jimmy-cordero-suspendu-saison-2023\/","url":"https:\/\/theplayoffs.news\/fr\/actualite-mlb\/jimmy-cordero-suspendu-saison-2023\/","name":"Jimmy Cordero, releveur des Yankees de New York suspendu pour le reste de la saison 2023 - The Playoffs FR","isPartOf":{"@id":"https:\/\/theplayoffs.news\/fr\/#website"},"primaryImageOfPage":{"@id":"https:\/\/theplayoffs.news\/fr\/actualite-mlb\/jimmy-cordero-suspendu-saison-2023\/#primaryimage"},"image":{"@id":"https:\/\/theplayoffs.news\/fr\/actualite-mlb\/jimmy-cordero-suspendu-saison-2023\/#primaryimage"},"thumbnailUrl":"https:\/\/theplayoffs.news\/fr\/wp-content\/uploads\/2023\/07\/F0SdxBZXgAIPzsg.jpeg","datePublished":"2023-07-05T17:46:46+00:00","dateModified":"2023-07-05T17:46:47+00:00","author":{"@id":"https:\/\/theplayoffs.news\/fr\/#\/schema\/person\/eee5b69ad5d3c51cabe881c839dbe133"},"breadcrumb":{"@id":"https:\/\/theplayoffs.news\/fr\/actualite-mlb\/jimmy-cordero-suspendu-saison-2023\/#breadcrumb"},"inLanguage":"fr-FR","potentialAction":[{"@type":"ReadAction","target":["https:\/\/theplayoffs.news\/fr\/actualite-mlb\/jimmy-cordero-suspendu-saison-2023\/"]}]},{"@type":"ImageObject","inLanguage":"fr-FR","@id":"https:\/\/theplayoffs.news\/fr\/actualite-mlb\/jimmy-cordero-suspendu-saison-2023\/#primaryimage","url":"https:\/\/theplayoffs.news\/fr\/wp-content\/uploads\/2023\/07\/F0SdxBZXgAIPzsg.jpeg","contentUrl":"https:\/\/theplayoffs.news\/fr\/wp-content\/uploads\/2023\/07\/F0SdxBZXgAIPzsg.jpeg","width":1920,"height":1280,"caption":"Jimmy Cordero"},{"@type":"BreadcrumbList","@id":"https:\/\/theplayoffs.news\/fr\/actualite-mlb\/jimmy-cordero-suspendu-saison-2023\/#breadcrumb","itemListElement":[{"@type":"ListItem","position":1,"name":"Accueil","item":"https:\/\/theplayoffs.news\/fr\/"},{"@type":"ListItem","position":2,"name":"Jimmy Cordero, releveur des Yankees de New York suspendu pour le reste de la saison 2023"}]},{"@type":"WebSite","@id":"https:\/\/theplayoffs.news\/fr\/#website","url":"https:\/\/theplayoffs.news\/fr\/","name":"The Playoffs FR","description":"NBA-NFL-NHL-MLB","potentialAction":[{"@type":"SearchAction","target":{"@type":"EntryPoint","urlTemplate":"https:\/\/theplayoffs.news\/fr\/?s={search_term_string}"},"query-input":{"@type":"PropertyValueSpecification","valueRequired":true,"valueName":"search_term_string"}}],"inLanguage":"fr-FR"},{"@type":"Person","@id":"https:\/\/theplayoffs.news\/fr\/#\/schema\/person\/eee5b69ad5d3c51cabe881c839dbe133","name":"Charles Taudin","image":{"@type":"ImageObject","inLanguage":"fr-FR","@id":"https:\/\/theplayoffs.news\/fr\/#\/schema\/person\/image\/","url":"https:\/\/secure.gravatar.com\/avatar\/59a1e772205ce9fd255edfcafc93013736822e20261f294c5753b20c41ede9f2?s=96&d=mm&r=g","contentUrl":"https:\/\/secure.gravatar.com\/avatar\/59a1e772205ce9fd255edfcafc93013736822e20261f294c5753b20c41ede9f2?s=96&d=mm&r=g","caption":"Charles Taudin"},"description":"R\u00e9dacteur en chef global de The Playoffs, j\u2019ai cr\u00e9\u00e9 The Free Agent, devenu The Playoffs FR, en 2020 durant la pand\u00e9mie. Amoureux depuis des ann\u00e9es des 4 sports majeurs am\u00e9ricains, j\u2019organise maintenant la strat\u00e9gie \u00e9ditoriale et les r\u00e9seaux sociaux de l\u2019ensemble des versions de The Playoffs. Il m\u2019arrive encore d\u2019\u00e9crire sur certains sports que j\u2019affectionne particuli\u00e8rement comme la NFL ou la MLB. Si vous devez retenir qu\u2019une chose : Eli Manning est le vrai GOAT pour avoir battu deux fois Tom Brady.","sameAs":["https:\/\/www.instagram.com\/ctaudin_\/"],"url":"https:\/\/theplayoffs.news\/fr\/author\/charles-taudin\/"}]}},"_links":{"self":[{"href":"https:\/\/theplayoffs.news\/fr\/wp-json\/wp\/v2\/posts\/681703","targetHints":{"allow":["GET"]}}],"collection":[{"href":"https:\/\/theplayoffs.news\/fr\/wp-json\/wp\/v2\/posts"}],"about":[{"href":"https:\/\/theplayoffs.news\/fr\/wp-json\/wp\/v2\/types\/post"}],"author":[{"embeddable":true,"href":"https:\/\/theplayoffs.news\/fr\/wp-json\/wp\/v2\/users\/13"}],"replies":[{"embeddable":true,"href":"https:\/\/theplayoffs.news\/fr\/wp-json\/wp\/v2\/comments?post=681703"}],"version-history":[{"count":2,"href":"https:\/\/theplayoffs.news\/fr\/wp-json\/wp\/v2\/posts\/681703\/revisions"}],"predecessor-version":[{"id":681706,"href":"https:\/\/theplayoffs.news\/fr\/wp-json\/wp\/v2\/posts\/681703\/revisions\/681706"}],"wp:featuredmedia":[{"embeddable":true,"href":"https:\/\/theplayoffs.news\/fr\/wp-json\/wp\/v2\/media\/681704"}],"wp:attachment":[{"href":"https:\/\/theplayoffs.news\/fr\/wp-json\/wp\/v2\/media?parent=681703"}],"wp:term":[{"taxonomy":"category","embeddable":true,"href":"https:\/\/theplayoffs.news\/fr\/wp-json\/wp\/v2\/categories?post=681703"},{"taxonomy":"post_tag","embeddable":true,"href":"https:\/\/theplayoffs.news\/fr\/wp-json\/wp\/v2\/tags?post=681703"},{"taxonomy":"sport","embeddable":true,"href":"https:\/\/theplayoffs.news\/fr\/wp-json\/wp\/v2\/sport?post=681703"},{"taxonomy":"saison","embeddable":true,"href":"https:\/\/theplayoffs.news\/fr\/wp-json\/wp\/v2\/saison?post=681703"}],"curies":[{"name":"wp","href":"https:\/\/api.w.org\/{rel}","templated":true}]}}