{"id":681677,"date":"2023-07-05T15:42:22","date_gmt":"2023-07-05T13:42:22","guid":{"rendered":"https:\/\/theplayoffs.news\/fr\/?p=681677"},"modified":"2023-07-05T15:42:23","modified_gmt":"2023-07-05T13:42:23","slug":"josh-allen-situation-stefon-diggs","status":"publish","type":"post","link":"https:\/\/theplayoffs.news\/fr\/actualite-nfl\/josh-allen-situation-stefon-diggs\/","title":{"rendered":"Josh Allen s&rsquo;exprime sur la situation Stefon Diggs"},"content":{"rendered":"<h2>Le mois dernier, Stefon Diggs &eacute;tait absent lors de la premi&egrave;re journ&eacute;e du mini camp obligatoire des Bills.<\/h2><p>&nbsp;<\/p><p>C&rsquo;est son quarterback, Josh Allen, qui d&eacute;clare que l&rsquo;absence de Diggs lors de cette premi&egrave;re journ&eacute;e de mini camp n&rsquo;&eacute;tait pas aussi grave que nous le pensons.<\/p><blockquote><p><span>&laquo;&nbsp;Je l&rsquo;aime.&nbsp;C&rsquo;est mon gars &laquo;&nbsp;, a d&eacute;clar&eacute; Allen &agrave; propos de Diggs<\/span><i><span>. &laquo;&nbsp;<\/span><\/i><span>Les m&eacute;dias ont exag&eacute;r&eacute; jusqu&rsquo;&agrave; pr&eacute;sent<\/span><span>.&nbsp;Nous sommes en mini camp. Nous ne jouons pas &agrave; un jeu pendant quatre mois.&nbsp;Il ne se pr&eacute;sente pas pendant un jour, il est toujours l&agrave;, l&rsquo;entra&icirc;neur lui a demand&eacute; de rentrer chez lui, ils sont en pourparlers, ils essaient de r&eacute;gler certaines choses.&nbsp;Ils en parlent encore.&nbsp;Laissez aller. Il n&rsquo;y a aucune raison de continuer &agrave; en parler.&nbsp;&raquo;<\/span><\/p><\/blockquote><p>Cependant, l&rsquo;entra&icirc;neur en chef, Bill McDermott, des Buffalo Bills, s&rsquo;est dit <a href=\"https:\/\/theplayoffs.news\/fr\/nfl\/stefon-diggs-mecontentement-gronde-buffalo\/\" class=\"trk-cta-link\" data-cta-trk='{\"ctaType\":\"Link\",\"ctaSubType\":\"main\"}'>&laquo;&nbsp;tr&egrave;s pr&eacute;occup&eacute;&nbsp;&raquo; par l&rsquo;absence de son receveur<\/a> au mini camp. Lorsque l&rsquo;entra&icirc;neur d&rsquo;une des meilleure &eacute;quipes de NFL actuellement se dit pr&eacute;occup&eacute; par l&rsquo;un de ses joueur star, c&rsquo;est une histoire que les m&eacute;dias ont probablement raison de reprendre.<\/p><p>En attendant, si la relation entre <a href=\"https:\/\/www.nfl.com\/players\/stefon-diggs\/\" class=\"trk-cta-link\" data-cta-trk='{\"ctaType\":\"Link\",\"ctaSubType\":\"main\"}'>Stefon Diggs<\/a> et les Bills reste intacte, alors nous n&rsquo;aurons pas besoin de s&rsquo;&eacute;terniser sur le sujet. En attendant, Stefon Diggs sort d&rsquo;une grosse saison avec les Bills. On compte pas moins de 1 429 yards &agrave; la r&eacute;ception pour 11 touchdowns. La connexion entre Allen et Diggs doit rester intacte pour que Buffalo n&rsquo;ait pas besoin de s&rsquo;inqui&eacute;ter sur leurs performances sportives.<\/p>\n","protected":false},"excerpt":{"rendered":"","protected":false},"author":180310178,"featured_media":282627,"comment_status":"open","ping_status":"closed","sticky":false,"template":"","format":"standard","meta":{"inline_featured_image":false,"kia_subtitle":"","_mux_skip_reasons":[],"proofreadBy":0,"footnotes":""},"categories":[118,40],"tags":[133,870,2563],"sport":[2785],"saison":[3453],"class_list":["post-681677","post","type-post","status-publish","format-standard","has-post-thumbnail","hentry","category-actualite-nfl","category-nfl","tag-buffalo-bills","tag-josh-allen","tag-stefon-diggs","sport-nfl","saison-3453"],"acf":[],"yoast_head":"<!-- This site is optimized with the Yoast SEO plugin v24.2 - https:\/\/yoast.com\/wordpress\/plugins\/seo\/ -->\n<title>Josh Allen s&#039;exprime sur la situation Stefon Diggs - The Playoffs FR<\/title>\n<meta name=\"robots\" content=\"index, follow, max-snippet:-1, max-image-preview:large, max-video-preview:-1\" \/>\n<link rel=\"canonical\" href=\"https:\/\/theplayoffs.news\/fr\/actualite-nfl\/josh-allen-situation-stefon-diggs\/\" \/>\n<meta property=\"og:locale\" content=\"fr_FR\" \/>\n<meta property=\"og:type\" content=\"article\" \/>\n<meta property=\"og:title\" content=\"Josh Allen s&#039;exprime sur la situation Stefon Diggs - The Playoffs FR\" \/>\n<meta property=\"og:url\" content=\"https:\/\/theplayoffs.news\/fr\/actualite-nfl\/josh-allen-situation-stefon-diggs\/\" \/>\n<meta property=\"og:site_name\" content=\"The Playoffs FR\" \/>\n<meta property=\"article:publisher\" content=\"https:\/\/www.facebook.com\/TheFreeAgentFR\/\" \/>\n<meta property=\"article:modified_time\" content=\"2023-07-05T15:42:23+02:00\" \/>\n<meta property=\"og:image\" content=\"https:\/\/theplayoffs.news\/fr\/wp-content\/uploads\/2020\/12\/josh-allen-stefon-diggs-291220.jpg\" \/>\n\t<meta property=\"og:image:width\" content=\"800\" \/>\n\t<meta property=\"og:image:height\" content=\"534\" \/>\n\t<meta property=\"og:image:type\" content=\"image\/jpeg\" \/>\n<meta name=\"author\" content=\"Arthur Berlemont\" \/>\n<meta name=\"twitter:card\" content=\"summary_large_image\" \/>\n<meta name=\"twitter:creator\" content=\"@TheFreeAgentFR\" \/>\n<meta name=\"twitter:site\" content=\"@TheFreeAgentFR\" \/>\n<meta name=\"twitter:label1\" content=\"\u00c9crit par\" \/>\n\t<meta name=\"twitter:data1\" content=\"Arthur Berlemont\" \/>\n\t<meta name=\"twitter:label2\" content=\"Dur\u00e9e de lecture estim\u00e9e\" \/>\n\t<meta name=\"twitter:data2\" content=\"1 minute\" \/>\n<script type=\"application\/ld+json\" class=\"yoast-schema-graph\">{\"@context\":\"https:\/\/schema.org\",\"@graph\":[{\"@type\":\"WebPage\",\"@id\":\"https:\/\/theplayoffs.news\/fr\/actualite-nfl\/josh-allen-situation-stefon-diggs\/\",\"url\":\"https:\/\/theplayoffs.news\/fr\/actualite-nfl\/josh-allen-situation-stefon-diggs\/\",\"name\":\"Josh Allen s\\\\'exprime sur la situation Stefon Diggs - The Playoffs FR\",\"isPartOf\":{\"@id\":\"https:\/\/theplayoffs.news\/fr\/#website\"},\"primaryImageOfPage\":{\"@id\":\"https:\/\/theplayoffs.news\/fr\/actualite-nfl\/josh-allen-situation-stefon-diggs\/#primaryimage\"},\"image\":{\"@id\":\"https:\/\/theplayoffs.news\/fr\/actualite-nfl\/josh-allen-situation-stefon-diggs\/#primaryimage\"},\"thumbnailUrl\":\"https:\/\/theplayoffs.news\/fr\/wp-content\/uploads\/2020\/12\/josh-allen-stefon-diggs-291220.jpg\",\"datePublished\":\"2023-07-05T13:42:22+00:00\",\"dateModified\":\"2023-07-05T13:42:23+00:00\",\"author\":{\"@id\":\"https:\/\/theplayoffs.news\/fr\/#\/schema\/person\/b6b04a451dab03a5ab75cec8912e8942\"},\"breadcrumb\":{\"@id\":\"https:\/\/theplayoffs.news\/fr\/actualite-nfl\/josh-allen-situation-stefon-diggs\/#breadcrumb\"},\"inLanguage\":\"fr-FR\",\"potentialAction\":[{\"@type\":\"ReadAction\",\"target\":[\"https:\/\/theplayoffs.news\/fr\/actualite-nfl\/josh-allen-situation-stefon-diggs\/\"]}]},{\"@type\":\"ImageObject\",\"inLanguage\":\"fr-FR\",\"@id\":\"https:\/\/theplayoffs.news\/fr\/actualite-nfl\/josh-allen-situation-stefon-diggs\/#primaryimage\",\"url\":\"https:\/\/theplayoffs.news\/fr\/wp-content\/uploads\/2020\/12\/josh-allen-stefon-diggs-291220.jpg\",\"contentUrl\":\"https:\/\/theplayoffs.news\/fr\/wp-content\/uploads\/2020\/12\/josh-allen-stefon-diggs-291220.jpg\",\"width\":800,\"height\":534,\"caption\":\"stefon diggs\"},{\"@type\":\"BreadcrumbList\",\"@id\":\"https:\/\/theplayoffs.news\/fr\/actualite-nfl\/josh-allen-situation-stefon-diggs\/#breadcrumb\",\"itemListElement\":[{\"@type\":\"ListItem\",\"position\":1,\"name\":\"Accueil\",\"item\":\"https:\/\/theplayoffs.news\/fr\/\"},{\"@type\":\"ListItem\",\"position\":2,\"name\":\"Josh Allen s&rsquo;exprime sur la situation Stefon Diggs\"}]},{\"@type\":\"WebSite\",\"@id\":\"https:\/\/theplayoffs.news\/fr\/#website\",\"url\":\"https:\/\/theplayoffs.news\/fr\/\",\"name\":\"The Playoffs FR\",\"description\":\"NBA-NFL-NHL-MLB\",\"potentialAction\":[{\"@type\":\"SearchAction\",\"target\":{\"@type\":\"EntryPoint\",\"urlTemplate\":\"https:\/\/theplayoffs.news\/fr\/?s={search_term_string}\"},\"query-input\":{\"@type\":\"PropertyValueSpecification\",\"valueRequired\":true,\"valueName\":\"search_term_string\"}}],\"inLanguage\":\"fr-FR\"},{\"@type\":\"Person\",\"@id\":\"https:\/\/theplayoffs.news\/fr\/#\/schema\/person\/b6b04a451dab03a5ab75cec8912e8942\",\"name\":\"Arthur Berlemont\",\"image\":{\"@type\":\"ImageObject\",\"inLanguage\":\"fr-FR\",\"@id\":\"https:\/\/theplayoffs.news\/fr\/#\/schema\/person\/image\/\",\"url\":\"https:\/\/secure.gravatar.com\/avatar\/19ddab1d62ab0a19b186b86cee130432b120dd6f085625a6a6757dd1aa90a5f3?s=96&d=mm&r=g\",\"contentUrl\":\"https:\/\/secure.gravatar.com\/avatar\/19ddab1d62ab0a19b186b86cee130432b120dd6f085625a6a6757dd1aa90a5f3?s=96&d=mm&r=g\",\"caption\":\"Arthur Berlemont\"},\"description\":\"Etudiant passionn\u00e9 de sport, avant tout m\u00e9caniques, j\\\\'ai d\u00e9couvert les sports US il y a quelques ann\u00e9es. J\\\\'ai tout de suite accroch\u00e9 pour la ville de Cincinnati et ses franchises de NFL et MLB. Aujourd\\\\'hui, je suis l\u00e0 par passion dans la r\u00e9daction d\\\\'articles sur divers sports que j\\\\'affectionne.\",\"url\":\"https:\/\/theplayoffs.news\/fr\/author\/arthur-berlemontgmail-com\/\"}]}<\/script>\n<!-- \/ Yoast SEO plugin. -->","yoast_head_json":{"title":"Josh Allen s&#039;exprime sur la situation Stefon Diggs - The Playoffs FR","robots":{"index":"index","follow":"follow","max-snippet":"max-snippet:-1","max-image-preview":"max-image-preview:large","max-video-preview":"max-video-preview:-1"},"canonical":"https:\/\/theplayoffs.news\/fr\/actualite-nfl\/josh-allen-situation-stefon-diggs\/","og_locale":"fr_FR","og_type":"article","og_title":"Josh Allen s&#039;exprime sur la situation Stefon Diggs - The Playoffs FR","og_url":"https:\/\/theplayoffs.news\/fr\/actualite-nfl\/josh-allen-situation-stefon-diggs\/","og_site_name":"The Playoffs FR","article_publisher":"https:\/\/www.facebook.com\/TheFreeAgentFR\/","article_modified_time":"2023-07-05T13:42:23+00:00","og_image":[{"width":800,"height":534,"url":"https:\/\/theplayoffs.news\/fr\/wp-content\/uploads\/2020\/12\/josh-allen-stefon-diggs-291220.jpg","type":"image\/jpeg"}],"author":"Arthur Berlemont","twitter_card":"summary_large_image","twitter_creator":"@TheFreeAgentFR","twitter_site":"@TheFreeAgentFR","twitter_misc":{"\u00c9crit par":"Arthur Berlemont","Dur\u00e9e de lecture estim\u00e9e":"1 minute"},"schema":{"@context":"https:\/\/schema.org","@graph":[{"@type":"WebPage","@id":"https:\/\/theplayoffs.news\/fr\/actualite-nfl\/josh-allen-situation-stefon-diggs\/","url":"https:\/\/theplayoffs.news\/fr\/actualite-nfl\/josh-allen-situation-stefon-diggs\/","name":"Josh Allen s\\'exprime sur la situation Stefon Diggs - The Playoffs FR","isPartOf":{"@id":"https:\/\/theplayoffs.news\/fr\/#website"},"primaryImageOfPage":{"@id":"https:\/\/theplayoffs.news\/fr\/actualite-nfl\/josh-allen-situation-stefon-diggs\/#primaryimage"},"image":{"@id":"https:\/\/theplayoffs.news\/fr\/actualite-nfl\/josh-allen-situation-stefon-diggs\/#primaryimage"},"thumbnailUrl":"https:\/\/theplayoffs.news\/fr\/wp-content\/uploads\/2020\/12\/josh-allen-stefon-diggs-291220.jpg","datePublished":"2023-07-05T13:42:22+00:00","dateModified":"2023-07-05T13:42:23+00:00","author":{"@id":"https:\/\/theplayoffs.news\/fr\/#\/schema\/person\/b6b04a451dab03a5ab75cec8912e8942"},"breadcrumb":{"@id":"https:\/\/theplayoffs.news\/fr\/actualite-nfl\/josh-allen-situation-stefon-diggs\/#breadcrumb"},"inLanguage":"fr-FR","potentialAction":[{"@type":"ReadAction","target":["https:\/\/theplayoffs.news\/fr\/actualite-nfl\/josh-allen-situation-stefon-diggs\/"]}]},{"@type":"ImageObject","inLanguage":"fr-FR","@id":"https:\/\/theplayoffs.news\/fr\/actualite-nfl\/josh-allen-situation-stefon-diggs\/#primaryimage","url":"https:\/\/theplayoffs.news\/fr\/wp-content\/uploads\/2020\/12\/josh-allen-stefon-diggs-291220.jpg","contentUrl":"https:\/\/theplayoffs.news\/fr\/wp-content\/uploads\/2020\/12\/josh-allen-stefon-diggs-291220.jpg","width":800,"height":534,"caption":"stefon diggs"},{"@type":"BreadcrumbList","@id":"https:\/\/theplayoffs.news\/fr\/actualite-nfl\/josh-allen-situation-stefon-diggs\/#breadcrumb","itemListElement":[{"@type":"ListItem","position":1,"name":"Accueil","item":"https:\/\/theplayoffs.news\/fr\/"},{"@type":"ListItem","position":2,"name":"Josh Allen s&rsquo;exprime sur la situation Stefon Diggs"}]},{"@type":"WebSite","@id":"https:\/\/theplayoffs.news\/fr\/#website","url":"https:\/\/theplayoffs.news\/fr\/","name":"The Playoffs FR","description":"NBA-NFL-NHL-MLB","potentialAction":[{"@type":"SearchAction","target":{"@type":"EntryPoint","urlTemplate":"https:\/\/theplayoffs.news\/fr\/?s={search_term_string}"},"query-input":{"@type":"PropertyValueSpecification","valueRequired":true,"valueName":"search_term_string"}}],"inLanguage":"fr-FR"},{"@type":"Person","@id":"https:\/\/theplayoffs.news\/fr\/#\/schema\/person\/b6b04a451dab03a5ab75cec8912e8942","name":"Arthur Berlemont","image":{"@type":"ImageObject","inLanguage":"fr-FR","@id":"https:\/\/theplayoffs.news\/fr\/#\/schema\/person\/image\/","url":"https:\/\/secure.gravatar.com\/avatar\/19ddab1d62ab0a19b186b86cee130432b120dd6f085625a6a6757dd1aa90a5f3?s=96&d=mm&r=g","contentUrl":"https:\/\/secure.gravatar.com\/avatar\/19ddab1d62ab0a19b186b86cee130432b120dd6f085625a6a6757dd1aa90a5f3?s=96&d=mm&r=g","caption":"Arthur Berlemont"},"description":"Etudiant passionn\u00e9 de sport, avant tout m\u00e9caniques, j\\'ai d\u00e9couvert les sports US il y a quelques ann\u00e9es. J\\'ai tout de suite accroch\u00e9 pour la ville de Cincinnati et ses franchises de NFL et MLB. Aujourd\\'hui, je suis l\u00e0 par passion dans la r\u00e9daction d\\'articles sur divers sports que j\\'affectionne.","url":"https:\/\/theplayoffs.news\/fr\/author\/arthur-berlemontgmail-com\/"}]}},"_links":{"self":[{"href":"https:\/\/theplayoffs.news\/fr\/wp-json\/wp\/v2\/posts\/681677","targetHints":{"allow":["GET"]}}],"collection":[{"href":"https:\/\/theplayoffs.news\/fr\/wp-json\/wp\/v2\/posts"}],"about":[{"href":"https:\/\/theplayoffs.news\/fr\/wp-json\/wp\/v2\/types\/post"}],"author":[{"embeddable":true,"href":"https:\/\/theplayoffs.news\/fr\/wp-json\/wp\/v2\/users\/180310178"}],"replies":[{"embeddable":true,"href":"https:\/\/theplayoffs.news\/fr\/wp-json\/wp\/v2\/comments?post=681677"}],"version-history":[{"count":4,"href":"https:\/\/theplayoffs.news\/fr\/wp-json\/wp\/v2\/posts\/681677\/revisions"}],"predecessor-version":[{"id":681682,"href":"https:\/\/theplayoffs.news\/fr\/wp-json\/wp\/v2\/posts\/681677\/revisions\/681682"}],"wp:featuredmedia":[{"embeddable":true,"href":"https:\/\/theplayoffs.news\/fr\/wp-json\/wp\/v2\/media\/282627"}],"wp:attachment":[{"href":"https:\/\/theplayoffs.news\/fr\/wp-json\/wp\/v2\/media?parent=681677"}],"wp:term":[{"taxonomy":"category","embeddable":true,"href":"https:\/\/theplayoffs.news\/fr\/wp-json\/wp\/v2\/categories?post=681677"},{"taxonomy":"post_tag","embeddable":true,"href":"https:\/\/theplayoffs.news\/fr\/wp-json\/wp\/v2\/tags?post=681677"},{"taxonomy":"sport","embeddable":true,"href":"https:\/\/theplayoffs.news\/fr\/wp-json\/wp\/v2\/sport?post=681677"},{"taxonomy":"saison","embeddable":true,"href":"https:\/\/theplayoffs.news\/fr\/wp-json\/wp\/v2\/saison?post=681677"}],"curies":[{"name":"wp","href":"https:\/\/api.w.org\/{rel}","templated":true}]}}