{"id":676783,"date":"2023-07-03T19:13:27","date_gmt":"2023-07-03T17:13:27","guid":{"rendered":"https:\/\/theplayoffs.news\/fr\/?p=676783"},"modified":"2023-07-03T19:13:28","modified_gmt":"2023-07-03T17:13:28","slug":"vladimir-tarasenko-radar-senateurs-dottawa","status":"publish","type":"post","link":"https:\/\/theplayoffs.news\/fr\/actualite-nhl\/vladimir-tarasenko-radar-senateurs-dottawa\/","title":{"rendered":"Vladimir Tarasenko sur le radar des S\u00e9nateurs d&rsquo;Ottawa"},"content":{"rendered":"<h2>L&rsquo;un des mouvements potentiels les plus int&eacute;ressants de cette intersaison dans la LNH pourrait impliquer l&rsquo;ailier droit des Rangers de New York, Vladimir Tarasenko, alors qu&rsquo;il suscite l&rsquo;int&eacute;r&ecirc;t des S&eacute;nateurs d&rsquo;Ottawa.<\/h2><p><a href=\"https:\/\/theplayoffs.news\/fr\/joueur\/vladimir-tarasenko-nhl-11674\/\" class=\"trk-cta-link\" data-cta-trk='{\"ctaType\":\"Link\",\"ctaSubType\":\"main\"}'><strong>Vladimir Tarasenko<\/strong><\/a>, un agent libre sans restriction de 31 ans, est devenu une figure de proue sur le radar des agents libres de la LNH. Apr&egrave;s une saison qui l&rsquo;a vu accumuler 50 points (18 buts, 32 passes) en 69 matchs, il pourrait &ecirc;tre une force offensive importante pour toute &eacute;quipe qui le d&eacute;barque.<\/p><h3>Tarasenko, S&eacute;nateurs d&rsquo;Ottawa : les pr&eacute;misses<\/h3><p>Apr&egrave;s son passage des St. Louis Blues aux Rangers en f&eacute;vrier, la perspective d&rsquo;un nouveau changement de d&eacute;cor a fait son apparition. Selon <a href=\"https:\/\/twitter.com\/FriedgeHNIC\/status\/1675319732981858304\" class=\"trk-cta-link\" data-cta-trk='{\"ctaType\":\"Link\",\"ctaSubType\":\"main\"}'>Elliotte Friedman de Sportsnet<\/a>, Tarasenko et les S&eacute;nateurs d&rsquo;Ottawa se sont engag&eacute;s dans des pourparlers pr&eacute;liminaires lors de la premi&egrave;re journ&eacute;e de la free agency dans la LNH. Si ces pourparlers d&eacute;bouchent sur un contrat, Vladimir Tarasenko pourrait fournir un coup de pouce offensif bien n&eacute;cessaire &agrave; l&rsquo;alignement des S&eacute;nateurs pour la saison 2023-24.<\/p><p>Cependant, cette &eacute;ventuelle signature reste entour&eacute;e d&rsquo;incertitudes. L&rsquo;arriv&eacute;e de Vladimir Tarasenko &agrave; Ottawa est li&eacute;e &agrave; l&rsquo;avenir de l&rsquo;actuel attaquant des S&eacute;nateurs Alex DeBrincat, qui a r&eacute;cemment fait l&rsquo;objet de rumeurs de trade.<\/p><h3>Le facteur DeBrincat<\/h3><p>Comme le souligne Friedman, la poursuite potentielle de Vladimir Tarasenko d&eacute;pend fortement du mouvement de DeBrincat. Si les S&eacute;nateurs peuvent trouver un &eacute;change convenable pour DeBrincat, cela pourrait lib&eacute;rer l&rsquo;espace de plafond et la place d&rsquo;alignement n&eacute;cessaires pour accueillir Tarasenko.<\/p><p>Cette situation illustre les complexit&eacute;s de la p&eacute;riode de libre arbitre de la LNH, o&ugrave; plusieurs variables jouent dans chaque transaction potentielle de joueur.<\/p><h3>Une aide pour les s&eacute;ries &eacute;liminatoires<\/h3><p>Tarasenko, deux fois All-Star, pourrait repr&eacute;senter un pas en avant pour une &eacute;quipe d&rsquo;Ottawa qui cherche &agrave; briser une disette de six ans sans s&eacute;ries &eacute;liminatoires. Sa capacit&eacute; &eacute;prouv&eacute;e &agrave; marquer et son exp&eacute;rience en s&eacute;ries &eacute;liminatoires &ndash; il a &eacute;t&eacute; un &eacute;l&eacute;ment crucial de l&rsquo;&eacute;quipe des Blues vainqueur de la Coupe Stanley en 2019 &ndash; seraient inestimables pour une &eacute;quipe des S&eacute;nateurs qui souhaite revenir en s&eacute;ries &eacute;liminatoires.<\/p><p>En effet, rejoindre une &eacute;quipe au bord d&rsquo;une r&eacute;surgence potentielle pourrait &eacute;galement plaire &agrave; Tarasenko, pr&eacute;sentant un d&eacute;fi passionnant comme le prochain chapitre de son illustre carri&egrave;re.<\/p>\n","protected":false},"excerpt":{"rendered":"","protected":false},"author":13,"featured_media":676784,"comment_status":"open","ping_status":"closed","sticky":false,"template":"","format":"standard","meta":{"inline_featured_image":false,"kia_subtitle":"","_mux_skip_reasons":[],"proofreadBy":0,"footnotes":""},"categories":[187,26],"tags":[5477,5525],"sport":[],"saison":[],"class_list":["post-676783","post","type-post","status-publish","format-standard","has-post-thumbnail","hentry","category-actualite-nhl","category-nhl","tag-vladimir-tarasenko","tag-senateurs-dottawa"],"acf":[],"yoast_head":"<!-- This site is optimized with the Yoast SEO plugin v24.2 - https:\/\/yoast.com\/wordpress\/plugins\/seo\/ -->\n<title>Vladimir Tarasenko sur le radar des S&eacute;nateurs d&#039;Ottawa - The Playoffs FR<\/title>\n<meta name=\"robots\" content=\"index, follow, max-snippet:-1, max-image-preview:large, max-video-preview:-1\" \/>\n<link rel=\"canonical\" href=\"https:\/\/theplayoffs.news\/fr\/actualite-nhl\/vladimir-tarasenko-radar-senateurs-dottawa\/\" \/>\n<meta property=\"og:locale\" content=\"fr_FR\" \/>\n<meta property=\"og:type\" content=\"article\" \/>\n<meta property=\"og:title\" content=\"Vladimir Tarasenko sur le radar des S&eacute;nateurs d&#039;Ottawa - The Playoffs FR\" \/>\n<meta property=\"og:url\" content=\"https:\/\/theplayoffs.news\/fr\/actualite-nhl\/vladimir-tarasenko-radar-senateurs-dottawa\/\" \/>\n<meta property=\"og:site_name\" content=\"The Playoffs FR\" \/>\n<meta property=\"article:publisher\" content=\"https:\/\/www.facebook.com\/TheFreeAgentFR\/\" \/>\n<meta property=\"article:modified_time\" content=\"2023-07-03T19:13:28+02:00\" \/>\n<meta property=\"og:image\" content=\"https:\/\/theplayoffs.news\/fr\/wp-content\/uploads\/2023\/07\/Capture-decran-2023-07-03-a-19.10.53.jpg\" \/>\n\t<meta property=\"og:image:width\" content=\"1903\" \/>\n\t<meta property=\"og:image:height\" content=\"1056\" \/>\n\t<meta property=\"og:image:type\" content=\"image\/jpeg\" \/>\n<meta name=\"author\" content=\"Charles Taudin\" \/>\n<meta name=\"twitter:card\" content=\"summary_large_image\" \/>\n<meta name=\"twitter:creator\" content=\"@TheFreeAgentFR\" \/>\n<meta name=\"twitter:site\" content=\"@TheFreeAgentFR\" \/>\n<meta name=\"twitter:label1\" content=\"\u00c9crit par\" \/>\n\t<meta name=\"twitter:data1\" content=\"Charles Taudin\" \/>\n\t<meta name=\"twitter:label2\" content=\"Dur\u00e9e de lecture estim\u00e9e\" \/>\n\t<meta name=\"twitter:data2\" content=\"2 minutes\" \/>\n<script type=\"application\/ld+json\" class=\"yoast-schema-graph\">{\"@context\":\"https:\/\/schema.org\",\"@graph\":[{\"@type\":\"WebPage\",\"@id\":\"https:\/\/theplayoffs.news\/fr\/actualite-nhl\/vladimir-tarasenko-radar-senateurs-dottawa\/\",\"url\":\"https:\/\/theplayoffs.news\/fr\/actualite-nhl\/vladimir-tarasenko-radar-senateurs-dottawa\/\",\"name\":\"Vladimir Tarasenko sur le radar des S\u00e9nateurs d\\\\'Ottawa - The Playoffs FR\",\"isPartOf\":{\"@id\":\"https:\/\/theplayoffs.news\/fr\/#website\"},\"primaryImageOfPage\":{\"@id\":\"https:\/\/theplayoffs.news\/fr\/actualite-nhl\/vladimir-tarasenko-radar-senateurs-dottawa\/#primaryimage\"},\"image\":{\"@id\":\"https:\/\/theplayoffs.news\/fr\/actualite-nhl\/vladimir-tarasenko-radar-senateurs-dottawa\/#primaryimage\"},\"thumbnailUrl\":\"https:\/\/theplayoffs.news\/fr\/wp-content\/uploads\/2023\/07\/Capture-decran-2023-07-03-a-19.10.53.jpg\",\"datePublished\":\"2023-07-03T17:13:27+00:00\",\"dateModified\":\"2023-07-03T17:13:28+00:00\",\"author\":{\"@id\":\"https:\/\/theplayoffs.news\/fr\/#\/schema\/person\/eee5b69ad5d3c51cabe881c839dbe133\"},\"breadcrumb\":{\"@id\":\"https:\/\/theplayoffs.news\/fr\/actualite-nhl\/vladimir-tarasenko-radar-senateurs-dottawa\/#breadcrumb\"},\"inLanguage\":\"fr-FR\",\"potentialAction\":[{\"@type\":\"ReadAction\",\"target\":[\"https:\/\/theplayoffs.news\/fr\/actualite-nhl\/vladimir-tarasenko-radar-senateurs-dottawa\/\"]}]},{\"@type\":\"ImageObject\",\"inLanguage\":\"fr-FR\",\"@id\":\"https:\/\/theplayoffs.news\/fr\/actualite-nhl\/vladimir-tarasenko-radar-senateurs-dottawa\/#primaryimage\",\"url\":\"https:\/\/theplayoffs.news\/fr\/wp-content\/uploads\/2023\/07\/Capture-decran-2023-07-03-a-19.10.53.jpg\",\"contentUrl\":\"https:\/\/theplayoffs.news\/fr\/wp-content\/uploads\/2023\/07\/Capture-decran-2023-07-03-a-19.10.53.jpg\",\"width\":1903,\"height\":1056,\"caption\":\"vladimir tarasenko\"},{\"@type\":\"BreadcrumbList\",\"@id\":\"https:\/\/theplayoffs.news\/fr\/actualite-nhl\/vladimir-tarasenko-radar-senateurs-dottawa\/#breadcrumb\",\"itemListElement\":[{\"@type\":\"ListItem\",\"position\":1,\"name\":\"Accueil\",\"item\":\"https:\/\/theplayoffs.news\/fr\/\"},{\"@type\":\"ListItem\",\"position\":2,\"name\":\"Vladimir Tarasenko sur le radar des S\u00e9nateurs d&rsquo;Ottawa\"}]},{\"@type\":\"WebSite\",\"@id\":\"https:\/\/theplayoffs.news\/fr\/#website\",\"url\":\"https:\/\/theplayoffs.news\/fr\/\",\"name\":\"The Playoffs FR\",\"description\":\"NBA-NFL-NHL-MLB\",\"potentialAction\":[{\"@type\":\"SearchAction\",\"target\":{\"@type\":\"EntryPoint\",\"urlTemplate\":\"https:\/\/theplayoffs.news\/fr\/?s={search_term_string}\"},\"query-input\":{\"@type\":\"PropertyValueSpecification\",\"valueRequired\":true,\"valueName\":\"search_term_string\"}}],\"inLanguage\":\"fr-FR\"},{\"@type\":\"Person\",\"@id\":\"https:\/\/theplayoffs.news\/fr\/#\/schema\/person\/eee5b69ad5d3c51cabe881c839dbe133\",\"name\":\"Charles Taudin\",\"image\":{\"@type\":\"ImageObject\",\"inLanguage\":\"fr-FR\",\"@id\":\"https:\/\/theplayoffs.news\/fr\/#\/schema\/person\/image\/\",\"url\":\"https:\/\/secure.gravatar.com\/avatar\/59a1e772205ce9fd255edfcafc93013736822e20261f294c5753b20c41ede9f2?s=96&d=mm&r=g\",\"contentUrl\":\"https:\/\/secure.gravatar.com\/avatar\/59a1e772205ce9fd255edfcafc93013736822e20261f294c5753b20c41ede9f2?s=96&d=mm&r=g\",\"caption\":\"Charles Taudin\"},\"description\":\"R\u00e9dacteur en chef global de The Playoffs, j\u2019ai cr\u00e9\u00e9 The Free Agent, devenu The Playoffs FR, en 2020 durant la pand\u00e9mie. Amoureux depuis des ann\u00e9es des 4 sports majeurs am\u00e9ricains, j\u2019organise maintenant la strat\u00e9gie \u00e9ditoriale et les r\u00e9seaux sociaux de l\u2019ensemble des versions de The Playoffs. Il m\u2019arrive encore d\u2019\u00e9crire sur certains sports que j\u2019affectionne particuli\u00e8rement comme la NFL ou la MLB. Si vous devez retenir qu\u2019une chose : Eli Manning est le vrai GOAT pour avoir battu deux fois Tom Brady.\",\"sameAs\":[\"https:\/\/www.instagram.com\/ctaudin_\/\"],\"url\":\"https:\/\/theplayoffs.news\/fr\/author\/charles-taudin\/\"}]}<\/script>\n<!-- \/ Yoast SEO plugin. -->","yoast_head_json":{"title":"Vladimir Tarasenko sur le radar des S&eacute;nateurs d&#039;Ottawa - The Playoffs FR","robots":{"index":"index","follow":"follow","max-snippet":"max-snippet:-1","max-image-preview":"max-image-preview:large","max-video-preview":"max-video-preview:-1"},"canonical":"https:\/\/theplayoffs.news\/fr\/actualite-nhl\/vladimir-tarasenko-radar-senateurs-dottawa\/","og_locale":"fr_FR","og_type":"article","og_title":"Vladimir Tarasenko sur le radar des S&eacute;nateurs d&#039;Ottawa - The Playoffs FR","og_url":"https:\/\/theplayoffs.news\/fr\/actualite-nhl\/vladimir-tarasenko-radar-senateurs-dottawa\/","og_site_name":"The Playoffs FR","article_publisher":"https:\/\/www.facebook.com\/TheFreeAgentFR\/","article_modified_time":"2023-07-03T17:13:28+00:00","og_image":[{"width":1903,"height":1056,"url":"https:\/\/theplayoffs.news\/fr\/wp-content\/uploads\/2023\/07\/Capture-decran-2023-07-03-a-19.10.53.jpg","type":"image\/jpeg"}],"author":"Charles Taudin","twitter_card":"summary_large_image","twitter_creator":"@TheFreeAgentFR","twitter_site":"@TheFreeAgentFR","twitter_misc":{"\u00c9crit par":"Charles Taudin","Dur\u00e9e de lecture estim\u00e9e":"2 minutes"},"schema":{"@context":"https:\/\/schema.org","@graph":[{"@type":"WebPage","@id":"https:\/\/theplayoffs.news\/fr\/actualite-nhl\/vladimir-tarasenko-radar-senateurs-dottawa\/","url":"https:\/\/theplayoffs.news\/fr\/actualite-nhl\/vladimir-tarasenko-radar-senateurs-dottawa\/","name":"Vladimir Tarasenko sur le radar des S\u00e9nateurs d\\'Ottawa - The Playoffs FR","isPartOf":{"@id":"https:\/\/theplayoffs.news\/fr\/#website"},"primaryImageOfPage":{"@id":"https:\/\/theplayoffs.news\/fr\/actualite-nhl\/vladimir-tarasenko-radar-senateurs-dottawa\/#primaryimage"},"image":{"@id":"https:\/\/theplayoffs.news\/fr\/actualite-nhl\/vladimir-tarasenko-radar-senateurs-dottawa\/#primaryimage"},"thumbnailUrl":"https:\/\/theplayoffs.news\/fr\/wp-content\/uploads\/2023\/07\/Capture-decran-2023-07-03-a-19.10.53.jpg","datePublished":"2023-07-03T17:13:27+00:00","dateModified":"2023-07-03T17:13:28+00:00","author":{"@id":"https:\/\/theplayoffs.news\/fr\/#\/schema\/person\/eee5b69ad5d3c51cabe881c839dbe133"},"breadcrumb":{"@id":"https:\/\/theplayoffs.news\/fr\/actualite-nhl\/vladimir-tarasenko-radar-senateurs-dottawa\/#breadcrumb"},"inLanguage":"fr-FR","potentialAction":[{"@type":"ReadAction","target":["https:\/\/theplayoffs.news\/fr\/actualite-nhl\/vladimir-tarasenko-radar-senateurs-dottawa\/"]}]},{"@type":"ImageObject","inLanguage":"fr-FR","@id":"https:\/\/theplayoffs.news\/fr\/actualite-nhl\/vladimir-tarasenko-radar-senateurs-dottawa\/#primaryimage","url":"https:\/\/theplayoffs.news\/fr\/wp-content\/uploads\/2023\/07\/Capture-decran-2023-07-03-a-19.10.53.jpg","contentUrl":"https:\/\/theplayoffs.news\/fr\/wp-content\/uploads\/2023\/07\/Capture-decran-2023-07-03-a-19.10.53.jpg","width":1903,"height":1056,"caption":"vladimir tarasenko"},{"@type":"BreadcrumbList","@id":"https:\/\/theplayoffs.news\/fr\/actualite-nhl\/vladimir-tarasenko-radar-senateurs-dottawa\/#breadcrumb","itemListElement":[{"@type":"ListItem","position":1,"name":"Accueil","item":"https:\/\/theplayoffs.news\/fr\/"},{"@type":"ListItem","position":2,"name":"Vladimir Tarasenko sur le radar des S\u00e9nateurs d&rsquo;Ottawa"}]},{"@type":"WebSite","@id":"https:\/\/theplayoffs.news\/fr\/#website","url":"https:\/\/theplayoffs.news\/fr\/","name":"The Playoffs FR","description":"NBA-NFL-NHL-MLB","potentialAction":[{"@type":"SearchAction","target":{"@type":"EntryPoint","urlTemplate":"https:\/\/theplayoffs.news\/fr\/?s={search_term_string}"},"query-input":{"@type":"PropertyValueSpecification","valueRequired":true,"valueName":"search_term_string"}}],"inLanguage":"fr-FR"},{"@type":"Person","@id":"https:\/\/theplayoffs.news\/fr\/#\/schema\/person\/eee5b69ad5d3c51cabe881c839dbe133","name":"Charles Taudin","image":{"@type":"ImageObject","inLanguage":"fr-FR","@id":"https:\/\/theplayoffs.news\/fr\/#\/schema\/person\/image\/","url":"https:\/\/secure.gravatar.com\/avatar\/59a1e772205ce9fd255edfcafc93013736822e20261f294c5753b20c41ede9f2?s=96&d=mm&r=g","contentUrl":"https:\/\/secure.gravatar.com\/avatar\/59a1e772205ce9fd255edfcafc93013736822e20261f294c5753b20c41ede9f2?s=96&d=mm&r=g","caption":"Charles Taudin"},"description":"R\u00e9dacteur en chef global de The Playoffs, j\u2019ai cr\u00e9\u00e9 The Free Agent, devenu The Playoffs FR, en 2020 durant la pand\u00e9mie. Amoureux depuis des ann\u00e9es des 4 sports majeurs am\u00e9ricains, j\u2019organise maintenant la strat\u00e9gie \u00e9ditoriale et les r\u00e9seaux sociaux de l\u2019ensemble des versions de The Playoffs. Il m\u2019arrive encore d\u2019\u00e9crire sur certains sports que j\u2019affectionne particuli\u00e8rement comme la NFL ou la MLB. Si vous devez retenir qu\u2019une chose : Eli Manning est le vrai GOAT pour avoir battu deux fois Tom Brady.","sameAs":["https:\/\/www.instagram.com\/ctaudin_\/"],"url":"https:\/\/theplayoffs.news\/fr\/author\/charles-taudin\/"}]}},"_links":{"self":[{"href":"https:\/\/theplayoffs.news\/fr\/wp-json\/wp\/v2\/posts\/676783","targetHints":{"allow":["GET"]}}],"collection":[{"href":"https:\/\/theplayoffs.news\/fr\/wp-json\/wp\/v2\/posts"}],"about":[{"href":"https:\/\/theplayoffs.news\/fr\/wp-json\/wp\/v2\/types\/post"}],"author":[{"embeddable":true,"href":"https:\/\/theplayoffs.news\/fr\/wp-json\/wp\/v2\/users\/13"}],"replies":[{"embeddable":true,"href":"https:\/\/theplayoffs.news\/fr\/wp-json\/wp\/v2\/comments?post=676783"}],"version-history":[{"count":2,"href":"https:\/\/theplayoffs.news\/fr\/wp-json\/wp\/v2\/posts\/676783\/revisions"}],"predecessor-version":[{"id":676786,"href":"https:\/\/theplayoffs.news\/fr\/wp-json\/wp\/v2\/posts\/676783\/revisions\/676786"}],"wp:featuredmedia":[{"embeddable":true,"href":"https:\/\/theplayoffs.news\/fr\/wp-json\/wp\/v2\/media\/676784"}],"wp:attachment":[{"href":"https:\/\/theplayoffs.news\/fr\/wp-json\/wp\/v2\/media?parent=676783"}],"wp:term":[{"taxonomy":"category","embeddable":true,"href":"https:\/\/theplayoffs.news\/fr\/wp-json\/wp\/v2\/categories?post=676783"},{"taxonomy":"post_tag","embeddable":true,"href":"https:\/\/theplayoffs.news\/fr\/wp-json\/wp\/v2\/tags?post=676783"},{"taxonomy":"sport","embeddable":true,"href":"https:\/\/theplayoffs.news\/fr\/wp-json\/wp\/v2\/sport?post=676783"},{"taxonomy":"saison","embeddable":true,"href":"https:\/\/theplayoffs.news\/fr\/wp-json\/wp\/v2\/saison?post=676783"}],"curies":[{"name":"wp","href":"https:\/\/api.w.org\/{rel}","templated":true}]}}