{"id":676310,"date":"2023-07-03T12:47:46","date_gmt":"2023-07-03T10:47:46","guid":{"rendered":"https:\/\/theplayoffs.news\/fr\/?p=676310"},"modified":"2023-07-03T12:47:47","modified_gmt":"2023-07-03T10:47:47","slug":"elf-week-5-nos-mvp-de-la-semaine","status":"publish","type":"post","link":"https:\/\/theplayoffs.news\/fr\/elf\/elf-week-5-nos-mvp-de-la-semaine\/","title":{"rendered":"ELF \u2013 Week 5\u00a0: Nos MVP de la semaine"},"content":{"rendered":"<h2>Comme toutes les semaines, la r&eacute;daction de The Free Agent vous propose le MVP de la semaine en ELF ainsi que le Mousquetaire VP.<\/h2><p>Voici les deux joueurs r&eacute;compens&eacute;s cette semaine.<\/p><p>La cinqui&egrave;me semaine de saison r&eacute;guli&egrave;re de l&rsquo;ELF &eacute;tait particuli&egrave;rement int&eacute;ressante que ce soit avec une nouvelle le&ccedil;on de football du Rhein Fire ou encore des matchs se jouant &agrave; la derni&egrave;re minute comme celui des Mousquetaires de Paris. Malgr&eacute; ces belles performances, il a fallu choisir nos deux vainqueurs de la semaine.<\/p><h3>MVP de la week 5&nbsp;: Slade Jarman, Quarterback, Berlin Thunder<\/h3><p>Le nouveau Quarterback du Thunder, <a href=\"https:\/\/europeanleague.football\/players\/slade-jarman_06294c00-152f-11ee-9ba2-ebadab5feecc\" class=\"trk-cta-link\" data-cta-trk='{\"ctaType\":\"Link\",\"ctaSubType\":\"main\"}'>Slade Jarman<\/a>, a effectu&eacute; son premier match avec Berlin en rempla&ccedil;ant Donovan Isom face aux Kings de Leipzig. Jarman a directement trouv&eacute; ses marques dans sa nouvelle &eacute;quipe, notamment avec le receveur <a href=\"https:\/\/europeanleague.football\/players\/aaron-jackson_6b53f260-d3ad-11ed-b041-957913967f4b\" class=\"trk-cta-link\" data-cta-trk='{\"ctaType\":\"Link\",\"ctaSubType\":\"main\"}'>Aaron Jackson<\/a>, &agrave; qui il a lanc&eacute; pour 142 yards et 3 Touchdowns.<\/p><blockquote class=\"twitter-tweet\" data-width=\"500\" data-dnt=\"true\">\n<p lang=\"en\" dir=\"ltr\">Jarman &amp; Jackson! Make it 3x &#128588;<\/p>\n<p>&#128250; <a href=\"https:\/\/twitter.com\/hashtag\/BTHatLKG?src=hash&amp;ref_src=twsrc%5Etfw\" class=\"trk-cta-link\" data-cta-trk='{\"ctaType\":\"Link\",\"ctaSubType\":\"main\"}'>#BTHatLKG<\/a> LIVE now via our Gamepass. <a href=\"https:\/\/t.co\/u3ptlp1SCM\" class=\"trk-cta-link\" data-cta-trk='{\"ctaType\":\"Link\",\"ctaSubType\":\"main\"}'>https:\/\/t.co\/u3ptlp1SCM<\/a> &#128242; <a href=\"https:\/\/t.co\/P0u7YVlHQn\" class=\"trk-cta-link\" data-cta-trk='{\"ctaType\":\"Link\",\"ctaSubType\":\"main\"}'>pic.twitter.com\/P0u7YVlHQn<\/a><\/p>\n<p>&mdash; European League of Football (@ELF_Official) <a href=\"https:\/\/twitter.com\/ELF_Official\/status\/1675514812716183554?ref_src=twsrc%5Etfw\" class=\"trk-cta-link\" data-cta-trk='{\"ctaType\":\"Link\",\"ctaSubType\":\"main\"}'>July 2, 2023<\/a><\/p><\/blockquote><p><script async src=\"https:\/\/platform.twitter.com\/widgets.js\" charset=\"utf-8\"><\/script><\/p><p>Slade Jarman a effectu&eacute; la meilleure performance de la semaine avec un total de 382 yards pour 5 Touchdowns, ce qui a permis au Thunder de l&rsquo;emporter 39-14 face aux Leipzig Kings. Nous pouvons &eacute;galement noter le premier touchdown de Jarman pour Jackson lors du deuxi&egrave;me quart-temps, avec un superbe lanc&eacute; de 41 yards qui a permis &agrave; Berlin de passer devant.<\/p><p>Nous pouvons &eacute;galement ajouter la superbe r&eacute;ception de Schumann de 51 yards pour permettre au Thunder de prendre une belle avance au score. En r&eacute;sum&eacute;, Slade Jarman nous a impressionn&eacute; pour son premier match avec le Thunder de Berlin et ses nombreuses passes. Le Thunder aura rendez-vous ce week-end avec les Enthroners de Fehervar qui cherchent toujours leur premi&egrave;re victoire en ELF.<\/p><h3>Mousquetaire VP de la week 5&nbsp;: Cheikhou Sow, receveur<\/h3><p>Les Mousquetaires de Paris ont renou&eacute; avec le succ&egrave;s ce week-end &agrave; domicile face aux Sea Devils d&rsquo;Hambourg, sur une victoire tendue, 27-23. <a href=\"https:\/\/europeanleague.football\/players\/cheikhou-sow_4db7390f-fab1-4eee-b288-696eaec5f4f2\" class=\"trk-cta-link\" data-cta-trk='{\"ctaType\":\"Link\",\"ctaSubType\":\"main\"}'>Cheikhou Sow<\/a> est notre Mousquetaire VP cette semaine car c&rsquo;est un des &eacute;l&eacute;ments qui a pu permettre &agrave; Paris de l&rsquo;emporter. Lorsque les Mousquetaires &eacute;taient &agrave; la d&eacute;rive, c&rsquo;est <a href=\"https:\/\/europeanleague.football\/players\/zachary-edwards_3bbffb53-7bf9-4e54-974f-ca25fc375038\" class=\"trk-cta-link\" data-cta-trk='{\"ctaType\":\"Link\",\"ctaSubType\":\"main\"}'>Zach Edwards<\/a> et Cheikhou Sow qui ont permis &agrave; Paris de revenir dans le match.<\/p><p>Avec un beau touchdown inscrit de 18 yards, les Mousquetaires ont pu recoller avec les Sea Devils qui menaient pourtant 10-0 avant la fin du deuxi&egrave;me quart-temps. Cheikhou Sow a re&ccedil;u un total de 110 yards, meilleure performance de l&rsquo;&eacute;quipe pour un total d&rsquo;un touchdown. Il est important &eacute;galement de signaler le &laquo;&nbsp;r&eacute;veil&nbsp;&raquo; de Zach Edwards avec 282 yards et 4 Touchdown. Cheikhou Sow a &eacute;galement &eacute;t&eacute; tr&egrave;s important dans le drive d&eacute;cisif des Mousquetaires. En effet, gr&acirc;ce &agrave; sa superbe r&eacute;ception de 43 yards, les Mousquetaires ont pu marquer un Touchdown, celui de la victoire.<\/p><p>Rendez-vous la semaine prochaine dans un match d&eacute;cisif pour les Mousquetaires face au Stuttgart Surge qui est instoppable.<\/p><p>Quels sont vos MVP et Mousquetaires VP de la semaine&nbsp;?<\/p>\n","protected":false},"excerpt":{"rendered":"","protected":false},"author":180310178,"featured_media":676333,"comment_status":"open","ping_status":"closed","sticky":false,"template":"","format":"standard","meta":{"inline_featured_image":false,"kia_subtitle":"","_mux_skip_reasons":[],"proofreadBy":0,"footnotes":""},"categories":[5964],"tags":[6147,6145,4833,6146],"sport":[],"saison":[],"class_list":["post-676310","post","type-post","status-publish","format-standard","has-post-thumbnail","hentry","category-elf","tag-cheikhou-sow","tag-elf-week-5","tag-mousquetaires-de-paris","tag-slade-jarman"],"acf":[],"yoast_head":"<!-- This site is optimized with the Yoast SEO plugin v24.2 - https:\/\/yoast.com\/wordpress\/plugins\/seo\/ -->\n<title>ELF &ndash; Week 5&nbsp;: Nos MVP de la semaine - The Playoffs FR<\/title>\n<meta name=\"robots\" content=\"index, follow, max-snippet:-1, max-image-preview:large, max-video-preview:-1\" \/>\n<link rel=\"canonical\" href=\"https:\/\/theplayoffs.news\/fr\/elf\/elf-week-5-nos-mvp-de-la-semaine\/\" \/>\n<meta property=\"og:locale\" content=\"fr_FR\" \/>\n<meta property=\"og:type\" content=\"article\" \/>\n<meta property=\"og:title\" content=\"ELF &ndash; Week 5&nbsp;: Nos MVP de la semaine - The Playoffs FR\" \/>\n<meta property=\"og:url\" content=\"https:\/\/theplayoffs.news\/fr\/elf\/elf-week-5-nos-mvp-de-la-semaine\/\" \/>\n<meta property=\"og:site_name\" content=\"The Playoffs FR\" \/>\n<meta property=\"article:publisher\" content=\"https:\/\/www.facebook.com\/TheFreeAgentFR\/\" \/>\n<meta property=\"article:modified_time\" content=\"2023-07-03T12:47:47+02:00\" \/>\n<meta property=\"og:image\" content=\"https:\/\/theplayoffs.news\/fr\/wp-content\/uploads\/2023\/07\/Capture-decran-2023-07-03-a-12.45.14.jpg\" \/>\n\t<meta property=\"og:image:width\" content=\"1920\" \/>\n\t<meta property=\"og:image:height\" content=\"1071\" \/>\n\t<meta property=\"og:image:type\" content=\"image\/jpeg\" \/>\n<meta name=\"author\" content=\"Arthur Berlemont\" \/>\n<meta name=\"twitter:card\" content=\"summary_large_image\" \/>\n<meta name=\"twitter:creator\" content=\"@TheFreeAgentFR\" \/>\n<meta name=\"twitter:site\" content=\"@TheFreeAgentFR\" \/>\n<meta name=\"twitter:label1\" content=\"\u00c9crit par\" \/>\n\t<meta name=\"twitter:data1\" content=\"Arthur Berlemont\" \/>\n\t<meta name=\"twitter:label2\" content=\"Dur\u00e9e de lecture estim\u00e9e\" \/>\n\t<meta name=\"twitter:data2\" content=\"2 minutes\" \/>\n<script type=\"application\/ld+json\" class=\"yoast-schema-graph\">{\"@context\":\"https:\/\/schema.org\",\"@graph\":[{\"@type\":\"WebPage\",\"@id\":\"https:\/\/theplayoffs.news\/fr\/elf\/elf-week-5-nos-mvp-de-la-semaine\/\",\"url\":\"https:\/\/theplayoffs.news\/fr\/elf\/elf-week-5-nos-mvp-de-la-semaine\/\",\"name\":\"ELF \u2013 Week 5\u00a0: Nos MVP de la semaine - The Playoffs FR\",\"isPartOf\":{\"@id\":\"https:\/\/theplayoffs.news\/fr\/#website\"},\"primaryImageOfPage\":{\"@id\":\"https:\/\/theplayoffs.news\/fr\/elf\/elf-week-5-nos-mvp-de-la-semaine\/#primaryimage\"},\"image\":{\"@id\":\"https:\/\/theplayoffs.news\/fr\/elf\/elf-week-5-nos-mvp-de-la-semaine\/#primaryimage\"},\"thumbnailUrl\":\"https:\/\/theplayoffs.news\/fr\/wp-content\/uploads\/2023\/07\/Capture-decran-2023-07-03-a-12.45.14.jpg\",\"datePublished\":\"2023-07-03T10:47:46+00:00\",\"dateModified\":\"2023-07-03T10:47:47+00:00\",\"author\":{\"@id\":\"https:\/\/theplayoffs.news\/fr\/#\/schema\/person\/b6b04a451dab03a5ab75cec8912e8942\"},\"breadcrumb\":{\"@id\":\"https:\/\/theplayoffs.news\/fr\/elf\/elf-week-5-nos-mvp-de-la-semaine\/#breadcrumb\"},\"inLanguage\":\"fr-FR\",\"potentialAction\":[{\"@type\":\"ReadAction\",\"target\":[\"https:\/\/theplayoffs.news\/fr\/elf\/elf-week-5-nos-mvp-de-la-semaine\/\"]}]},{\"@type\":\"ImageObject\",\"inLanguage\":\"fr-FR\",\"@id\":\"https:\/\/theplayoffs.news\/fr\/elf\/elf-week-5-nos-mvp-de-la-semaine\/#primaryimage\",\"url\":\"https:\/\/theplayoffs.news\/fr\/wp-content\/uploads\/2023\/07\/Capture-decran-2023-07-03-a-12.45.14.jpg\",\"contentUrl\":\"https:\/\/theplayoffs.news\/fr\/wp-content\/uploads\/2023\/07\/Capture-decran-2023-07-03-a-12.45.14.jpg\",\"width\":1920,\"height\":1071,\"caption\":\"Cheikhou Sow mousquetaires Paris ELF Week 5\"},{\"@type\":\"BreadcrumbList\",\"@id\":\"https:\/\/theplayoffs.news\/fr\/elf\/elf-week-5-nos-mvp-de-la-semaine\/#breadcrumb\",\"itemListElement\":[{\"@type\":\"ListItem\",\"position\":1,\"name\":\"Accueil\",\"item\":\"https:\/\/theplayoffs.news\/fr\/\"},{\"@type\":\"ListItem\",\"position\":2,\"name\":\"ELF \u2013 Week 5\u00a0: Nos MVP de la semaine\"}]},{\"@type\":\"WebSite\",\"@id\":\"https:\/\/theplayoffs.news\/fr\/#website\",\"url\":\"https:\/\/theplayoffs.news\/fr\/\",\"name\":\"The Playoffs FR\",\"description\":\"NBA-NFL-NHL-MLB\",\"potentialAction\":[{\"@type\":\"SearchAction\",\"target\":{\"@type\":\"EntryPoint\",\"urlTemplate\":\"https:\/\/theplayoffs.news\/fr\/?s={search_term_string}\"},\"query-input\":{\"@type\":\"PropertyValueSpecification\",\"valueRequired\":true,\"valueName\":\"search_term_string\"}}],\"inLanguage\":\"fr-FR\"},{\"@type\":\"Person\",\"@id\":\"https:\/\/theplayoffs.news\/fr\/#\/schema\/person\/b6b04a451dab03a5ab75cec8912e8942\",\"name\":\"Arthur Berlemont\",\"image\":{\"@type\":\"ImageObject\",\"inLanguage\":\"fr-FR\",\"@id\":\"https:\/\/theplayoffs.news\/fr\/#\/schema\/person\/image\/\",\"url\":\"https:\/\/secure.gravatar.com\/avatar\/19ddab1d62ab0a19b186b86cee130432b120dd6f085625a6a6757dd1aa90a5f3?s=96&d=mm&r=g\",\"contentUrl\":\"https:\/\/secure.gravatar.com\/avatar\/19ddab1d62ab0a19b186b86cee130432b120dd6f085625a6a6757dd1aa90a5f3?s=96&d=mm&r=g\",\"caption\":\"Arthur Berlemont\"},\"description\":\"Etudiant passionn\u00e9 de sport, avant tout m\u00e9caniques, j\\\\'ai d\u00e9couvert les sports US il y a quelques ann\u00e9es. J\\\\'ai tout de suite accroch\u00e9 pour la ville de Cincinnati et ses franchises de NFL et MLB. Aujourd\\\\'hui, je suis l\u00e0 par passion dans la r\u00e9daction d\\\\'articles sur divers sports que j\\\\'affectionne.\",\"url\":\"https:\/\/theplayoffs.news\/fr\/author\/arthur-berlemontgmail-com\/\"}]}<\/script>\n<!-- \/ Yoast SEO plugin. -->","yoast_head_json":{"title":"ELF &ndash; Week 5&nbsp;: Nos MVP de la semaine - The Playoffs FR","robots":{"index":"index","follow":"follow","max-snippet":"max-snippet:-1","max-image-preview":"max-image-preview:large","max-video-preview":"max-video-preview:-1"},"canonical":"https:\/\/theplayoffs.news\/fr\/elf\/elf-week-5-nos-mvp-de-la-semaine\/","og_locale":"fr_FR","og_type":"article","og_title":"ELF &ndash; Week 5&nbsp;: Nos MVP de la semaine - The Playoffs FR","og_url":"https:\/\/theplayoffs.news\/fr\/elf\/elf-week-5-nos-mvp-de-la-semaine\/","og_site_name":"The Playoffs FR","article_publisher":"https:\/\/www.facebook.com\/TheFreeAgentFR\/","article_modified_time":"2023-07-03T10:47:47+00:00","og_image":[{"width":1920,"height":1071,"url":"https:\/\/theplayoffs.news\/fr\/wp-content\/uploads\/2023\/07\/Capture-decran-2023-07-03-a-12.45.14.jpg","type":"image\/jpeg"}],"author":"Arthur Berlemont","twitter_card":"summary_large_image","twitter_creator":"@TheFreeAgentFR","twitter_site":"@TheFreeAgentFR","twitter_misc":{"\u00c9crit par":"Arthur Berlemont","Dur\u00e9e de lecture estim\u00e9e":"2 minutes"},"schema":{"@context":"https:\/\/schema.org","@graph":[{"@type":"WebPage","@id":"https:\/\/theplayoffs.news\/fr\/elf\/elf-week-5-nos-mvp-de-la-semaine\/","url":"https:\/\/theplayoffs.news\/fr\/elf\/elf-week-5-nos-mvp-de-la-semaine\/","name":"ELF \u2013 Week 5\u00a0: Nos MVP de la semaine - The Playoffs FR","isPartOf":{"@id":"https:\/\/theplayoffs.news\/fr\/#website"},"primaryImageOfPage":{"@id":"https:\/\/theplayoffs.news\/fr\/elf\/elf-week-5-nos-mvp-de-la-semaine\/#primaryimage"},"image":{"@id":"https:\/\/theplayoffs.news\/fr\/elf\/elf-week-5-nos-mvp-de-la-semaine\/#primaryimage"},"thumbnailUrl":"https:\/\/theplayoffs.news\/fr\/wp-content\/uploads\/2023\/07\/Capture-decran-2023-07-03-a-12.45.14.jpg","datePublished":"2023-07-03T10:47:46+00:00","dateModified":"2023-07-03T10:47:47+00:00","author":{"@id":"https:\/\/theplayoffs.news\/fr\/#\/schema\/person\/b6b04a451dab03a5ab75cec8912e8942"},"breadcrumb":{"@id":"https:\/\/theplayoffs.news\/fr\/elf\/elf-week-5-nos-mvp-de-la-semaine\/#breadcrumb"},"inLanguage":"fr-FR","potentialAction":[{"@type":"ReadAction","target":["https:\/\/theplayoffs.news\/fr\/elf\/elf-week-5-nos-mvp-de-la-semaine\/"]}]},{"@type":"ImageObject","inLanguage":"fr-FR","@id":"https:\/\/theplayoffs.news\/fr\/elf\/elf-week-5-nos-mvp-de-la-semaine\/#primaryimage","url":"https:\/\/theplayoffs.news\/fr\/wp-content\/uploads\/2023\/07\/Capture-decran-2023-07-03-a-12.45.14.jpg","contentUrl":"https:\/\/theplayoffs.news\/fr\/wp-content\/uploads\/2023\/07\/Capture-decran-2023-07-03-a-12.45.14.jpg","width":1920,"height":1071,"caption":"Cheikhou Sow mousquetaires Paris ELF Week 5"},{"@type":"BreadcrumbList","@id":"https:\/\/theplayoffs.news\/fr\/elf\/elf-week-5-nos-mvp-de-la-semaine\/#breadcrumb","itemListElement":[{"@type":"ListItem","position":1,"name":"Accueil","item":"https:\/\/theplayoffs.news\/fr\/"},{"@type":"ListItem","position":2,"name":"ELF \u2013 Week 5\u00a0: Nos MVP de la semaine"}]},{"@type":"WebSite","@id":"https:\/\/theplayoffs.news\/fr\/#website","url":"https:\/\/theplayoffs.news\/fr\/","name":"The Playoffs FR","description":"NBA-NFL-NHL-MLB","potentialAction":[{"@type":"SearchAction","target":{"@type":"EntryPoint","urlTemplate":"https:\/\/theplayoffs.news\/fr\/?s={search_term_string}"},"query-input":{"@type":"PropertyValueSpecification","valueRequired":true,"valueName":"search_term_string"}}],"inLanguage":"fr-FR"},{"@type":"Person","@id":"https:\/\/theplayoffs.news\/fr\/#\/schema\/person\/b6b04a451dab03a5ab75cec8912e8942","name":"Arthur Berlemont","image":{"@type":"ImageObject","inLanguage":"fr-FR","@id":"https:\/\/theplayoffs.news\/fr\/#\/schema\/person\/image\/","url":"https:\/\/secure.gravatar.com\/avatar\/19ddab1d62ab0a19b186b86cee130432b120dd6f085625a6a6757dd1aa90a5f3?s=96&d=mm&r=g","contentUrl":"https:\/\/secure.gravatar.com\/avatar\/19ddab1d62ab0a19b186b86cee130432b120dd6f085625a6a6757dd1aa90a5f3?s=96&d=mm&r=g","caption":"Arthur Berlemont"},"description":"Etudiant passionn\u00e9 de sport, avant tout m\u00e9caniques, j\\'ai d\u00e9couvert les sports US il y a quelques ann\u00e9es. J\\'ai tout de suite accroch\u00e9 pour la ville de Cincinnati et ses franchises de NFL et MLB. Aujourd\\'hui, je suis l\u00e0 par passion dans la r\u00e9daction d\\'articles sur divers sports que j\\'affectionne.","url":"https:\/\/theplayoffs.news\/fr\/author\/arthur-berlemontgmail-com\/"}]}},"_links":{"self":[{"href":"https:\/\/theplayoffs.news\/fr\/wp-json\/wp\/v2\/posts\/676310","targetHints":{"allow":["GET"]}}],"collection":[{"href":"https:\/\/theplayoffs.news\/fr\/wp-json\/wp\/v2\/posts"}],"about":[{"href":"https:\/\/theplayoffs.news\/fr\/wp-json\/wp\/v2\/types\/post"}],"author":[{"embeddable":true,"href":"https:\/\/theplayoffs.news\/fr\/wp-json\/wp\/v2\/users\/180310178"}],"replies":[{"embeddable":true,"href":"https:\/\/theplayoffs.news\/fr\/wp-json\/wp\/v2\/comments?post=676310"}],"version-history":[{"count":2,"href":"https:\/\/theplayoffs.news\/fr\/wp-json\/wp\/v2\/posts\/676310\/revisions"}],"predecessor-version":[{"id":676343,"href":"https:\/\/theplayoffs.news\/fr\/wp-json\/wp\/v2\/posts\/676310\/revisions\/676343"}],"wp:featuredmedia":[{"embeddable":true,"href":"https:\/\/theplayoffs.news\/fr\/wp-json\/wp\/v2\/media\/676333"}],"wp:attachment":[{"href":"https:\/\/theplayoffs.news\/fr\/wp-json\/wp\/v2\/media?parent=676310"}],"wp:term":[{"taxonomy":"category","embeddable":true,"href":"https:\/\/theplayoffs.news\/fr\/wp-json\/wp\/v2\/categories?post=676310"},{"taxonomy":"post_tag","embeddable":true,"href":"https:\/\/theplayoffs.news\/fr\/wp-json\/wp\/v2\/tags?post=676310"},{"taxonomy":"sport","embeddable":true,"href":"https:\/\/theplayoffs.news\/fr\/wp-json\/wp\/v2\/sport?post=676310"},{"taxonomy":"saison","embeddable":true,"href":"https:\/\/theplayoffs.news\/fr\/wp-json\/wp\/v2\/saison?post=676310"}],"curies":[{"name":"wp","href":"https:\/\/api.w.org\/{rel}","templated":true}]}}