{"id":671645,"date":"2023-07-01T19:40:20","date_gmt":"2023-07-01T17:40:20","guid":{"rendered":"https:\/\/theplayoffs.news\/fr\/?p=671645"},"modified":"2023-07-01T19:40:21","modified_gmt":"2023-07-01T17:40:21","slug":"damian-lillard-demande-son-trade","status":"publish","type":"post","link":"https:\/\/theplayoffs.news\/fr\/actualite-nba\/damian-lillard-demande-son-trade\/","title":{"rendered":"Damian Lillard demande son trade"},"content":{"rendered":"<h2>Damian Lillard, le visage des Portland Trail Blazers, a demand&eacute; un &eacute;change, selon Adrian Wojnarowski et Ramona Shelburne d&rsquo;ESPN.<\/h2><p><a href=\"https:\/\/theplayoffs.news\/fr\/joueur\/damian-lillard-nba-13212\/\" class=\"trk-cta-link\" data-cta-trk='{\"ctaType\":\"Link\",\"ctaSubType\":\"main\"}'><strong>Damian Lillard<\/strong><\/a> est le c&oelig;ur et l&rsquo;&acirc;me des Trail Blazers depuis qu&rsquo;il a &eacute;t&eacute; s&eacute;lectionn&eacute; comme 6e choix lors du rep&ecirc;chage de la NBA en 2012, les menant &agrave; huit s&eacute;ries &eacute;liminatoires cons&eacute;cutives. Mais apr&egrave;s deux saisons sans apparition en s&eacute;ries &eacute;liminatoires, Lillard a d&eacute;cid&eacute; qu&rsquo;il &eacute;tait temps pour un nouveau chapitre de sa carri&egrave;re.<\/p><p>Les Trail Blazers devraient respecter la demande de Damian Lillard, ont d&eacute;clar&eacute; <a href=\"https:\/\/www.espn.com\/nba\/story\/_\/id\/37944471\/sources-trail-blazers-star-damian-lillard-requests-trade\" class=\"trk-cta-link\" data-cta-trk='{\"ctaType\":\"Link\",\"ctaSubType\":\"main\"}'>des sources &agrave; ESPN<\/a>, avec les Miami Heat, LA Clippers et les Philadelphia 76ers parmi les &eacute;quipes qui seront int&eacute;ress&eacute;es &agrave; explorer les opportunit&eacute;s de trade.<\/p><p>Damian Lillard serait favorable &agrave; un d&eacute;m&eacute;nagement &agrave; Miami, mais quelle que soit sa destination pr&eacute;f&eacute;r&eacute;e, cette d&eacute;cision pourrait bousculer le paysage de la NBA.<\/p><p>Lillard, qui devrait avoir 33 ans plus tard ce mois-ci, a &eacute;t&eacute; un acteur vedette des Trail Blazers. Il a sept apparitions dans les &eacute;quipes All-Star et All-NBA &agrave; son actif et se classe premier dans l&rsquo;histoire des Blazers pour les points et les 3 points et deuxi&egrave;me pour les passes d&eacute;cisives.<\/p><p>Son d&eacute;part mettrait fin &agrave; une aventure de 11 saisons avec les Blazers qui comprenait une course m&eacute;morable &agrave; la finale de la Conf&eacute;rence Ouest en 2018-19.<\/p><p>Le retour pr&eacute;vu de Portland dans un trade potentiel se concentrera probablement sur les jeunes joueurs et les actifs de rep&ecirc;chage, conform&eacute;ment &agrave; leur r&eacute;cente strat&eacute;gie de rep&ecirc;chage. La s&eacute;lection du meneur <a href=\"https:\/\/theplayoffs.news\/fr\/joueur\/scoot-henderson-nba-9367356\/\" class=\"trk-cta-link\" data-cta-trk='{\"ctaType\":\"Link\",\"ctaSubType\":\"main\"}'><strong>Scoot Henderson<\/strong><\/a> avec son choix n &deg; 3 lors du rep&ecirc;chage du mois dernier a marqu&eacute; un virage clair vers la jeunesse et le d&eacute;veloppement.<\/p><p>Le processus de reconstruction, cependant, peut &ecirc;tre une t&acirc;che ardue dans la tr&egrave;s comp&eacute;titive Conf&eacute;rence Ouest.<\/p><p>La saison 2022-2023 a &eacute;t&eacute; une ann&eacute;e remarquable pour Damian Lillard, qui a r&eacute;colt&eacute; en moyenne 32,2 points et 7,3 passes d&eacute;cisives, malgr&eacute; seulement 58 matchs en raison d&rsquo;une blessure. Son explosion de 71 points contre les Houston Rockets en f&eacute;vrier a &eacute;t&eacute; un moment fort de la saison, soulignant son statut de l&rsquo;un des scoreurs les plus meurtriers de la ligue.<\/p><p>Il convient de noter que son d&eacute;compte de points par match serait le plus haut par un joueur changeant d&rsquo;&eacute;quipe la saison suivante.<\/p><p>Si le commerce se concr&eacute;tise, l&rsquo;arriv&eacute;e de Lillard serait un changement sismique pour toute franchise. Pour le Miami Heat, jumeler Lillard avec Jimmy Butler pourrait les &eacute;lever au rang de pr&eacute;tendant s&eacute;rieux dans la Conf&eacute;rence Est. Pendant ce temps, les Philadelphia 76ers pourraient voir Damian Lillard comme la pi&egrave;ce manquante aux c&ocirc;t&eacute;s de Joel Embiid, et pour les LA Clippers, un duo sain de Lillard et Kawhi Leonard serait sans aucun doute une force formidable.<\/p><p>&Agrave; Portland, le d&eacute;part de Lillard sera une pilule difficile &agrave; avaler pour les fans et l&rsquo;organisation, mais cela pourrait &eacute;galement inaugurer une nouvelle &egrave;re passionnante du basket-ball des Blazers. Alors que l&rsquo;&eacute;quipe se reconstruit autour de son jeune noyau, les saisons &agrave; venir pourraient voir la mont&eacute;e d&rsquo;un nouvel ensemble de stars &agrave; Portland.<\/p>\n","protected":false},"excerpt":{"rendered":"","protected":false},"author":13,"featured_media":569950,"comment_status":"open","ping_status":"closed","sticky":false,"template":"","format":"standard","meta":{"inline_featured_image":false,"kia_subtitle":"","_mux_skip_reasons":[],"proofreadBy":0,"footnotes":""},"categories":[110,10],"tags":[508,141,6034],"sport":[],"saison":[],"class_list":["post-671645","post","type-post","status-publish","format-standard","has-post-thumbnail","hentry","category-actualite-nba","category-nba","tag-damian-lillard","tag-miami-heat","tag-portland-trai-blazers"],"acf":[],"yoast_head":"<!-- This site is optimized with the Yoast SEO plugin v24.2 - https:\/\/yoast.com\/wordpress\/plugins\/seo\/ -->\n<title>Damian Lillard demande son trade - The Playoffs FR<\/title>\n<meta name=\"robots\" content=\"index, follow, max-snippet:-1, max-image-preview:large, max-video-preview:-1\" \/>\n<link rel=\"canonical\" href=\"https:\/\/theplayoffs.news\/fr\/actualite-nba\/damian-lillard-demande-son-trade\/\" \/>\n<meta property=\"og:locale\" content=\"fr_FR\" \/>\n<meta property=\"og:type\" content=\"article\" \/>\n<meta property=\"og:title\" content=\"Damian Lillard demande son trade - The Playoffs FR\" \/>\n<meta property=\"og:url\" content=\"https:\/\/theplayoffs.news\/fr\/actualite-nba\/damian-lillard-demande-son-trade\/\" \/>\n<meta property=\"og:site_name\" content=\"The Playoffs FR\" \/>\n<meta property=\"article:publisher\" content=\"https:\/\/www.facebook.com\/TheFreeAgentFR\/\" \/>\n<meta property=\"article:modified_time\" content=\"2023-07-01T19:40:21+02:00\" \/>\n<meta property=\"og:image\" content=\"https:\/\/theplayoffs.news\/fr\/wp-content\/uploads\/2023\/02\/lillard-71.jpg\" \/>\n\t<meta property=\"og:image:width\" content=\"680\" \/>\n\t<meta property=\"og:image:height\" content=\"454\" \/>\n\t<meta property=\"og:image:type\" content=\"image\/jpeg\" \/>\n<meta name=\"author\" content=\"Charles Taudin\" \/>\n<meta name=\"twitter:card\" content=\"summary_large_image\" \/>\n<meta name=\"twitter:creator\" content=\"@TheFreeAgentFR\" \/>\n<meta name=\"twitter:site\" content=\"@TheFreeAgentFR\" \/>\n<meta name=\"twitter:label1\" content=\"\u00c9crit par\" \/>\n\t<meta name=\"twitter:data1\" content=\"Charles Taudin\" \/>\n\t<meta name=\"twitter:label2\" content=\"Dur\u00e9e de lecture estim\u00e9e\" \/>\n\t<meta name=\"twitter:data2\" content=\"3 minutes\" \/>\n<script type=\"application\/ld+json\" class=\"yoast-schema-graph\">{\"@context\":\"https:\/\/schema.org\",\"@graph\":[{\"@type\":\"WebPage\",\"@id\":\"https:\/\/theplayoffs.news\/fr\/actualite-nba\/damian-lillard-demande-son-trade\/\",\"url\":\"https:\/\/theplayoffs.news\/fr\/actualite-nba\/damian-lillard-demande-son-trade\/\",\"name\":\"Damian Lillard demande son trade - The Playoffs FR\",\"isPartOf\":{\"@id\":\"https:\/\/theplayoffs.news\/fr\/#website\"},\"primaryImageOfPage\":{\"@id\":\"https:\/\/theplayoffs.news\/fr\/actualite-nba\/damian-lillard-demande-son-trade\/#primaryimage\"},\"image\":{\"@id\":\"https:\/\/theplayoffs.news\/fr\/actualite-nba\/damian-lillard-demande-son-trade\/#primaryimage\"},\"thumbnailUrl\":\"https:\/\/theplayoffs.news\/fr\/wp-content\/uploads\/2023\/02\/lillard-71.jpg\",\"datePublished\":\"2023-07-01T17:40:20+00:00\",\"dateModified\":\"2023-07-01T17:40:21+00:00\",\"author\":{\"@id\":\"https:\/\/theplayoffs.news\/fr\/#\/schema\/person\/eee5b69ad5d3c51cabe881c839dbe133\"},\"breadcrumb\":{\"@id\":\"https:\/\/theplayoffs.news\/fr\/actualite-nba\/damian-lillard-demande-son-trade\/#breadcrumb\"},\"inLanguage\":\"fr-FR\",\"potentialAction\":[{\"@type\":\"ReadAction\",\"target\":[\"https:\/\/theplayoffs.news\/fr\/actualite-nba\/damian-lillard-demande-son-trade\/\"]}]},{\"@type\":\"ImageObject\",\"inLanguage\":\"fr-FR\",\"@id\":\"https:\/\/theplayoffs.news\/fr\/actualite-nba\/damian-lillard-demande-son-trade\/#primaryimage\",\"url\":\"https:\/\/theplayoffs.news\/fr\/wp-content\/uploads\/2023\/02\/lillard-71.jpg\",\"contentUrl\":\"https:\/\/theplayoffs.news\/fr\/wp-content\/uploads\/2023\/02\/lillard-71.jpg\",\"width\":680,\"height\":454,\"caption\":\"damian lillard\"},{\"@type\":\"BreadcrumbList\",\"@id\":\"https:\/\/theplayoffs.news\/fr\/actualite-nba\/damian-lillard-demande-son-trade\/#breadcrumb\",\"itemListElement\":[{\"@type\":\"ListItem\",\"position\":1,\"name\":\"Accueil\",\"item\":\"https:\/\/theplayoffs.news\/fr\/\"},{\"@type\":\"ListItem\",\"position\":2,\"name\":\"Damian Lillard demande son trade\"}]},{\"@type\":\"WebSite\",\"@id\":\"https:\/\/theplayoffs.news\/fr\/#website\",\"url\":\"https:\/\/theplayoffs.news\/fr\/\",\"name\":\"The Playoffs FR\",\"description\":\"NBA-NFL-NHL-MLB\",\"potentialAction\":[{\"@type\":\"SearchAction\",\"target\":{\"@type\":\"EntryPoint\",\"urlTemplate\":\"https:\/\/theplayoffs.news\/fr\/?s={search_term_string}\"},\"query-input\":{\"@type\":\"PropertyValueSpecification\",\"valueRequired\":true,\"valueName\":\"search_term_string\"}}],\"inLanguage\":\"fr-FR\"},{\"@type\":\"Person\",\"@id\":\"https:\/\/theplayoffs.news\/fr\/#\/schema\/person\/eee5b69ad5d3c51cabe881c839dbe133\",\"name\":\"Charles Taudin\",\"image\":{\"@type\":\"ImageObject\",\"inLanguage\":\"fr-FR\",\"@id\":\"https:\/\/theplayoffs.news\/fr\/#\/schema\/person\/image\/\",\"url\":\"https:\/\/secure.gravatar.com\/avatar\/59a1e772205ce9fd255edfcafc93013736822e20261f294c5753b20c41ede9f2?s=96&d=mm&r=g\",\"contentUrl\":\"https:\/\/secure.gravatar.com\/avatar\/59a1e772205ce9fd255edfcafc93013736822e20261f294c5753b20c41ede9f2?s=96&d=mm&r=g\",\"caption\":\"Charles Taudin\"},\"description\":\"R\u00e9dacteur en chef global de The Playoffs, j\u2019ai cr\u00e9\u00e9 The Free Agent, devenu The Playoffs FR, en 2020 durant la pand\u00e9mie. Amoureux depuis des ann\u00e9es des 4 sports majeurs am\u00e9ricains, j\u2019organise maintenant la strat\u00e9gie \u00e9ditoriale et les r\u00e9seaux sociaux de l\u2019ensemble des versions de The Playoffs. Il m\u2019arrive encore d\u2019\u00e9crire sur certains sports que j\u2019affectionne particuli\u00e8rement comme la NFL ou la MLB. Si vous devez retenir qu\u2019une chose : Eli Manning est le vrai GOAT pour avoir battu deux fois Tom Brady.\",\"sameAs\":[\"https:\/\/www.instagram.com\/ctaudin_\/\"],\"url\":\"https:\/\/theplayoffs.news\/fr\/author\/charles-taudin\/\"}]}<\/script>\n<!-- \/ Yoast SEO plugin. -->","yoast_head_json":{"title":"Damian Lillard demande son trade - The Playoffs FR","robots":{"index":"index","follow":"follow","max-snippet":"max-snippet:-1","max-image-preview":"max-image-preview:large","max-video-preview":"max-video-preview:-1"},"canonical":"https:\/\/theplayoffs.news\/fr\/actualite-nba\/damian-lillard-demande-son-trade\/","og_locale":"fr_FR","og_type":"article","og_title":"Damian Lillard demande son trade - The Playoffs FR","og_url":"https:\/\/theplayoffs.news\/fr\/actualite-nba\/damian-lillard-demande-son-trade\/","og_site_name":"The Playoffs FR","article_publisher":"https:\/\/www.facebook.com\/TheFreeAgentFR\/","article_modified_time":"2023-07-01T17:40:21+00:00","og_image":[{"width":680,"height":454,"url":"https:\/\/theplayoffs.news\/fr\/wp-content\/uploads\/2023\/02\/lillard-71.jpg","type":"image\/jpeg"}],"author":"Charles Taudin","twitter_card":"summary_large_image","twitter_creator":"@TheFreeAgentFR","twitter_site":"@TheFreeAgentFR","twitter_misc":{"\u00c9crit par":"Charles Taudin","Dur\u00e9e de lecture estim\u00e9e":"3 minutes"},"schema":{"@context":"https:\/\/schema.org","@graph":[{"@type":"WebPage","@id":"https:\/\/theplayoffs.news\/fr\/actualite-nba\/damian-lillard-demande-son-trade\/","url":"https:\/\/theplayoffs.news\/fr\/actualite-nba\/damian-lillard-demande-son-trade\/","name":"Damian Lillard demande son trade - The Playoffs FR","isPartOf":{"@id":"https:\/\/theplayoffs.news\/fr\/#website"},"primaryImageOfPage":{"@id":"https:\/\/theplayoffs.news\/fr\/actualite-nba\/damian-lillard-demande-son-trade\/#primaryimage"},"image":{"@id":"https:\/\/theplayoffs.news\/fr\/actualite-nba\/damian-lillard-demande-son-trade\/#primaryimage"},"thumbnailUrl":"https:\/\/theplayoffs.news\/fr\/wp-content\/uploads\/2023\/02\/lillard-71.jpg","datePublished":"2023-07-01T17:40:20+00:00","dateModified":"2023-07-01T17:40:21+00:00","author":{"@id":"https:\/\/theplayoffs.news\/fr\/#\/schema\/person\/eee5b69ad5d3c51cabe881c839dbe133"},"breadcrumb":{"@id":"https:\/\/theplayoffs.news\/fr\/actualite-nba\/damian-lillard-demande-son-trade\/#breadcrumb"},"inLanguage":"fr-FR","potentialAction":[{"@type":"ReadAction","target":["https:\/\/theplayoffs.news\/fr\/actualite-nba\/damian-lillard-demande-son-trade\/"]}]},{"@type":"ImageObject","inLanguage":"fr-FR","@id":"https:\/\/theplayoffs.news\/fr\/actualite-nba\/damian-lillard-demande-son-trade\/#primaryimage","url":"https:\/\/theplayoffs.news\/fr\/wp-content\/uploads\/2023\/02\/lillard-71.jpg","contentUrl":"https:\/\/theplayoffs.news\/fr\/wp-content\/uploads\/2023\/02\/lillard-71.jpg","width":680,"height":454,"caption":"damian lillard"},{"@type":"BreadcrumbList","@id":"https:\/\/theplayoffs.news\/fr\/actualite-nba\/damian-lillard-demande-son-trade\/#breadcrumb","itemListElement":[{"@type":"ListItem","position":1,"name":"Accueil","item":"https:\/\/theplayoffs.news\/fr\/"},{"@type":"ListItem","position":2,"name":"Damian Lillard demande son trade"}]},{"@type":"WebSite","@id":"https:\/\/theplayoffs.news\/fr\/#website","url":"https:\/\/theplayoffs.news\/fr\/","name":"The Playoffs FR","description":"NBA-NFL-NHL-MLB","potentialAction":[{"@type":"SearchAction","target":{"@type":"EntryPoint","urlTemplate":"https:\/\/theplayoffs.news\/fr\/?s={search_term_string}"},"query-input":{"@type":"PropertyValueSpecification","valueRequired":true,"valueName":"search_term_string"}}],"inLanguage":"fr-FR"},{"@type":"Person","@id":"https:\/\/theplayoffs.news\/fr\/#\/schema\/person\/eee5b69ad5d3c51cabe881c839dbe133","name":"Charles Taudin","image":{"@type":"ImageObject","inLanguage":"fr-FR","@id":"https:\/\/theplayoffs.news\/fr\/#\/schema\/person\/image\/","url":"https:\/\/secure.gravatar.com\/avatar\/59a1e772205ce9fd255edfcafc93013736822e20261f294c5753b20c41ede9f2?s=96&d=mm&r=g","contentUrl":"https:\/\/secure.gravatar.com\/avatar\/59a1e772205ce9fd255edfcafc93013736822e20261f294c5753b20c41ede9f2?s=96&d=mm&r=g","caption":"Charles Taudin"},"description":"R\u00e9dacteur en chef global de The Playoffs, j\u2019ai cr\u00e9\u00e9 The Free Agent, devenu The Playoffs FR, en 2020 durant la pand\u00e9mie. Amoureux depuis des ann\u00e9es des 4 sports majeurs am\u00e9ricains, j\u2019organise maintenant la strat\u00e9gie \u00e9ditoriale et les r\u00e9seaux sociaux de l\u2019ensemble des versions de The Playoffs. Il m\u2019arrive encore d\u2019\u00e9crire sur certains sports que j\u2019affectionne particuli\u00e8rement comme la NFL ou la MLB. Si vous devez retenir qu\u2019une chose : Eli Manning est le vrai GOAT pour avoir battu deux fois Tom Brady.","sameAs":["https:\/\/www.instagram.com\/ctaudin_\/"],"url":"https:\/\/theplayoffs.news\/fr\/author\/charles-taudin\/"}]}},"_links":{"self":[{"href":"https:\/\/theplayoffs.news\/fr\/wp-json\/wp\/v2\/posts\/671645","targetHints":{"allow":["GET"]}}],"collection":[{"href":"https:\/\/theplayoffs.news\/fr\/wp-json\/wp\/v2\/posts"}],"about":[{"href":"https:\/\/theplayoffs.news\/fr\/wp-json\/wp\/v2\/types\/post"}],"author":[{"embeddable":true,"href":"https:\/\/theplayoffs.news\/fr\/wp-json\/wp\/v2\/users\/13"}],"replies":[{"embeddable":true,"href":"https:\/\/theplayoffs.news\/fr\/wp-json\/wp\/v2\/comments?post=671645"}],"version-history":[{"count":2,"href":"https:\/\/theplayoffs.news\/fr\/wp-json\/wp\/v2\/posts\/671645\/revisions"}],"predecessor-version":[{"id":671647,"href":"https:\/\/theplayoffs.news\/fr\/wp-json\/wp\/v2\/posts\/671645\/revisions\/671647"}],"wp:featuredmedia":[{"embeddable":true,"href":"https:\/\/theplayoffs.news\/fr\/wp-json\/wp\/v2\/media\/569950"}],"wp:attachment":[{"href":"https:\/\/theplayoffs.news\/fr\/wp-json\/wp\/v2\/media?parent=671645"}],"wp:term":[{"taxonomy":"category","embeddable":true,"href":"https:\/\/theplayoffs.news\/fr\/wp-json\/wp\/v2\/categories?post=671645"},{"taxonomy":"post_tag","embeddable":true,"href":"https:\/\/theplayoffs.news\/fr\/wp-json\/wp\/v2\/tags?post=671645"},{"taxonomy":"sport","embeddable":true,"href":"https:\/\/theplayoffs.news\/fr\/wp-json\/wp\/v2\/sport?post=671645"},{"taxonomy":"saison","embeddable":true,"href":"https:\/\/theplayoffs.news\/fr\/wp-json\/wp\/v2\/saison?post=671645"}],"curies":[{"name":"wp","href":"https:\/\/api.w.org\/{rel}","templated":true}]}}