{"id":671639,"date":"2023-07-01T19:23:58","date_gmt":"2023-07-01T17:23:58","guid":{"rendered":"https:\/\/theplayoffs.news\/fr\/?p=671639"},"modified":"2023-07-01T19:23:59","modified_gmt":"2023-07-01T17:23:59","slug":"adam-fantilli-signe-trois-ans-blue-jackets","status":"publish","type":"post","link":"https:\/\/theplayoffs.news\/fr\/actualite-nhl\/adam-fantilli-signe-trois-ans-blue-jackets\/","title":{"rendered":"Adam Fantilli signe un contrat d&rsquo;entr\u00e9e de trois ans avec les Blue Jackets de Columbus"},"content":{"rendered":"<h2>Adam Fantilli, l&rsquo;un des jeunes talents r&eacute;cemment rep&ecirc;ch&eacute;, a officiellement mis la plume sur papier en signant un contrat d&rsquo;entr&eacute;e de trois ans avec les Blue Jackets de Columbus.<\/h2><p>La franchise esp&egrave;re qu&rsquo;<a href=\"https:\/\/theplayoffs.news\/fr\/joueur\/adam-fantilli-nhl-10273234\/\" class=\"trk-cta-link\" data-cta-trk='{\"ctaType\":\"Link\",\"ctaSubType\":\"main\"}'><strong>Adam Fantilli<\/strong><\/a> pourra poursuivre son ascension fulgurante et devenir une figure de proue dans sa tentative de gloire dans la LNH.<\/p><p>&Agrave; seulement 18 ans, Adam Fantilli a d&eacute;j&agrave; d&eacute;montr&eacute; son talent exceptionnel sur la glace, produisant une superbe saison de premi&egrave;re ann&eacute;e &agrave; l&rsquo;Universit&eacute; du Michigan l&rsquo;an dernier. Le puissant centre de la NCAA a &eacute;t&eacute; le meilleur marqueur de la NCAA avec 65 points en seulement 36 matchs (30 buts, 35 passes).<\/p><p>Son impact a &eacute;t&eacute; tel qu&rsquo;il a remport&eacute; le prix Hobey Baker en tant que meilleur joueur masculin de hockey sur glace de la NCAA et a guid&eacute; le Michigan vers les demi-finales du Frozen Four.<\/p><p>La d&eacute;cision d&rsquo;Adam Fantilli de signer est venue apr&egrave;s des discussions avec la direction des Blue Jackets lors du camp de d&eacute;veloppement qui a d&eacute;but&eacute; dimanche. La confiance des Blue Jackets en Fantilli &eacute;tait &eacute;vidente lorsqu&rsquo;ils ont fait de lui le troisi&egrave;me choix au total lors du rep&ecirc;chage 2023 de la LNH mercredi dernier.<\/p><p>En se joignant aux Blue Jackets, Adam Fantilli fait non seulement son entr&eacute;e dans la LNH, mais s&rsquo;associe &eacute;galement &agrave; un certain nombre d&rsquo;anciens du Michigan, dont les d&eacute;fenseurs Zach Werenski et Nick Blankenburg, et l&rsquo;attaquant Kent Johnson.<\/p><blockquote><p>&laquo;&nbsp;Nous sommes extr&ecirc;mement heureux pour Adam et sa famille&nbsp;&raquo;, a d&eacute;clar&eacute; samedi Brandon Naurato, l&rsquo;entra&icirc;neur du Michigan. &laquo;&nbsp;C&rsquo;est une opportunit&eacute; incroyable pour lui &agrave; Columbus avec une excellente organisation, l&rsquo;un des meilleurs entra&icirc;neurs de tous les temps, Mike Babcock, et beaucoup d&rsquo;hommes du Michigan pour l&rsquo;aider &agrave; montrer les ficelles du m&eacute;tier au d&eacute;but de sa carri&egrave;re dans la LNH.&nbsp;&raquo;<\/p><\/blockquote><p>Outre ses excellentes performances universitaires, Adam Fantilli a &eacute;galement fait sa marque sur la sc&egrave;ne internationale. Il a jou&eacute; un r&ocirc;le d&eacute;terminant dans les m&eacute;dailles d&rsquo;or remport&eacute;es par le Canada au Championnat mondial junior 2023 de l&rsquo;IIHF et au Championnat mondial 2023 de l&rsquo;IIHF. Bien qu&rsquo;il soit l&rsquo;un des plus jeunes joueurs de l&rsquo;alignement, Fantilli a r&eacute;ussi &agrave; marquer trois points en 10 matchs lors du Championnat du monde, consolidant sa r&eacute;putation de joueur de gros calibre.<\/p><p>Le directeur g&eacute;n&eacute;ral des Blue Jackets, Jarmo Kekalainen, n&rsquo;a pas tari d&rsquo;&eacute;loges sur le jeune Canadien. &laquo;&nbsp;C&rsquo;est un gars physiquement mature&nbsp;&raquo;, a d&eacute;clar&eacute; Kekalainen, faisant r&eacute;f&eacute;rence au cadre de 6 pieds 2 pouces et 195 livres de Fantilli.<\/p><blockquote><p>&laquo; Il a jou&eacute; contre des joueurs de la LNH au Championnat du monde et a tr&egrave;s bien r&eacute;ussi. Il a commenc&eacute; sur le quatri&egrave;me trio, mais son r&ocirc;le a augment&eacute; tout le temps et il a jou&eacute; un r&ocirc;le important dans la victoire du Canada &agrave; la fin.&nbsp;&raquo;<\/p><\/blockquote>\n","protected":false},"excerpt":{"rendered":"","protected":false},"author":13,"featured_media":671642,"comment_status":"open","ping_status":"closed","sticky":false,"template":"","format":"standard","meta":{"inline_featured_image":false,"kia_subtitle":"","_mux_skip_reasons":[],"proofreadBy":0,"footnotes":""},"categories":[187,26],"tags":[6140,329],"sport":[],"saison":[],"class_list":["post-671639","post","type-post","status-publish","format-standard","has-post-thumbnail","hentry","category-actualite-nhl","category-nhl","tag-adam-fantilli","tag-columbus-blue-jackets"],"acf":[],"yoast_head":"<!-- This site is optimized with the Yoast SEO plugin v24.2 - https:\/\/yoast.com\/wordpress\/plugins\/seo\/ -->\n<title>Adam Fantilli signe un contrat d&#039;entr&eacute;e de trois ans avec les Blue Jackets de Columbus - The Playoffs FR<\/title>\n<meta name=\"robots\" content=\"index, follow, max-snippet:-1, max-image-preview:large, max-video-preview:-1\" \/>\n<link rel=\"canonical\" href=\"https:\/\/theplayoffs.news\/fr\/actualite-nhl\/adam-fantilli-signe-trois-ans-blue-jackets\/\" \/>\n<meta property=\"og:locale\" content=\"fr_FR\" \/>\n<meta property=\"og:type\" content=\"article\" \/>\n<meta property=\"og:title\" content=\"Adam Fantilli signe un contrat d&#039;entr&eacute;e de trois ans avec les Blue Jackets de Columbus - The Playoffs FR\" \/>\n<meta property=\"og:url\" content=\"https:\/\/theplayoffs.news\/fr\/actualite-nhl\/adam-fantilli-signe-trois-ans-blue-jackets\/\" \/>\n<meta property=\"og:site_name\" content=\"The Playoffs FR\" \/>\n<meta property=\"article:publisher\" content=\"https:\/\/www.facebook.com\/TheFreeAgentFR\/\" \/>\n<meta property=\"article:modified_time\" content=\"2023-07-01T19:23:59+02:00\" \/>\n<meta property=\"og:image\" content=\"https:\/\/theplayoffs.news\/fr\/wp-content\/uploads\/2023\/07\/https___unionandblue.com_wp-content_uploads_getty-images_2017_07_1503553127-scaled-1.jpeg\" \/>\n\t<meta property=\"og:image:width\" content=\"1920\" \/>\n\t<meta property=\"og:image:height\" content=\"1280\" \/>\n\t<meta property=\"og:image:type\" content=\"image\/jpeg\" \/>\n<meta name=\"author\" content=\"Charles Taudin\" \/>\n<meta name=\"twitter:card\" content=\"summary_large_image\" \/>\n<meta name=\"twitter:creator\" content=\"@TheFreeAgentFR\" \/>\n<meta name=\"twitter:site\" content=\"@TheFreeAgentFR\" \/>\n<meta name=\"twitter:label1\" content=\"\u00c9crit par\" \/>\n\t<meta name=\"twitter:data1\" content=\"Charles Taudin\" \/>\n\t<meta name=\"twitter:label2\" content=\"Dur\u00e9e de lecture estim\u00e9e\" \/>\n\t<meta name=\"twitter:data2\" content=\"2 minutes\" \/>\n<script type=\"application\/ld+json\" class=\"yoast-schema-graph\">{\"@context\":\"https:\/\/schema.org\",\"@graph\":[{\"@type\":\"WebPage\",\"@id\":\"https:\/\/theplayoffs.news\/fr\/actualite-nhl\/adam-fantilli-signe-trois-ans-blue-jackets\/\",\"url\":\"https:\/\/theplayoffs.news\/fr\/actualite-nhl\/adam-fantilli-signe-trois-ans-blue-jackets\/\",\"name\":\"Adam Fantilli signe un contrat d\\\\'entr\u00e9e de trois ans avec les Blue Jackets de Columbus - The Playoffs FR\",\"isPartOf\":{\"@id\":\"https:\/\/theplayoffs.news\/fr\/#website\"},\"primaryImageOfPage\":{\"@id\":\"https:\/\/theplayoffs.news\/fr\/actualite-nhl\/adam-fantilli-signe-trois-ans-blue-jackets\/#primaryimage\"},\"image\":{\"@id\":\"https:\/\/theplayoffs.news\/fr\/actualite-nhl\/adam-fantilli-signe-trois-ans-blue-jackets\/#primaryimage\"},\"thumbnailUrl\":\"https:\/\/theplayoffs.news\/fr\/wp-content\/uploads\/2023\/07\/https___unionandblue.com_wp-content_uploads_getty-images_2017_07_1503553127-scaled-1.jpeg\",\"datePublished\":\"2023-07-01T17:23:58+00:00\",\"dateModified\":\"2023-07-01T17:23:59+00:00\",\"author\":{\"@id\":\"https:\/\/theplayoffs.news\/fr\/#\/schema\/person\/eee5b69ad5d3c51cabe881c839dbe133\"},\"breadcrumb\":{\"@id\":\"https:\/\/theplayoffs.news\/fr\/actualite-nhl\/adam-fantilli-signe-trois-ans-blue-jackets\/#breadcrumb\"},\"inLanguage\":\"fr-FR\",\"potentialAction\":[{\"@type\":\"ReadAction\",\"target\":[\"https:\/\/theplayoffs.news\/fr\/actualite-nhl\/adam-fantilli-signe-trois-ans-blue-jackets\/\"]}]},{\"@type\":\"ImageObject\",\"inLanguage\":\"fr-FR\",\"@id\":\"https:\/\/theplayoffs.news\/fr\/actualite-nhl\/adam-fantilli-signe-trois-ans-blue-jackets\/#primaryimage\",\"url\":\"https:\/\/theplayoffs.news\/fr\/wp-content\/uploads\/2023\/07\/https___unionandblue.com_wp-content_uploads_getty-images_2017_07_1503553127-scaled-1.jpeg\",\"contentUrl\":\"https:\/\/theplayoffs.news\/fr\/wp-content\/uploads\/2023\/07\/https___unionandblue.com_wp-content_uploads_getty-images_2017_07_1503553127-scaled-1.jpeg\",\"width\":1920,\"height\":1280,\"caption\":\"NASHVILLE, TENNESSEE - JUNE 28: Adam Fantilli speaks to the media after being selected by the Columbus Blue Jackets with the third overall pick during round one of the 2023 Upper Deck NHL Draft at Bridgestone Arena on June 28, 2023 in Nashville, Tennessee. (Photo by Jason Kempin\/Getty Images)\"},{\"@type\":\"BreadcrumbList\",\"@id\":\"https:\/\/theplayoffs.news\/fr\/actualite-nhl\/adam-fantilli-signe-trois-ans-blue-jackets\/#breadcrumb\",\"itemListElement\":[{\"@type\":\"ListItem\",\"position\":1,\"name\":\"Accueil\",\"item\":\"https:\/\/theplayoffs.news\/fr\/\"},{\"@type\":\"ListItem\",\"position\":2,\"name\":\"Adam Fantilli signe un contrat d&rsquo;entr\u00e9e de trois ans avec les Blue Jackets de Columbus\"}]},{\"@type\":\"WebSite\",\"@id\":\"https:\/\/theplayoffs.news\/fr\/#website\",\"url\":\"https:\/\/theplayoffs.news\/fr\/\",\"name\":\"The Playoffs FR\",\"description\":\"NBA-NFL-NHL-MLB\",\"potentialAction\":[{\"@type\":\"SearchAction\",\"target\":{\"@type\":\"EntryPoint\",\"urlTemplate\":\"https:\/\/theplayoffs.news\/fr\/?s={search_term_string}\"},\"query-input\":{\"@type\":\"PropertyValueSpecification\",\"valueRequired\":true,\"valueName\":\"search_term_string\"}}],\"inLanguage\":\"fr-FR\"},{\"@type\":\"Person\",\"@id\":\"https:\/\/theplayoffs.news\/fr\/#\/schema\/person\/eee5b69ad5d3c51cabe881c839dbe133\",\"name\":\"Charles Taudin\",\"image\":{\"@type\":\"ImageObject\",\"inLanguage\":\"fr-FR\",\"@id\":\"https:\/\/theplayoffs.news\/fr\/#\/schema\/person\/image\/\",\"url\":\"https:\/\/secure.gravatar.com\/avatar\/59a1e772205ce9fd255edfcafc93013736822e20261f294c5753b20c41ede9f2?s=96&d=mm&r=g\",\"contentUrl\":\"https:\/\/secure.gravatar.com\/avatar\/59a1e772205ce9fd255edfcafc93013736822e20261f294c5753b20c41ede9f2?s=96&d=mm&r=g\",\"caption\":\"Charles Taudin\"},\"description\":\"R\u00e9dacteur en chef global de The Playoffs, j\u2019ai cr\u00e9\u00e9 The Free Agent, devenu The Playoffs FR, en 2020 durant la pand\u00e9mie. Amoureux depuis des ann\u00e9es des 4 sports majeurs am\u00e9ricains, j\u2019organise maintenant la strat\u00e9gie \u00e9ditoriale et les r\u00e9seaux sociaux de l\u2019ensemble des versions de The Playoffs. Il m\u2019arrive encore d\u2019\u00e9crire sur certains sports que j\u2019affectionne particuli\u00e8rement comme la NFL ou la MLB. Si vous devez retenir qu\u2019une chose : Eli Manning est le vrai GOAT pour avoir battu deux fois Tom Brady.\",\"sameAs\":[\"https:\/\/www.instagram.com\/ctaudin_\/\"],\"url\":\"https:\/\/theplayoffs.news\/fr\/author\/charles-taudin\/\"}]}<\/script>\n<!-- \/ Yoast SEO plugin. -->","yoast_head_json":{"title":"Adam Fantilli signe un contrat d&#039;entr&eacute;e de trois ans avec les Blue Jackets de Columbus - The Playoffs FR","robots":{"index":"index","follow":"follow","max-snippet":"max-snippet:-1","max-image-preview":"max-image-preview:large","max-video-preview":"max-video-preview:-1"},"canonical":"https:\/\/theplayoffs.news\/fr\/actualite-nhl\/adam-fantilli-signe-trois-ans-blue-jackets\/","og_locale":"fr_FR","og_type":"article","og_title":"Adam Fantilli signe un contrat d&#039;entr&eacute;e de trois ans avec les Blue Jackets de Columbus - The Playoffs FR","og_url":"https:\/\/theplayoffs.news\/fr\/actualite-nhl\/adam-fantilli-signe-trois-ans-blue-jackets\/","og_site_name":"The Playoffs FR","article_publisher":"https:\/\/www.facebook.com\/TheFreeAgentFR\/","article_modified_time":"2023-07-01T17:23:59+00:00","og_image":[{"width":1920,"height":1280,"url":"https:\/\/theplayoffs.news\/fr\/wp-content\/uploads\/2023\/07\/https___unionandblue.com_wp-content_uploads_getty-images_2017_07_1503553127-scaled-1.jpeg","type":"image\/jpeg"}],"author":"Charles Taudin","twitter_card":"summary_large_image","twitter_creator":"@TheFreeAgentFR","twitter_site":"@TheFreeAgentFR","twitter_misc":{"\u00c9crit par":"Charles Taudin","Dur\u00e9e de lecture estim\u00e9e":"2 minutes"},"schema":{"@context":"https:\/\/schema.org","@graph":[{"@type":"WebPage","@id":"https:\/\/theplayoffs.news\/fr\/actualite-nhl\/adam-fantilli-signe-trois-ans-blue-jackets\/","url":"https:\/\/theplayoffs.news\/fr\/actualite-nhl\/adam-fantilli-signe-trois-ans-blue-jackets\/","name":"Adam Fantilli signe un contrat d\\'entr\u00e9e de trois ans avec les Blue Jackets de Columbus - The Playoffs FR","isPartOf":{"@id":"https:\/\/theplayoffs.news\/fr\/#website"},"primaryImageOfPage":{"@id":"https:\/\/theplayoffs.news\/fr\/actualite-nhl\/adam-fantilli-signe-trois-ans-blue-jackets\/#primaryimage"},"image":{"@id":"https:\/\/theplayoffs.news\/fr\/actualite-nhl\/adam-fantilli-signe-trois-ans-blue-jackets\/#primaryimage"},"thumbnailUrl":"https:\/\/theplayoffs.news\/fr\/wp-content\/uploads\/2023\/07\/https___unionandblue.com_wp-content_uploads_getty-images_2017_07_1503553127-scaled-1.jpeg","datePublished":"2023-07-01T17:23:58+00:00","dateModified":"2023-07-01T17:23:59+00:00","author":{"@id":"https:\/\/theplayoffs.news\/fr\/#\/schema\/person\/eee5b69ad5d3c51cabe881c839dbe133"},"breadcrumb":{"@id":"https:\/\/theplayoffs.news\/fr\/actualite-nhl\/adam-fantilli-signe-trois-ans-blue-jackets\/#breadcrumb"},"inLanguage":"fr-FR","potentialAction":[{"@type":"ReadAction","target":["https:\/\/theplayoffs.news\/fr\/actualite-nhl\/adam-fantilli-signe-trois-ans-blue-jackets\/"]}]},{"@type":"ImageObject","inLanguage":"fr-FR","@id":"https:\/\/theplayoffs.news\/fr\/actualite-nhl\/adam-fantilli-signe-trois-ans-blue-jackets\/#primaryimage","url":"https:\/\/theplayoffs.news\/fr\/wp-content\/uploads\/2023\/07\/https___unionandblue.com_wp-content_uploads_getty-images_2017_07_1503553127-scaled-1.jpeg","contentUrl":"https:\/\/theplayoffs.news\/fr\/wp-content\/uploads\/2023\/07\/https___unionandblue.com_wp-content_uploads_getty-images_2017_07_1503553127-scaled-1.jpeg","width":1920,"height":1280,"caption":"NASHVILLE, TENNESSEE - JUNE 28: Adam Fantilli speaks to the media after being selected by the Columbus Blue Jackets with the third overall pick during round one of the 2023 Upper Deck NHL Draft at Bridgestone Arena on June 28, 2023 in Nashville, Tennessee. (Photo by Jason Kempin\/Getty Images)"},{"@type":"BreadcrumbList","@id":"https:\/\/theplayoffs.news\/fr\/actualite-nhl\/adam-fantilli-signe-trois-ans-blue-jackets\/#breadcrumb","itemListElement":[{"@type":"ListItem","position":1,"name":"Accueil","item":"https:\/\/theplayoffs.news\/fr\/"},{"@type":"ListItem","position":2,"name":"Adam Fantilli signe un contrat d&rsquo;entr\u00e9e de trois ans avec les Blue Jackets de Columbus"}]},{"@type":"WebSite","@id":"https:\/\/theplayoffs.news\/fr\/#website","url":"https:\/\/theplayoffs.news\/fr\/","name":"The Playoffs FR","description":"NBA-NFL-NHL-MLB","potentialAction":[{"@type":"SearchAction","target":{"@type":"EntryPoint","urlTemplate":"https:\/\/theplayoffs.news\/fr\/?s={search_term_string}"},"query-input":{"@type":"PropertyValueSpecification","valueRequired":true,"valueName":"search_term_string"}}],"inLanguage":"fr-FR"},{"@type":"Person","@id":"https:\/\/theplayoffs.news\/fr\/#\/schema\/person\/eee5b69ad5d3c51cabe881c839dbe133","name":"Charles Taudin","image":{"@type":"ImageObject","inLanguage":"fr-FR","@id":"https:\/\/theplayoffs.news\/fr\/#\/schema\/person\/image\/","url":"https:\/\/secure.gravatar.com\/avatar\/59a1e772205ce9fd255edfcafc93013736822e20261f294c5753b20c41ede9f2?s=96&d=mm&r=g","contentUrl":"https:\/\/secure.gravatar.com\/avatar\/59a1e772205ce9fd255edfcafc93013736822e20261f294c5753b20c41ede9f2?s=96&d=mm&r=g","caption":"Charles Taudin"},"description":"R\u00e9dacteur en chef global de The Playoffs, j\u2019ai cr\u00e9\u00e9 The Free Agent, devenu The Playoffs FR, en 2020 durant la pand\u00e9mie. Amoureux depuis des ann\u00e9es des 4 sports majeurs am\u00e9ricains, j\u2019organise maintenant la strat\u00e9gie \u00e9ditoriale et les r\u00e9seaux sociaux de l\u2019ensemble des versions de The Playoffs. Il m\u2019arrive encore d\u2019\u00e9crire sur certains sports que j\u2019affectionne particuli\u00e8rement comme la NFL ou la MLB. Si vous devez retenir qu\u2019une chose : Eli Manning est le vrai GOAT pour avoir battu deux fois Tom Brady.","sameAs":["https:\/\/www.instagram.com\/ctaudin_\/"],"url":"https:\/\/theplayoffs.news\/fr\/author\/charles-taudin\/"}]}},"_links":{"self":[{"href":"https:\/\/theplayoffs.news\/fr\/wp-json\/wp\/v2\/posts\/671639","targetHints":{"allow":["GET"]}}],"collection":[{"href":"https:\/\/theplayoffs.news\/fr\/wp-json\/wp\/v2\/posts"}],"about":[{"href":"https:\/\/theplayoffs.news\/fr\/wp-json\/wp\/v2\/types\/post"}],"author":[{"embeddable":true,"href":"https:\/\/theplayoffs.news\/fr\/wp-json\/wp\/v2\/users\/13"}],"replies":[{"embeddable":true,"href":"https:\/\/theplayoffs.news\/fr\/wp-json\/wp\/v2\/comments?post=671639"}],"version-history":[{"count":2,"href":"https:\/\/theplayoffs.news\/fr\/wp-json\/wp\/v2\/posts\/671639\/revisions"}],"predecessor-version":[{"id":671644,"href":"https:\/\/theplayoffs.news\/fr\/wp-json\/wp\/v2\/posts\/671639\/revisions\/671644"}],"wp:featuredmedia":[{"embeddable":true,"href":"https:\/\/theplayoffs.news\/fr\/wp-json\/wp\/v2\/media\/671642"}],"wp:attachment":[{"href":"https:\/\/theplayoffs.news\/fr\/wp-json\/wp\/v2\/media?parent=671639"}],"wp:term":[{"taxonomy":"category","embeddable":true,"href":"https:\/\/theplayoffs.news\/fr\/wp-json\/wp\/v2\/categories?post=671639"},{"taxonomy":"post_tag","embeddable":true,"href":"https:\/\/theplayoffs.news\/fr\/wp-json\/wp\/v2\/tags?post=671639"},{"taxonomy":"sport","embeddable":true,"href":"https:\/\/theplayoffs.news\/fr\/wp-json\/wp\/v2\/sport?post=671639"},{"taxonomy":"saison","embeddable":true,"href":"https:\/\/theplayoffs.news\/fr\/wp-json\/wp\/v2\/saison?post=671639"}],"curies":[{"name":"wp","href":"https:\/\/api.w.org\/{rel}","templated":true}]}}