{"id":666764,"date":"2023-06-29T13:27:52","date_gmt":"2023-06-29T11:27:52","guid":{"rendered":"https:\/\/theplayoffs.news\/fr\/?p=666764"},"modified":"2023-06-29T13:27:53","modified_gmt":"2023-06-29T11:27:53","slug":"devante-parker-prolongation-patriots","status":"publish","type":"post","link":"https:\/\/theplayoffs.news\/fr\/actualite-nfl\/devante-parker-prolongation-patriots\/","title":{"rendered":"DeVante Parker signe une prolongation pluriannuelle avec les Patriots"},"content":{"rendered":"<h2>Les Patriots de la Nouvelle-Angleterre ont fait un pas important dans la s&eacute;curisation de leur effectif de receveurs en prolongeant le contrat du receveur DeVante Parker pour trois ans suppl&eacute;mentaires.<\/h2><p>L&rsquo;accord, qui pourrait valoir jusqu&rsquo;&agrave; 33 millions de dollars, comprend 14 millions de dollars de garanties et de bonus par match, a confirm&eacute; une source de l&rsquo;&eacute;quipe &agrave; <a href=\"https:\/\/theathletic.com\/4649561\/2023\/06\/28\/patriots-devante-parker-extension\/\" class=\"trk-cta-link\" data-cta-trk='{\"ctaType\":\"Link\",\"ctaSubType\":\"main\"}'>The Athletic<\/a>.<\/p><p><a href=\"https:\/\/theplayoffs.news\/fr\/joueur\/devante-parker-nfl-5153246\/\" class=\"trk-cta-link\" data-cta-trk='{\"ctaType\":\"Link\",\"ctaSubType\":\"main\"}'><strong>DeVante Parker<\/strong><\/a>, 30 ans, a rejoint les Patriots en 2022 via un &eacute;change des Dolphins de Miami et a enregistr&eacute; 31 r&eacute;ceptions et trois touchdowns en 13 matchs la saison derni&egrave;re. Cette prolongation signale un vote de confiance dans les capacit&eacute;s de Parker, malgr&eacute; une performance de la saison 2022 qui n&rsquo;aurait peut-&ecirc;tre pas traditionnellement justifi&eacute; un contrat pluriannuel.<\/p><h3>Du point de vue des Patriots<\/h3><p>Du point de vue des Patriots, cet accord apporte de la stabilit&eacute; &agrave; leur groupe de receveurs, une d&eacute;cision vitale &eacute;tant donn&eacute; que seul JuJu Smith-Schuster &eacute;tait sous contrat au-del&agrave; de la saison &agrave; venir avant cette prolongation. Le nouveau contrat lib&egrave;re &eacute;galement du cap space suppl&eacute;mentaire pour les Pats en 2023, ce qui pourrait &ecirc;tre d&eacute;terminant si l&rsquo;&eacute;quipe envisage de recruter d&rsquo;autres talents importants comme DeAndre Hopkins, toujours disponible.<\/p><p>Il y a des sp&eacute;culations selon lesquelles Parker et Hopkins partagent un style de jeu similaire, ce qui pourrait entra&icirc;ner une redondance. Cependant, avoir plusieurs menaces sur le terrain ne fait jamais de mal, et il serait na&iuml;f de consid&eacute;rer l&rsquo;extension de DeVante Parker comme un obstacle &agrave; la signature potentielle de Hopkins. Il est plus probable que les Patriots cherchent &agrave; s&rsquo;assurer qu&rsquo;ils ont de la profondeur et de la qualit&eacute; chez leurs receveurs, ind&eacute;pendamment des autres signatures potentielles.<\/p><h3>Du point de vue de Parker<\/h3><p>Du point de vue de DeVante Parker, cette prolongation est une approbation de sa valeur par l&rsquo;entra&icirc;neur en chef Bill Belichick. Malgr&eacute; des blessures qui lui ont fait manquer quatre matchs et limit&eacute; sa participation &agrave; deux autres, la confiance de Belichick en Parker reste in&eacute;branlable. Parker, le 56e joueur class&eacute; de la ligue en termes de yards par trac&eacute; parcourus en 2022, aura &agrave; c&oelig;ur de r&eacute;compenser cette confiance en am&eacute;liorant ses statistiques dans les saisons &agrave; venir.<\/p><p>Sous la direction du coordinateur offensif Bill O&rsquo;Brien, DeVante Parker a l&rsquo;opportunit&eacute; de devenir un receveur plus productif. La confiance de Belichick sugg&egrave;re qu&rsquo;il s&rsquo;attend &agrave; ce que la performance de Parker s&rsquo;aligne plus &eacute;troitement sur son potentiel dans un syst&egrave;me offensif plus robuste des Patriots.<\/p><p>Rep&ecirc;ch&eacute; n &deg; 14 par les Dolphins lors du rep&ecirc;chage de la NFL en 2015, Parker a connu un d&eacute;but de carri&egrave;re prometteur &agrave; Miami, amassant 369 r&eacute;ceptions, 27 touchdowns et 5 266 yards sur r&eacute;ception en 106 matchs en carri&egrave;re avec Miami et la Nouvelle-Angleterre.<\/p><p>Malgr&eacute; les hauts et les bas de sa carri&egrave;re, cette nouvelle prolongation de contrat avec les Patriots offre &agrave; Parker une nouvelle opportunit&eacute; de prouver sa valeur et de solidifier sa place dans l&rsquo;alignement offensif des Patriots.<\/p>\n","protected":false},"excerpt":{"rendered":"","protected":false},"author":13,"featured_media":666800,"comment_status":"open","ping_status":"closed","sticky":false,"template":"","format":"standard","meta":{"inline_featured_image":false,"kia_subtitle":"","_mux_skip_reasons":[],"proofreadBy":0,"footnotes":""},"categories":[118,40],"tags":[3882,622],"sport":[],"saison":[],"class_list":["post-666764","post","type-post","status-publish","format-standard","has-post-thumbnail","hentry","category-actualite-nfl","category-nfl","tag-devante-parker","tag-new-england-patriots"],"acf":[],"yoast_head":"<!-- This site is optimized with the Yoast SEO plugin v24.2 - https:\/\/yoast.com\/wordpress\/plugins\/seo\/ -->\n<title>DeVante Parker signe une prolongation pluriannuelle avec les Patriots - The Playoffs FR<\/title>\n<meta name=\"robots\" content=\"index, follow, max-snippet:-1, max-image-preview:large, max-video-preview:-1\" \/>\n<link rel=\"canonical\" href=\"https:\/\/theplayoffs.news\/fr\/actualite-nfl\/devante-parker-prolongation-patriots\/\" \/>\n<meta property=\"og:locale\" content=\"fr_FR\" \/>\n<meta property=\"og:type\" content=\"article\" \/>\n<meta property=\"og:title\" content=\"DeVante Parker signe une prolongation pluriannuelle avec les Patriots - The Playoffs FR\" \/>\n<meta property=\"og:url\" content=\"https:\/\/theplayoffs.news\/fr\/actualite-nfl\/devante-parker-prolongation-patriots\/\" \/>\n<meta property=\"og:site_name\" content=\"The Playoffs FR\" \/>\n<meta property=\"article:publisher\" content=\"https:\/\/www.facebook.com\/TheFreeAgentFR\/\" \/>\n<meta property=\"article:modified_time\" content=\"2023-06-29T13:27:53+02:00\" \/>\n<meta property=\"og:image\" content=\"https:\/\/theplayoffs.news\/fr\/wp-content\/uploads\/2023\/06\/Capture-decran-2023-06-29-a-13.23.13.jpg\" \/>\n\t<meta property=\"og:image:width\" content=\"1816\" \/>\n\t<meta property=\"og:image:height\" content=\"1051\" \/>\n\t<meta property=\"og:image:type\" content=\"image\/jpeg\" \/>\n<meta name=\"author\" content=\"Charles Taudin\" \/>\n<meta name=\"twitter:card\" content=\"summary_large_image\" \/>\n<meta name=\"twitter:creator\" content=\"@TheFreeAgentFR\" \/>\n<meta name=\"twitter:site\" content=\"@TheFreeAgentFR\" \/>\n<meta name=\"twitter:label1\" content=\"\u00c9crit par\" \/>\n\t<meta name=\"twitter:data1\" content=\"Charles Taudin\" \/>\n\t<meta name=\"twitter:label2\" content=\"Dur\u00e9e de lecture estim\u00e9e\" \/>\n\t<meta name=\"twitter:data2\" content=\"2 minutes\" \/>\n<script type=\"application\/ld+json\" class=\"yoast-schema-graph\">{\"@context\":\"https:\/\/schema.org\",\"@graph\":[{\"@type\":\"WebPage\",\"@id\":\"https:\/\/theplayoffs.news\/fr\/actualite-nfl\/devante-parker-prolongation-patriots\/\",\"url\":\"https:\/\/theplayoffs.news\/fr\/actualite-nfl\/devante-parker-prolongation-patriots\/\",\"name\":\"DeVante Parker signe une prolongation pluriannuelle avec les Patriots - The Playoffs FR\",\"isPartOf\":{\"@id\":\"https:\/\/theplayoffs.news\/fr\/#website\"},\"primaryImageOfPage\":{\"@id\":\"https:\/\/theplayoffs.news\/fr\/actualite-nfl\/devante-parker-prolongation-patriots\/#primaryimage\"},\"image\":{\"@id\":\"https:\/\/theplayoffs.news\/fr\/actualite-nfl\/devante-parker-prolongation-patriots\/#primaryimage\"},\"thumbnailUrl\":\"https:\/\/theplayoffs.news\/fr\/wp-content\/uploads\/2023\/06\/Capture-decran-2023-06-29-a-13.23.13.jpg\",\"datePublished\":\"2023-06-29T11:27:52+00:00\",\"dateModified\":\"2023-06-29T11:27:53+00:00\",\"author\":{\"@id\":\"https:\/\/theplayoffs.news\/fr\/#\/schema\/person\/eee5b69ad5d3c51cabe881c839dbe133\"},\"breadcrumb\":{\"@id\":\"https:\/\/theplayoffs.news\/fr\/actualite-nfl\/devante-parker-prolongation-patriots\/#breadcrumb\"},\"inLanguage\":\"fr-FR\",\"potentialAction\":[{\"@type\":\"ReadAction\",\"target\":[\"https:\/\/theplayoffs.news\/fr\/actualite-nfl\/devante-parker-prolongation-patriots\/\"]}]},{\"@type\":\"ImageObject\",\"inLanguage\":\"fr-FR\",\"@id\":\"https:\/\/theplayoffs.news\/fr\/actualite-nfl\/devante-parker-prolongation-patriots\/#primaryimage\",\"url\":\"https:\/\/theplayoffs.news\/fr\/wp-content\/uploads\/2023\/06\/Capture-decran-2023-06-29-a-13.23.13.jpg\",\"contentUrl\":\"https:\/\/theplayoffs.news\/fr\/wp-content\/uploads\/2023\/06\/Capture-decran-2023-06-29-a-13.23.13.jpg\",\"width\":1816,\"height\":1051,\"caption\":\"DeVante Parker\"},{\"@type\":\"BreadcrumbList\",\"@id\":\"https:\/\/theplayoffs.news\/fr\/actualite-nfl\/devante-parker-prolongation-patriots\/#breadcrumb\",\"itemListElement\":[{\"@type\":\"ListItem\",\"position\":1,\"name\":\"Accueil\",\"item\":\"https:\/\/theplayoffs.news\/fr\/\"},{\"@type\":\"ListItem\",\"position\":2,\"name\":\"DeVante Parker signe une prolongation pluriannuelle avec les Patriots\"}]},{\"@type\":\"WebSite\",\"@id\":\"https:\/\/theplayoffs.news\/fr\/#website\",\"url\":\"https:\/\/theplayoffs.news\/fr\/\",\"name\":\"The Playoffs FR\",\"description\":\"NBA-NFL-NHL-MLB\",\"potentialAction\":[{\"@type\":\"SearchAction\",\"target\":{\"@type\":\"EntryPoint\",\"urlTemplate\":\"https:\/\/theplayoffs.news\/fr\/?s={search_term_string}\"},\"query-input\":{\"@type\":\"PropertyValueSpecification\",\"valueRequired\":true,\"valueName\":\"search_term_string\"}}],\"inLanguage\":\"fr-FR\"},{\"@type\":\"Person\",\"@id\":\"https:\/\/theplayoffs.news\/fr\/#\/schema\/person\/eee5b69ad5d3c51cabe881c839dbe133\",\"name\":\"Charles Taudin\",\"image\":{\"@type\":\"ImageObject\",\"inLanguage\":\"fr-FR\",\"@id\":\"https:\/\/theplayoffs.news\/fr\/#\/schema\/person\/image\/\",\"url\":\"https:\/\/secure.gravatar.com\/avatar\/59a1e772205ce9fd255edfcafc93013736822e20261f294c5753b20c41ede9f2?s=96&d=mm&r=g\",\"contentUrl\":\"https:\/\/secure.gravatar.com\/avatar\/59a1e772205ce9fd255edfcafc93013736822e20261f294c5753b20c41ede9f2?s=96&d=mm&r=g\",\"caption\":\"Charles Taudin\"},\"description\":\"R\u00e9dacteur en chef global de The Playoffs, j\u2019ai cr\u00e9\u00e9 The Free Agent, devenu The Playoffs FR, en 2020 durant la pand\u00e9mie. Amoureux depuis des ann\u00e9es des 4 sports majeurs am\u00e9ricains, j\u2019organise maintenant la strat\u00e9gie \u00e9ditoriale et les r\u00e9seaux sociaux de l\u2019ensemble des versions de The Playoffs. Il m\u2019arrive encore d\u2019\u00e9crire sur certains sports que j\u2019affectionne particuli\u00e8rement comme la NFL ou la MLB. Si vous devez retenir qu\u2019une chose : Eli Manning est le vrai GOAT pour avoir battu deux fois Tom Brady.\",\"sameAs\":[\"https:\/\/www.instagram.com\/ctaudin_\/\"],\"url\":\"https:\/\/theplayoffs.news\/fr\/author\/charles-taudin\/\"}]}<\/script>\n<!-- \/ Yoast SEO plugin. -->","yoast_head_json":{"title":"DeVante Parker signe une prolongation pluriannuelle avec les Patriots - The Playoffs FR","robots":{"index":"index","follow":"follow","max-snippet":"max-snippet:-1","max-image-preview":"max-image-preview:large","max-video-preview":"max-video-preview:-1"},"canonical":"https:\/\/theplayoffs.news\/fr\/actualite-nfl\/devante-parker-prolongation-patriots\/","og_locale":"fr_FR","og_type":"article","og_title":"DeVante Parker signe une prolongation pluriannuelle avec les Patriots - The Playoffs FR","og_url":"https:\/\/theplayoffs.news\/fr\/actualite-nfl\/devante-parker-prolongation-patriots\/","og_site_name":"The Playoffs FR","article_publisher":"https:\/\/www.facebook.com\/TheFreeAgentFR\/","article_modified_time":"2023-06-29T11:27:53+00:00","og_image":[{"width":1816,"height":1051,"url":"https:\/\/theplayoffs.news\/fr\/wp-content\/uploads\/2023\/06\/Capture-decran-2023-06-29-a-13.23.13.jpg","type":"image\/jpeg"}],"author":"Charles Taudin","twitter_card":"summary_large_image","twitter_creator":"@TheFreeAgentFR","twitter_site":"@TheFreeAgentFR","twitter_misc":{"\u00c9crit par":"Charles Taudin","Dur\u00e9e de lecture estim\u00e9e":"2 minutes"},"schema":{"@context":"https:\/\/schema.org","@graph":[{"@type":"WebPage","@id":"https:\/\/theplayoffs.news\/fr\/actualite-nfl\/devante-parker-prolongation-patriots\/","url":"https:\/\/theplayoffs.news\/fr\/actualite-nfl\/devante-parker-prolongation-patriots\/","name":"DeVante Parker signe une prolongation pluriannuelle avec les Patriots - The Playoffs FR","isPartOf":{"@id":"https:\/\/theplayoffs.news\/fr\/#website"},"primaryImageOfPage":{"@id":"https:\/\/theplayoffs.news\/fr\/actualite-nfl\/devante-parker-prolongation-patriots\/#primaryimage"},"image":{"@id":"https:\/\/theplayoffs.news\/fr\/actualite-nfl\/devante-parker-prolongation-patriots\/#primaryimage"},"thumbnailUrl":"https:\/\/theplayoffs.news\/fr\/wp-content\/uploads\/2023\/06\/Capture-decran-2023-06-29-a-13.23.13.jpg","datePublished":"2023-06-29T11:27:52+00:00","dateModified":"2023-06-29T11:27:53+00:00","author":{"@id":"https:\/\/theplayoffs.news\/fr\/#\/schema\/person\/eee5b69ad5d3c51cabe881c839dbe133"},"breadcrumb":{"@id":"https:\/\/theplayoffs.news\/fr\/actualite-nfl\/devante-parker-prolongation-patriots\/#breadcrumb"},"inLanguage":"fr-FR","potentialAction":[{"@type":"ReadAction","target":["https:\/\/theplayoffs.news\/fr\/actualite-nfl\/devante-parker-prolongation-patriots\/"]}]},{"@type":"ImageObject","inLanguage":"fr-FR","@id":"https:\/\/theplayoffs.news\/fr\/actualite-nfl\/devante-parker-prolongation-patriots\/#primaryimage","url":"https:\/\/theplayoffs.news\/fr\/wp-content\/uploads\/2023\/06\/Capture-decran-2023-06-29-a-13.23.13.jpg","contentUrl":"https:\/\/theplayoffs.news\/fr\/wp-content\/uploads\/2023\/06\/Capture-decran-2023-06-29-a-13.23.13.jpg","width":1816,"height":1051,"caption":"DeVante Parker"},{"@type":"BreadcrumbList","@id":"https:\/\/theplayoffs.news\/fr\/actualite-nfl\/devante-parker-prolongation-patriots\/#breadcrumb","itemListElement":[{"@type":"ListItem","position":1,"name":"Accueil","item":"https:\/\/theplayoffs.news\/fr\/"},{"@type":"ListItem","position":2,"name":"DeVante Parker signe une prolongation pluriannuelle avec les Patriots"}]},{"@type":"WebSite","@id":"https:\/\/theplayoffs.news\/fr\/#website","url":"https:\/\/theplayoffs.news\/fr\/","name":"The Playoffs FR","description":"NBA-NFL-NHL-MLB","potentialAction":[{"@type":"SearchAction","target":{"@type":"EntryPoint","urlTemplate":"https:\/\/theplayoffs.news\/fr\/?s={search_term_string}"},"query-input":{"@type":"PropertyValueSpecification","valueRequired":true,"valueName":"search_term_string"}}],"inLanguage":"fr-FR"},{"@type":"Person","@id":"https:\/\/theplayoffs.news\/fr\/#\/schema\/person\/eee5b69ad5d3c51cabe881c839dbe133","name":"Charles Taudin","image":{"@type":"ImageObject","inLanguage":"fr-FR","@id":"https:\/\/theplayoffs.news\/fr\/#\/schema\/person\/image\/","url":"https:\/\/secure.gravatar.com\/avatar\/59a1e772205ce9fd255edfcafc93013736822e20261f294c5753b20c41ede9f2?s=96&d=mm&r=g","contentUrl":"https:\/\/secure.gravatar.com\/avatar\/59a1e772205ce9fd255edfcafc93013736822e20261f294c5753b20c41ede9f2?s=96&d=mm&r=g","caption":"Charles Taudin"},"description":"R\u00e9dacteur en chef global de The Playoffs, j\u2019ai cr\u00e9\u00e9 The Free Agent, devenu The Playoffs FR, en 2020 durant la pand\u00e9mie. Amoureux depuis des ann\u00e9es des 4 sports majeurs am\u00e9ricains, j\u2019organise maintenant la strat\u00e9gie \u00e9ditoriale et les r\u00e9seaux sociaux de l\u2019ensemble des versions de The Playoffs. Il m\u2019arrive encore d\u2019\u00e9crire sur certains sports que j\u2019affectionne particuli\u00e8rement comme la NFL ou la MLB. Si vous devez retenir qu\u2019une chose : Eli Manning est le vrai GOAT pour avoir battu deux fois Tom Brady.","sameAs":["https:\/\/www.instagram.com\/ctaudin_\/"],"url":"https:\/\/theplayoffs.news\/fr\/author\/charles-taudin\/"}]}},"_links":{"self":[{"href":"https:\/\/theplayoffs.news\/fr\/wp-json\/wp\/v2\/posts\/666764","targetHints":{"allow":["GET"]}}],"collection":[{"href":"https:\/\/theplayoffs.news\/fr\/wp-json\/wp\/v2\/posts"}],"about":[{"href":"https:\/\/theplayoffs.news\/fr\/wp-json\/wp\/v2\/types\/post"}],"author":[{"embeddable":true,"href":"https:\/\/theplayoffs.news\/fr\/wp-json\/wp\/v2\/users\/13"}],"replies":[{"embeddable":true,"href":"https:\/\/theplayoffs.news\/fr\/wp-json\/wp\/v2\/comments?post=666764"}],"version-history":[{"count":2,"href":"https:\/\/theplayoffs.news\/fr\/wp-json\/wp\/v2\/posts\/666764\/revisions"}],"predecessor-version":[{"id":666826,"href":"https:\/\/theplayoffs.news\/fr\/wp-json\/wp\/v2\/posts\/666764\/revisions\/666826"}],"wp:featuredmedia":[{"embeddable":true,"href":"https:\/\/theplayoffs.news\/fr\/wp-json\/wp\/v2\/media\/666800"}],"wp:attachment":[{"href":"https:\/\/theplayoffs.news\/fr\/wp-json\/wp\/v2\/media?parent=666764"}],"wp:term":[{"taxonomy":"category","embeddable":true,"href":"https:\/\/theplayoffs.news\/fr\/wp-json\/wp\/v2\/categories?post=666764"},{"taxonomy":"post_tag","embeddable":true,"href":"https:\/\/theplayoffs.news\/fr\/wp-json\/wp\/v2\/tags?post=666764"},{"taxonomy":"sport","embeddable":true,"href":"https:\/\/theplayoffs.news\/fr\/wp-json\/wp\/v2\/sport?post=666764"},{"taxonomy":"saison","embeddable":true,"href":"https:\/\/theplayoffs.news\/fr\/wp-json\/wp\/v2\/saison?post=666764"}],"curies":[{"name":"wp","href":"https:\/\/api.w.org\/{rel}","templated":true}]}}