{"id":666048,"date":"2023-06-29T10:19:10","date_gmt":"2023-06-29T08:19:10","guid":{"rendered":"https:\/\/theplayoffs.news\/fr\/?p=666048"},"modified":"2023-06-29T10:19:11","modified_gmt":"2023-06-29T08:19:11","slug":"steve-cohen-etre-vendeur-trade-deadline","status":"publish","type":"post","link":"https:\/\/theplayoffs.news\/fr\/actualite-mlb\/steve-cohen-etre-vendeur-trade-deadline\/","title":{"rendered":"Steve Cohen n&rsquo;exclut pas d&rsquo;\u00eatre vendeur \u00e0 la trade deadline"},"content":{"rendered":"<h2>Alors que la date limite des &eacute;changes de la Major League Baseball (MLB) approche, le propri&eacute;taire des Mets de New York, Steve Cohen, est ouvert aux perspectives de trade pour am&eacute;liorer les performances d&eacute;faillantes de l&rsquo;&eacute;quipe.<\/h2><p>Les Mets, malgr&eacute; leur masse salariale la plus &eacute;lev&eacute;e de l&rsquo;histoire de la MLB, ont consid&eacute;rablement sous-perform&eacute; cette saison, poussant Cohen &agrave; envisager toutes les options disponibles.<\/p><p>L&rsquo;ann&eacute;e derni&egrave;re, les Mets ont c&eacute;l&eacute;br&eacute; une saison de 100 victoires, mais la joie a &eacute;t&eacute; de courte dur&eacute;e. Leur bilan actuel de 36-43 est un rappel d&eacute;cevant d&rsquo;attentes non satisfaites, l&rsquo;&eacute;quipe se classant &agrave; 16,5 matchs de la premi&egrave;re place de la Ligue nationale Est.<\/p><p>Steve Cohen, lors d&rsquo;une r&eacute;cente conf&eacute;rence de presse, a pr&eacute;cis&eacute; qu&rsquo;il n&rsquo;avait pas l&rsquo;intention d&rsquo;effectuer des changements de mi-saison dans la direction de l&rsquo;&eacute;quipe. Cependant, il n&rsquo;a pas h&eacute;sit&eacute; &agrave; discuter de la possibilit&eacute; d&rsquo;&ecirc;tre vendeur &agrave; la date limite des &eacute;changes.<\/p><p><a href=\"https:\/\/twitter.com\/SNYtv\/status\/1674148625344090113?ref_src=twsrc%5Etfw%7Ctwcamp%5Etweetembed%7Ctwterm%5E1674148625344090113%7Ctwgr%5Ed4576ccbcb1dec331137ae3636405c595305040b%7Ctwcon%5Es1_c10&amp;ref_url=https%3A%2F%2Fwww.yardbarker.com%2Fmlb%2Farticles%2Fmets_owner_open_to_being_trade_deadline_seller_if_clubs_struggles_continue%2Fs1_13132_38966690\" class=\"trk-cta-link\" data-cta-trk='{\"ctaType\":\"Link\",\"ctaSubType\":\"main\"}'>Dans ses mots<\/a> :<\/p><blockquote><p>&laquo;&nbsp;Je pr&eacute;pare mon &eacute;quipe de direction &agrave; toutes les possibilit&eacute;s. Si nous ne nous am&eacute;liorons pas, nous avons des d&eacute;cisions &agrave; prendre &agrave; la date limite des &eacute;changes.&nbsp;&raquo;<\/p><\/blockquote><p>Cette franchise souligne la volont&eacute; de Steve Cohen de bousculer les choses pour tenter de rectifier la trajectoire de l&rsquo;&eacute;quipe.<\/p><p>Plus t&ocirc;t, les Mets ont lanc&eacute; une restructuration de la liste, &eacute;changeant le joueur de troisi&egrave;me but Eduardo Escobar aux Angels de Los Angeles contre les lanceurs des ligues mineures Landon Marceaux et Coleman Crow. Cohen semblait dispos&eacute; &agrave; des accords similaires &agrave; l&rsquo;avenir s&rsquo;ils permettaient &agrave; l&rsquo;&eacute;quipe d&rsquo;obtenir des perspectives plus prometteuses.<\/p><p>Cependant, lorsqu&rsquo;il a &eacute;t&eacute; interrog&eacute; sur le trade potentiel des laur&eacute;ats du prix Cy Young Max Scherzer et Justin Verlander, Steve Cohen a gard&eacute; le silence. Compte tenu de leurs clauses de non-&eacute;change, tout &eacute;change impliquant ces acteurs n&eacute;cessiterait leur accord, ce qui rendrait une telle d&eacute;marche complexe.<\/p><p>Le closer <a href=\"https:\/\/theplayoffs.news\/fr\/joueur\/david-robertson-mlb-58344\/\" class=\"trk-cta-link\" data-cta-trk='{\"ctaType\":\"Link\",\"ctaSubType\":\"main\"}'><strong>David Robertson<\/strong><\/a> est un autre nom cit&eacute;, attirant potentiellement de nombreux pr&eacute;tendants. Le joueur de 38 ans a connu une saison impressionnante, disputant 30 matchs, affichant une ERA de 1,59 et enregistrant 11 sauvetage.<\/p><p>Malgr&eacute; la saison d&eacute;cevante, Steve Cohen insiste sur le fait qu&rsquo;il ne se pr&eacute;cipitera pas dans l&rsquo;acquisition de nouveaux actifs pour rem&eacute;dier aux performances incoh&eacute;rentes actuelles de l&rsquo;&eacute;quipe. Au lieu de cela, il fait preuve de patience et de r&eacute;flexion strat&eacute;gique qui ont d&eacute;fini sa propri&eacute;t&eacute;.<\/p>\n","protected":false},"excerpt":{"rendered":"","protected":false},"author":13,"featured_media":666069,"comment_status":"open","ping_status":"closed","sticky":false,"template":"","format":"standard","meta":{"inline_featured_image":false,"kia_subtitle":"","_mux_skip_reasons":[],"proofreadBy":0,"footnotes":""},"categories":[188,9],"tags":[444,1258],"sport":[],"saison":[],"class_list":["post-666048","post","type-post","status-publish","format-standard","has-post-thumbnail","hentry","category-actualite-mlb","category-mlb","tag-new-york-mets","tag-steve-cohen"],"acf":[],"yoast_head":"<!-- This site is optimized with the Yoast SEO plugin v24.2 - https:\/\/yoast.com\/wordpress\/plugins\/seo\/ -->\n<title>Steve Cohen n&#039;exclut pas d&#039;&ecirc;tre vendeur &agrave; la trade deadline - The Playoffs FR<\/title>\n<meta name=\"robots\" content=\"index, follow, max-snippet:-1, max-image-preview:large, max-video-preview:-1\" \/>\n<link rel=\"canonical\" href=\"https:\/\/theplayoffs.news\/fr\/actualite-mlb\/steve-cohen-etre-vendeur-trade-deadline\/\" \/>\n<meta property=\"og:locale\" content=\"fr_FR\" \/>\n<meta property=\"og:type\" content=\"article\" \/>\n<meta property=\"og:title\" content=\"Steve Cohen n&#039;exclut pas d&#039;&ecirc;tre vendeur &agrave; la trade deadline - The Playoffs FR\" \/>\n<meta property=\"og:url\" content=\"https:\/\/theplayoffs.news\/fr\/actualite-mlb\/steve-cohen-etre-vendeur-trade-deadline\/\" \/>\n<meta property=\"og:site_name\" content=\"The Playoffs FR\" \/>\n<meta property=\"article:publisher\" content=\"https:\/\/www.facebook.com\/TheFreeAgentFR\/\" \/>\n<meta property=\"article:modified_time\" content=\"2023-06-29T10:19:11+02:00\" \/>\n<meta property=\"og:image\" content=\"https:\/\/theplayoffs.news\/fr\/wp-content\/uploads\/2023\/06\/Capture-decran-2023-06-29-a-10.12.04.jpg\" \/>\n\t<meta property=\"og:image:width\" content=\"1902\" \/>\n\t<meta property=\"og:image:height\" content=\"1060\" \/>\n\t<meta property=\"og:image:type\" content=\"image\/jpeg\" \/>\n<meta name=\"author\" content=\"Charles Taudin\" \/>\n<meta name=\"twitter:card\" content=\"summary_large_image\" \/>\n<meta name=\"twitter:creator\" content=\"@TheFreeAgentFR\" \/>\n<meta name=\"twitter:site\" content=\"@TheFreeAgentFR\" \/>\n<meta name=\"twitter:label1\" content=\"\u00c9crit par\" \/>\n\t<meta name=\"twitter:data1\" content=\"Charles Taudin\" \/>\n\t<meta name=\"twitter:label2\" content=\"Dur\u00e9e de lecture estim\u00e9e\" \/>\n\t<meta name=\"twitter:data2\" content=\"2 minutes\" \/>\n<script type=\"application\/ld+json\" class=\"yoast-schema-graph\">{\"@context\":\"https:\/\/schema.org\",\"@graph\":[{\"@type\":\"WebPage\",\"@id\":\"https:\/\/theplayoffs.news\/fr\/actualite-mlb\/steve-cohen-etre-vendeur-trade-deadline\/\",\"url\":\"https:\/\/theplayoffs.news\/fr\/actualite-mlb\/steve-cohen-etre-vendeur-trade-deadline\/\",\"name\":\"Steve Cohen n\\\\'exclut pas d\\\\'\u00eatre vendeur \u00e0 la trade deadline - The Playoffs FR\",\"isPartOf\":{\"@id\":\"https:\/\/theplayoffs.news\/fr\/#website\"},\"primaryImageOfPage\":{\"@id\":\"https:\/\/theplayoffs.news\/fr\/actualite-mlb\/steve-cohen-etre-vendeur-trade-deadline\/#primaryimage\"},\"image\":{\"@id\":\"https:\/\/theplayoffs.news\/fr\/actualite-mlb\/steve-cohen-etre-vendeur-trade-deadline\/#primaryimage\"},\"thumbnailUrl\":\"https:\/\/theplayoffs.news\/fr\/wp-content\/uploads\/2023\/06\/Capture-decran-2023-06-29-a-10.12.04.jpg\",\"datePublished\":\"2023-06-29T08:19:10+00:00\",\"dateModified\":\"2023-06-29T08:19:11+00:00\",\"author\":{\"@id\":\"https:\/\/theplayoffs.news\/fr\/#\/schema\/person\/eee5b69ad5d3c51cabe881c839dbe133\"},\"breadcrumb\":{\"@id\":\"https:\/\/theplayoffs.news\/fr\/actualite-mlb\/steve-cohen-etre-vendeur-trade-deadline\/#breadcrumb\"},\"inLanguage\":\"fr-FR\",\"potentialAction\":[{\"@type\":\"ReadAction\",\"target\":[\"https:\/\/theplayoffs.news\/fr\/actualite-mlb\/steve-cohen-etre-vendeur-trade-deadline\/\"]}]},{\"@type\":\"ImageObject\",\"inLanguage\":\"fr-FR\",\"@id\":\"https:\/\/theplayoffs.news\/fr\/actualite-mlb\/steve-cohen-etre-vendeur-trade-deadline\/#primaryimage\",\"url\":\"https:\/\/theplayoffs.news\/fr\/wp-content\/uploads\/2023\/06\/Capture-decran-2023-06-29-a-10.12.04.jpg\",\"contentUrl\":\"https:\/\/theplayoffs.news\/fr\/wp-content\/uploads\/2023\/06\/Capture-decran-2023-06-29-a-10.12.04.jpg\",\"width\":1902,\"height\":1060,\"caption\":\"Steve Cohen Mets\"},{\"@type\":\"BreadcrumbList\",\"@id\":\"https:\/\/theplayoffs.news\/fr\/actualite-mlb\/steve-cohen-etre-vendeur-trade-deadline\/#breadcrumb\",\"itemListElement\":[{\"@type\":\"ListItem\",\"position\":1,\"name\":\"Accueil\",\"item\":\"https:\/\/theplayoffs.news\/fr\/\"},{\"@type\":\"ListItem\",\"position\":2,\"name\":\"Steve Cohen n&rsquo;exclut pas d&rsquo;\u00eatre vendeur \u00e0 la trade deadline\"}]},{\"@type\":\"WebSite\",\"@id\":\"https:\/\/theplayoffs.news\/fr\/#website\",\"url\":\"https:\/\/theplayoffs.news\/fr\/\",\"name\":\"The Playoffs FR\",\"description\":\"NBA-NFL-NHL-MLB\",\"potentialAction\":[{\"@type\":\"SearchAction\",\"target\":{\"@type\":\"EntryPoint\",\"urlTemplate\":\"https:\/\/theplayoffs.news\/fr\/?s={search_term_string}\"},\"query-input\":{\"@type\":\"PropertyValueSpecification\",\"valueRequired\":true,\"valueName\":\"search_term_string\"}}],\"inLanguage\":\"fr-FR\"},{\"@type\":\"Person\",\"@id\":\"https:\/\/theplayoffs.news\/fr\/#\/schema\/person\/eee5b69ad5d3c51cabe881c839dbe133\",\"name\":\"Charles Taudin\",\"image\":{\"@type\":\"ImageObject\",\"inLanguage\":\"fr-FR\",\"@id\":\"https:\/\/theplayoffs.news\/fr\/#\/schema\/person\/image\/\",\"url\":\"https:\/\/secure.gravatar.com\/avatar\/59a1e772205ce9fd255edfcafc93013736822e20261f294c5753b20c41ede9f2?s=96&d=mm&r=g\",\"contentUrl\":\"https:\/\/secure.gravatar.com\/avatar\/59a1e772205ce9fd255edfcafc93013736822e20261f294c5753b20c41ede9f2?s=96&d=mm&r=g\",\"caption\":\"Charles Taudin\"},\"description\":\"R\u00e9dacteur en chef global de The Playoffs, j\u2019ai cr\u00e9\u00e9 The Free Agent, devenu The Playoffs FR, en 2020 durant la pand\u00e9mie. Amoureux depuis des ann\u00e9es des 4 sports majeurs am\u00e9ricains, j\u2019organise maintenant la strat\u00e9gie \u00e9ditoriale et les r\u00e9seaux sociaux de l\u2019ensemble des versions de The Playoffs. Il m\u2019arrive encore d\u2019\u00e9crire sur certains sports que j\u2019affectionne particuli\u00e8rement comme la NFL ou la MLB. Si vous devez retenir qu\u2019une chose : Eli Manning est le vrai GOAT pour avoir battu deux fois Tom Brady.\",\"sameAs\":[\"https:\/\/www.instagram.com\/ctaudin_\/\"],\"url\":\"https:\/\/theplayoffs.news\/fr\/author\/charles-taudin\/\"}]}<\/script>\n<!-- \/ Yoast SEO plugin. -->","yoast_head_json":{"title":"Steve Cohen n&#039;exclut pas d&#039;&ecirc;tre vendeur &agrave; la trade deadline - The Playoffs FR","robots":{"index":"index","follow":"follow","max-snippet":"max-snippet:-1","max-image-preview":"max-image-preview:large","max-video-preview":"max-video-preview:-1"},"canonical":"https:\/\/theplayoffs.news\/fr\/actualite-mlb\/steve-cohen-etre-vendeur-trade-deadline\/","og_locale":"fr_FR","og_type":"article","og_title":"Steve Cohen n&#039;exclut pas d&#039;&ecirc;tre vendeur &agrave; la trade deadline - The Playoffs FR","og_url":"https:\/\/theplayoffs.news\/fr\/actualite-mlb\/steve-cohen-etre-vendeur-trade-deadline\/","og_site_name":"The Playoffs FR","article_publisher":"https:\/\/www.facebook.com\/TheFreeAgentFR\/","article_modified_time":"2023-06-29T08:19:11+00:00","og_image":[{"width":1902,"height":1060,"url":"https:\/\/theplayoffs.news\/fr\/wp-content\/uploads\/2023\/06\/Capture-decran-2023-06-29-a-10.12.04.jpg","type":"image\/jpeg"}],"author":"Charles Taudin","twitter_card":"summary_large_image","twitter_creator":"@TheFreeAgentFR","twitter_site":"@TheFreeAgentFR","twitter_misc":{"\u00c9crit par":"Charles Taudin","Dur\u00e9e de lecture estim\u00e9e":"2 minutes"},"schema":{"@context":"https:\/\/schema.org","@graph":[{"@type":"WebPage","@id":"https:\/\/theplayoffs.news\/fr\/actualite-mlb\/steve-cohen-etre-vendeur-trade-deadline\/","url":"https:\/\/theplayoffs.news\/fr\/actualite-mlb\/steve-cohen-etre-vendeur-trade-deadline\/","name":"Steve Cohen n\\'exclut pas d\\'\u00eatre vendeur \u00e0 la trade deadline - The Playoffs FR","isPartOf":{"@id":"https:\/\/theplayoffs.news\/fr\/#website"},"primaryImageOfPage":{"@id":"https:\/\/theplayoffs.news\/fr\/actualite-mlb\/steve-cohen-etre-vendeur-trade-deadline\/#primaryimage"},"image":{"@id":"https:\/\/theplayoffs.news\/fr\/actualite-mlb\/steve-cohen-etre-vendeur-trade-deadline\/#primaryimage"},"thumbnailUrl":"https:\/\/theplayoffs.news\/fr\/wp-content\/uploads\/2023\/06\/Capture-decran-2023-06-29-a-10.12.04.jpg","datePublished":"2023-06-29T08:19:10+00:00","dateModified":"2023-06-29T08:19:11+00:00","author":{"@id":"https:\/\/theplayoffs.news\/fr\/#\/schema\/person\/eee5b69ad5d3c51cabe881c839dbe133"},"breadcrumb":{"@id":"https:\/\/theplayoffs.news\/fr\/actualite-mlb\/steve-cohen-etre-vendeur-trade-deadline\/#breadcrumb"},"inLanguage":"fr-FR","potentialAction":[{"@type":"ReadAction","target":["https:\/\/theplayoffs.news\/fr\/actualite-mlb\/steve-cohen-etre-vendeur-trade-deadline\/"]}]},{"@type":"ImageObject","inLanguage":"fr-FR","@id":"https:\/\/theplayoffs.news\/fr\/actualite-mlb\/steve-cohen-etre-vendeur-trade-deadline\/#primaryimage","url":"https:\/\/theplayoffs.news\/fr\/wp-content\/uploads\/2023\/06\/Capture-decran-2023-06-29-a-10.12.04.jpg","contentUrl":"https:\/\/theplayoffs.news\/fr\/wp-content\/uploads\/2023\/06\/Capture-decran-2023-06-29-a-10.12.04.jpg","width":1902,"height":1060,"caption":"Steve Cohen Mets"},{"@type":"BreadcrumbList","@id":"https:\/\/theplayoffs.news\/fr\/actualite-mlb\/steve-cohen-etre-vendeur-trade-deadline\/#breadcrumb","itemListElement":[{"@type":"ListItem","position":1,"name":"Accueil","item":"https:\/\/theplayoffs.news\/fr\/"},{"@type":"ListItem","position":2,"name":"Steve Cohen n&rsquo;exclut pas d&rsquo;\u00eatre vendeur \u00e0 la trade deadline"}]},{"@type":"WebSite","@id":"https:\/\/theplayoffs.news\/fr\/#website","url":"https:\/\/theplayoffs.news\/fr\/","name":"The Playoffs FR","description":"NBA-NFL-NHL-MLB","potentialAction":[{"@type":"SearchAction","target":{"@type":"EntryPoint","urlTemplate":"https:\/\/theplayoffs.news\/fr\/?s={search_term_string}"},"query-input":{"@type":"PropertyValueSpecification","valueRequired":true,"valueName":"search_term_string"}}],"inLanguage":"fr-FR"},{"@type":"Person","@id":"https:\/\/theplayoffs.news\/fr\/#\/schema\/person\/eee5b69ad5d3c51cabe881c839dbe133","name":"Charles Taudin","image":{"@type":"ImageObject","inLanguage":"fr-FR","@id":"https:\/\/theplayoffs.news\/fr\/#\/schema\/person\/image\/","url":"https:\/\/secure.gravatar.com\/avatar\/59a1e772205ce9fd255edfcafc93013736822e20261f294c5753b20c41ede9f2?s=96&d=mm&r=g","contentUrl":"https:\/\/secure.gravatar.com\/avatar\/59a1e772205ce9fd255edfcafc93013736822e20261f294c5753b20c41ede9f2?s=96&d=mm&r=g","caption":"Charles Taudin"},"description":"R\u00e9dacteur en chef global de The Playoffs, j\u2019ai cr\u00e9\u00e9 The Free Agent, devenu The Playoffs FR, en 2020 durant la pand\u00e9mie. Amoureux depuis des ann\u00e9es des 4 sports majeurs am\u00e9ricains, j\u2019organise maintenant la strat\u00e9gie \u00e9ditoriale et les r\u00e9seaux sociaux de l\u2019ensemble des versions de The Playoffs. Il m\u2019arrive encore d\u2019\u00e9crire sur certains sports que j\u2019affectionne particuli\u00e8rement comme la NFL ou la MLB. Si vous devez retenir qu\u2019une chose : Eli Manning est le vrai GOAT pour avoir battu deux fois Tom Brady.","sameAs":["https:\/\/www.instagram.com\/ctaudin_\/"],"url":"https:\/\/theplayoffs.news\/fr\/author\/charles-taudin\/"}]}},"_links":{"self":[{"href":"https:\/\/theplayoffs.news\/fr\/wp-json\/wp\/v2\/posts\/666048","targetHints":{"allow":["GET"]}}],"collection":[{"href":"https:\/\/theplayoffs.news\/fr\/wp-json\/wp\/v2\/posts"}],"about":[{"href":"https:\/\/theplayoffs.news\/fr\/wp-json\/wp\/v2\/types\/post"}],"author":[{"embeddable":true,"href":"https:\/\/theplayoffs.news\/fr\/wp-json\/wp\/v2\/users\/13"}],"replies":[{"embeddable":true,"href":"https:\/\/theplayoffs.news\/fr\/wp-json\/wp\/v2\/comments?post=666048"}],"version-history":[{"count":3,"href":"https:\/\/theplayoffs.news\/fr\/wp-json\/wp\/v2\/posts\/666048\/revisions"}],"predecessor-version":[{"id":666095,"href":"https:\/\/theplayoffs.news\/fr\/wp-json\/wp\/v2\/posts\/666048\/revisions\/666095"}],"wp:featuredmedia":[{"embeddable":true,"href":"https:\/\/theplayoffs.news\/fr\/wp-json\/wp\/v2\/media\/666069"}],"wp:attachment":[{"href":"https:\/\/theplayoffs.news\/fr\/wp-json\/wp\/v2\/media?parent=666048"}],"wp:term":[{"taxonomy":"category","embeddable":true,"href":"https:\/\/theplayoffs.news\/fr\/wp-json\/wp\/v2\/categories?post=666048"},{"taxonomy":"post_tag","embeddable":true,"href":"https:\/\/theplayoffs.news\/fr\/wp-json\/wp\/v2\/tags?post=666048"},{"taxonomy":"sport","embeddable":true,"href":"https:\/\/theplayoffs.news\/fr\/wp-json\/wp\/v2\/sport?post=666048"},{"taxonomy":"saison","embeddable":true,"href":"https:\/\/theplayoffs.news\/fr\/wp-json\/wp\/v2\/saison?post=666048"}],"curies":[{"name":"wp","href":"https:\/\/api.w.org\/{rel}","templated":true}]}}