{"id":664640,"date":"2023-06-28T19:31:54","date_gmt":"2023-06-28T17:31:54","guid":{"rendered":"https:\/\/theplayoffs.news\/fr\/?p=664640"},"modified":"2023-06-28T19:31:56","modified_gmt":"2023-06-28T17:31:56","slug":"deux-recrues-mousquetaires-de-paris","status":"publish","type":"post","link":"https:\/\/theplayoffs.news\/fr\/elf\/deux-recrues-mousquetaires-de-paris\/","title":{"rendered":"Deux nouvelles recrues d\u00e9fensives pour les Mousquetaires de Paris"},"content":{"rendered":"<h2>En difficult&eacute; ces derni&egrave;res semaines dans le domaine d&eacute;fensif, les Mousquetaires de Paris ont annonc&eacute; le recrutement de deux nouveaux joueurs.<\/h2><p>Apr&egrave;s quatre semaines de comp&eacute;tition en ELF, les Mousquetaires de Paris sont la troisi&egrave;me pire d&eacute;fense a&eacute;rienne de toute la ligue avec 1140 yards conc&eacute;d&eacute;s dans les airs mais aussi et surtout la pire &eacute;quipe en nombre de touchdowns conc&eacute;d&eacute;s &agrave; la passe avec d&eacute;j&agrave; <a href=\"https:\/\/www.sportsmetrics.football\/stats\/team-stats\" class=\"trk-cta-link\" data-cta-trk='{\"ctaType\":\"Link\",\"ctaSubType\":\"main\"}'>16 passes de touchdowns contre eux<\/a> depuis le d&eacute;but de la saison. Pire, ils ont laiss&eacute; il y a deux semaines un record historique &agrave; Jadrian Clark, le quarterback du Rhein Fire, qui a pu lanc&eacute; 8 passes de touchdowns dans le m&ecirc;me match. Conscient de la situation, les dirigeants parisiens ont annonc&eacute; la signature de deux nouveaux joueurs d&eacute;fensifs ce mercredi.<\/p><p>Le premier d&rsquo;entre eux est plut&ocirc;t bien connu des suiveurs fran&ccedil;ais puisqu&rsquo;il s&rsquo;agit d&rsquo;<a href=\"https:\/\/theplayoffs.news\/fr\/nfl\/beard-jean-alphonse-souleymane-karamoko\/\" class=\"trk-cta-link\" data-cta-trk='{\"ctaType\":\"Link\",\"ctaSubType\":\"main\"}'>Edris Jean-Alphonse<\/a>. Ce natif de Bobigny, form&eacute; au Flash de la Courneuve, a ensuite rejoint l&rsquo;universit&eacute; de Laval au Quebec pour poursuivre sa formation et son cursus universitaire. Il sera ensuite draft&eacute; en CFL (championnat canadien de football am&eacute;ricain) par les Redblacks d&rsquo;Ottawa. Ce solide joueur de 27 ans viendra donc aider la d&eacute;fense contre la passe des Mousquetaires de Paris.<\/p><blockquote class=\"twitter-tweet\" data-width=\"500\" data-dnt=\"true\">\n<p lang=\"fr\" dir=\"ltr\">&#127467;&#127479;&nbsp;Edris Jean Alphone est un Mousquetaire&#129338;<br>Le solide DB fran&ccedil;ais (1m85, 96kg), quitte la CFL pour rejoindre l&rsquo;aventure Paris Musketeers. Un renfort non n&eacute;gligeable pour inverser la tendance ! <a href=\"https:\/\/t.co\/jcwO23S4UB\" class=\"trk-cta-link\" data-cta-trk='{\"ctaType\":\"Link\",\"ctaSubType\":\"main\"}'>pic.twitter.com\/jcwO23S4UB<\/a><\/p>\n<p>&mdash; Paris Musketeers (@parismusketeers) <a href=\"https:\/\/twitter.com\/parismusketeers\/status\/1674006693481439232?ref_src=twsrc%5Etfw\" class=\"trk-cta-link\" data-cta-trk='{\"ctaType\":\"Link\",\"ctaSubType\":\"main\"}'>June 28, 2023<\/a><\/p><\/blockquote><p><script async src=\"https:\/\/platform.twitter.com\/widgets.js\" charset=\"utf-8\"><\/script><\/p><p>Autre ajout chez les Mousquetaires de Paris, toujours pour renforcer le backfield d&eacute;fensif, avec la signature ce mercredi de David Richardson II. Apr&egrave;s une carri&egrave;re universitaire avec l&rsquo;universit&eacute; am&eacute;ricaine de Tulsa, ce cornerback originaire du Texas signera dans la ligue de football am&eacute;ricain mexicaine. Il portera notamment les couleurs la saison derni&egrave;re des Galgos de Tijuana qui termineront 6e de la saison r&eacute;guli&egrave;re avant de s&rsquo;incliner lors du premier tour des playoffs.<\/p><blockquote class=\"twitter-tweet\" data-width=\"500\" data-dnt=\"true\">\n<p lang=\"qme\" dir=\"ltr\"><a href=\"https:\/\/twitter.com\/Davidrich23?ref_src=twsrc%5Etfw\" class=\"trk-cta-link\" data-cta-trk='{\"ctaType\":\"Link\",\"ctaSubType\":\"main\"}'>@Davidrich23<\/a> <a href=\"https:\/\/twitter.com\/Galgos_LFA?ref_src=twsrc%5Etfw\" class=\"trk-cta-link\" data-cta-trk='{\"ctaType\":\"Link\",\"ctaSubType\":\"main\"}'>@Galgos_LFA<\/a> <a href=\"https:\/\/t.co\/3vIN4zBtcv\" class=\"trk-cta-link\" data-cta-trk='{\"ctaType\":\"Link\",\"ctaSubType\":\"main\"}'>pic.twitter.com\/3vIN4zBtcv<\/a><\/p>\n<p>&mdash; Justin Aaron (@JustinAaronUH91) <a href=\"https:\/\/twitter.com\/JustinAaronUH91\/status\/1637566338217525259?ref_src=twsrc%5Etfw\" class=\"trk-cta-link\" data-cta-trk='{\"ctaType\":\"Link\",\"ctaSubType\":\"main\"}'>March 19, 2023<\/a><\/p><\/blockquote><p><script async src=\"https:\/\/platform.twitter.com\/widgets.js\" charset=\"utf-8\"><\/script><\/p><p>Deux renforts de taille donc pour les Mousquetaires de Paris qui disputeront leur prochain match devant leur public ce samedi 1er juillet face &agrave; Hambourg.<\/p>\n","protected":false},"excerpt":{"rendered":"","protected":false},"author":180309964,"featured_media":664645,"comment_status":"open","ping_status":"closed","sticky":false,"template":"","format":"standard","meta":{"inline_featured_image":false,"kia_subtitle":"","_mux_skip_reasons":[],"proofreadBy":0,"footnotes":""},"categories":[5964],"tags":[6123,4125,4833],"sport":[2785],"saison":[3453],"class_list":["post-664640","post","type-post","status-publish","format-standard","has-post-thumbnail","hentry","category-elf","tag-david-richardson-ii","tag-edris-jean-alphonse","tag-mousquetaires-de-paris","sport-nfl","saison-3453"],"acf":[],"yoast_head":"<!-- This site is optimized with the Yoast SEO plugin v24.2 - https:\/\/yoast.com\/wordpress\/plugins\/seo\/ -->\n<title>Deux nouvelles recrues d&eacute;fensives pour les Mousquetaires de Paris - The Playoffs FR<\/title>\n<meta name=\"robots\" content=\"index, follow, max-snippet:-1, max-image-preview:large, max-video-preview:-1\" \/>\n<link rel=\"canonical\" href=\"https:\/\/theplayoffs.news\/fr\/elf\/deux-recrues-mousquetaires-de-paris\/\" \/>\n<meta property=\"og:locale\" content=\"fr_FR\" \/>\n<meta property=\"og:type\" content=\"article\" \/>\n<meta property=\"og:title\" content=\"Deux nouvelles recrues d&eacute;fensives pour les Mousquetaires de Paris - The Playoffs FR\" \/>\n<meta property=\"og:url\" content=\"https:\/\/theplayoffs.news\/fr\/elf\/deux-recrues-mousquetaires-de-paris\/\" \/>\n<meta property=\"og:site_name\" content=\"The Playoffs FR\" \/>\n<meta property=\"article:publisher\" content=\"https:\/\/www.facebook.com\/TheFreeAgentFR\/\" \/>\n<meta property=\"article:modified_time\" content=\"2023-06-28T19:31:56+02:00\" \/>\n<meta property=\"og:image\" content=\"https:\/\/theplayoffs.news\/fr\/wp-content\/uploads\/2023\/06\/Edris-Jean-Alphonse.jpg\" \/>\n\t<meta property=\"og:image:width\" content=\"739\" \/>\n\t<meta property=\"og:image:height\" content=\"834\" \/>\n\t<meta property=\"og:image:type\" content=\"image\/jpeg\" \/>\n<meta name=\"author\" content=\"Flavien Jumeau\" \/>\n<meta name=\"twitter:card\" content=\"summary_large_image\" \/>\n<meta name=\"twitter:creator\" content=\"@TheFreeAgentFR\" \/>\n<meta name=\"twitter:site\" content=\"@TheFreeAgentFR\" \/>\n<meta name=\"twitter:label1\" content=\"\u00c9crit par\" \/>\n\t<meta name=\"twitter:data1\" content=\"Flavien Jumeau\" \/>\n\t<meta name=\"twitter:label2\" content=\"Dur\u00e9e de lecture estim\u00e9e\" \/>\n\t<meta name=\"twitter:data2\" content=\"2 minutes\" \/>\n<script type=\"application\/ld+json\" class=\"yoast-schema-graph\">{\"@context\":\"https:\/\/schema.org\",\"@graph\":[{\"@type\":\"WebPage\",\"@id\":\"https:\/\/theplayoffs.news\/fr\/elf\/deux-recrues-mousquetaires-de-paris\/\",\"url\":\"https:\/\/theplayoffs.news\/fr\/elf\/deux-recrues-mousquetaires-de-paris\/\",\"name\":\"Deux nouvelles recrues d\u00e9fensives pour les Mousquetaires de Paris - The Playoffs FR\",\"isPartOf\":{\"@id\":\"https:\/\/theplayoffs.news\/fr\/#website\"},\"primaryImageOfPage\":{\"@id\":\"https:\/\/theplayoffs.news\/fr\/elf\/deux-recrues-mousquetaires-de-paris\/#primaryimage\"},\"image\":{\"@id\":\"https:\/\/theplayoffs.news\/fr\/elf\/deux-recrues-mousquetaires-de-paris\/#primaryimage\"},\"thumbnailUrl\":\"https:\/\/theplayoffs.news\/fr\/wp-content\/uploads\/2023\/06\/Edris-Jean-Alphonse.jpg\",\"datePublished\":\"2023-06-28T17:31:54+00:00\",\"dateModified\":\"2023-06-28T17:31:56+00:00\",\"author\":{\"@id\":\"https:\/\/theplayoffs.news\/fr\/#\/schema\/person\/def63bc6746dc5957469b75feb99e66d\"},\"breadcrumb\":{\"@id\":\"https:\/\/theplayoffs.news\/fr\/elf\/deux-recrues-mousquetaires-de-paris\/#breadcrumb\"},\"inLanguage\":\"fr-FR\",\"potentialAction\":[{\"@type\":\"ReadAction\",\"target\":[\"https:\/\/theplayoffs.news\/fr\/elf\/deux-recrues-mousquetaires-de-paris\/\"]}]},{\"@type\":\"ImageObject\",\"inLanguage\":\"fr-FR\",\"@id\":\"https:\/\/theplayoffs.news\/fr\/elf\/deux-recrues-mousquetaires-de-paris\/#primaryimage\",\"url\":\"https:\/\/theplayoffs.news\/fr\/wp-content\/uploads\/2023\/06\/Edris-Jean-Alphonse.jpg\",\"contentUrl\":\"https:\/\/theplayoffs.news\/fr\/wp-content\/uploads\/2023\/06\/Edris-Jean-Alphonse.jpg\",\"width\":739,\"height\":834,\"caption\":\"Mousquetaires de Paris Edris Jean-Alphonse\"},{\"@type\":\"BreadcrumbList\",\"@id\":\"https:\/\/theplayoffs.news\/fr\/elf\/deux-recrues-mousquetaires-de-paris\/#breadcrumb\",\"itemListElement\":[{\"@type\":\"ListItem\",\"position\":1,\"name\":\"Accueil\",\"item\":\"https:\/\/theplayoffs.news\/fr\/\"},{\"@type\":\"ListItem\",\"position\":2,\"name\":\"Deux nouvelles recrues d\u00e9fensives pour les Mousquetaires de Paris\"}]},{\"@type\":\"WebSite\",\"@id\":\"https:\/\/theplayoffs.news\/fr\/#website\",\"url\":\"https:\/\/theplayoffs.news\/fr\/\",\"name\":\"The Playoffs FR\",\"description\":\"NBA-NFL-NHL-MLB\",\"potentialAction\":[{\"@type\":\"SearchAction\",\"target\":{\"@type\":\"EntryPoint\",\"urlTemplate\":\"https:\/\/theplayoffs.news\/fr\/?s={search_term_string}\"},\"query-input\":{\"@type\":\"PropertyValueSpecification\",\"valueRequired\":true,\"valueName\":\"search_term_string\"}}],\"inLanguage\":\"fr-FR\"},{\"@type\":\"Person\",\"@id\":\"https:\/\/theplayoffs.news\/fr\/#\/schema\/person\/def63bc6746dc5957469b75feb99e66d\",\"name\":\"Flavien Jumeau\",\"image\":{\"@type\":\"ImageObject\",\"inLanguage\":\"fr-FR\",\"@id\":\"https:\/\/theplayoffs.news\/fr\/#\/schema\/person\/image\/\",\"url\":\"https:\/\/secure.gravatar.com\/avatar\/e7fa8ba5a4b7e4ce35fe152f083f352db28ad0acce692004ed88a7a7d78893f7?s=96&d=mm&r=g\",\"contentUrl\":\"https:\/\/secure.gravatar.com\/avatar\/e7fa8ba5a4b7e4ce35fe152f083f352db28ad0acce692004ed88a7a7d78893f7?s=96&d=mm&r=g\",\"caption\":\"Flavien Jumeau\"},\"description\":\"Amoureux du sport (et de vraiment tous les sports) depuis mon plus jeune \u00e2ge, j\u2019ai longtemps h\u00e9site entre le snooker et le curling. Finalement c\u2019est le foot US que j\u2019ai d\u00e9cid\u00e9 de choisir! Responsable foot US sur TPO et animateur du podcast Tailgate j\u2019ai pour mission de vous faire d\u00e9couvrir ce sport passionnant si ce n\u2019est pas encore fait et de vous donner les derni\u00e8res actus. Le tout dans la bonne humeur et avec toujours un jeu de mots ou deux savamment distill\u00e9s! Fan des Saints, pour moi Drew Brees est le vrai GOAT!\",\"url\":\"https:\/\/theplayoffs.news\/fr\/author\/flavien-jumeaugmail-com\/\"}]}<\/script>\n<!-- \/ Yoast SEO plugin. -->","yoast_head_json":{"title":"Deux nouvelles recrues d&eacute;fensives pour les Mousquetaires de Paris - The Playoffs FR","robots":{"index":"index","follow":"follow","max-snippet":"max-snippet:-1","max-image-preview":"max-image-preview:large","max-video-preview":"max-video-preview:-1"},"canonical":"https:\/\/theplayoffs.news\/fr\/elf\/deux-recrues-mousquetaires-de-paris\/","og_locale":"fr_FR","og_type":"article","og_title":"Deux nouvelles recrues d&eacute;fensives pour les Mousquetaires de Paris - The Playoffs FR","og_url":"https:\/\/theplayoffs.news\/fr\/elf\/deux-recrues-mousquetaires-de-paris\/","og_site_name":"The Playoffs FR","article_publisher":"https:\/\/www.facebook.com\/TheFreeAgentFR\/","article_modified_time":"2023-06-28T17:31:56+00:00","og_image":[{"width":739,"height":834,"url":"https:\/\/theplayoffs.news\/fr\/wp-content\/uploads\/2023\/06\/Edris-Jean-Alphonse.jpg","type":"image\/jpeg"}],"author":"Flavien Jumeau","twitter_card":"summary_large_image","twitter_creator":"@TheFreeAgentFR","twitter_site":"@TheFreeAgentFR","twitter_misc":{"\u00c9crit par":"Flavien Jumeau","Dur\u00e9e de lecture estim\u00e9e":"2 minutes"},"schema":{"@context":"https:\/\/schema.org","@graph":[{"@type":"WebPage","@id":"https:\/\/theplayoffs.news\/fr\/elf\/deux-recrues-mousquetaires-de-paris\/","url":"https:\/\/theplayoffs.news\/fr\/elf\/deux-recrues-mousquetaires-de-paris\/","name":"Deux nouvelles recrues d\u00e9fensives pour les Mousquetaires de Paris - The Playoffs FR","isPartOf":{"@id":"https:\/\/theplayoffs.news\/fr\/#website"},"primaryImageOfPage":{"@id":"https:\/\/theplayoffs.news\/fr\/elf\/deux-recrues-mousquetaires-de-paris\/#primaryimage"},"image":{"@id":"https:\/\/theplayoffs.news\/fr\/elf\/deux-recrues-mousquetaires-de-paris\/#primaryimage"},"thumbnailUrl":"https:\/\/theplayoffs.news\/fr\/wp-content\/uploads\/2023\/06\/Edris-Jean-Alphonse.jpg","datePublished":"2023-06-28T17:31:54+00:00","dateModified":"2023-06-28T17:31:56+00:00","author":{"@id":"https:\/\/theplayoffs.news\/fr\/#\/schema\/person\/def63bc6746dc5957469b75feb99e66d"},"breadcrumb":{"@id":"https:\/\/theplayoffs.news\/fr\/elf\/deux-recrues-mousquetaires-de-paris\/#breadcrumb"},"inLanguage":"fr-FR","potentialAction":[{"@type":"ReadAction","target":["https:\/\/theplayoffs.news\/fr\/elf\/deux-recrues-mousquetaires-de-paris\/"]}]},{"@type":"ImageObject","inLanguage":"fr-FR","@id":"https:\/\/theplayoffs.news\/fr\/elf\/deux-recrues-mousquetaires-de-paris\/#primaryimage","url":"https:\/\/theplayoffs.news\/fr\/wp-content\/uploads\/2023\/06\/Edris-Jean-Alphonse.jpg","contentUrl":"https:\/\/theplayoffs.news\/fr\/wp-content\/uploads\/2023\/06\/Edris-Jean-Alphonse.jpg","width":739,"height":834,"caption":"Mousquetaires de Paris Edris Jean-Alphonse"},{"@type":"BreadcrumbList","@id":"https:\/\/theplayoffs.news\/fr\/elf\/deux-recrues-mousquetaires-de-paris\/#breadcrumb","itemListElement":[{"@type":"ListItem","position":1,"name":"Accueil","item":"https:\/\/theplayoffs.news\/fr\/"},{"@type":"ListItem","position":2,"name":"Deux nouvelles recrues d\u00e9fensives pour les Mousquetaires de Paris"}]},{"@type":"WebSite","@id":"https:\/\/theplayoffs.news\/fr\/#website","url":"https:\/\/theplayoffs.news\/fr\/","name":"The Playoffs FR","description":"NBA-NFL-NHL-MLB","potentialAction":[{"@type":"SearchAction","target":{"@type":"EntryPoint","urlTemplate":"https:\/\/theplayoffs.news\/fr\/?s={search_term_string}"},"query-input":{"@type":"PropertyValueSpecification","valueRequired":true,"valueName":"search_term_string"}}],"inLanguage":"fr-FR"},{"@type":"Person","@id":"https:\/\/theplayoffs.news\/fr\/#\/schema\/person\/def63bc6746dc5957469b75feb99e66d","name":"Flavien Jumeau","image":{"@type":"ImageObject","inLanguage":"fr-FR","@id":"https:\/\/theplayoffs.news\/fr\/#\/schema\/person\/image\/","url":"https:\/\/secure.gravatar.com\/avatar\/e7fa8ba5a4b7e4ce35fe152f083f352db28ad0acce692004ed88a7a7d78893f7?s=96&d=mm&r=g","contentUrl":"https:\/\/secure.gravatar.com\/avatar\/e7fa8ba5a4b7e4ce35fe152f083f352db28ad0acce692004ed88a7a7d78893f7?s=96&d=mm&r=g","caption":"Flavien Jumeau"},"description":"Amoureux du sport (et de vraiment tous les sports) depuis mon plus jeune \u00e2ge, j\u2019ai longtemps h\u00e9site entre le snooker et le curling. Finalement c\u2019est le foot US que j\u2019ai d\u00e9cid\u00e9 de choisir! Responsable foot US sur TPO et animateur du podcast Tailgate j\u2019ai pour mission de vous faire d\u00e9couvrir ce sport passionnant si ce n\u2019est pas encore fait et de vous donner les derni\u00e8res actus. Le tout dans la bonne humeur et avec toujours un jeu de mots ou deux savamment distill\u00e9s! Fan des Saints, pour moi Drew Brees est le vrai GOAT!","url":"https:\/\/theplayoffs.news\/fr\/author\/flavien-jumeaugmail-com\/"}]}},"_links":{"self":[{"href":"https:\/\/theplayoffs.news\/fr\/wp-json\/wp\/v2\/posts\/664640","targetHints":{"allow":["GET"]}}],"collection":[{"href":"https:\/\/theplayoffs.news\/fr\/wp-json\/wp\/v2\/posts"}],"about":[{"href":"https:\/\/theplayoffs.news\/fr\/wp-json\/wp\/v2\/types\/post"}],"author":[{"embeddable":true,"href":"https:\/\/theplayoffs.news\/fr\/wp-json\/wp\/v2\/users\/180309964"}],"replies":[{"embeddable":true,"href":"https:\/\/theplayoffs.news\/fr\/wp-json\/wp\/v2\/comments?post=664640"}],"version-history":[{"count":2,"href":"https:\/\/theplayoffs.news\/fr\/wp-json\/wp\/v2\/posts\/664640\/revisions"}],"predecessor-version":[{"id":664647,"href":"https:\/\/theplayoffs.news\/fr\/wp-json\/wp\/v2\/posts\/664640\/revisions\/664647"}],"wp:featuredmedia":[{"embeddable":true,"href":"https:\/\/theplayoffs.news\/fr\/wp-json\/wp\/v2\/media\/664645"}],"wp:attachment":[{"href":"https:\/\/theplayoffs.news\/fr\/wp-json\/wp\/v2\/media?parent=664640"}],"wp:term":[{"taxonomy":"category","embeddable":true,"href":"https:\/\/theplayoffs.news\/fr\/wp-json\/wp\/v2\/categories?post=664640"},{"taxonomy":"post_tag","embeddable":true,"href":"https:\/\/theplayoffs.news\/fr\/wp-json\/wp\/v2\/tags?post=664640"},{"taxonomy":"sport","embeddable":true,"href":"https:\/\/theplayoffs.news\/fr\/wp-json\/wp\/v2\/sport?post=664640"},{"taxonomy":"saison","embeddable":true,"href":"https:\/\/theplayoffs.news\/fr\/wp-json\/wp\/v2\/saison?post=664640"}],"curies":[{"name":"wp","href":"https:\/\/api.w.org\/{rel}","templated":true}]}}