{"id":661641,"date":"2023-06-27T11:26:32","date_gmt":"2023-06-27T09:26:32","guid":{"rendered":"https:\/\/theplayoffs.news\/fr\/?p=661641"},"modified":"2023-06-27T11:26:33","modified_gmt":"2023-06-27T09:26:33","slug":"bradley-beal-aurevoirs-washington","status":"publish","type":"post","link":"https:\/\/theplayoffs.news\/fr\/actualite-nba\/bradley-beal-aurevoirs-washington\/","title":{"rendered":"Bradley Beal a fait ses aurevoirs \u00e0 Washington"},"content":{"rendered":"<h2><b>&Eacute;chang&eacute; &agrave; Phoenix apr&egrave;s 11 ans &agrave; Washington, Bradley Beal a fait ses adieux aux fans des Wizards dans une lettre.<\/b><\/h2><p>&nbsp;<\/p><p><span style=\"font-weight: 400;\">La page est d&eacute;finitivement tourn&eacute;e. Apr&egrave;s onze ann&eacute;es pass&eacute;es &agrave; Washington, <a href=\"https:\/\/theplayoffs.news\/fr\/joueur\/bradley-beal-nba-13160\/\" class=\"trk-cta-link\" data-cta-trk='{\"ctaType\":\"Link\",\"ctaSubType\":\"main\"}'>Bradley Beal<\/a> a dis au revoir aux fans des Wizards. Ce lundi, il s&rsquo;est adress&eacute; une derni&egrave;re fois &agrave; la communaut&eacute; de Washington dans une lettre publi&eacute;e dans <\/span><a href=\"https:\/\/www.theplayerstribune.com\/posts\/bradley-beal-nba-basketball-washington-wizards\" class=\"trk-cta-link\" data-cta-trk='{\"ctaType\":\"Link\",\"ctaSubType\":\"main\"}'><span style=\"font-weight: 400;\">The Player&rsquo;s Tribune<\/span><\/a><span style=\"font-weight: 400;\">.<\/span><\/p><p>&nbsp;<\/p><p><span style=\"font-weight: 400;\">Draft&eacute; en 2012, Bradley Beal n&rsquo;avait jamais connu une autre franchise autre que les Wizards. Il aura form&eacute; un duo avec <a href=\"https:\/\/theplayoffs.news\/fr\/joueur\/john-wall-nba-8474\/\" class=\"trk-cta-link\" data-cta-trk='{\"ctaType\":\"Link\",\"ctaSubType\":\"main\"}'>John Wall<\/a> pendant ses premi&egrave;res ann&eacute;es, avant de devenir la t&ecirc;te d&rsquo;affiche de la franchise suite au d&eacute;part du meneur.<\/span><\/p><p>&nbsp;<\/p><blockquote><p><i><span style=\"font-weight: 400;\">&Ccedil;a n&rsquo;a pas &eacute;t&eacute; facile d&rsquo;&eacute;crire &ccedil;a. J&rsquo;ai pass&eacute; onze ann&eacute;es extraordinaires et c&rsquo;est irr&eacute;el de penser que mon s&eacute;jour ici est arriv&eacute; &agrave; son terme. On passe plus d&rsquo;une d&eacute;cennie quelque part, et cet endroit devient plus que l&rsquo;&eacute;quipe pour laquelle on joue. &Ccedil;a devient une partie de soi. Je n&rsquo;oublierai jamais le jour o&ugrave; les Wizards m&rsquo;ont draft&eacute;, car c&rsquo;&eacute;tait le jour de mon 19e anniversaire. Le 28 juin 2012 ! Je me souviens qu&rsquo;en grandissant, mes fr&egrave;res et moi, on se demandait qui serait le premier &agrave; acheter &agrave; notre m&egrave;re la maison de ses r&ecirc;ves. Et lorsque mon nom a &eacute;t&eacute; appel&eacute; en troisi&egrave;me position, on s&rsquo;est tous embrass&eacute;s, car on savait ce que &ccedil;a signifiait. Ma famille a sacrifi&eacute; beaucoup de ses r&ecirc;ves pour m&rsquo;aider &agrave; poursuivre les miens&hellip; et si je vous parle de mon aventure &agrave; Washington, c&rsquo;est parce que c&rsquo;est l&agrave; que tout commence. Les Wizards ont fait en sorte que ces r&ecirc;ves deviennent r&eacute;alit&eacute;. DC m&rsquo;a fait confiance en me choisissant &agrave; la 3e place. C&rsquo;est le genre de foi qu&rsquo;on ne peut qu&rsquo;essayer de rendre, et tout ce que je peux dire, c&rsquo;est que j&rsquo;ai fait de mon mieux. Que ce soit en tant que personne au sein de la communaut&eacute; ou en tant que joueur sur le terrain. Je pense que lorsque John Wall et moi sommes arriv&eacute;s ici, il n&rsquo;y avait pas forc&eacute;ment tout cet engouement pour le basket &agrave; Washington. L&rsquo;une des choses dont je suis le plus fier, c&rsquo;est que nous avons r&eacute;ussi &agrave; jouer &agrave; un niveau qui a contribu&eacute; &agrave; changer les choses. Entre notre succ&egrave;s et celui des Mystics, j&rsquo;ai l&rsquo;impression que nous avons apport&eacute; une toute nouvelle &eacute;nergie &agrave; la ville.<\/span><\/i><\/p><\/blockquote><p>&nbsp;<\/p><p><span style=\"font-weight: 400;\">Dans sa lettre, qu&rsquo;il a intitul&eacute; &laquo; Dear D.C. &raquo;, Bradley Beal a pris le temps de remercier toutes les personnes qui l&rsquo;ont accompagn&eacute;s durant son passage &agrave; Washington. Il a pris le soin de n&rsquo;oublier personne, puis a aussi remerci&eacute; les fans pour leur soutien.<\/span><\/p><p>&nbsp;<\/p><blockquote><p><i><span style=\"font-weight: 400;\">C&rsquo;est fou comme, le soir de la Draft, j&rsquo;embrassais mes parents et mes fr&egrave;res, en tant que gamin de 19 ans sur le point de d&eacute;m&eacute;nager &agrave; DC&hellip; et maintenant, je pars avec ma propre famille &agrave; presque 30 ans. J&rsquo;appr&eacute;cie &eacute;norm&eacute;ment la vie que nous avons pu construire ici, et la fa&ccedil;on dont tout le monde nous a trait&eacute;s en partant. J&rsquo;ai &eacute;t&eacute; tr&egrave;s fier d&rsquo;&ecirc;tre un franchise player et d&rsquo;avoir nou&eacute; cette relation avec la communaut&eacute;. Mais je sais aussi qu&rsquo;il s&rsquo;agit d&rsquo;un business. Et de ce point de vue, c&rsquo;&eacute;tait le bon moment pour les deux parties.<\/span><\/i><\/p><\/blockquote><p>&nbsp;<\/p><p><span style=\"font-weight: 400;\">Il a &eacute;crit un message pour ses futurs co&eacute;quipiers &agrave; Phoenix.<\/span><\/p><p>&nbsp;<\/p><blockquote><p><i><span style=\"font-weight: 400;\">&Agrave; tout le monde &agrave; Phoenix : je suis heureux de jouer pour vous tous et de faire partie des Suns. Il y a un truc que je r&eacute;alise &agrave; propos de cette &eacute;quipe, c&rsquo;est que l&rsquo;&eacute;poque o&ugrave; mes fils portaient des maillots BEAL #3 est probablement r&eacute;volue. Je suis presque s&ucirc;r qu&rsquo;ils vont demander le num&eacute;ro 1 ou le num&eacute;ro 35. Mais je suis pr&ecirc;t &agrave; assumer cet affront. Ce groupe a une chance d&rsquo;&ecirc;tre unique.<\/span><\/i><\/p><\/blockquote><p>&nbsp;<\/p><p><span style=\"font-weight: 400;\">En conclusion, Bradley Beal a souhait&eacute; le meilleur pour son ancienne ville.<\/span><\/p><p>&nbsp;<\/p><blockquote><p><i><span style=\"font-weight: 400;\">&Agrave; tout le monde &agrave; D.C. : c&rsquo;est doux-amer. Je n&rsquo;aime pas la fa&ccedil;on dont &laquo;&nbsp;au revoir&nbsp;&raquo; sonne, alors disons simplement &laquo;&nbsp;&agrave; plus tard&nbsp;&raquo;. (Nous avons encore 160 points &agrave; obtenir !! On ne sait jamais.) Paix, b&eacute;n&eacute;dictions et prosp&eacute;rit&eacute; &agrave; la ville et aux fans. J&rsquo;esp&egrave;re que vous me consid&eacute;rerez toujours comme l&rsquo;un des v&ocirc;tres.<\/span><\/i><i><span style=\"font-weight: 400;\">&nbsp;<\/span><\/i><\/p><\/blockquote><p>&nbsp;<\/p><p><span style=\"font-weight: 400;\">Onze ans apr&egrave;s ses d&eacute;buts, Bradley Beal va d&eacute;sormais faire partie des concurrents pour le titre NBA dans l&rsquo;Arizona.<\/span><\/p>\n","protected":false},"excerpt":{"rendered":"","protected":false},"author":180310182,"featured_media":661651,"comment_status":"open","ping_status":"closed","sticky":false,"template":"","format":"standard","meta":{"inline_featured_image":false,"kia_subtitle":"","_mux_skip_reasons":[],"proofreadBy":0,"footnotes":""},"categories":[110,10],"tags":[394,804,554],"sport":[],"saison":[],"class_list":["post-661641","post","type-post","status-publish","format-standard","has-post-thumbnail","hentry","category-actualite-nba","category-nba","tag-bradley-beal","tag-phoenix-suns","tag-washington-wizards"],"acf":[],"yoast_head":"<!-- This site is optimized with the Yoast SEO plugin v24.2 - https:\/\/yoast.com\/wordpress\/plugins\/seo\/ -->\n<title>Bradley Beal a fait ses aurevoirs &agrave; Washington - The Playoffs FR<\/title>\n<meta name=\"robots\" content=\"index, follow, max-snippet:-1, max-image-preview:large, max-video-preview:-1\" \/>\n<link rel=\"canonical\" href=\"https:\/\/theplayoffs.news\/fr\/actualite-nba\/bradley-beal-aurevoirs-washington\/\" \/>\n<meta property=\"og:locale\" content=\"fr_FR\" \/>\n<meta property=\"og:type\" content=\"article\" \/>\n<meta property=\"og:title\" content=\"Bradley Beal a fait ses aurevoirs &agrave; Washington - The Playoffs FR\" \/>\n<meta property=\"og:url\" content=\"https:\/\/theplayoffs.news\/fr\/actualite-nba\/bradley-beal-aurevoirs-washington\/\" \/>\n<meta property=\"og:site_name\" content=\"The Playoffs FR\" \/>\n<meta property=\"article:publisher\" content=\"https:\/\/www.facebook.com\/TheFreeAgentFR\/\" \/>\n<meta property=\"article:modified_time\" content=\"2023-06-27T11:26:33+02:00\" \/>\n<meta property=\"og:image\" content=\"https:\/\/theplayoffs.news\/fr\/wp-content\/uploads\/2023\/06\/Bradley-Beal-1.jpg\" \/>\n\t<meta property=\"og:image:width\" content=\"1810\" \/>\n\t<meta property=\"og:image:height\" content=\"1022\" \/>\n\t<meta property=\"og:image:type\" content=\"image\/jpeg\" \/>\n<meta name=\"author\" content=\"Enzo Brule\" \/>\n<meta name=\"twitter:card\" content=\"summary_large_image\" \/>\n<meta name=\"twitter:creator\" content=\"@TheFreeAgentFR\" \/>\n<meta name=\"twitter:site\" content=\"@TheFreeAgentFR\" \/>\n<meta name=\"twitter:label1\" content=\"\u00c9crit par\" \/>\n\t<meta name=\"twitter:data1\" content=\"Enzo Brule\" \/>\n\t<meta name=\"twitter:label2\" content=\"Dur\u00e9e de lecture estim\u00e9e\" \/>\n\t<meta name=\"twitter:data2\" content=\"4 minutes\" \/>\n<script type=\"application\/ld+json\" class=\"yoast-schema-graph\">{\"@context\":\"https:\/\/schema.org\",\"@graph\":[{\"@type\":\"WebPage\",\"@id\":\"https:\/\/theplayoffs.news\/fr\/actualite-nba\/bradley-beal-aurevoirs-washington\/\",\"url\":\"https:\/\/theplayoffs.news\/fr\/actualite-nba\/bradley-beal-aurevoirs-washington\/\",\"name\":\"Bradley Beal a fait ses aurevoirs \u00e0 Washington - The Playoffs FR\",\"isPartOf\":{\"@id\":\"https:\/\/theplayoffs.news\/fr\/#website\"},\"primaryImageOfPage\":{\"@id\":\"https:\/\/theplayoffs.news\/fr\/actualite-nba\/bradley-beal-aurevoirs-washington\/#primaryimage\"},\"image\":{\"@id\":\"https:\/\/theplayoffs.news\/fr\/actualite-nba\/bradley-beal-aurevoirs-washington\/#primaryimage\"},\"thumbnailUrl\":\"https:\/\/theplayoffs.news\/fr\/wp-content\/uploads\/2023\/06\/Bradley-Beal-1.jpg\",\"datePublished\":\"2023-06-27T09:26:32+00:00\",\"dateModified\":\"2023-06-27T09:26:33+00:00\",\"author\":{\"@id\":\"https:\/\/theplayoffs.news\/fr\/#\/schema\/person\/4d1ed116f5f759b78f5f83e2dc3a71b2\"},\"breadcrumb\":{\"@id\":\"https:\/\/theplayoffs.news\/fr\/actualite-nba\/bradley-beal-aurevoirs-washington\/#breadcrumb\"},\"inLanguage\":\"fr-FR\",\"potentialAction\":[{\"@type\":\"ReadAction\",\"target\":[\"https:\/\/theplayoffs.news\/fr\/actualite-nba\/bradley-beal-aurevoirs-washington\/\"]}]},{\"@type\":\"ImageObject\",\"inLanguage\":\"fr-FR\",\"@id\":\"https:\/\/theplayoffs.news\/fr\/actualite-nba\/bradley-beal-aurevoirs-washington\/#primaryimage\",\"url\":\"https:\/\/theplayoffs.news\/fr\/wp-content\/uploads\/2023\/06\/Bradley-Beal-1.jpg\",\"contentUrl\":\"https:\/\/theplayoffs.news\/fr\/wp-content\/uploads\/2023\/06\/Bradley-Beal-1.jpg\",\"width\":1810,\"height\":1022,\"caption\":\"Bradley Beal\"},{\"@type\":\"BreadcrumbList\",\"@id\":\"https:\/\/theplayoffs.news\/fr\/actualite-nba\/bradley-beal-aurevoirs-washington\/#breadcrumb\",\"itemListElement\":[{\"@type\":\"ListItem\",\"position\":1,\"name\":\"Accueil\",\"item\":\"https:\/\/theplayoffs.news\/fr\/\"},{\"@type\":\"ListItem\",\"position\":2,\"name\":\"Bradley Beal a fait ses aurevoirs \u00e0 Washington\"}]},{\"@type\":\"WebSite\",\"@id\":\"https:\/\/theplayoffs.news\/fr\/#website\",\"url\":\"https:\/\/theplayoffs.news\/fr\/\",\"name\":\"The Playoffs FR\",\"description\":\"NBA-NFL-NHL-MLB\",\"potentialAction\":[{\"@type\":\"SearchAction\",\"target\":{\"@type\":\"EntryPoint\",\"urlTemplate\":\"https:\/\/theplayoffs.news\/fr\/?s={search_term_string}\"},\"query-input\":{\"@type\":\"PropertyValueSpecification\",\"valueRequired\":true,\"valueName\":\"search_term_string\"}}],\"inLanguage\":\"fr-FR\"},{\"@type\":\"Person\",\"@id\":\"https:\/\/theplayoffs.news\/fr\/#\/schema\/person\/4d1ed116f5f759b78f5f83e2dc3a71b2\",\"name\":\"Enzo Brule\",\"image\":{\"@type\":\"ImageObject\",\"inLanguage\":\"fr-FR\",\"@id\":\"https:\/\/theplayoffs.news\/fr\/#\/schema\/person\/image\/\",\"url\":\"https:\/\/secure.gravatar.com\/avatar\/80c21924e4d202bc7f0263091f76fe744a25fe3b7ba34db706abb65ea32dc7cd?s=96&d=mm&r=g\",\"contentUrl\":\"https:\/\/secure.gravatar.com\/avatar\/80c21924e4d202bc7f0263091f76fe744a25fe3b7ba34db706abb65ea32dc7cd?s=96&d=mm&r=g\",\"caption\":\"Enzo Brule\"},\"url\":\"https:\/\/theplayoffs.news\/fr\/author\/nzo-brulegmail-com\/\"}]}<\/script>\n<!-- \/ Yoast SEO plugin. -->","yoast_head_json":{"title":"Bradley Beal a fait ses aurevoirs &agrave; Washington - The Playoffs FR","robots":{"index":"index","follow":"follow","max-snippet":"max-snippet:-1","max-image-preview":"max-image-preview:large","max-video-preview":"max-video-preview:-1"},"canonical":"https:\/\/theplayoffs.news\/fr\/actualite-nba\/bradley-beal-aurevoirs-washington\/","og_locale":"fr_FR","og_type":"article","og_title":"Bradley Beal a fait ses aurevoirs &agrave; Washington - The Playoffs FR","og_url":"https:\/\/theplayoffs.news\/fr\/actualite-nba\/bradley-beal-aurevoirs-washington\/","og_site_name":"The Playoffs FR","article_publisher":"https:\/\/www.facebook.com\/TheFreeAgentFR\/","article_modified_time":"2023-06-27T09:26:33+00:00","og_image":[{"width":1810,"height":1022,"url":"https:\/\/theplayoffs.news\/fr\/wp-content\/uploads\/2023\/06\/Bradley-Beal-1.jpg","type":"image\/jpeg"}],"author":"Enzo Brule","twitter_card":"summary_large_image","twitter_creator":"@TheFreeAgentFR","twitter_site":"@TheFreeAgentFR","twitter_misc":{"\u00c9crit par":"Enzo Brule","Dur\u00e9e de lecture estim\u00e9e":"4 minutes"},"schema":{"@context":"https:\/\/schema.org","@graph":[{"@type":"WebPage","@id":"https:\/\/theplayoffs.news\/fr\/actualite-nba\/bradley-beal-aurevoirs-washington\/","url":"https:\/\/theplayoffs.news\/fr\/actualite-nba\/bradley-beal-aurevoirs-washington\/","name":"Bradley Beal a fait ses aurevoirs \u00e0 Washington - The Playoffs FR","isPartOf":{"@id":"https:\/\/theplayoffs.news\/fr\/#website"},"primaryImageOfPage":{"@id":"https:\/\/theplayoffs.news\/fr\/actualite-nba\/bradley-beal-aurevoirs-washington\/#primaryimage"},"image":{"@id":"https:\/\/theplayoffs.news\/fr\/actualite-nba\/bradley-beal-aurevoirs-washington\/#primaryimage"},"thumbnailUrl":"https:\/\/theplayoffs.news\/fr\/wp-content\/uploads\/2023\/06\/Bradley-Beal-1.jpg","datePublished":"2023-06-27T09:26:32+00:00","dateModified":"2023-06-27T09:26:33+00:00","author":{"@id":"https:\/\/theplayoffs.news\/fr\/#\/schema\/person\/4d1ed116f5f759b78f5f83e2dc3a71b2"},"breadcrumb":{"@id":"https:\/\/theplayoffs.news\/fr\/actualite-nba\/bradley-beal-aurevoirs-washington\/#breadcrumb"},"inLanguage":"fr-FR","potentialAction":[{"@type":"ReadAction","target":["https:\/\/theplayoffs.news\/fr\/actualite-nba\/bradley-beal-aurevoirs-washington\/"]}]},{"@type":"ImageObject","inLanguage":"fr-FR","@id":"https:\/\/theplayoffs.news\/fr\/actualite-nba\/bradley-beal-aurevoirs-washington\/#primaryimage","url":"https:\/\/theplayoffs.news\/fr\/wp-content\/uploads\/2023\/06\/Bradley-Beal-1.jpg","contentUrl":"https:\/\/theplayoffs.news\/fr\/wp-content\/uploads\/2023\/06\/Bradley-Beal-1.jpg","width":1810,"height":1022,"caption":"Bradley Beal"},{"@type":"BreadcrumbList","@id":"https:\/\/theplayoffs.news\/fr\/actualite-nba\/bradley-beal-aurevoirs-washington\/#breadcrumb","itemListElement":[{"@type":"ListItem","position":1,"name":"Accueil","item":"https:\/\/theplayoffs.news\/fr\/"},{"@type":"ListItem","position":2,"name":"Bradley Beal a fait ses aurevoirs \u00e0 Washington"}]},{"@type":"WebSite","@id":"https:\/\/theplayoffs.news\/fr\/#website","url":"https:\/\/theplayoffs.news\/fr\/","name":"The Playoffs FR","description":"NBA-NFL-NHL-MLB","potentialAction":[{"@type":"SearchAction","target":{"@type":"EntryPoint","urlTemplate":"https:\/\/theplayoffs.news\/fr\/?s={search_term_string}"},"query-input":{"@type":"PropertyValueSpecification","valueRequired":true,"valueName":"search_term_string"}}],"inLanguage":"fr-FR"},{"@type":"Person","@id":"https:\/\/theplayoffs.news\/fr\/#\/schema\/person\/4d1ed116f5f759b78f5f83e2dc3a71b2","name":"Enzo Brule","image":{"@type":"ImageObject","inLanguage":"fr-FR","@id":"https:\/\/theplayoffs.news\/fr\/#\/schema\/person\/image\/","url":"https:\/\/secure.gravatar.com\/avatar\/80c21924e4d202bc7f0263091f76fe744a25fe3b7ba34db706abb65ea32dc7cd?s=96&d=mm&r=g","contentUrl":"https:\/\/secure.gravatar.com\/avatar\/80c21924e4d202bc7f0263091f76fe744a25fe3b7ba34db706abb65ea32dc7cd?s=96&d=mm&r=g","caption":"Enzo Brule"},"url":"https:\/\/theplayoffs.news\/fr\/author\/nzo-brulegmail-com\/"}]}},"_links":{"self":[{"href":"https:\/\/theplayoffs.news\/fr\/wp-json\/wp\/v2\/posts\/661641","targetHints":{"allow":["GET"]}}],"collection":[{"href":"https:\/\/theplayoffs.news\/fr\/wp-json\/wp\/v2\/posts"}],"about":[{"href":"https:\/\/theplayoffs.news\/fr\/wp-json\/wp\/v2\/types\/post"}],"author":[{"embeddable":true,"href":"https:\/\/theplayoffs.news\/fr\/wp-json\/wp\/v2\/users\/180310182"}],"replies":[{"embeddable":true,"href":"https:\/\/theplayoffs.news\/fr\/wp-json\/wp\/v2\/comments?post=661641"}],"version-history":[{"count":2,"href":"https:\/\/theplayoffs.news\/fr\/wp-json\/wp\/v2\/posts\/661641\/revisions"}],"predecessor-version":[{"id":661666,"href":"https:\/\/theplayoffs.news\/fr\/wp-json\/wp\/v2\/posts\/661641\/revisions\/661666"}],"wp:featuredmedia":[{"embeddable":true,"href":"https:\/\/theplayoffs.news\/fr\/wp-json\/wp\/v2\/media\/661651"}],"wp:attachment":[{"href":"https:\/\/theplayoffs.news\/fr\/wp-json\/wp\/v2\/media?parent=661641"}],"wp:term":[{"taxonomy":"category","embeddable":true,"href":"https:\/\/theplayoffs.news\/fr\/wp-json\/wp\/v2\/categories?post=661641"},{"taxonomy":"post_tag","embeddable":true,"href":"https:\/\/theplayoffs.news\/fr\/wp-json\/wp\/v2\/tags?post=661641"},{"taxonomy":"sport","embeddable":true,"href":"https:\/\/theplayoffs.news\/fr\/wp-json\/wp\/v2\/sport?post=661641"},{"taxonomy":"saison","embeddable":true,"href":"https:\/\/theplayoffs.news\/fr\/wp-json\/wp\/v2\/saison?post=661641"}],"curies":[{"name":"wp","href":"https:\/\/api.w.org\/{rel}","templated":true}]}}