{"id":657045,"date":"2023-06-25T11:28:50","date_gmt":"2023-06-25T09:28:50","guid":{"rendered":"https:\/\/theplayoffs.news\/fr\/?p=657045"},"modified":"2023-06-25T11:32:04","modified_gmt":"2023-06-25T09:32:04","slug":"ryan-johansen-echange-avalanche-du-colorado","status":"publish","type":"post","link":"https:\/\/theplayoffs.news\/fr\/actualite-nhl\/ryan-johansen-echange-avalanche-du-colorado\/","title":{"rendered":"Ryan Johansen \u00e9chang\u00e9 \u00e0 l&rsquo;Avalanche du Colorado"},"content":{"rendered":"<h2>Les Predators de Nashville ont &eacute;chang&eacute; le joueur de centre Ryan Johansen &agrave; l&rsquo;Avalanche du Colorado, en &eacute;change des droits de l&rsquo;attaquant Alex Galchenyuk.<\/h2><p>Cet &eacute;change marque une transition majeure pour ces deux &eacute;quipes, en particulier pour les Predators qui prendront en charge 50% du salaire de Johansen pour les deux prochaines ann&eacute;es.<\/p><p><a href=\"https:\/\/theplayoffs.news\/fr\/joueur\/ryan-johansen-nhl-10868\/\" class=\"trk-cta-link\" data-cta-trk='{\"ctaType\":\"Link\",\"ctaSubType\":\"main\"}'><strong>Ryan Johansen<\/strong><\/a>, qui devait toucher 8 millions de dollars au cours des deux prochaines saisons, n&rsquo;impactera l&rsquo;Avalanche qu&rsquo;&agrave; hauteur de 4 millions de dollars par an sur le plafond salarial.<\/p><p>&Agrave; 30 ans, Johansen se pr&eacute;pare &agrave; entamer la septi&egrave;me saison d&rsquo;un contrat de huit ans et 64 millions de dollars qu&rsquo;il avait sign&eacute; avec les Preds en 2017.<\/p><p>Barry Trotz, le directeur g&eacute;n&eacute;ral des Predators, a remerci&eacute; Ryan Johansen pour ses ann&eacute;es de service, soulignant son impact significatif sur l&rsquo;&eacute;quipe et la communaut&eacute;. Johansen, qui a marqu&eacute; 12 buts et r&eacute;alis&eacute; 28 points en 55 matchs la saison derni&egrave;re, va maintenant rejoindre sa troisi&egrave;me &eacute;quipe dans le circuit Bettman.<\/p><p>Du c&ocirc;t&eacute; de l&rsquo;Avalanche, le directeur g&eacute;n&eacute;ral <a href=\"https:\/\/www.rds.ca\/hockey\/lnh\/lnh-les-predators-echangent-ryan-johansen-a-l-avalanche-du-colorado-1.17248595\" class=\"trk-cta-link\" data-cta-trk='{\"ctaType\":\"Link\",\"ctaSubType\":\"main\"}'>Chris MacFerland a exprim&eacute; son enthousiasme<\/a> pour l&rsquo;arriv&eacute;e de Johansen.<\/p><blockquote><p>&laquo;&nbsp;Ryan est un v&eacute;t&eacute;ran talentueux qui va aider notre top-6,&nbsp;&raquo; a expliqu&eacute; MacFerland. &laquo;&nbsp;Il nous fournit de la grosseur physique au centre et il am&egrave;nera du leadership et de l&rsquo;exp&eacute;rience &agrave; notre &eacute;quipe. Nous sommes f&eacute;briles de l&rsquo;ajouter &agrave; notre &eacute;quipe.&nbsp;&raquo;<\/p><\/blockquote><p>Depuis son entr&eacute;e dans la LNH en 2010, Johansen a r&eacute;colt&eacute; 189 buts et 555 points au cours de sa carri&egrave;re de 842 matchs. Il a rejoint les Predators en 2016, en &eacute;change de Seth Jones, et a jou&eacute; un r&ocirc;le crucial dans le succ&egrave;s de l&rsquo;&eacute;quipe, y compris une apparition en finale de la Coupe Stanley en 2017.<\/p><p>En ce qui concerne Alex Galchenyuk, l&rsquo;ancien des Canadiens deviendra joueur autonome sans compensation le 1er juillet prochain. Apr&egrave;s une saison difficile dans la Ligue am&eacute;ricaine avec les Eagles du Colorado, o&ugrave; il a cumul&eacute; 16 buts et 42 points en 42 matchs, Galchenyuk a la possibilit&eacute; de rebondir avec une nouvelle &eacute;quipe, si les Predators ne parviennent pas &agrave; s&rsquo;entendre avec lui.<\/p>\n","protected":false},"excerpt":{"rendered":"","protected":false},"author":13,"featured_media":657094,"comment_status":"open","ping_status":"closed","sticky":false,"template":"","format":"standard","meta":{"inline_featured_image":false,"kia_subtitle":"","_mux_skip_reasons":[],"proofreadBy":0,"footnotes":""},"categories":[187,26],"tags":[91,363,6113],"sport":[],"saison":[],"class_list":["post-657045","post","type-post","status-publish","format-standard","has-post-thumbnail","hentry","category-actualite-nhl","category-nhl","tag-colorado-avalanche","tag-nashville-predators","tag-ryan-johansen"],"acf":[],"yoast_head":"<!-- This site is optimized with the Yoast SEO plugin v24.2 - https:\/\/yoast.com\/wordpress\/plugins\/seo\/ -->\n<title>Ryan Johansen &eacute;chang&eacute; &agrave; l&#039;Avalanche du Colorado - The Playoffs FR<\/title>\n<meta name=\"robots\" content=\"index, follow, max-snippet:-1, max-image-preview:large, max-video-preview:-1\" \/>\n<link rel=\"canonical\" href=\"https:\/\/theplayoffs.news\/fr\/actualite-nhl\/ryan-johansen-echange-avalanche-du-colorado\/\" \/>\n<meta property=\"og:locale\" content=\"fr_FR\" \/>\n<meta property=\"og:type\" content=\"article\" \/>\n<meta property=\"og:title\" content=\"Ryan Johansen &eacute;chang&eacute; &agrave; l&#039;Avalanche du Colorado - The Playoffs FR\" \/>\n<meta property=\"og:url\" content=\"https:\/\/theplayoffs.news\/fr\/actualite-nhl\/ryan-johansen-echange-avalanche-du-colorado\/\" \/>\n<meta property=\"og:site_name\" content=\"The Playoffs FR\" \/>\n<meta property=\"article:publisher\" content=\"https:\/\/www.facebook.com\/TheFreeAgentFR\/\" \/>\n<meta property=\"article:modified_time\" content=\"2023-06-25T11:32:04+02:00\" \/>\n<meta property=\"og:image\" content=\"https:\/\/theplayoffs.news\/fr\/wp-content\/uploads\/2023\/06\/Capture-decran-2023-06-25-a-10.07.53.jpg\" \/>\n\t<meta property=\"og:image:width\" content=\"1920\" \/>\n\t<meta property=\"og:image:height\" content=\"1075\" \/>\n\t<meta property=\"og:image:type\" content=\"image\/jpeg\" \/>\n<meta name=\"author\" content=\"Charles Taudin\" \/>\n<meta name=\"twitter:card\" content=\"summary_large_image\" \/>\n<meta name=\"twitter:creator\" content=\"@TheFreeAgentFR\" \/>\n<meta name=\"twitter:site\" content=\"@TheFreeAgentFR\" \/>\n<meta name=\"twitter:label1\" content=\"\u00c9crit par\" \/>\n\t<meta name=\"twitter:data1\" content=\"Charles Taudin\" \/>\n\t<meta name=\"twitter:label2\" content=\"Dur\u00e9e de lecture estim\u00e9e\" \/>\n\t<meta name=\"twitter:data2\" content=\"2 minutes\" \/>\n<script type=\"application\/ld+json\" class=\"yoast-schema-graph\">{\"@context\":\"https:\/\/schema.org\",\"@graph\":[{\"@type\":\"WebPage\",\"@id\":\"https:\/\/theplayoffs.news\/fr\/actualite-nhl\/ryan-johansen-echange-avalanche-du-colorado\/\",\"url\":\"https:\/\/theplayoffs.news\/fr\/actualite-nhl\/ryan-johansen-echange-avalanche-du-colorado\/\",\"name\":\"Ryan Johansen \u00e9chang\u00e9 \u00e0 l\\\\'Avalanche du Colorado - The Playoffs FR\",\"isPartOf\":{\"@id\":\"https:\/\/theplayoffs.news\/fr\/#website\"},\"primaryImageOfPage\":{\"@id\":\"https:\/\/theplayoffs.news\/fr\/actualite-nhl\/ryan-johansen-echange-avalanche-du-colorado\/#primaryimage\"},\"image\":{\"@id\":\"https:\/\/theplayoffs.news\/fr\/actualite-nhl\/ryan-johansen-echange-avalanche-du-colorado\/#primaryimage\"},\"thumbnailUrl\":\"https:\/\/theplayoffs.news\/fr\/wp-content\/uploads\/2023\/06\/Capture-decran-2023-06-25-a-10.07.53.jpg\",\"datePublished\":\"2023-06-25T09:28:50+00:00\",\"dateModified\":\"2023-06-25T09:32:04+00:00\",\"author\":{\"@id\":\"https:\/\/theplayoffs.news\/fr\/#\/schema\/person\/eee5b69ad5d3c51cabe881c839dbe133\"},\"breadcrumb\":{\"@id\":\"https:\/\/theplayoffs.news\/fr\/actualite-nhl\/ryan-johansen-echange-avalanche-du-colorado\/#breadcrumb\"},\"inLanguage\":\"fr-FR\",\"potentialAction\":[{\"@type\":\"ReadAction\",\"target\":[\"https:\/\/theplayoffs.news\/fr\/actualite-nhl\/ryan-johansen-echange-avalanche-du-colorado\/\"]}]},{\"@type\":\"ImageObject\",\"inLanguage\":\"fr-FR\",\"@id\":\"https:\/\/theplayoffs.news\/fr\/actualite-nhl\/ryan-johansen-echange-avalanche-du-colorado\/#primaryimage\",\"url\":\"https:\/\/theplayoffs.news\/fr\/wp-content\/uploads\/2023\/06\/Capture-decran-2023-06-25-a-10.07.53.jpg\",\"contentUrl\":\"https:\/\/theplayoffs.news\/fr\/wp-content\/uploads\/2023\/06\/Capture-decran-2023-06-25-a-10.07.53.jpg\",\"width\":1920,\"height\":1075,\"caption\":\"ryan Johansen\"},{\"@type\":\"BreadcrumbList\",\"@id\":\"https:\/\/theplayoffs.news\/fr\/actualite-nhl\/ryan-johansen-echange-avalanche-du-colorado\/#breadcrumb\",\"itemListElement\":[{\"@type\":\"ListItem\",\"position\":1,\"name\":\"Accueil\",\"item\":\"https:\/\/theplayoffs.news\/fr\/\"},{\"@type\":\"ListItem\",\"position\":2,\"name\":\"Ryan Johansen \u00e9chang\u00e9 \u00e0 l&rsquo;Avalanche du Colorado\"}]},{\"@type\":\"WebSite\",\"@id\":\"https:\/\/theplayoffs.news\/fr\/#website\",\"url\":\"https:\/\/theplayoffs.news\/fr\/\",\"name\":\"The Playoffs FR\",\"description\":\"NBA-NFL-NHL-MLB\",\"potentialAction\":[{\"@type\":\"SearchAction\",\"target\":{\"@type\":\"EntryPoint\",\"urlTemplate\":\"https:\/\/theplayoffs.news\/fr\/?s={search_term_string}\"},\"query-input\":{\"@type\":\"PropertyValueSpecification\",\"valueRequired\":true,\"valueName\":\"search_term_string\"}}],\"inLanguage\":\"fr-FR\"},{\"@type\":\"Person\",\"@id\":\"https:\/\/theplayoffs.news\/fr\/#\/schema\/person\/eee5b69ad5d3c51cabe881c839dbe133\",\"name\":\"Charles Taudin\",\"image\":{\"@type\":\"ImageObject\",\"inLanguage\":\"fr-FR\",\"@id\":\"https:\/\/theplayoffs.news\/fr\/#\/schema\/person\/image\/\",\"url\":\"https:\/\/secure.gravatar.com\/avatar\/59a1e772205ce9fd255edfcafc93013736822e20261f294c5753b20c41ede9f2?s=96&d=mm&r=g\",\"contentUrl\":\"https:\/\/secure.gravatar.com\/avatar\/59a1e772205ce9fd255edfcafc93013736822e20261f294c5753b20c41ede9f2?s=96&d=mm&r=g\",\"caption\":\"Charles Taudin\"},\"description\":\"R\u00e9dacteur en chef global de The Playoffs, j\u2019ai cr\u00e9\u00e9 The Free Agent, devenu The Playoffs FR, en 2020 durant la pand\u00e9mie. Amoureux depuis des ann\u00e9es des 4 sports majeurs am\u00e9ricains, j\u2019organise maintenant la strat\u00e9gie \u00e9ditoriale et les r\u00e9seaux sociaux de l\u2019ensemble des versions de The Playoffs. Il m\u2019arrive encore d\u2019\u00e9crire sur certains sports que j\u2019affectionne particuli\u00e8rement comme la NFL ou la MLB. Si vous devez retenir qu\u2019une chose : Eli Manning est le vrai GOAT pour avoir battu deux fois Tom Brady.\",\"sameAs\":[\"https:\/\/www.instagram.com\/ctaudin_\/\"],\"url\":\"https:\/\/theplayoffs.news\/fr\/author\/charles-taudin\/\"}]}<\/script>\n<!-- \/ Yoast SEO plugin. -->","yoast_head_json":{"title":"Ryan Johansen &eacute;chang&eacute; &agrave; l&#039;Avalanche du Colorado - The Playoffs FR","robots":{"index":"index","follow":"follow","max-snippet":"max-snippet:-1","max-image-preview":"max-image-preview:large","max-video-preview":"max-video-preview:-1"},"canonical":"https:\/\/theplayoffs.news\/fr\/actualite-nhl\/ryan-johansen-echange-avalanche-du-colorado\/","og_locale":"fr_FR","og_type":"article","og_title":"Ryan Johansen &eacute;chang&eacute; &agrave; l&#039;Avalanche du Colorado - The Playoffs FR","og_url":"https:\/\/theplayoffs.news\/fr\/actualite-nhl\/ryan-johansen-echange-avalanche-du-colorado\/","og_site_name":"The Playoffs FR","article_publisher":"https:\/\/www.facebook.com\/TheFreeAgentFR\/","article_modified_time":"2023-06-25T09:32:04+00:00","og_image":[{"width":1920,"height":1075,"url":"https:\/\/theplayoffs.news\/fr\/wp-content\/uploads\/2023\/06\/Capture-decran-2023-06-25-a-10.07.53.jpg","type":"image\/jpeg"}],"author":"Charles Taudin","twitter_card":"summary_large_image","twitter_creator":"@TheFreeAgentFR","twitter_site":"@TheFreeAgentFR","twitter_misc":{"\u00c9crit par":"Charles Taudin","Dur\u00e9e de lecture estim\u00e9e":"2 minutes"},"schema":{"@context":"https:\/\/schema.org","@graph":[{"@type":"WebPage","@id":"https:\/\/theplayoffs.news\/fr\/actualite-nhl\/ryan-johansen-echange-avalanche-du-colorado\/","url":"https:\/\/theplayoffs.news\/fr\/actualite-nhl\/ryan-johansen-echange-avalanche-du-colorado\/","name":"Ryan Johansen \u00e9chang\u00e9 \u00e0 l\\'Avalanche du Colorado - The Playoffs FR","isPartOf":{"@id":"https:\/\/theplayoffs.news\/fr\/#website"},"primaryImageOfPage":{"@id":"https:\/\/theplayoffs.news\/fr\/actualite-nhl\/ryan-johansen-echange-avalanche-du-colorado\/#primaryimage"},"image":{"@id":"https:\/\/theplayoffs.news\/fr\/actualite-nhl\/ryan-johansen-echange-avalanche-du-colorado\/#primaryimage"},"thumbnailUrl":"https:\/\/theplayoffs.news\/fr\/wp-content\/uploads\/2023\/06\/Capture-decran-2023-06-25-a-10.07.53.jpg","datePublished":"2023-06-25T09:28:50+00:00","dateModified":"2023-06-25T09:32:04+00:00","author":{"@id":"https:\/\/theplayoffs.news\/fr\/#\/schema\/person\/eee5b69ad5d3c51cabe881c839dbe133"},"breadcrumb":{"@id":"https:\/\/theplayoffs.news\/fr\/actualite-nhl\/ryan-johansen-echange-avalanche-du-colorado\/#breadcrumb"},"inLanguage":"fr-FR","potentialAction":[{"@type":"ReadAction","target":["https:\/\/theplayoffs.news\/fr\/actualite-nhl\/ryan-johansen-echange-avalanche-du-colorado\/"]}]},{"@type":"ImageObject","inLanguage":"fr-FR","@id":"https:\/\/theplayoffs.news\/fr\/actualite-nhl\/ryan-johansen-echange-avalanche-du-colorado\/#primaryimage","url":"https:\/\/theplayoffs.news\/fr\/wp-content\/uploads\/2023\/06\/Capture-decran-2023-06-25-a-10.07.53.jpg","contentUrl":"https:\/\/theplayoffs.news\/fr\/wp-content\/uploads\/2023\/06\/Capture-decran-2023-06-25-a-10.07.53.jpg","width":1920,"height":1075,"caption":"ryan Johansen"},{"@type":"BreadcrumbList","@id":"https:\/\/theplayoffs.news\/fr\/actualite-nhl\/ryan-johansen-echange-avalanche-du-colorado\/#breadcrumb","itemListElement":[{"@type":"ListItem","position":1,"name":"Accueil","item":"https:\/\/theplayoffs.news\/fr\/"},{"@type":"ListItem","position":2,"name":"Ryan Johansen \u00e9chang\u00e9 \u00e0 l&rsquo;Avalanche du Colorado"}]},{"@type":"WebSite","@id":"https:\/\/theplayoffs.news\/fr\/#website","url":"https:\/\/theplayoffs.news\/fr\/","name":"The Playoffs FR","description":"NBA-NFL-NHL-MLB","potentialAction":[{"@type":"SearchAction","target":{"@type":"EntryPoint","urlTemplate":"https:\/\/theplayoffs.news\/fr\/?s={search_term_string}"},"query-input":{"@type":"PropertyValueSpecification","valueRequired":true,"valueName":"search_term_string"}}],"inLanguage":"fr-FR"},{"@type":"Person","@id":"https:\/\/theplayoffs.news\/fr\/#\/schema\/person\/eee5b69ad5d3c51cabe881c839dbe133","name":"Charles Taudin","image":{"@type":"ImageObject","inLanguage":"fr-FR","@id":"https:\/\/theplayoffs.news\/fr\/#\/schema\/person\/image\/","url":"https:\/\/secure.gravatar.com\/avatar\/59a1e772205ce9fd255edfcafc93013736822e20261f294c5753b20c41ede9f2?s=96&d=mm&r=g","contentUrl":"https:\/\/secure.gravatar.com\/avatar\/59a1e772205ce9fd255edfcafc93013736822e20261f294c5753b20c41ede9f2?s=96&d=mm&r=g","caption":"Charles Taudin"},"description":"R\u00e9dacteur en chef global de The Playoffs, j\u2019ai cr\u00e9\u00e9 The Free Agent, devenu The Playoffs FR, en 2020 durant la pand\u00e9mie. Amoureux depuis des ann\u00e9es des 4 sports majeurs am\u00e9ricains, j\u2019organise maintenant la strat\u00e9gie \u00e9ditoriale et les r\u00e9seaux sociaux de l\u2019ensemble des versions de The Playoffs. Il m\u2019arrive encore d\u2019\u00e9crire sur certains sports que j\u2019affectionne particuli\u00e8rement comme la NFL ou la MLB. Si vous devez retenir qu\u2019une chose : Eli Manning est le vrai GOAT pour avoir battu deux fois Tom Brady.","sameAs":["https:\/\/www.instagram.com\/ctaudin_\/"],"url":"https:\/\/theplayoffs.news\/fr\/author\/charles-taudin\/"}]}},"_links":{"self":[{"href":"https:\/\/theplayoffs.news\/fr\/wp-json\/wp\/v2\/posts\/657045","targetHints":{"allow":["GET"]}}],"collection":[{"href":"https:\/\/theplayoffs.news\/fr\/wp-json\/wp\/v2\/posts"}],"about":[{"href":"https:\/\/theplayoffs.news\/fr\/wp-json\/wp\/v2\/types\/post"}],"author":[{"embeddable":true,"href":"https:\/\/theplayoffs.news\/fr\/wp-json\/wp\/v2\/users\/13"}],"replies":[{"embeddable":true,"href":"https:\/\/theplayoffs.news\/fr\/wp-json\/wp\/v2\/comments?post=657045"}],"version-history":[{"count":2,"href":"https:\/\/theplayoffs.news\/fr\/wp-json\/wp\/v2\/posts\/657045\/revisions"}],"predecessor-version":[{"id":657108,"href":"https:\/\/theplayoffs.news\/fr\/wp-json\/wp\/v2\/posts\/657045\/revisions\/657108"}],"wp:featuredmedia":[{"embeddable":true,"href":"https:\/\/theplayoffs.news\/fr\/wp-json\/wp\/v2\/media\/657094"}],"wp:attachment":[{"href":"https:\/\/theplayoffs.news\/fr\/wp-json\/wp\/v2\/media?parent=657045"}],"wp:term":[{"taxonomy":"category","embeddable":true,"href":"https:\/\/theplayoffs.news\/fr\/wp-json\/wp\/v2\/categories?post=657045"},{"taxonomy":"post_tag","embeddable":true,"href":"https:\/\/theplayoffs.news\/fr\/wp-json\/wp\/v2\/tags?post=657045"},{"taxonomy":"sport","embeddable":true,"href":"https:\/\/theplayoffs.news\/fr\/wp-json\/wp\/v2\/sport?post=657045"},{"taxonomy":"saison","embeddable":true,"href":"https:\/\/theplayoffs.news\/fr\/wp-json\/wp\/v2\/saison?post=657045"}],"curies":[{"name":"wp","href":"https:\/\/api.w.org\/{rel}","templated":true}]}}