{"id":643204,"date":"2023-06-19T11:48:04","date_gmt":"2023-06-19T09:48:04","guid":{"rendered":"https:\/\/theplayoffs.news\/fr\/?p=643204"},"modified":"2023-06-19T11:48:05","modified_gmt":"2023-06-19T09:48:05","slug":"la-preview-ete-des-portland-trail-blazers","status":"publish","type":"post","link":"https:\/\/theplayoffs.news\/fr\/actualite-nba\/la-preview-ete-des-portland-trail-blazers\/","title":{"rendered":"La preview de l&rsquo;\u00e9t\u00e9 des Portland Trail Blazers"},"content":{"rendered":"<h2>La saison NBA 2022-23 est d&eacute;sormais derri&egrave;re nous et beaucoup de franchises travaillent leur &eacute;t&eacute; pour s&rsquo;am&eacute;liorer. Parmi elles, les Blazers qui sortent d&rsquo;une nouvelle saison d&eacute;cevante en ne se qualifiant m&ecirc;me pas pour le play-in. Paul Allen et Joe Cronin vont devoir travailler comme il se doit cet &eacute;t&eacute; pour conserver Damian Lillard &agrave; l&rsquo;avenir.<\/h2><p>La saison des Blazers commen&ccedil;ait sur des bases moyennes, mais int&eacute;ressante. Damian Lillard a rappel&eacute; qu&rsquo;individuellement il faisait partie de l&rsquo;&eacute;lite de la Ligue. Il a m&ecirc;me claqu&eacute; un match &agrave; 71 points contre les Rockets, venant se ranger dans le Top 10 All-Time des plus grosses performances au scoring sur un match &agrave; c&ocirc;t&eacute; des Wilt et des Kobe. Anfernee Simons continue son d&eacute;veloppement &agrave; bonne vitesse. Mais le fait est que les directives d&rsquo;en haut ont vite tourn&eacute; du c&ocirc;t&eacute; tanking. Cela a permis &agrave; Shaedon Sharpe de nous montrer qu&rsquo;il &eacute;tait mont&eacute; sur ressort. Sinon, Portland se trouve encore loin des Playoffs au grand damne de Dame Dolla qui a mis un coup de pression &agrave; son management pour avoir sa bague car l&rsquo;horloge tourne pour le meneur.<\/p><p>En vue de l&rsquo;&eacute;t&eacute;, Portland doit apr&egrave;s plus d&rsquo;une d&eacute;cennie entourer convenablement Damian Lillard pour devenir contender cr&eacute;dible. Car pour le moment, &agrave; l&rsquo;image d&rsquo;un <a href=\"https:\/\/theplayoffs.news\/fr\/nba-basketball\/la-preview-de-lete-des-dallas-mavericks\/\" class=\"trk-cta-link\" data-cta-trk='{\"ctaType\":\"Link\",\"ctaSubType\":\"main\"}'>Luka Doncic &agrave; Dallas<\/a> ce n&rsquo;est pas la joie dans le supporting cast. Les besoins cruciaux pour le joueur &agrave; la montre est d&rsquo;avoir du renfort &agrave; l&rsquo;int&eacute;rieur et notamment au poste de pivot. Jusuf Nurkic n&rsquo;a pas le niveau n&eacute;cessaire pour &ecirc;tre titulaire en NBA d&rsquo;une &eacute;quipe contender. Si en plus, les Blazers pourraient ramener un deuxi&egrave;me forward ce ne serait certainement pas de refus pour Lillard.<\/p><p>Dans l&rsquo;id&eacute;e, un joueur comme Christian Wood en pivot capable de tourner en 20 points, 10 rebonds sans probl&egrave;me soulagerait bien le franchise player qui n&rsquo;aurait plus besoin de mettre 40 points par match m&ecirc;me contre des petites &eacute;quipes pour esp&eacute;rer gagner. &Agrave; c&ocirc;t&eacute;, un ailier-fort d&eacute;fensif &agrave; la Finney-Smith leur ferait beaucoup de bien.<\/p><p>Ces derniers temps, les rumeurs confirment une chose. &Agrave; part Damian Lillard et Shaedon Sharpe tout le monde est transf&eacute;rable, m&ecirc;me et surtout le pick 3 r&eacute;colt&eacute; &agrave; la draft qui pourrait se transformer en Scoot Henderson ou Brandon Miller, des joueurs tr&egrave;s pris&eacute;s.<a href=\"https:\/\/ripcityproject.com\/2023\/06\/14\/nba-rumors-blazers-trade-3-pick-zion-williamson\/\" class=\"trk-cta-link\" data-cta-trk='{\"ctaType\":\"Link\",\"ctaSubType\":\"main\"}'> Ce pick est d&eacute;j&agrave; pr&eacute;vu pour &ecirc;tre trade contre du lourd et notamment Zion Williamson<\/a> en provenance des Pelicans. Un pari risqu&eacute; &agrave; cause des multiples blessures et du surpoids constant de la b&ecirc;te de la draft 2019, mais si le corps tient une association Dame &ndash; Zion pourrait faire de gros ravages. Sinon pour le moment, aucune piste pour renforcer le poste 5 n&rsquo;est d&rsquo;actualit&eacute; bien qu&rsquo;il faudra forc&eacute;ment passer par l&agrave; pour combler les d&eacute;sirs de Lillard.<\/p><p>Beaucoup de suppositions pour une des franchises qui jouent gros cet &eacute;t&eacute;. Les r&eacute;ponses seront donn&eacute;es &agrave; partir du 22 juin, soir de la draft et surtout &agrave; partir du 1er juillet, lancement officiel de la Free Agency. Portland, &eacute;quipe &agrave; surveiller de pr&egrave;s.<\/p>\n","protected":false},"excerpt":{"rendered":"","protected":false},"author":180310174,"featured_media":574981,"comment_status":"open","ping_status":"closed","sticky":false,"template":"","format":"standard","meta":{"inline_featured_image":false,"kia_subtitle":"","_mux_skip_reasons":[],"proofreadBy":0,"footnotes":""},"categories":[110,10],"tags":[428],"sport":[],"saison":[],"class_list":["post-643204","post","type-post","status-publish","format-standard","has-post-thumbnail","hentry","category-actualite-nba","category-nba","tag-blazers"],"acf":[],"yoast_head":"<!-- This site is optimized with the Yoast SEO plugin v24.2 - https:\/\/yoast.com\/wordpress\/plugins\/seo\/ -->\n<title>La preview de l&#039;&eacute;t&eacute; des Portland Trail Blazers - The Playoffs FR<\/title>\n<meta name=\"robots\" content=\"index, follow, max-snippet:-1, max-image-preview:large, max-video-preview:-1\" \/>\n<link rel=\"canonical\" href=\"https:\/\/theplayoffs.news\/fr\/actualite-nba\/la-preview-ete-des-portland-trail-blazers\/\" \/>\n<meta property=\"og:locale\" content=\"fr_FR\" \/>\n<meta property=\"og:type\" content=\"article\" \/>\n<meta property=\"og:title\" content=\"La preview de l&#039;&eacute;t&eacute; des Portland Trail Blazers - The Playoffs FR\" \/>\n<meta property=\"og:url\" content=\"https:\/\/theplayoffs.news\/fr\/actualite-nba\/la-preview-ete-des-portland-trail-blazers\/\" \/>\n<meta property=\"og:site_name\" content=\"The Playoffs FR\" \/>\n<meta property=\"article:publisher\" content=\"https:\/\/www.facebook.com\/TheFreeAgentFR\/\" \/>\n<meta property=\"article:modified_time\" content=\"2023-06-19T11:48:05+02:00\" \/>\n<meta property=\"og:image\" content=\"https:\/\/theplayoffs.news\/fr\/wp-content\/uploads\/2023\/03\/Capture-decran-2023-03-17-163416.jpg\" \/>\n\t<meta property=\"og:image:width\" content=\"1565\" \/>\n\t<meta property=\"og:image:height\" content=\"888\" \/>\n\t<meta property=\"og:image:type\" content=\"image\/jpeg\" \/>\n<meta name=\"author\" content=\"Auguste Amar\" \/>\n<meta name=\"twitter:card\" content=\"summary_large_image\" \/>\n<meta name=\"twitter:creator\" content=\"@TheFreeAgentFR\" \/>\n<meta name=\"twitter:site\" content=\"@TheFreeAgentFR\" \/>\n<meta name=\"twitter:label1\" content=\"\u00c9crit par\" \/>\n\t<meta name=\"twitter:data1\" content=\"Auguste Amar\" \/>\n\t<meta name=\"twitter:label2\" content=\"Dur\u00e9e de lecture estim\u00e9e\" \/>\n\t<meta name=\"twitter:data2\" content=\"3 minutes\" \/>\n<script type=\"application\/ld+json\" class=\"yoast-schema-graph\">{\"@context\":\"https:\/\/schema.org\",\"@graph\":[{\"@type\":\"WebPage\",\"@id\":\"https:\/\/theplayoffs.news\/fr\/actualite-nba\/la-preview-ete-des-portland-trail-blazers\/\",\"url\":\"https:\/\/theplayoffs.news\/fr\/actualite-nba\/la-preview-ete-des-portland-trail-blazers\/\",\"name\":\"La preview de l\\\\'\u00e9t\u00e9 des Portland Trail Blazers - The Playoffs FR\",\"isPartOf\":{\"@id\":\"https:\/\/theplayoffs.news\/fr\/#website\"},\"primaryImageOfPage\":{\"@id\":\"https:\/\/theplayoffs.news\/fr\/actualite-nba\/la-preview-ete-des-portland-trail-blazers\/#primaryimage\"},\"image\":{\"@id\":\"https:\/\/theplayoffs.news\/fr\/actualite-nba\/la-preview-ete-des-portland-trail-blazers\/#primaryimage\"},\"thumbnailUrl\":\"https:\/\/theplayoffs.news\/fr\/wp-content\/uploads\/2023\/03\/Capture-decran-2023-03-17-163416.jpg\",\"datePublished\":\"2023-06-19T09:48:04+00:00\",\"dateModified\":\"2023-06-19T09:48:05+00:00\",\"author\":{\"@id\":\"https:\/\/theplayoffs.news\/fr\/#\/schema\/person\/b4f20a52ec509d33cf6f20e650f1ef63\"},\"breadcrumb\":{\"@id\":\"https:\/\/theplayoffs.news\/fr\/actualite-nba\/la-preview-ete-des-portland-trail-blazers\/#breadcrumb\"},\"inLanguage\":\"fr-FR\",\"potentialAction\":[{\"@type\":\"ReadAction\",\"target\":[\"https:\/\/theplayoffs.news\/fr\/actualite-nba\/la-preview-ete-des-portland-trail-blazers\/\"]}]},{\"@type\":\"ImageObject\",\"inLanguage\":\"fr-FR\",\"@id\":\"https:\/\/theplayoffs.news\/fr\/actualite-nba\/la-preview-ete-des-portland-trail-blazers\/#primaryimage\",\"url\":\"https:\/\/theplayoffs.news\/fr\/wp-content\/uploads\/2023\/03\/Capture-decran-2023-03-17-163416.jpg\",\"contentUrl\":\"https:\/\/theplayoffs.news\/fr\/wp-content\/uploads\/2023\/03\/Capture-decran-2023-03-17-163416.jpg\",\"width\":1565,\"height\":888,\"caption\":\"Damian Lillard, Blazers\"},{\"@type\":\"BreadcrumbList\",\"@id\":\"https:\/\/theplayoffs.news\/fr\/actualite-nba\/la-preview-ete-des-portland-trail-blazers\/#breadcrumb\",\"itemListElement\":[{\"@type\":\"ListItem\",\"position\":1,\"name\":\"Accueil\",\"item\":\"https:\/\/theplayoffs.news\/fr\/\"},{\"@type\":\"ListItem\",\"position\":2,\"name\":\"La preview de l&rsquo;\u00e9t\u00e9 des Portland Trail Blazers\"}]},{\"@type\":\"WebSite\",\"@id\":\"https:\/\/theplayoffs.news\/fr\/#website\",\"url\":\"https:\/\/theplayoffs.news\/fr\/\",\"name\":\"The Playoffs FR\",\"description\":\"NBA-NFL-NHL-MLB\",\"potentialAction\":[{\"@type\":\"SearchAction\",\"target\":{\"@type\":\"EntryPoint\",\"urlTemplate\":\"https:\/\/theplayoffs.news\/fr\/?s={search_term_string}\"},\"query-input\":{\"@type\":\"PropertyValueSpecification\",\"valueRequired\":true,\"valueName\":\"search_term_string\"}}],\"inLanguage\":\"fr-FR\"},{\"@type\":\"Person\",\"@id\":\"https:\/\/theplayoffs.news\/fr\/#\/schema\/person\/b4f20a52ec509d33cf6f20e650f1ef63\",\"name\":\"Auguste Amar\",\"image\":{\"@type\":\"ImageObject\",\"inLanguage\":\"fr-FR\",\"@id\":\"https:\/\/theplayoffs.news\/fr\/#\/schema\/person\/image\/\",\"url\":\"https:\/\/secure.gravatar.com\/avatar\/bc7b1779444a931d1ed7a30fac148ddd8469bd16958d41411abea179dfd72bf0?s=96&d=mm&r=g\",\"contentUrl\":\"https:\/\/secure.gravatar.com\/avatar\/bc7b1779444a931d1ed7a30fac148ddd8469bd16958d41411abea179dfd72bf0?s=96&d=mm&r=g\",\"caption\":\"Auguste Amar\"},\"url\":\"https:\/\/theplayoffs.news\/fr\/author\/amar-augusteorange-fr\/\"}]}<\/script>\n<!-- \/ Yoast SEO plugin. -->","yoast_head_json":{"title":"La preview de l&#039;&eacute;t&eacute; des Portland Trail Blazers - The Playoffs FR","robots":{"index":"index","follow":"follow","max-snippet":"max-snippet:-1","max-image-preview":"max-image-preview:large","max-video-preview":"max-video-preview:-1"},"canonical":"https:\/\/theplayoffs.news\/fr\/actualite-nba\/la-preview-ete-des-portland-trail-blazers\/","og_locale":"fr_FR","og_type":"article","og_title":"La preview de l&#039;&eacute;t&eacute; des Portland Trail Blazers - The Playoffs FR","og_url":"https:\/\/theplayoffs.news\/fr\/actualite-nba\/la-preview-ete-des-portland-trail-blazers\/","og_site_name":"The Playoffs FR","article_publisher":"https:\/\/www.facebook.com\/TheFreeAgentFR\/","article_modified_time":"2023-06-19T09:48:05+00:00","og_image":[{"width":1565,"height":888,"url":"https:\/\/theplayoffs.news\/fr\/wp-content\/uploads\/2023\/03\/Capture-decran-2023-03-17-163416.jpg","type":"image\/jpeg"}],"author":"Auguste Amar","twitter_card":"summary_large_image","twitter_creator":"@TheFreeAgentFR","twitter_site":"@TheFreeAgentFR","twitter_misc":{"\u00c9crit par":"Auguste Amar","Dur\u00e9e de lecture estim\u00e9e":"3 minutes"},"schema":{"@context":"https:\/\/schema.org","@graph":[{"@type":"WebPage","@id":"https:\/\/theplayoffs.news\/fr\/actualite-nba\/la-preview-ete-des-portland-trail-blazers\/","url":"https:\/\/theplayoffs.news\/fr\/actualite-nba\/la-preview-ete-des-portland-trail-blazers\/","name":"La preview de l\\'\u00e9t\u00e9 des Portland Trail Blazers - The Playoffs FR","isPartOf":{"@id":"https:\/\/theplayoffs.news\/fr\/#website"},"primaryImageOfPage":{"@id":"https:\/\/theplayoffs.news\/fr\/actualite-nba\/la-preview-ete-des-portland-trail-blazers\/#primaryimage"},"image":{"@id":"https:\/\/theplayoffs.news\/fr\/actualite-nba\/la-preview-ete-des-portland-trail-blazers\/#primaryimage"},"thumbnailUrl":"https:\/\/theplayoffs.news\/fr\/wp-content\/uploads\/2023\/03\/Capture-decran-2023-03-17-163416.jpg","datePublished":"2023-06-19T09:48:04+00:00","dateModified":"2023-06-19T09:48:05+00:00","author":{"@id":"https:\/\/theplayoffs.news\/fr\/#\/schema\/person\/b4f20a52ec509d33cf6f20e650f1ef63"},"breadcrumb":{"@id":"https:\/\/theplayoffs.news\/fr\/actualite-nba\/la-preview-ete-des-portland-trail-blazers\/#breadcrumb"},"inLanguage":"fr-FR","potentialAction":[{"@type":"ReadAction","target":["https:\/\/theplayoffs.news\/fr\/actualite-nba\/la-preview-ete-des-portland-trail-blazers\/"]}]},{"@type":"ImageObject","inLanguage":"fr-FR","@id":"https:\/\/theplayoffs.news\/fr\/actualite-nba\/la-preview-ete-des-portland-trail-blazers\/#primaryimage","url":"https:\/\/theplayoffs.news\/fr\/wp-content\/uploads\/2023\/03\/Capture-decran-2023-03-17-163416.jpg","contentUrl":"https:\/\/theplayoffs.news\/fr\/wp-content\/uploads\/2023\/03\/Capture-decran-2023-03-17-163416.jpg","width":1565,"height":888,"caption":"Damian Lillard, Blazers"},{"@type":"BreadcrumbList","@id":"https:\/\/theplayoffs.news\/fr\/actualite-nba\/la-preview-ete-des-portland-trail-blazers\/#breadcrumb","itemListElement":[{"@type":"ListItem","position":1,"name":"Accueil","item":"https:\/\/theplayoffs.news\/fr\/"},{"@type":"ListItem","position":2,"name":"La preview de l&rsquo;\u00e9t\u00e9 des Portland Trail Blazers"}]},{"@type":"WebSite","@id":"https:\/\/theplayoffs.news\/fr\/#website","url":"https:\/\/theplayoffs.news\/fr\/","name":"The Playoffs FR","description":"NBA-NFL-NHL-MLB","potentialAction":[{"@type":"SearchAction","target":{"@type":"EntryPoint","urlTemplate":"https:\/\/theplayoffs.news\/fr\/?s={search_term_string}"},"query-input":{"@type":"PropertyValueSpecification","valueRequired":true,"valueName":"search_term_string"}}],"inLanguage":"fr-FR"},{"@type":"Person","@id":"https:\/\/theplayoffs.news\/fr\/#\/schema\/person\/b4f20a52ec509d33cf6f20e650f1ef63","name":"Auguste Amar","image":{"@type":"ImageObject","inLanguage":"fr-FR","@id":"https:\/\/theplayoffs.news\/fr\/#\/schema\/person\/image\/","url":"https:\/\/secure.gravatar.com\/avatar\/bc7b1779444a931d1ed7a30fac148ddd8469bd16958d41411abea179dfd72bf0?s=96&d=mm&r=g","contentUrl":"https:\/\/secure.gravatar.com\/avatar\/bc7b1779444a931d1ed7a30fac148ddd8469bd16958d41411abea179dfd72bf0?s=96&d=mm&r=g","caption":"Auguste Amar"},"url":"https:\/\/theplayoffs.news\/fr\/author\/amar-augusteorange-fr\/"}]}},"_links":{"self":[{"href":"https:\/\/theplayoffs.news\/fr\/wp-json\/wp\/v2\/posts\/643204","targetHints":{"allow":["GET"]}}],"collection":[{"href":"https:\/\/theplayoffs.news\/fr\/wp-json\/wp\/v2\/posts"}],"about":[{"href":"https:\/\/theplayoffs.news\/fr\/wp-json\/wp\/v2\/types\/post"}],"author":[{"embeddable":true,"href":"https:\/\/theplayoffs.news\/fr\/wp-json\/wp\/v2\/users\/180310174"}],"replies":[{"embeddable":true,"href":"https:\/\/theplayoffs.news\/fr\/wp-json\/wp\/v2\/comments?post=643204"}],"version-history":[{"count":3,"href":"https:\/\/theplayoffs.news\/fr\/wp-json\/wp\/v2\/posts\/643204\/revisions"}],"predecessor-version":[{"id":643455,"href":"https:\/\/theplayoffs.news\/fr\/wp-json\/wp\/v2\/posts\/643204\/revisions\/643455"}],"wp:featuredmedia":[{"embeddable":true,"href":"https:\/\/theplayoffs.news\/fr\/wp-json\/wp\/v2\/media\/574981"}],"wp:attachment":[{"href":"https:\/\/theplayoffs.news\/fr\/wp-json\/wp\/v2\/media?parent=643204"}],"wp:term":[{"taxonomy":"category","embeddable":true,"href":"https:\/\/theplayoffs.news\/fr\/wp-json\/wp\/v2\/categories?post=643204"},{"taxonomy":"post_tag","embeddable":true,"href":"https:\/\/theplayoffs.news\/fr\/wp-json\/wp\/v2\/tags?post=643204"},{"taxonomy":"sport","embeddable":true,"href":"https:\/\/theplayoffs.news\/fr\/wp-json\/wp\/v2\/sport?post=643204"},{"taxonomy":"saison","embeddable":true,"href":"https:\/\/theplayoffs.news\/fr\/wp-json\/wp\/v2\/saison?post=643204"}],"curies":[{"name":"wp","href":"https:\/\/api.w.org\/{rel}","templated":true}]}}