{"id":642978,"date":"2023-06-19T09:52:21","date_gmt":"2023-06-19T07:52:21","guid":{"rendered":"https:\/\/theplayoffs.news\/fr\/?p=642978"},"modified":"2023-06-19T09:52:21","modified_gmt":"2023-06-19T07:52:21","slug":"cam-johnson-rockets-pacers-pistons","status":"publish","type":"post","link":"https:\/\/theplayoffs.news\/fr\/actualite-nba\/cam-johnson-rockets-pacers-pistons\/","title":{"rendered":"Cam Johnson int\u00e9resse les Rockets, les Pacers et les Pistons"},"content":{"rendered":"<h2><b>M&ecirc;me si Cam Johnson a d&eacute;j&agrave; exprim&eacute; son envie de rester &agrave; Brooklyn, il ne devrait pas manquer de pr&eacute;tendants cet &eacute;t&eacute;.<\/b><\/h2><p>&nbsp;<\/p><p><span style=\"font-weight: 400;\">Nouveau membre de Team USA pour la Coupe du monde cet &eacute;t&eacute;, <a href=\"https:\/\/theplayoffs.news\/fr\/joueur\/cameron-johnson-nba-6276392\/\" class=\"trk-cta-link\" data-cta-trk='{\"ctaType\":\"Link\",\"ctaSubType\":\"main\"}'>Cam Johnson<\/a> est aussi agent libre prot&eacute;g&eacute; &agrave; l&rsquo;intersaison. Le joueur a d&eacute;j&agrave; montr&eacute; sa volont&eacute; de rester &agrave; Brooklyn et les Nets aimeraient aussi qu&rsquo;il continue sa carri&egrave;re chez eux.<\/span><\/p><p>&nbsp;<\/p><p><span style=\"font-weight: 400;\">Si on peut imaginer que les deux parties devraient signer un nouveau contrat d&egrave;s l&rsquo;ouverture du march&eacute;, il reste &agrave; d&eacute;finir un montant, puisque Cam Johnson a refus&eacute; une prolongation de quatre ans et 72 millions de dollars de la part des Phoenix Suns. D&rsquo;apr&egrave;s <\/span><a href=\"https:\/\/nypost.com\/2023\/06\/17\/nets-aiming-to-retain-cam-johnson-but-they-have-competition\/\" class=\"trk-cta-link\" data-cta-trk='{\"ctaType\":\"Link\",\"ctaSubType\":\"main\"}'><span style=\"font-weight: 400;\">Marc Stein<\/span><\/a><span style=\"font-weight: 400;\">, l&rsquo;ailier-fort va avoir plusieurs pr&eacute;tendants et on conna&icirc;t d&eacute;j&agrave; trois d&rsquo;entre-eux : les Rockets, les Pacers et les Pistons.<\/span><\/p><p>&nbsp;<\/p><p><span style=\"font-weight: 400;\">L&rsquo;int&eacute;r&ecirc;t de Houston pour Johnson n&rsquo;est pas nouveau et Indiana serait pr&ecirc;t &agrave; &eacute;changer son 7e choix de Draft pour r&eacute;cup&eacute;rer un ailier. L&rsquo;arriv&eacute;e de Monty Williams &agrave; Detroit peut aussi faire pencher la balance, puisque le coach avait beaucoup appr&eacute;ci&eacute; Johnson lors de son passage &agrave; Phoenix.<\/span><\/p><p>&nbsp;<\/p><p><span style=\"font-weight: 400;\">Si les Nets veulent garder Cam Johnson, ils pourront s&rsquo;aligner sur toutes les offres puisque le joueur est prot&eacute;g&eacute;.<\/span><\/p>\n","protected":false},"excerpt":{"rendered":"","protected":false},"author":180310182,"featured_media":642985,"comment_status":"open","ping_status":"closed","sticky":false,"template":"","format":"standard","meta":{"inline_featured_image":false,"kia_subtitle":"","_mux_skip_reasons":[],"proofreadBy":0,"footnotes":""},"categories":[110,10],"tags":[499,4994,470,139],"sport":[],"saison":[],"class_list":["post-642978","post","type-post","status-publish","format-standard","has-post-thumbnail","hentry","category-actualite-nba","category-nba","tag-brooklyn-nets","tag-cam-johnson","tag-detroit-pistons","tag-houston-rockets"],"acf":[],"yoast_head":"<!-- This site is optimized with the Yoast SEO plugin v24.2 - https:\/\/yoast.com\/wordpress\/plugins\/seo\/ -->\n<title>Cam Johnson int&eacute;resse les Rockets, les Pacers et les Pistons - The Playoffs FR<\/title>\n<meta name=\"robots\" content=\"index, follow, max-snippet:-1, max-image-preview:large, max-video-preview:-1\" \/>\n<link rel=\"canonical\" href=\"https:\/\/theplayoffs.news\/fr\/actualite-nba\/cam-johnson-rockets-pacers-pistons\/\" \/>\n<meta property=\"og:locale\" content=\"fr_FR\" \/>\n<meta property=\"og:type\" content=\"article\" \/>\n<meta property=\"og:title\" content=\"Cam Johnson int&eacute;resse les Rockets, les Pacers et les Pistons - The Playoffs FR\" \/>\n<meta property=\"og:url\" content=\"https:\/\/theplayoffs.news\/fr\/actualite-nba\/cam-johnson-rockets-pacers-pistons\/\" \/>\n<meta property=\"og:site_name\" content=\"The Playoffs FR\" \/>\n<meta property=\"article:publisher\" content=\"https:\/\/www.facebook.com\/TheFreeAgentFR\/\" \/>\n<meta property=\"article:modified_time\" content=\"2023-06-19T09:52:21+02:00\" \/>\n<meta property=\"og:image\" content=\"https:\/\/theplayoffs.news\/fr\/wp-content\/uploads\/2023\/06\/Cam-Johnson.jpg\" \/>\n\t<meta property=\"og:image:width\" content=\"1858\" \/>\n\t<meta property=\"og:image:height\" content=\"966\" \/>\n\t<meta property=\"og:image:type\" content=\"image\/jpeg\" \/>\n<meta name=\"author\" content=\"Enzo Brule\" \/>\n<meta name=\"twitter:card\" content=\"summary_large_image\" \/>\n<meta name=\"twitter:creator\" content=\"@TheFreeAgentFR\" \/>\n<meta name=\"twitter:site\" content=\"@TheFreeAgentFR\" \/>\n<meta name=\"twitter:label1\" content=\"\u00c9crit par\" \/>\n\t<meta name=\"twitter:data1\" content=\"Enzo Brule\" \/>\n\t<meta name=\"twitter:label2\" content=\"Dur\u00e9e de lecture estim\u00e9e\" \/>\n\t<meta name=\"twitter:data2\" content=\"1 minute\" \/>\n<script type=\"application\/ld+json\" class=\"yoast-schema-graph\">{\"@context\":\"https:\/\/schema.org\",\"@graph\":[{\"@type\":\"WebPage\",\"@id\":\"https:\/\/theplayoffs.news\/fr\/actualite-nba\/cam-johnson-rockets-pacers-pistons\/\",\"url\":\"https:\/\/theplayoffs.news\/fr\/actualite-nba\/cam-johnson-rockets-pacers-pistons\/\",\"name\":\"Cam Johnson int\u00e9resse les Rockets, les Pacers et les Pistons - The Playoffs FR\",\"isPartOf\":{\"@id\":\"https:\/\/theplayoffs.news\/fr\/#website\"},\"primaryImageOfPage\":{\"@id\":\"https:\/\/theplayoffs.news\/fr\/actualite-nba\/cam-johnson-rockets-pacers-pistons\/#primaryimage\"},\"image\":{\"@id\":\"https:\/\/theplayoffs.news\/fr\/actualite-nba\/cam-johnson-rockets-pacers-pistons\/#primaryimage\"},\"thumbnailUrl\":\"https:\/\/theplayoffs.news\/fr\/wp-content\/uploads\/2023\/06\/Cam-Johnson.jpg\",\"datePublished\":\"2023-06-19T07:52:21+00:00\",\"dateModified\":\"2023-06-19T07:52:21+00:00\",\"author\":{\"@id\":\"https:\/\/theplayoffs.news\/fr\/#\/schema\/person\/4d1ed116f5f759b78f5f83e2dc3a71b2\"},\"breadcrumb\":{\"@id\":\"https:\/\/theplayoffs.news\/fr\/actualite-nba\/cam-johnson-rockets-pacers-pistons\/#breadcrumb\"},\"inLanguage\":\"fr-FR\",\"potentialAction\":[{\"@type\":\"ReadAction\",\"target\":[\"https:\/\/theplayoffs.news\/fr\/actualite-nba\/cam-johnson-rockets-pacers-pistons\/\"]}]},{\"@type\":\"ImageObject\",\"inLanguage\":\"fr-FR\",\"@id\":\"https:\/\/theplayoffs.news\/fr\/actualite-nba\/cam-johnson-rockets-pacers-pistons\/#primaryimage\",\"url\":\"https:\/\/theplayoffs.news\/fr\/wp-content\/uploads\/2023\/06\/Cam-Johnson.jpg\",\"contentUrl\":\"https:\/\/theplayoffs.news\/fr\/wp-content\/uploads\/2023\/06\/Cam-Johnson.jpg\",\"width\":1858,\"height\":966,\"caption\":\"Cam Johnson\"},{\"@type\":\"BreadcrumbList\",\"@id\":\"https:\/\/theplayoffs.news\/fr\/actualite-nba\/cam-johnson-rockets-pacers-pistons\/#breadcrumb\",\"itemListElement\":[{\"@type\":\"ListItem\",\"position\":1,\"name\":\"Accueil\",\"item\":\"https:\/\/theplayoffs.news\/fr\/\"},{\"@type\":\"ListItem\",\"position\":2,\"name\":\"Cam Johnson int\u00e9resse les Rockets, les Pacers et les Pistons\"}]},{\"@type\":\"WebSite\",\"@id\":\"https:\/\/theplayoffs.news\/fr\/#website\",\"url\":\"https:\/\/theplayoffs.news\/fr\/\",\"name\":\"The Playoffs FR\",\"description\":\"NBA-NFL-NHL-MLB\",\"potentialAction\":[{\"@type\":\"SearchAction\",\"target\":{\"@type\":\"EntryPoint\",\"urlTemplate\":\"https:\/\/theplayoffs.news\/fr\/?s={search_term_string}\"},\"query-input\":{\"@type\":\"PropertyValueSpecification\",\"valueRequired\":true,\"valueName\":\"search_term_string\"}}],\"inLanguage\":\"fr-FR\"},{\"@type\":\"Person\",\"@id\":\"https:\/\/theplayoffs.news\/fr\/#\/schema\/person\/4d1ed116f5f759b78f5f83e2dc3a71b2\",\"name\":\"Enzo Brule\",\"image\":{\"@type\":\"ImageObject\",\"inLanguage\":\"fr-FR\",\"@id\":\"https:\/\/theplayoffs.news\/fr\/#\/schema\/person\/image\/\",\"url\":\"https:\/\/secure.gravatar.com\/avatar\/80c21924e4d202bc7f0263091f76fe744a25fe3b7ba34db706abb65ea32dc7cd?s=96&d=mm&r=g\",\"contentUrl\":\"https:\/\/secure.gravatar.com\/avatar\/80c21924e4d202bc7f0263091f76fe744a25fe3b7ba34db706abb65ea32dc7cd?s=96&d=mm&r=g\",\"caption\":\"Enzo Brule\"},\"url\":\"https:\/\/theplayoffs.news\/fr\/author\/nzo-brulegmail-com\/\"}]}<\/script>\n<!-- \/ Yoast SEO plugin. -->","yoast_head_json":{"title":"Cam Johnson int&eacute;resse les Rockets, les Pacers et les Pistons - The Playoffs FR","robots":{"index":"index","follow":"follow","max-snippet":"max-snippet:-1","max-image-preview":"max-image-preview:large","max-video-preview":"max-video-preview:-1"},"canonical":"https:\/\/theplayoffs.news\/fr\/actualite-nba\/cam-johnson-rockets-pacers-pistons\/","og_locale":"fr_FR","og_type":"article","og_title":"Cam Johnson int&eacute;resse les Rockets, les Pacers et les Pistons - The Playoffs FR","og_url":"https:\/\/theplayoffs.news\/fr\/actualite-nba\/cam-johnson-rockets-pacers-pistons\/","og_site_name":"The Playoffs FR","article_publisher":"https:\/\/www.facebook.com\/TheFreeAgentFR\/","og_image":[{"width":1858,"height":966,"url":"https:\/\/theplayoffs.news\/fr\/wp-content\/uploads\/2023\/06\/Cam-Johnson.jpg","type":"image\/jpeg"}],"author":"Enzo Brule","twitter_card":"summary_large_image","twitter_creator":"@TheFreeAgentFR","twitter_site":"@TheFreeAgentFR","twitter_misc":{"\u00c9crit par":"Enzo Brule","Dur\u00e9e de lecture estim\u00e9e":"1 minute"},"schema":{"@context":"https:\/\/schema.org","@graph":[{"@type":"WebPage","@id":"https:\/\/theplayoffs.news\/fr\/actualite-nba\/cam-johnson-rockets-pacers-pistons\/","url":"https:\/\/theplayoffs.news\/fr\/actualite-nba\/cam-johnson-rockets-pacers-pistons\/","name":"Cam Johnson int\u00e9resse les Rockets, les Pacers et les Pistons - The Playoffs FR","isPartOf":{"@id":"https:\/\/theplayoffs.news\/fr\/#website"},"primaryImageOfPage":{"@id":"https:\/\/theplayoffs.news\/fr\/actualite-nba\/cam-johnson-rockets-pacers-pistons\/#primaryimage"},"image":{"@id":"https:\/\/theplayoffs.news\/fr\/actualite-nba\/cam-johnson-rockets-pacers-pistons\/#primaryimage"},"thumbnailUrl":"https:\/\/theplayoffs.news\/fr\/wp-content\/uploads\/2023\/06\/Cam-Johnson.jpg","datePublished":"2023-06-19T07:52:21+00:00","dateModified":"2023-06-19T07:52:21+00:00","author":{"@id":"https:\/\/theplayoffs.news\/fr\/#\/schema\/person\/4d1ed116f5f759b78f5f83e2dc3a71b2"},"breadcrumb":{"@id":"https:\/\/theplayoffs.news\/fr\/actualite-nba\/cam-johnson-rockets-pacers-pistons\/#breadcrumb"},"inLanguage":"fr-FR","potentialAction":[{"@type":"ReadAction","target":["https:\/\/theplayoffs.news\/fr\/actualite-nba\/cam-johnson-rockets-pacers-pistons\/"]}]},{"@type":"ImageObject","inLanguage":"fr-FR","@id":"https:\/\/theplayoffs.news\/fr\/actualite-nba\/cam-johnson-rockets-pacers-pistons\/#primaryimage","url":"https:\/\/theplayoffs.news\/fr\/wp-content\/uploads\/2023\/06\/Cam-Johnson.jpg","contentUrl":"https:\/\/theplayoffs.news\/fr\/wp-content\/uploads\/2023\/06\/Cam-Johnson.jpg","width":1858,"height":966,"caption":"Cam Johnson"},{"@type":"BreadcrumbList","@id":"https:\/\/theplayoffs.news\/fr\/actualite-nba\/cam-johnson-rockets-pacers-pistons\/#breadcrumb","itemListElement":[{"@type":"ListItem","position":1,"name":"Accueil","item":"https:\/\/theplayoffs.news\/fr\/"},{"@type":"ListItem","position":2,"name":"Cam Johnson int\u00e9resse les Rockets, les Pacers et les Pistons"}]},{"@type":"WebSite","@id":"https:\/\/theplayoffs.news\/fr\/#website","url":"https:\/\/theplayoffs.news\/fr\/","name":"The Playoffs FR","description":"NBA-NFL-NHL-MLB","potentialAction":[{"@type":"SearchAction","target":{"@type":"EntryPoint","urlTemplate":"https:\/\/theplayoffs.news\/fr\/?s={search_term_string}"},"query-input":{"@type":"PropertyValueSpecification","valueRequired":true,"valueName":"search_term_string"}}],"inLanguage":"fr-FR"},{"@type":"Person","@id":"https:\/\/theplayoffs.news\/fr\/#\/schema\/person\/4d1ed116f5f759b78f5f83e2dc3a71b2","name":"Enzo Brule","image":{"@type":"ImageObject","inLanguage":"fr-FR","@id":"https:\/\/theplayoffs.news\/fr\/#\/schema\/person\/image\/","url":"https:\/\/secure.gravatar.com\/avatar\/80c21924e4d202bc7f0263091f76fe744a25fe3b7ba34db706abb65ea32dc7cd?s=96&d=mm&r=g","contentUrl":"https:\/\/secure.gravatar.com\/avatar\/80c21924e4d202bc7f0263091f76fe744a25fe3b7ba34db706abb65ea32dc7cd?s=96&d=mm&r=g","caption":"Enzo Brule"},"url":"https:\/\/theplayoffs.news\/fr\/author\/nzo-brulegmail-com\/"}]}},"_links":{"self":[{"href":"https:\/\/theplayoffs.news\/fr\/wp-json\/wp\/v2\/posts\/642978","targetHints":{"allow":["GET"]}}],"collection":[{"href":"https:\/\/theplayoffs.news\/fr\/wp-json\/wp\/v2\/posts"}],"about":[{"href":"https:\/\/theplayoffs.news\/fr\/wp-json\/wp\/v2\/types\/post"}],"author":[{"embeddable":true,"href":"https:\/\/theplayoffs.news\/fr\/wp-json\/wp\/v2\/users\/180310182"}],"replies":[{"embeddable":true,"href":"https:\/\/theplayoffs.news\/fr\/wp-json\/wp\/v2\/comments?post=642978"}],"version-history":[{"count":4,"href":"https:\/\/theplayoffs.news\/fr\/wp-json\/wp\/v2\/posts\/642978\/revisions"}],"predecessor-version":[{"id":643011,"href":"https:\/\/theplayoffs.news\/fr\/wp-json\/wp\/v2\/posts\/642978\/revisions\/643011"}],"wp:featuredmedia":[{"embeddable":true,"href":"https:\/\/theplayoffs.news\/fr\/wp-json\/wp\/v2\/media\/642985"}],"wp:attachment":[{"href":"https:\/\/theplayoffs.news\/fr\/wp-json\/wp\/v2\/media?parent=642978"}],"wp:term":[{"taxonomy":"category","embeddable":true,"href":"https:\/\/theplayoffs.news\/fr\/wp-json\/wp\/v2\/categories?post=642978"},{"taxonomy":"post_tag","embeddable":true,"href":"https:\/\/theplayoffs.news\/fr\/wp-json\/wp\/v2\/tags?post=642978"},{"taxonomy":"sport","embeddable":true,"href":"https:\/\/theplayoffs.news\/fr\/wp-json\/wp\/v2\/sport?post=642978"},{"taxonomy":"saison","embeddable":true,"href":"https:\/\/theplayoffs.news\/fr\/wp-json\/wp\/v2\/saison?post=642978"}],"curies":[{"name":"wp","href":"https:\/\/api.w.org\/{rel}","templated":true}]}}